{"id":22820,"date":"2018-04-30T09:14:05","date_gmt":"2018-04-30T14:14:05","guid":{"rendered":"http:\/\/www.grieta.org.mx\/?p=22820"},"modified":"2018-05-01T09:47:46","modified_gmt":"2018-05-01T14:47:46","slug":"indigenas-se-plantan-en-bosque-de-la-sierra-tarahumara-para-evitar-tala-anuncian-mas-acciones-chihuahua","status":"publish","type":"post","link":"http:\/\/www.grieta.org.mx\/index.php\/2018\/04\/30\/indigenas-se-plantan-en-bosque-de-la-sierra-tarahumara-para-evitar-tala-anuncian-mas-acciones-chihuahua\/","title":{"rendered":"Ind\u00edgenas se plantan en bosque de la Sierra Tarahumara para evitar tala; anuncian m\u00e1s acciones (Chihuahua)"},"content":{"rendered":"<p><img loading=\"lazy\" decoding=\"async\" data-attachment-id=\"22823\" data-permalink=\"http:\/\/www.grieta.org.mx\/index.php\/2018\/04\/30\/indigenas-se-plantan-en-bosque-de-la-sierra-tarahumara-para-evitar-tala-anuncian-mas-acciones-chihuahua\/repechique-indigenas-se-plantan\/\" data-orig-file=\"http:\/\/www.grieta.org.mx\/wp-content\/uploads\/2018\/05\/Repechique-Ind\u00edgenas-se-plantan.jpg\" data-orig-size=\"1078,675\" data-comments-opened=\"0\" data-image-meta=\"{&quot;aperture&quot;:&quot;0&quot;,&quot;credit&quot;:&quot;&quot;,&quot;camera&quot;:&quot;&quot;,&quot;caption&quot;:&quot;&quot;,&quot;created_timestamp&quot;:&quot;0&quot;,&quot;copyright&quot;:&quot;&quot;,&quot;focal_length&quot;:&quot;0&quot;,&quot;iso&quot;:&quot;0&quot;,&quot;shutter_speed&quot;:&quot;0&quot;,&quot;title&quot;:&quot;&quot;,&quot;orientation&quot;:&quot;0&quot;}\" data-image-title=\"Repechique Ind\u00edgenas se plantan\" data-image-description=\"\" data-image-caption=\"\" data-medium-file=\"http:\/\/www.grieta.org.mx\/wp-content\/uploads\/2018\/05\/Repechique-Ind\u00edgenas-se-plantan-300x188.jpg\" data-large-file=\"http:\/\/www.grieta.org.mx\/wp-content\/uploads\/2018\/05\/Repechique-Ind\u00edgenas-se-plantan-1024x641.jpg\" class=\"aligncenter size-full wp-image-22823\" src=\"http:\/\/www.grieta.org.mx\/wp-content\/uploads\/2018\/05\/Repechique-Ind\u00edgenas-se-plantan.jpg\" alt=\"\" width=\"1078\" height=\"675\" srcset=\"http:\/\/www.grieta.org.mx\/wp-content\/uploads\/2018\/05\/Repechique-Ind\u00edgenas-se-plantan.jpg 1078w, http:\/\/www.grieta.org.mx\/wp-content\/uploads\/2018\/05\/Repechique-Ind\u00edgenas-se-plantan-300x188.jpg 300w, http:\/\/www.grieta.org.mx\/wp-content\/uploads\/2018\/05\/Repechique-Ind\u00edgenas-se-plantan-768x481.jpg 768w, http:\/\/www.grieta.org.mx\/wp-content\/uploads\/2018\/05\/Repechique-Ind\u00edgenas-se-plantan-1024x641.jpg 1024w, http:\/\/www.grieta.org.mx\/wp-content\/uploads\/2018\/05\/Repechique-Ind\u00edgenas-se-plantan-799x500.jpg 799w\" sizes=\"auto, (max-width: 1078px) 100vw, 1078px\" \/><\/p>\n<p>CIUDAD DE M\u00c9XICO (apro).- Hombres, mujeres y ni\u00f1os de la comunidad de Bosques San El\u00edas Repechique, en el municipio de Bocoyna de la Sierra Tarahumara, llevan un mes plantados en el bosque de su territorio para evitar que particulares talen m\u00e1s \u00e1rboles, como lo han hecho sistem\u00e1ticamente durante los \u00faltimos a\u00f1os.<\/p>\n<p>Como dejaron sus casas, desde el plant\u00f3n trabajan en la fabricaci\u00f3n de artesan\u00edas, mientras otras contin\u00faan con su labor de agricultura en la comunidad. Se turnan para evitar m\u00e1s extracci\u00f3n de troncos o \u201ccad\u00e1veres de \u00e1rboles\u201d \u2013como ellos mismos les dicen\u2013, que termine con la vida de la Tarahumara.<\/p>\n<p>El problema ha escalado. Repechique es s\u00f3lo una muestra de lo que sucede en la regi\u00f3n, con la complicidad u omisi\u00f3n de autoridades, el control y abuso de grupos delictivos que trabajan como si tuviesen permiso para controlar el territorio serrano.<\/p>\n<p>El a\u00f1o pasado, la misma comunidad se plant\u00f3 m\u00e1s de 40 d\u00edas. Lo \u00fanico que lograron fueron promesas y demandas que han escalado hasta la Suprema Corte de Justicia de la Naci\u00f3n (SCJN).<\/p>\n<p>Pero Repechique es de los poblados afortunados que ha logrado acudir a instancias jur\u00eddicas, pues no todos corren con la misma suerte y defienden el bosque de los chihuahuenses con su vida.<\/p>\n<p>El pr\u00f3ximo viernes, un grupo conformado por comunidades serranas y activistas marchar\u00e1 de la delegaci\u00f3n de la Secretar\u00eda del Medio Ambiente y Recursos Naturales (Semarnat) hacia la de la Procuradur\u00eda General de la Rep\u00fablica (PGR), como parte de las acciones para defender los bosques de la Sierra Tarahumara.<\/p>\n<p>\u201cLa tala inmoderada es una realidad y si no hacemos algo hoy, los bosques de Chihuahua quiz\u00e1 no podr\u00e1n recuperarse (\u2026) conservemos nuestro bosque. Defend\u00e1moslo, pues es el hogar de much\u00edsimas personas, flora y fauna, es parte sumamente importante para la vida de los pueblos y comunidades ind\u00edgenas. No s\u00f3lo por ser el lugar en donde viven y del que subsisten, sino porque alimenta el esp\u00edritu, da ense\u00f1anzas, da vida\u201d, dice la invitaci\u00f3n lanzada por la reci\u00e9n creada p\u00e1gina de Facebook \u201cProtejamos los bosques de la Sierra Tarahumara\u201d.<\/p>\n<p>Y es que, la resistencia contra la tala inmoderada y la burocracia gubernamental los ha llevado a implementar otras medidas de defensa.<\/p>\n<p>A partir del pasado 4 de abril, los habitantes de Bosques San El\u00edas\u00a0Repechique\u00a0instalaron de nuevo un plant\u00f3n en el \u00e1rea donde particulares cortan cientos de \u00e1rboles sin ning\u00fan control, a pesar de las denuncias que han recibido las delegaciones de la Semarnat, la PGR, la Procuradur\u00eda Federal de Protecci\u00f3n al Ambiente (Profepa) y el gobierno estatal.<\/p>\n<p>Hace un a\u00f1o permanecieron bajo la nieve, fr\u00edo y aire, durante m\u00e1s de 40 d\u00edas. Se retiraron con la promesa de que el caso ser\u00eda atendido. Pero este a\u00f1o, la misma gente continu\u00f3 con la tala, mientras que los habitantes s\u00f3lo ven pasar \u201ccad\u00e1veres de \u00e1rboles\u201d, ante la indolencia e indiferencia de las autoridades de todos los niveles gubernamentales.<\/p>\n<p>Luis Enrique P\u00e9rez, segundo gobernador de la comunidad, inform\u00f3 que el juez Octavo de Distrito y el Segundo Tribunal Colegiado evitaron resolver el fondo de una denuncia que interpusieron ante el juez federal, por la falta de consulta en los permisos de aprovechamiento forestal que emite la Semarnat para dicha \u00e1rea.<\/p>\n<p>Las autoridades judiciales han evitado conocer y resolver el fondo del asunto en el amparo interpuesto por la comunidad, por lo que P\u00e9rez acudi\u00f3 a la Corte, junto con el primer gobernador del municipio, Nicol\u00e1s S\u00e1nchez Torres.<\/p>\n<p>Ah\u00ed entregaron un oficio a los ministros que integran la Segunda Sala para pedirles que atiendan el caso y resuelvan el fondo del problema, ante la sistem\u00e1tica y permanente afectaci\u00f3n que los mantiene por semanas en plantones que duran semanas. Los ministros les ofrecieron revisar y resolver el asunto.<\/p>\n<p>Mientras tanto, en\u00a0Repechique\u00a0contin\u00faa el plant\u00f3n, donde permanecen sin protecci\u00f3n ni atenci\u00f3n.<\/p>\n<p><strong>El llamado a la autoridad<\/strong><\/p>\n<p>Hace dos semanas, un grupo de organizaciones civiles acompa\u00f1aron a representantes de la comunidad a la delegaci\u00f3n de la Semarnat, para denunciar la depredaci\u00f3n del bosque a manos de particulares que act\u00faan con o sin permiso de explotaci\u00f3n forestal para destruir la flora y la fauna de la Sierra Tarahumara.<\/p>\n<p>La exigencia es que se suspendan los permisos de explotaci\u00f3n forestal que la dependencia federal concedi\u00f3 desde 2015. La respuesta de los funcionarios de la delegaci\u00f3n fue que requieren de una orden judicial para actuar contra los particulares que talan el bosque.<\/p>\n<p>Esa comunidad es apoyada por la asociaci\u00f3n Consultor\u00eda T\u00e9cnica Comunitaria (Contec), que les brinda asesor\u00eda jur\u00eddica. Pero a esa exigencia se han sumado decenas de organizaciones no gubernamentales y activistas, acad\u00e9micos y otros actores sociales.<\/p>\n<p>Todos ellos lanzaron un grupo abierto en Facebook, para llamar la atenci\u00f3n de la ciudadan\u00eda en la entidad y en el pa\u00eds. En su justificaci\u00f3n destacaron la importancia estrat\u00e9gica social y ambiental de la Sierra Tarahumara por su biodiversidad y aportaciones al medio ambiente.<\/p>\n<p>La tala, aseguraron, la hacen particulares y ejidos apoyados con programas de aprovechamientos forestales aprobados por la Semarnat, pese a las irregularidades, pero con el enfoque mercantil; sin programas de aprovechamiento y sin importar el desequilibrio del ecosistema ni la violaci\u00f3n a los derechos humanos de los pueblos ind\u00edgenas.<\/p>\n<p>Los denunciantes afirmaron que la tala ya es una actividad econ\u00f3mica que beneficia a tala montes, caciques, empresarios y hasta grupos delictivos principalmente, en la zona de los municipios de Bocoyna y Guachochi, sin ninguna sanci\u00f3n de la Semarnat, Profepa, Conafor, la PGR y el gobierno de Chihuahua.<\/p>\n<p>Por \u00faltimo, llamaron a la ciudadan\u00eda a sumarse a la campa\u00f1a para ayudar a \u201cdecir ALTO, \u00a1ni un \u00e1rbol menos, paremos esto!\u201d.\u00a0<a href=\"https:\/\/www.facebook.com\/ProtejamoslosbosquesST [email protected]\">https:\/\/www.facebook.com\/ProtejamoslosbosquesST [email protected]<\/a><\/p>\n<p><a href=\"https:\/\/www.proceso.com.mx\/532200\/indigenas-se-plantan-en-bosque-de-la-sierra-tarahumara-para-evitar-tala-anuncian-mas-acciones\" target=\"_blank\" rel=\"noopener\">https:\/\/www.proceso.com.mx\/532200\/indigenas-se-plantan-en-bosque-de-la-sierra-tarahumara-para-evitar-tala-anuncian-mas-acciones<\/a><\/p>\n","protected":false},"excerpt":{"rendered":"<p>CIUDAD DE M\u00c9XICO (apro).- Hombres, mujeres y ni\u00f1os de la comunidad de Bosques San El\u00edas Repechique, en el municipio de Bocoyna de la Sierra Tarahumara, llevan un mes plantados en &hellip; <a href=\"http:\/\/www.grieta.org.mx\/index.php\/2018\/04\/30\/indigenas-se-plantan-en-bosque-de-la-sierra-tarahumara-para-evitar-tala-anuncian-mas-acciones-chihuahua\/\" class=\"more-link\">Leer m\u00e1s<\/a><\/p>\n","protected":false},"author":2,"featured_media":21928,"comment_status":"closed","ping_status":"closed","sticky":false,"template":"","format":"standard","meta":{"ngg_post_thumbnail":0,"_jetpack_newsletter_access":"","_jetpack_dont_email_post_to_subs":false,"_jetpack_newsletter_tier_id":0,"_jetpack_memberships_contains_paywalled_content":false,"_jetpack_memberships_contains_paid_content":false,"footnotes":""},"categories":[12,80,1029,2],"tags":[193,591,520],"class_list":["post-22820","post","type-post","status-publish","format-standard","has-post-thumbnail","hentry","category-chihuahua","category-cintillo","category-conflictos-y-resistencias-del-pueblo-raramuri","category-noticias-nacionales","tag-raramuris","tag-sierra-tarahumara","tag-tala-de-bosques","entry"],"jetpack_featured_media_url":"http:\/\/www.grieta.org.mx\/wp-content\/uploads\/2018\/03\/14524434_1106112876131411_958039263622046936_o.jpg","jetpack_sharing_enabled":true,"jetpack_shortlink":"https:\/\/wp.me\/p7ZJR4-5W4","jetpack_likes_enabled":false,"jetpack-related-posts":[{"id":29881,"url":"http:\/\/www.grieta.org.mx\/index.php\/2019\/02\/02\/denuncian-ecocidio-en-la-sierra-tarahumara-chihuahua\/","url_meta":{"origin":22820,"position":0},"title":"Denuncian ecocidio en la sierra tarahumara (Chihuahua)","author":"grieta","date":"2 febrero, 2019","format":false,"excerpt":"La Opci\u00f3n de Chihuahua Chihuahua.- La destrucci\u00f3n de la Sierra Tarahumara contin\u00faa; a trav\u00e9s de fotograf\u00edas que circulan en redes sociales se muestran numerosos \u00e1rboles cortados. De acuerdo con la publicaci\u00f3n Semarnat, Profepa y Desarrollo Forestal del Estado no hacen nada para detener la tala ilegal de \u00e1rboles de la\u2026","rel":"","context":"En &quot;Chihuahua&quot;","block_context":{"text":"Chihuahua","link":"http:\/\/www.grieta.org.mx\/index.php\/category\/noticias-nacionales\/chihuahua\/"},"img":{"alt_text":"","src":"https:\/\/i0.wp.com\/www.grieta.org.mx\/wp-content\/uploads\/2019\/03\/Sierra-Tarahu.jpeg?resize=350%2C200","width":350,"height":200,"srcset":"https:\/\/i0.wp.com\/www.grieta.org.mx\/wp-content\/uploads\/2019\/03\/Sierra-Tarahu.jpeg?resize=350%2C200 1x, https:\/\/i0.wp.com\/www.grieta.org.mx\/wp-content\/uploads\/2019\/03\/Sierra-Tarahu.jpeg?resize=525%2C300 1.5x, https:\/\/i0.wp.com\/www.grieta.org.mx\/wp-content\/uploads\/2019\/03\/Sierra-Tarahu.jpeg?resize=700%2C400 2x"},"classes":[]},{"id":50138,"url":"http:\/\/www.grieta.org.mx\/index.php\/2020\/06\/02\/aprovechan-contingencia-para-tala-ilegal-en-la-sierra-chihuahua\/","url_meta":{"origin":22820,"position":1},"title":"Aprovechan contingencia para tala ilegal en la sierra (Chihuahua)","author":"grieta","date":"2 junio, 2020","format":false,"excerpt":"Redacci\u00f3n\/Ra\u00edchali El confinamimento por Covid-19 y la paralizaci\u00f3n de varias \u00e1reas de gobierno de los tres niveles de gobierno, es aprovechada por los criminales que no cesan de talar \u00e1rboles en la Sierra Tarahumara, en total impunidad, a pesar de que hay \u00f3rdenes judiciales para que no lo hagan. Los\u2026","rel":"","context":"En &quot;Chihuahua&quot;","block_context":{"text":"Chihuahua","link":"http:\/\/www.grieta.org.mx\/index.php\/category\/noticias-nacionales\/chihuahua\/"},"img":{"alt_text":"","src":"https:\/\/i0.wp.com\/www.grieta.org.mx\/wp-content\/uploads\/2020\/06\/tela3.png?resize=350%2C200","width":350,"height":200,"srcset":"https:\/\/i0.wp.com\/www.grieta.org.mx\/wp-content\/uploads\/2020\/06\/tela3.png?resize=350%2C200 1x, https:\/\/i0.wp.com\/www.grieta.org.mx\/wp-content\/uploads\/2020\/06\/tela3.png?resize=525%2C300 1.5x, https:\/\/i0.wp.com\/www.grieta.org.mx\/wp-content\/uploads\/2020\/06\/tela3.png?resize=700%2C400 2x"},"classes":[]},{"id":13403,"url":"http:\/\/www.grieta.org.mx\/index.php\/2016\/05\/26\/tala-clandestina-tiene-la-sierra-tarahumara-en-situacion-de-riesgo\/","url_meta":{"origin":22820,"position":2},"title":"Tala clandestina tiene la sierra Tarahumara en situaci\u00f3n de riesgo","author":"grieta","date":"26 mayo, 2016","format":false,"excerpt":"La Di\u00f3cesis de la Tarahumara env\u00edo una carta donde denuncia la cr\u00edtica situaci\u00f3n que est\u00e1n viviendo los bosques de la Sierra Tarahumara al enfrentarse a la tala ilegal y a la impunidad respaldada por las autoridades que no castigan a los responsables. Anteriormente hab\u00eda se\u00f1alado que desde el a\u00f1o 2000,\u2026","rel":"","context":"En &quot;chihuahua&quot;","block_context":{"text":"chihuahua","link":"http:\/\/www.grieta.org.mx\/index.php\/category\/chihuahua\/"},"img":{"alt_text":"","src":"https:\/\/i0.wp.com\/www.grieta.org.mx\/wp-content\/uploads\/2018\/03\/14524434_1106112876131411_958039263622046936_o.jpg?resize=350%2C200","width":350,"height":200,"srcset":"https:\/\/i0.wp.com\/www.grieta.org.mx\/wp-content\/uploads\/2018\/03\/14524434_1106112876131411_958039263622046936_o.jpg?resize=350%2C200 1x, https:\/\/i0.wp.com\/www.grieta.org.mx\/wp-content\/uploads\/2018\/03\/14524434_1106112876131411_958039263622046936_o.jpg?resize=525%2C300 1.5x, https:\/\/i0.wp.com\/www.grieta.org.mx\/wp-content\/uploads\/2018\/03\/14524434_1106112876131411_958039263622046936_o.jpg?resize=700%2C400 2x"},"classes":[]},{"id":9881,"url":"http:\/\/www.grieta.org.mx\/index.php\/2016\/07\/22\/despojo-en-la-sierra-tarahumara\/","url_meta":{"origin":22820,"position":3},"title":"Despojo en la Sierra Tarahumara","author":"grieta","date":"22 julio, 2016","format":false,"excerpt":"22\/07\/16. Huyen tarahumaras de violencia y hambre para asentarse en SamalayucaEntrelineas 23\/05\/16. Tala clandestina tiene la sierra Tarahumara en situaci\u00f3n de riesgoFrontenet 21\/05\/16. Aumenta desplazamiento forzado en la Tarahumara en pleno proceso electoralProceso 27\/03\/16. Habitantes de la Sierra viven en una constante intimidaci\u00f3n por parte del crimen organizadoEntrelineas 8\/03\/16. Sierra\u2026","rel":"","context":"En &quot;Chihuahua&quot;","block_context":{"text":"Chihuahua","link":"http:\/\/www.grieta.org.mx\/index.php\/category\/noticias-nacionales\/chihuahua\/"},"img":{"alt_text":"","src":"https:\/\/i0.wp.com\/www.grieta.org.mx\/wp-content\/uploads\/2018\/03\/14524434_1106112876131411_958039263622046936_o.jpg?resize=350%2C200","width":350,"height":200,"srcset":"https:\/\/i0.wp.com\/www.grieta.org.mx\/wp-content\/uploads\/2018\/03\/14524434_1106112876131411_958039263622046936_o.jpg?resize=350%2C200 1x, https:\/\/i0.wp.com\/www.grieta.org.mx\/wp-content\/uploads\/2018\/03\/14524434_1106112876131411_958039263622046936_o.jpg?resize=525%2C300 1.5x, https:\/\/i0.wp.com\/www.grieta.org.mx\/wp-content\/uploads\/2018\/03\/14524434_1106112876131411_958039263622046936_o.jpg?resize=700%2C400 2x"},"classes":[]},{"id":63899,"url":"http:\/\/www.grieta.org.mx\/index.php\/2022\/03\/27\/coloradas-de-la-virgen-la-comunidad-de-la-sierra-tarahumara-con-defensores-asesinados-y-familias-desplazadas\/","url_meta":{"origin":22820,"position":4},"title":"Coloradas de la Virgen, la comunidad de la Sierra Tarahumara con defensores asesinados y familias desplazadas","author":"grieta","date":"27 marzo, 2022","format":false,"excerpt":"Thelma G\u00f3mez Dur\u00e1n \/ Mongabay Latinoam\u00e9rica Animal Pol\u00edtica Jos\u00e9 Trinidad Baldenegro ten\u00eda 11 a\u00f1os cuando se qued\u00f3 hu\u00e9rfano de padre. Fue\u00a0en 1986 cuando asesinaron a Julio Baldenegro, ind\u00edgena rar\u00e1muri y gobernador tradicional de Coloradas de la Virgen que se opon\u00eda a que despojaran a su comunidad de su bosque y\u2026","rel":"","context":"En &quot;Chihuahua&quot;","block_context":{"text":"Chihuahua","link":"http:\/\/www.grieta.org.mx\/index.php\/category\/noticias-nacionales\/chihuahua\/"},"img":{"alt_text":"","src":"https:\/\/i0.wp.com\/www.grieta.org.mx\/wp-content\/uploads\/2022\/04\/Isidro-Baldenegro-Goldman-Prize-768x511-1.jpg?resize=350%2C200","width":350,"height":200,"srcset":"https:\/\/i0.wp.com\/www.grieta.org.mx\/wp-content\/uploads\/2022\/04\/Isidro-Baldenegro-Goldman-Prize-768x511-1.jpg?resize=350%2C200 1x, https:\/\/i0.wp.com\/www.grieta.org.mx\/wp-content\/uploads\/2022\/04\/Isidro-Baldenegro-Goldman-Prize-768x511-1.jpg?resize=525%2C300 1.5x, https:\/\/i0.wp.com\/www.grieta.org.mx\/wp-content\/uploads\/2022\/04\/Isidro-Baldenegro-Goldman-Prize-768x511-1.jpg?resize=700%2C400 2x"},"classes":[]},{"id":24296,"url":"http:\/\/www.grieta.org.mx\/index.php\/2017\/11\/12\/morir-en-defensa-del-bosque-chihuahua\/","url_meta":{"origin":22820,"position":5},"title":"Morir en defensa del bosque (Chihuahua)","author":"grieta","date":"12 noviembre, 2017","format":false,"excerpt":"Texto: Patricia Mayorga y Jes\u00fas Hern\u00e1ndez\/PIE DE P\u00c1GINA Im\u00e1genes y video: Aron Venegas y M\u00f3nica Gonz\u00e1lez\/PIE DE P\u00c1GINA En cuatro a\u00f1os, diez l\u00edderes ind\u00edgenas que se oponen a la destrucci\u00f3n y despojo de la Sierra Tarahumara han sido asesinados y, como es constante en M\u00e9xico, sus homicidios est\u00e1n impunes. La\u2026","rel":"","context":"En &quot;Chihuahua&quot;","block_context":{"text":"Chihuahua","link":"http:\/\/www.grieta.org.mx\/index.php\/category\/noticias-nacionales\/chihuahua\/"},"img":{"alt_text":"","src":"https:\/\/i0.wp.com\/www.grieta.org.mx\/wp-content\/uploads\/2018\/07\/Tarahumara-1.jpg?resize=350%2C200","width":350,"height":200,"srcset":"https:\/\/i0.wp.com\/www.grieta.org.mx\/wp-content\/uploads\/2018\/07\/Tarahumara-1.jpg?resize=350%2C200 1x, https:\/\/i0.wp.com\/www.grieta.org.mx\/wp-content\/uploads\/2018\/07\/Tarahumara-1.jpg?resize=525%2C300 1.5x, https:\/\/i0.wp.com\/www.grieta.org.mx\/wp-content\/uploads\/2018\/07\/Tarahumara-1.jpg?resize=700%2C400 2x, https:\/\/i0.wp.com\/www.grieta.org.mx\/wp-content\/uploads\/2018\/07\/Tarahumara-1.jpg?resize=1050%2C600 3x"},"classes":[]}],"_links":{"self":[{"href":"http:\/\/www.grieta.org.mx\/index.php\/wp-json\/wp\/v2\/posts\/22820","targetHints":{"allow":["GET"]}}],"collection":[{"href":"http:\/\/www.grieta.org.mx\/index.php\/wp-json\/wp\/v2\/posts"}],"about":[{"href":"http:\/\/www.grieta.org.mx\/index.php\/wp-json\/wp\/v2\/types\/post"}],"author":[{"embeddable":true,"href":"http:\/\/www.grieta.org.mx\/index.php\/wp-json\/wp\/v2\/users\/2"}],"replies":[{"embeddable":true,"href":"http:\/\/www.grieta.org.mx\/index.php\/wp-json\/wp\/v2\/comments?post=22820"}],"version-history":[{"count":1,"href":"http:\/\/www.grieta.org.mx\/index.php\/wp-json\/wp\/v2\/posts\/22820\/revisions"}],"predecessor-version":[{"id":22824,"href":"http:\/\/www.grieta.org.mx\/index.php\/wp-json\/wp\/v2\/posts\/22820\/revisions\/22824"}],"wp:featuredmedia":[{"embeddable":true,"href":"http:\/\/www.grieta.org.mx\/index.php\/wp-json\/wp\/v2\/media\/21928"}],"wp:attachment":[{"href":"http:\/\/www.grieta.org.mx\/index.php\/wp-json\/wp\/v2\/media?parent=22820"}],"wp:term":[{"taxonomy":"category","embeddable":true,"href":"http:\/\/www.grieta.org.mx\/index.php\/wp-json\/wp\/v2\/categories?post=22820"},{"taxonomy":"post_tag","embeddable":true,"href":"http:\/\/www.grieta.org.mx\/index.php\/wp-json\/wp\/v2\/tags?post=22820"}],"curies":[{"name":"wp","href":"https:\/\/api.w.org\/{rel}","templated":true}]}}