{"id":22818,"date":"2018-04-30T09:03:30","date_gmt":"2018-04-30T14:03:30","guid":{"rendered":"http:\/\/www.grieta.org.mx\/?p=22818"},"modified":"2018-05-01T09:15:39","modified_gmt":"2018-05-01T14:15:39","slug":"pronunciamiento-de-la-comunidad-de-san-lorenzo-azqueltan-jalisco","status":"publish","type":"post","link":"http:\/\/www.grieta.org.mx\/index.php\/2018\/04\/30\/pronunciamiento-de-la-comunidad-de-san-lorenzo-azqueltan-jalisco\/","title":{"rendered":"Pronunciamiento de la comunidad de San Lorenzo Azqueltan, Jalisco"},"content":{"rendered":"<p>Pronunciamiento de la comunidad de San Lorenzo Azqueltan municipio de Villa Guerrero Jalisco<\/p>\n<p>La comunidad ind\u00edgena aut\u00f3noma de San Lorenzo Azqueltan municipio de Villa Guerrero Jalisco les da un cordial y caluroso abrazo; le da a cada uno de ustedes la bienvenida, sientanse c\u00f3mo en su casa.<\/p>\n<p>Como todos sabemos una comunidad ind\u00edgena es de todos. El d\u00eda de hoy, 25 de abril de 2018, estamos reunidos aqu\u00ed con dolor desesperaci\u00f3n y rabia para informar al pa\u00eds y el mundo, a tod@s los y las herman@s de todos los pueblos originarios, que en nuestra comunidad hemos sido despojados de nuestro territorio, cultura, tradici\u00f3n y estamos sufriendo agresiones, amenazas y desapariciones por los que se dicen peque\u00f1os propietarios y el gobierno municipal. Nosotros estamos seguros estamos luchando por nuestra madre tierra, de acuerdo a las coordenadas de nuestro t\u00edtulo virreinal entregado en el a\u00f1o 1733 por la corona espa\u00f1ola.<\/p>\n<p>Exigimos a todos los niveles de gobierno detengan las amenazas, agresiones y desapariciones a nuestros aut\u00f3nomos agrarios de nuestros pueblos originarios de todo el pa\u00eds y del mundo.<\/p>\n<p>Desde la comunidad ind\u00edgena de San Lorenzo Azqueltan agradecemos a las organizaciones del CNI, el EZLN y el CIG.<\/p>\n<p>Nuncam\u00e1s un M\u00e9xico sin nosotros<\/p>\n<p>&nbsp;<\/p>\n<div class=\"jetpack-video-wrapper\"><iframe loading=\"lazy\" title=\"Pronunciamiento de la comunidad ind\u00edgena de San Lorenzo de Azqueltan\" width=\"1170\" height=\"658\" src=\"https:\/\/www.youtube.com\/embed\/et-htAmmocM?feature=oembed\" frameborder=\"0\" allow=\"accelerometer; autoplay; clipboard-write; encrypted-media; gyroscope; picture-in-picture\" allowfullscreen><\/iframe><\/div>\n<p><a href=\"http:\/\/www.congresonacionalindigena.org\/2018\/04\/30\/pronunciamiento-la-comunidad-san-lorenzo-azqueltan-jalisco\/\" rel=\"noopener\" target=\"_blank\">http:\/\/www.congresonacionalindigena.org\/2018\/04\/30\/pronunciamiento-la-comunidad-san-lorenzo-azqueltan-jalisco\/<\/a><\/p>\n","protected":false},"excerpt":{"rendered":"<p>Pronunciamiento de la comunidad de San Lorenzo Azqueltan municipio de Villa Guerrero Jalisco La comunidad ind\u00edgena aut\u00f3noma de San Lorenzo Azqueltan municipio de Villa Guerrero Jalisco les da un cordial &hellip; <a href=\"http:\/\/www.grieta.org.mx\/index.php\/2018\/04\/30\/pronunciamiento-de-la-comunidad-de-san-lorenzo-azqueltan-jalisco\/\" class=\"more-link\">Leer m\u00e1s<\/a><\/p>\n","protected":false},"author":2,"featured_media":21928,"comment_status":"closed","ping_status":"closed","sticky":false,"template":"","format":"standard","meta":{"ngg_post_thumbnail":0,"_jetpack_newsletter_access":"","_jetpack_dont_email_post_to_subs":false,"_jetpack_newsletter_tier_id":0,"_jetpack_memberships_contains_paywalled_content":false,"_jetpack_memberships_contains_paid_content":false,"footnotes":""},"categories":[47,48,909,80,79,1160,230,20,2],"tags":[1065,1173],"class_list":{"0":"post-22818","1":"post","2":"type-post","3":"status-publish","4":"format-standard","5":"has-post-thumbnail","6":"hentry","7":"category-3-wixarikas","8":"category-4-wixarikas","9":"category-cig","10":"category-cintillo","11":"category-cni","12":"category-cni-jalisco","13":"category-jalisco","15":"category-noticias-nacionales","16":"tag-despojo-de-agua-y-tierras","17":"tag-san-lorenzo-azqueltan","18":"entry"},"jetpack_featured_media_url":"http:\/\/www.grieta.org.mx\/wp-content\/uploads\/2018\/03\/14524434_1106112876131411_958039263622046936_o.jpg","jetpack_sharing_enabled":true,"jetpack_shortlink":"https:\/\/wp.me\/p7ZJR4-5W2","jetpack_likes_enabled":false,"jetpack-related-posts":[{"id":22597,"url":"http:\/\/www.grieta.org.mx\/index.php\/2018\/04\/20\/comunicado-de-la-comunidad-de-san-lorenzo-azqueltan-por-el-regreso-de-catarino-aguilar-marquez-y-noe-aguilar-rojas\/","url_meta":{"origin":22818,"position":0},"title":"Comunicado de la comunidad de San Lorenzo Azquelt\u00e1n por el regreso de Catarino Aguilar M\u00e1rquez y No\u00e9 Aguilar Rojas","author":"grieta","date":"20 abril, 2018","format":false,"excerpt":"Al Pueblo de M\u00e9xico Al Congreso Nacional Ind\u00edgena Al Ej\u00e9rcito Zapatista de Liberaci\u00f3n Nacional Al Concejo Ind\u00edgena de Gobierno A los medios de comunicaci\u00f3n Con gusto damos a conocer que gracias a la movilizaci\u00f3n de nuestra comunidad ind\u00edgena Wix\u00e1rika y Tepehuana de San Lorenzo de Azquelt\u00e1n, municipio de Villa Guerrero,\u2026","rel":"","context":"En &quot;CIG&quot;","block_context":{"text":"CIG","link":"http:\/\/www.grieta.org.mx\/index.php\/category\/cig\/"},"img":{"alt_text":"","src":"https:\/\/i0.wp.com\/www.grieta.org.mx\/wp-content\/uploads\/2018\/03\/14524434_1106112876131411_958039263622046936_o.jpg?resize=350%2C200","width":350,"height":200,"srcset":"https:\/\/i0.wp.com\/www.grieta.org.mx\/wp-content\/uploads\/2018\/03\/14524434_1106112876131411_958039263622046936_o.jpg?resize=350%2C200 1x, https:\/\/i0.wp.com\/www.grieta.org.mx\/wp-content\/uploads\/2018\/03\/14524434_1106112876131411_958039263622046936_o.jpg?resize=525%2C300 1.5x, https:\/\/i0.wp.com\/www.grieta.org.mx\/wp-content\/uploads\/2018\/03\/14524434_1106112876131411_958039263622046936_o.jpg?resize=700%2C400 2x"},"classes":[]},{"id":22574,"url":"http:\/\/www.grieta.org.mx\/index.php\/2018\/04\/19\/exigimos-presentacion-con-vida-del-concejal-de-azqueltan-catarino-marquez-y-nuestro-companero-noe-aguilar-comunero-de-azqueltan\/","url_meta":{"origin":22818,"position":1},"title":"Exigimos presentaci\u00f3n con vida del Concejal de Azqueltan Catarino M\u00e1rquez y nuestro compa\u00f1ero No\u00e9 Aguilar, comunero de Azqueltan","author":"grieta","date":"19 abril, 2018","format":false,"excerpt":"El d\u00eda de hoy a las 13:00 hrs aproximadamente, en el municipio de Temasti\u00e1n, Jalisco, personas desconocidas y armadas subieron a una camioneta Toyota Hilux color gris doble cabina y se llevaron, al parecer, con rumbo a San Mart\u00edn de Bola\u00f1os, Jalisco, al Concejal de San Lorenzo de Azqueltan, municipio\u2026","rel":"","context":"En &quot;CIG&quot;","block_context":{"text":"CIG","link":"http:\/\/www.grieta.org.mx\/index.php\/category\/cig\/"},"img":{"alt_text":"","src":"https:\/\/i0.wp.com\/www.grieta.org.mx\/wp-content\/uploads\/2018\/04\/logo-CNI-To.png?resize=350%2C200","width":350,"height":200,"srcset":"https:\/\/i0.wp.com\/www.grieta.org.mx\/wp-content\/uploads\/2018\/04\/logo-CNI-To.png?resize=350%2C200 1x, https:\/\/i0.wp.com\/www.grieta.org.mx\/wp-content\/uploads\/2018\/04\/logo-CNI-To.png?resize=525%2C300 1.5x"},"classes":[]},{"id":26284,"url":"http:\/\/www.grieta.org.mx\/index.php\/2018\/08\/31\/denuncia-del-cig-y-cni-por-nuevo-ataque-armado-contra-comuneros-de-azqueltan\/","url_meta":{"origin":22818,"position":2},"title":"DENUNCIA DEL CIG Y CNI POR NUEVO ATAQUE ARMADO CONTRA COMUNEROS DE AZQUELTAN","author":"grieta","date":"31 agosto, 2018","format":false,"excerpt":"DENUNCIAMOS NUEVO ATAQUE ARMADO A COMUNEROS DE AZQUELT\u00c1N Denunciamos que el invasor ganadero Heriberto Garc\u00eda, originario del municipio de Villa Guerrero, Jalisco, luego de que intentara recuperar por la fuerza el ganado asegurado por la comunidad wix\u00e1rika y tepehuana de San Lorenzo Azquelt\u00e1n, mediante amenazas con un arma de fuego,\u2026","rel":"","context":"En &quot;3. Wix\u00e1rikas&quot;","block_context":{"text":"3. Wix\u00e1rikas","link":"http:\/\/www.grieta.org.mx\/index.php\/category\/espejos-de-la-resistencia\/3-wixarikas\/"},"img":{"alt_text":"","src":"https:\/\/i0.wp.com\/www.grieta.org.mx\/wp-content\/uploads\/2018\/07\/logo-CNI-T.png?resize=350%2C200","width":350,"height":200,"srcset":"https:\/\/i0.wp.com\/www.grieta.org.mx\/wp-content\/uploads\/2018\/07\/logo-CNI-T.png?resize=350%2C200 1x, https:\/\/i0.wp.com\/www.grieta.org.mx\/wp-content\/uploads\/2018\/07\/logo-CNI-T.png?resize=525%2C300 1.5x"},"classes":[]},{"id":43181,"url":"http:\/\/www.grieta.org.mx\/index.php\/2020\/01\/12\/denuncian-atentado-contra-ex-comisariado-de-san-lorenzo-de-azqueltan-jalisco\/","url_meta":{"origin":22818,"position":3},"title":"Denuncian atentado contra ex comisariado de San Lorenzo de Azquelt\u00e1n (Jalisco)","author":"grieta","date":"12 enero, 2020","format":false,"excerpt":"Fotografia: Especial Redacci\u00f3n \/ El Diario NTR La comunidad aut\u00f3noma wix\u00e1rika y tepehuana de San Lorenzo de Azquelt\u00e1n denunci\u00f3 una agresi\u00f3n a tiros contra el ex comisariado Jes\u00fas Manuel Aguilar Hern\u00e1ndez por parte de \u201cpersonas al servicio del cacique\u201d Favio Ernesto Flores S\u00e1nchez, alias\u00a0La Polla. En el ataque, sucedido el\u2026","rel":"","context":"En &quot;CINTILLO&quot;","block_context":{"text":"CINTILLO","link":"http:\/\/www.grieta.org.mx\/index.php\/category\/cintillo\/"},"img":{"alt_text":"","src":"https:\/\/i0.wp.com\/www.grieta.org.mx\/wp-content\/uploads\/2020\/01\/2020-01-12_06-01-26___6257.jpg?resize=350%2C200","width":350,"height":200,"srcset":"https:\/\/i0.wp.com\/www.grieta.org.mx\/wp-content\/uploads\/2020\/01\/2020-01-12_06-01-26___6257.jpg?resize=350%2C200 1x, https:\/\/i0.wp.com\/www.grieta.org.mx\/wp-content\/uploads\/2020\/01\/2020-01-12_06-01-26___6257.jpg?resize=525%2C300 1.5x, https:\/\/i0.wp.com\/www.grieta.org.mx\/wp-content\/uploads\/2020\/01\/2020-01-12_06-01-26___6257.jpg?resize=700%2C400 2x"},"classes":[]},{"id":9804,"url":"http:\/\/www.grieta.org.mx\/index.php\/2016\/03\/13\/resistencia-de-la-comunidad-wixarika-tepehuana-de-san-lorenzo-de-azqueltan-contra-el-despojo\/","url_meta":{"origin":22818,"position":4},"title":"Resistencia de la Comunidad Wixarika-Tepehuana de San Lorenzo de Azquelt\u00e1n contra el despojo","author":"grieta","date":"13 marzo, 2016","format":false,"excerpt":"13\/03\/16. Los viejos sabiosSubversiones 29\/11\/13. San Lorenzo Azquelt\u00e1n: Historias de desprecio y despojoProceso","rel":"","context":"En &quot;4. Tepehuanos&quot;","block_context":{"text":"4. Tepehuanos","link":"http:\/\/www.grieta.org.mx\/index.php\/category\/espejos-de-la-resistencia\/4-wixarikas\/"},"img":{"alt_text":"","src":"https:\/\/i0.wp.com\/www.grieta.org.mx\/wp-content\/uploads\/2018\/03\/14524434_1106112876131411_958039263622046936_o.jpg?resize=350%2C200","width":350,"height":200,"srcset":"https:\/\/i0.wp.com\/www.grieta.org.mx\/wp-content\/uploads\/2018\/03\/14524434_1106112876131411_958039263622046936_o.jpg?resize=350%2C200 1x, https:\/\/i0.wp.com\/www.grieta.org.mx\/wp-content\/uploads\/2018\/03\/14524434_1106112876131411_958039263622046936_o.jpg?resize=525%2C300 1.5x, https:\/\/i0.wp.com\/www.grieta.org.mx\/wp-content\/uploads\/2018\/03\/14524434_1106112876131411_958039263622046936_o.jpg?resize=700%2C400 2x"},"classes":[]},{"id":63738,"url":"http:\/\/www.grieta.org.mx\/index.php\/2022\/03\/15\/indigenas-de-san-lorenzo-azqueltan-denuncian-que-minera-invade-sus-tierras-en-villa-guerrero-jalisco\/","url_meta":{"origin":22818,"position":5},"title":"Ind\u00edgenas de San Lorenzo Azquelt\u00e1n denuncian que minera invade sus tierras en Villa Guerrero (Jalisco)","author":"grieta","date":"15 marzo, 2022","format":false,"excerpt":"Foto: Especial Redacci\u00f3n \/ El Diario NTR Ind\u00edgenas de San Lorenzo Azquelt\u00e1n denunci\u00f3 que la minera llamada Amonitas y el gobierno federal est\u00e1n invadiendo su territorio y tomando piedras y diverso material geol\u00f3gico sin la autoridad de la Comunidad. Adem\u00e1s, denunciaron ser v\u00edctimas de amenazas por parte de la minera.\u2026","rel":"","context":"En &quot;4. Tepehuanos&quot;","block_context":{"text":"4. Tepehuanos","link":"http:\/\/www.grieta.org.mx\/index.php\/category\/espejos-de-la-resistencia\/4-wixarikas\/"},"img":{"alt_text":"","src":"https:\/\/i0.wp.com\/www.grieta.org.mx\/wp-content\/uploads\/2022\/03\/2022-03-15_05-03-11___5489.jpg?resize=350%2C200","width":350,"height":200,"srcset":"https:\/\/i0.wp.com\/www.grieta.org.mx\/wp-content\/uploads\/2022\/03\/2022-03-15_05-03-11___5489.jpg?resize=350%2C200 1x, https:\/\/i0.wp.com\/www.grieta.org.mx\/wp-content\/uploads\/2022\/03\/2022-03-15_05-03-11___5489.jpg?resize=525%2C300 1.5x, https:\/\/i0.wp.com\/www.grieta.org.mx\/wp-content\/uploads\/2022\/03\/2022-03-15_05-03-11___5489.jpg?resize=700%2C400 2x"},"classes":[]}],"_links":{"self":[{"href":"http:\/\/www.grieta.org.mx\/index.php\/wp-json\/wp\/v2\/posts\/22818","targetHints":{"allow":["GET"]}}],"collection":[{"href":"http:\/\/www.grieta.org.mx\/index.php\/wp-json\/wp\/v2\/posts"}],"about":[{"href":"http:\/\/www.grieta.org.mx\/index.php\/wp-json\/wp\/v2\/types\/post"}],"author":[{"embeddable":true,"href":"http:\/\/www.grieta.org.mx\/index.php\/wp-json\/wp\/v2\/users\/2"}],"replies":[{"embeddable":true,"href":"http:\/\/www.grieta.org.mx\/index.php\/wp-json\/wp\/v2\/comments?post=22818"}],"version-history":[{"count":1,"href":"http:\/\/www.grieta.org.mx\/index.php\/wp-json\/wp\/v2\/posts\/22818\/revisions"}],"predecessor-version":[{"id":22822,"href":"http:\/\/www.grieta.org.mx\/index.php\/wp-json\/wp\/v2\/posts\/22818\/revisions\/22822"}],"wp:featuredmedia":[{"embeddable":true,"href":"http:\/\/www.grieta.org.mx\/index.php\/wp-json\/wp\/v2\/media\/21928"}],"wp:attachment":[{"href":"http:\/\/www.grieta.org.mx\/index.php\/wp-json\/wp\/v2\/media?parent=22818"}],"wp:term":[{"taxonomy":"category","embeddable":true,"href":"http:\/\/www.grieta.org.mx\/index.php\/wp-json\/wp\/v2\/categories?post=22818"},{"taxonomy":"post_tag","embeddable":true,"href":"http:\/\/www.grieta.org.mx\/index.php\/wp-json\/wp\/v2\/tags?post=22818"}],"curies":[{"name":"wp","href":"https:\/\/api.w.org\/{rel}","templated":true}]}}