{"id":22773,"date":"2018-04-24T14:07:10","date_gmt":"2018-04-24T19:07:10","guid":{"rendered":"http:\/\/www.grieta.org.mx\/?p=22773"},"modified":"2018-04-28T14:09:31","modified_gmt":"2018-04-28T19:09:31","slug":"consejo-supremo-indigena-de-michoacan-llama-al-autogobierno-por-division-provocada-por-partidos","status":"publish","type":"post","link":"http:\/\/www.grieta.org.mx\/index.php\/2018\/04\/24\/consejo-supremo-indigena-de-michoacan-llama-al-autogobierno-por-division-provocada-por-partidos\/","title":{"rendered":"Consejo Supremo Ind\u00edgena de Michoac\u00e1n llama al autogobierno por divisi\u00f3n provocada por partidos"},"content":{"rendered":"<p>Morelia, Michoac\u00e1n.- Por medio de un comunicado de prensa el Consejo Supremo Ind\u00edgena, conformado por m\u00e1s de 30 comunidades originarias que luchan por la autodeterminaci\u00f3n, el autogobierno y la autonom\u00eda, expresaron lo siguiente:<\/p>\n<p>Los pueblos originarios somos sujetos de derecho, sujetos hist\u00f3ricos y sujetos de conocimiento, mantenemos el derecho a la autodeterminaci\u00f3n consagrado en instrumentos jur\u00eddicos internacionales, nacionales y estatales, somos herederos de una larga historia de resistencia, lucha y dignidad, y conservamos nuestra cosmovisi\u00f3n y conocimiento ancestral.<\/p>\n<p>Bajo este marco, y ante el contexto de divisionismo que provocan los partidos pol\u00edticos, la exclusi\u00f3n social y la discriminaci\u00f3n pol\u00edtico-econ\u00f3mica que padecen las comunidades ind\u00edgenas, apoyamos incondicional, categ\u00f3rica y determinantemente a las comunidades originarias que han decidido no permitir la instalaci\u00f3n de casillas electorales, ni actos de proselitismo o propaganda electoral. La exigencia de no instalar casillas en las comunidades ind\u00edgenas es una demanda legitima, legal e hist\u00f3rica, es una expresi\u00f3n concreta de nuestra autodeterminaci\u00f3n. Estos hechos ya fueron notificados en tiempo y forma al Instituto Nacional Electoral y al Instituto Electoral de Michoac\u00e1n, son decisiones tomadas a trav\u00e9s de las Asambleas Generales, m\u00e1xima autoridad de los pueblos ind\u00edgenas. Ratificamos la no instalaci\u00f3n de casillas en las comunidades de Aranza, Zopoco, Santa Fe de la Laguna, Sevina, Urapicho, San Felipe de los Herreros, San Benito y Cocucho.      <\/p>\n<p>Sin embargo, ni el INE o el IEM han cumplido con los acuerdos tomados con las comunidades originarias de establecer una reuni\u00f3n de trabajo con todos los representantes de los partidos pol\u00edticos, para notificarles las decisiones de las comunidades que no permitir\u00e1n instalar casillas, por el contrario, se han dedicado a hostigar por medio de sus empleados electorales a las autoridades para que instalen casillas, ning\u00fan empleado del INE y IEM son bienvenidos en las comunidades que expulsaron a los partidos pol\u00edticos.     <\/p>\n<p>Ante la falta de respeto a la libre autodeterminaci\u00f3n de las comunidades ind\u00edgenas por parte del INE y el IEM, as\u00ed como por amenazas de muerte directa a las autoridades de Santa Fe de la Laguna, y de intimidaci\u00f3n en contra de otras autoridades, hacemos p\u00fablicamente responsables al Gobierno del Estado de Michoac\u00e1n, el INE y el IEM de cualquier acto de provocaci\u00f3n, violencia o enfrentamiento electoral, as\u00ed como de la integridad f\u00edsica de  las autoridades civiles comunales y tradicionales que conforman el Consejo Supremo Ind\u00edgena de Michoac\u00e1n y luchan por su autonom\u00eda.  <\/p>\n<p>Finalmente, declaramos que ante cualquier acto de intimidaci\u00f3n o agresi\u00f3n en contra de nuestras comunidades o compa\u00f1eros, actuaremos en unidad de acci\u00f3n en defensa de nuestro territorio, derechos y libre autodeterminaci\u00f3n.  <\/p>\n<p><a href=\"https:\/\/www.monitorexpresso.com\/consejo-supremo-indigena-de-michoacan-llama-al-autogobierno-por-division-provocada-por-partidos\/\" rel=\"noopener\" target=\"_blank\">https:\/\/www.monitorexpresso.com\/consejo-supremo-indigena-de-michoacan-llama-al-autogobierno-por-division-provocada-por-partidos\/<\/a><\/p>\n","protected":false},"excerpt":{"rendered":"<p>Morelia, Michoac\u00e1n.- Por medio de un comunicado de prensa el Consejo Supremo Ind\u00edgena, conformado por m\u00e1s de 30 comunidades originarias que luchan por la autodeterminaci\u00f3n, el autogobierno y la autonom\u00eda, &hellip; <a href=\"http:\/\/www.grieta.org.mx\/index.php\/2018\/04\/24\/consejo-supremo-indigena-de-michoacan-llama-al-autogobierno-por-division-provocada-por-partidos\/\" class=\"more-link\">Leer m\u00e1s<\/a><\/p>\n","protected":false},"author":1,"featured_media":22774,"comment_status":"closed","ping_status":"closed","sticky":false,"template":"","format":"standard","meta":{"ngg_post_thumbnail":0,"_jetpack_newsletter_access":"","_jetpack_dont_email_post_to_subs":false,"_jetpack_newsletter_tier_id":0,"_jetpack_memberships_contains_paywalled_content":false,"_jetpack_memberships_contains_paid_content":false,"footnotes":""},"categories":[80,21,1169,995],"tags":[526],"class_list":["post-22773","post","type-post","status-publish","format-standard","has-post-thumbnail","hentry","category-cintillo","category-michoacan","category-organizacion-autonoma-del-consejo-supremos-indigena-de-michoacan","category-resistencia-y-construccion-de-autonomia-de-las-comunidades-rurales-en-michoacan","tag-consejo-supremo-indigena-de-michoacan","entry"],"jetpack_featured_media_url":"http:\/\/www.grieta.org.mx\/wp-content\/uploads\/2018\/04\/Foto-Purepecha-MX-704x387.jpg","jetpack_sharing_enabled":true,"jetpack_shortlink":"https:\/\/wp.me\/p7ZJR4-5Vj","jetpack_likes_enabled":false,"jetpack-related-posts":[{"id":51826,"url":"http:\/\/www.grieta.org.mx\/index.php\/2020\/06\/26\/consejo-supremo-indigena-bloquea-carreteras-ante-visita-al-estado-de-amlo-michoacan\/","url_meta":{"origin":22773,"position":0},"title":"Consejo Supremo Ind\u00edgena bloquea carreteras ante visita al estado de AMLO (Michoac\u00e1n)","author":"grieta","date":"26 junio, 2020","format":false,"excerpt":"Ren\u00e9 Serrano Garc\u00eda \/Informativo La Regi\u00f3n, viernes de 26 junio de 2020 Durante la visita del Presidente de la Rep\u00fablica a Michoac\u00e1n, mediante lo que denominaron S\u00e9ptima Jornada de Lucha: Respeto a los Derechos de los Pueblos Originarios, el Consejo Supremo Ind\u00edgena de Michoac\u00e1n, consejo conformado por autoridades ind\u00edgenas de\u2026","rel":"","context":"En &quot;CINTILLO&quot;","block_context":{"text":"CINTILLO","link":"http:\/\/www.grieta.org.mx\/index.php\/category\/cintillo\/"},"img":{"alt_text":"","src":"https:\/\/i0.wp.com\/www.grieta.org.mx\/wp-content\/uploads\/2020\/07\/ConsejoSupremoIndigena779x450.jpg?resize=350%2C200","width":350,"height":200,"srcset":"https:\/\/i0.wp.com\/www.grieta.org.mx\/wp-content\/uploads\/2020\/07\/ConsejoSupremoIndigena779x450.jpg?resize=350%2C200 1x, https:\/\/i0.wp.com\/www.grieta.org.mx\/wp-content\/uploads\/2020\/07\/ConsejoSupremoIndigena779x450.jpg?resize=525%2C300 1.5x, https:\/\/i0.wp.com\/www.grieta.org.mx\/wp-content\/uploads\/2020\/07\/ConsejoSupremoIndigena779x450.jpg?resize=700%2C400 2x"},"classes":[]},{"id":54857,"url":"http:\/\/www.grieta.org.mx\/index.php\/2020\/10\/12\/consejo-supremo-indigena-bloquea-4-puntos-carreteros-michoacan\/","url_meta":{"origin":22773,"position":1},"title":"Consejo Supremo Ind\u00edgena bloquea 4 puntos carreteros (Michoac\u00e1n)","author":"grieta","date":"12 octubre, 2020","format":false,"excerpt":"Redacci\u00f3n Quadratin \/ 12 de octubre de 2020 MORELIA, Mich., 12 de octubre de 2020.- K\u00b4eri Kunkorhekua Iretecheri, el Consejo Supremo Ind\u00edgena de Michoac\u00e1n #CSIM, consejo aut\u00f3nomo e independiente, constituido por autoridades civiles, comunales y tradicionales de 60 comunidades originarias, manifestaron conjuntamente lo siguiente: El 12 de octubre de 2020\u2026","rel":"","context":"En &quot;CINTILLO&quot;","block_context":{"text":"CINTILLO","link":"http:\/\/www.grieta.org.mx\/index.php\/category\/cintillo\/"},"img":{"alt_text":"","src":"https:\/\/i0.wp.com\/www.grieta.org.mx\/wp-content\/uploads\/2020\/11\/IMG-20201012-WA0009-1160x700-1.jpg?resize=350%2C200","width":350,"height":200,"srcset":"https:\/\/i0.wp.com\/www.grieta.org.mx\/wp-content\/uploads\/2020\/11\/IMG-20201012-WA0009-1160x700-1.jpg?resize=350%2C200 1x, https:\/\/i0.wp.com\/www.grieta.org.mx\/wp-content\/uploads\/2020\/11\/IMG-20201012-WA0009-1160x700-1.jpg?resize=525%2C300 1.5x, https:\/\/i0.wp.com\/www.grieta.org.mx\/wp-content\/uploads\/2020\/11\/IMG-20201012-WA0009-1160x700-1.jpg?resize=700%2C400 2x, https:\/\/i0.wp.com\/www.grieta.org.mx\/wp-content\/uploads\/2020\/11\/IMG-20201012-WA0009-1160x700-1.jpg?resize=1050%2C600 3x"},"classes":[]},{"id":32097,"url":"http:\/\/www.grieta.org.mx\/index.php\/2019\/03\/28\/consejo-supremo-indigena-de-michoacan-rechaza-la-solicitud-de-disculpas-del-gobierno-de-mexico-ante-la-conquista-espanola-y-exige-memoria-historica-y-justicia\/","url_meta":{"origin":22773,"position":2},"title":"Consejo Supremo Ind\u00edgena de Michoac\u00e1n rechaza la solicitud de disculpas del Gobierno de M\u00e9xico ante la conquista espa\u00f1ola y exige memoria hist\u00f3rica y justicia","author":"grieta","date":"28 marzo, 2019","format":false,"excerpt":"Redacci\u00f3n \/ UrbisTV Morelia, Michoac\u00e1n, a 28 de marzo de 2019.- El Consejo Supremo Ind\u00edgena de Michoac\u00e1n (CSIM), consejo conformado por autoridades civiles, comunales y tradicionales de m\u00e1s de 50 comunidades p\u00b4urh\u00e9pechas, mediante un manifiesto rechazaron la solicitud de disculpas emitida por el Gobierno de M\u00e9xico al Gobierno de Espa\u00f1a,\u2026","rel":"","context":"En &quot;CINTILLO&quot;","block_context":{"text":"CINTILLO","link":"http:\/\/www.grieta.org.mx\/index.php\/category\/cintillo\/"},"img":{"alt_text":"","src":"https:\/\/i0.wp.com\/www.grieta.org.mx\/wp-content\/uploads\/2019\/04\/0-grande.jpg?resize=350%2C200","width":350,"height":200,"srcset":"https:\/\/i0.wp.com\/www.grieta.org.mx\/wp-content\/uploads\/2019\/04\/0-grande.jpg?resize=350%2C200 1x, https:\/\/i0.wp.com\/www.grieta.org.mx\/wp-content\/uploads\/2019\/04\/0-grande.jpg?resize=525%2C300 1.5x, https:\/\/i0.wp.com\/www.grieta.org.mx\/wp-content\/uploads\/2019\/04\/0-grande.jpg?resize=700%2C400 2x"},"classes":[]},{"id":64504,"url":"http:\/\/www.grieta.org.mx\/index.php\/2022\/07\/06\/consejo-supremo-indigena-de-michoacan-mantiene-bloqueos-en-al-menos-4-carreteras\/","url_meta":{"origin":22773,"position":3},"title":"Consejo Supremo Ind\u00edgena de Michoac\u00e1n mantiene bloqueos en al menos 4 carreteras","author":"grieta","date":"6 julio, 2022","format":false,"excerpt":"Por Redacci\u00f3n 90 grados, 6 de julio de 2022 Michoac\u00e1n, 6 de julio de 2022.- El Consejo Supremo Ind\u00edgena de Michoac\u00e1n (CSIM) junto con el Consejo Libre y Aut\u00f3nomo de los Pueblos Originarios de Michoac\u00e1n, la Asamblea General Autoridades Ind\u00edgenas de 65 comunidades originarias, mantienen bloqueos esta ma\u00f1ana de mi\u00e9rcoles\u2026","rel":"","context":"En &quot;CINTILLO&quot;","block_context":{"text":"CINTILLO","link":"http:\/\/www.grieta.org.mx\/index.php\/category\/cintillo\/"},"img":{"alt_text":"","src":"https:\/\/i0.wp.com\/www.grieta.org.mx\/wp-content\/uploads\/2022\/07\/0-grande.jpg?resize=350%2C200","width":350,"height":200,"srcset":"https:\/\/i0.wp.com\/www.grieta.org.mx\/wp-content\/uploads\/2022\/07\/0-grande.jpg?resize=350%2C200 1x, https:\/\/i0.wp.com\/www.grieta.org.mx\/wp-content\/uploads\/2022\/07\/0-grande.jpg?resize=525%2C300 1.5x, https:\/\/i0.wp.com\/www.grieta.org.mx\/wp-content\/uploads\/2022\/07\/0-grande.jpg?resize=700%2C400 2x"},"classes":[]},{"id":29964,"url":"http:\/\/www.grieta.org.mx\/index.php\/2019\/02\/26\/como-ilegal-e-ilegitima-califica-el-consejo-indigena-de-michoacan-la-consulta-de-la-termoelectrica\/","url_meta":{"origin":22773,"position":4},"title":"Como ilegal e ileg\u00edtima, califica el Consejo Ind\u00edgena de Michoac\u00e1n la consulta de la termoel\u00e9ctrica","author":"grieta","date":"26 febrero, 2019","format":false,"excerpt":"Revoluci\u00f3n 3.0, 26 de febrero de 2019 Como ilegal e ileg\u00edtima, calificaron los integrantes del Consejo Ind\u00edgena de Michoac\u00e1n a la consulta ciudadana realizada por el gobierno federal para la construcci\u00f3n de la termoel\u00e9ctrica en Huexca, Morelos. A trav\u00e9s de un comunicado, 50 comunidades originarias mostraron su desacuerdo al proyecto\u2026","rel":"","context":"En &quot;CINTILLO&quot;","block_context":{"text":"CINTILLO","link":"http:\/\/www.grieta.org.mx\/index.php\/category\/cintillo\/"},"img":{"alt_text":"","src":"https:\/\/i0.wp.com\/www.grieta.org.mx\/wp-content\/uploads\/2019\/03\/consejo-supremo-indigena-de-Michoacan2.jpg?resize=350%2C200","width":350,"height":200,"srcset":"https:\/\/i0.wp.com\/www.grieta.org.mx\/wp-content\/uploads\/2019\/03\/consejo-supremo-indigena-de-Michoacan2.jpg?resize=350%2C200 1x, https:\/\/i0.wp.com\/www.grieta.org.mx\/wp-content\/uploads\/2019\/03\/consejo-supremo-indigena-de-Michoacan2.jpg?resize=525%2C300 1.5x, https:\/\/i0.wp.com\/www.grieta.org.mx\/wp-content\/uploads\/2019\/03\/consejo-supremo-indigena-de-Michoacan2.jpg?resize=700%2C400 2x, https:\/\/i0.wp.com\/www.grieta.org.mx\/wp-content\/uploads\/2019\/03\/consejo-supremo-indigena-de-Michoacan2.jpg?resize=1050%2C600 3x"},"classes":[]},{"id":60879,"url":"http:\/\/www.grieta.org.mx\/index.php\/2021\/07\/18\/comunidad-indigena-de-michoacan-celebra-inicio-de-su-autogobierno-se-regira-por-usos-y-costumbres\/","url_meta":{"origin":22773,"position":5},"title":"Comunidad ind\u00edgena de Michoac\u00e1n celebra inicio de su autogobierno; se regir\u00e1 por usos y costumbres","author":"grieta","date":"18 julio, 2021","format":false,"excerpt":"Alejandra Zamudio, El Debate, Michoac\u00e1n, 18 de Julio de 2021 Morelia, Michoac\u00e1n.- La comunidad ind\u00edgena de Santa Fe de la Laguna, perteneciente al municipio de Quiroga, ejercer\u00e1 su autogobierno comunal a partir del d\u00eda de hoy, 18 de julio, as\u00ed lo informaron autoridades del Concejo Supremo Ind\u00edgena de Michoac\u00e1n. Luego\u2026","rel":"","context":"En &quot;CINTILLO&quot;","block_context":{"text":"CINTILLO","link":"http:\/\/www.grieta.org.mx\/index.php\/category\/cintillo\/"},"img":{"alt_text":"","src":"https:\/\/i0.wp.com\/www.grieta.org.mx\/wp-content\/uploads\/2021\/08\/Captura-de-pantalla-2021-08-02-a-las-22.38.40.png?resize=350%2C200","width":350,"height":200,"srcset":"https:\/\/i0.wp.com\/www.grieta.org.mx\/wp-content\/uploads\/2021\/08\/Captura-de-pantalla-2021-08-02-a-las-22.38.40.png?resize=350%2C200 1x, https:\/\/i0.wp.com\/www.grieta.org.mx\/wp-content\/uploads\/2021\/08\/Captura-de-pantalla-2021-08-02-a-las-22.38.40.png?resize=525%2C300 1.5x, https:\/\/i0.wp.com\/www.grieta.org.mx\/wp-content\/uploads\/2021\/08\/Captura-de-pantalla-2021-08-02-a-las-22.38.40.png?resize=700%2C400 2x, https:\/\/i0.wp.com\/www.grieta.org.mx\/wp-content\/uploads\/2021\/08\/Captura-de-pantalla-2021-08-02-a-las-22.38.40.png?resize=1050%2C600 3x, https:\/\/i0.wp.com\/www.grieta.org.mx\/wp-content\/uploads\/2021\/08\/Captura-de-pantalla-2021-08-02-a-las-22.38.40.png?resize=1400%2C800 4x"},"classes":[]}],"_links":{"self":[{"href":"http:\/\/www.grieta.org.mx\/index.php\/wp-json\/wp\/v2\/posts\/22773","targetHints":{"allow":["GET"]}}],"collection":[{"href":"http:\/\/www.grieta.org.mx\/index.php\/wp-json\/wp\/v2\/posts"}],"about":[{"href":"http:\/\/www.grieta.org.mx\/index.php\/wp-json\/wp\/v2\/types\/post"}],"author":[{"embeddable":true,"href":"http:\/\/www.grieta.org.mx\/index.php\/wp-json\/wp\/v2\/users\/1"}],"replies":[{"embeddable":true,"href":"http:\/\/www.grieta.org.mx\/index.php\/wp-json\/wp\/v2\/comments?post=22773"}],"version-history":[{"count":1,"href":"http:\/\/www.grieta.org.mx\/index.php\/wp-json\/wp\/v2\/posts\/22773\/revisions"}],"predecessor-version":[{"id":22775,"href":"http:\/\/www.grieta.org.mx\/index.php\/wp-json\/wp\/v2\/posts\/22773\/revisions\/22775"}],"wp:featuredmedia":[{"embeddable":true,"href":"http:\/\/www.grieta.org.mx\/index.php\/wp-json\/wp\/v2\/media\/22774"}],"wp:attachment":[{"href":"http:\/\/www.grieta.org.mx\/index.php\/wp-json\/wp\/v2\/media?parent=22773"}],"wp:term":[{"taxonomy":"category","embeddable":true,"href":"http:\/\/www.grieta.org.mx\/index.php\/wp-json\/wp\/v2\/categories?post=22773"},{"taxonomy":"post_tag","embeddable":true,"href":"http:\/\/www.grieta.org.mx\/index.php\/wp-json\/wp\/v2\/tags?post=22773"}],"curies":[{"name":"wp","href":"https:\/\/api.w.org\/{rel}","templated":true}]}}