{"id":22770,"date":"2018-04-28T14:04:34","date_gmt":"2018-04-28T19:04:34","guid":{"rendered":"http:\/\/www.grieta.org.mx\/?p=22770"},"modified":"2018-04-28T14:04:49","modified_gmt":"2018-04-28T19:04:49","slug":"en-cuatro-estados-mayor-impunidad-de-feminicidios","status":"publish","type":"post","link":"http:\/\/www.grieta.org.mx\/index.php\/2018\/04\/28\/en-cuatro-estados-mayor-impunidad-de-feminicidios\/","title":{"rendered":"En cuatro estados mayor impunidad de feminicidios"},"content":{"rendered":"<p>En estados como Veracruz, Guerrero, Michoac\u00e1n y Morelos se clasifica a los feminicidios como cr\u00edmenes ligados al narcotr\u00e1fico, lo que genera impunidad e invisibilizaci\u00f3n del hecho, sostiene la Comisi\u00f3n para Prevenir y Erradicar la Violencia (Conavim).<\/p>\n<p>En esas cuatro entidades, con alto \u00edndice de criminalidad, la mayor\u00eda de los casos de feminicidio est\u00e1n inconclusos y registran una entrega incompleta de estad\u00edsticas al Observatorio Ciudadano Nacional de Feminicidio (OCNF).<\/p>\n<p>En el estado de Veracruz hay una negativa de su gobierno para otorgar informaci\u00f3n de feminicidios cometidos en 2016 y 2017, por lo que las estad\u00edsticas existentes son incompletas y s\u00f3lo se obtienen del Secretariado Ejecutivo del Sistema Nacional de Seguridad P\u00fablica (SESNSP).<\/p>\n<p>En el estudio \u201cImplementaci\u00f3n del tipo penal de feminicidio en M\u00e9xico: Desaf\u00edos para acreditar las razones de g\u00e9nero 2014-2017\u201d, se informa que Veracruz tiene dos declaratorias de Alerta de Violencia de G\u00e9nero (AVG). Entre otras cosas, dichas alertas obligan a las autoridades estatales a contar con bases de datos espec\u00edficas y la actualizaci\u00f3n de un Protocolo de investigaci\u00f3n.<\/p>\n<p>En lo que va de 2018, el OCNF y autoridades veracruzanas tienen registrado un incremento de la violencia contra las mujeres, en donde el Observatorio apunta 68 asesinatos de mujeres, siendo Coatzacoalcos el que registra mayor n\u00famero de casos.<\/p>\n<p>Por ese motivo, un grupo de trabajo de la AVG recomend\u00f3, particularmente al gobierno de Veracruz, adoptar las medidas necesarias para garantizar la investigaci\u00f3n y resoluci\u00f3n en los casos de feminicidio y homicidio doloso en un tiempo razonable.<\/p>\n<p><a href=\"http:\/\/www.contralinea.com.mx\/archivo-revista\/2018\/04\/27\/en-cuatro-estados-mayor-impunidad-de-feminicidios\/\" rel=\"noopener\" target=\"_blank\">http:\/\/www.contralinea.com.mx\/archivo-revista\/2018\/04\/27\/en-cuatro-estados-mayor-impunidad-de-feminicidios\/<\/a><\/p>\n","protected":false},"excerpt":{"rendered":"<p>En estados como Veracruz, Guerrero, Michoac\u00e1n y Morelos se clasifica a los feminicidios como cr\u00edmenes ligados al narcotr\u00e1fico, lo que genera impunidad e invisibilizaci\u00f3n del hecho, sostiene la Comisi\u00f3n para &hellip; <a href=\"http:\/\/www.grieta.org.mx\/index.php\/2018\/04\/28\/en-cuatro-estados-mayor-impunidad-de-feminicidios\/\" class=\"more-link\">Leer m\u00e1s<\/a><\/p>\n","protected":false},"author":1,"featured_media":22771,"comment_status":"closed","ping_status":"closed","sticky":false,"template":"","format":"standard","meta":{"ngg_post_thumbnail":0,"_jetpack_newsletter_access":"","_jetpack_dont_email_post_to_subs":false,"_jetpack_newsletter_tier_id":0,"_jetpack_memberships_contains_paywalled_content":false,"_jetpack_memberships_contains_paid_content":false,"footnotes":""},"categories":[80,84,83],"tags":[81],"class_list":["post-22770","post","type-post","status-publish","format-standard","has-post-thumbnail","hentry","category-cintillo","category-feminicidios","category-temas-nacionales","tag-feminicidios","entry"],"jetpack_featured_media_url":"http:\/\/www.grieta.org.mx\/wp-content\/uploads\/2018\/04\/foto1-720x480.jpg","jetpack_sharing_enabled":true,"jetpack_shortlink":"https:\/\/wp.me\/p7ZJR4-5Vg","jetpack_likes_enabled":false,"jetpack-related-posts":[{"id":55725,"url":"http:\/\/www.grieta.org.mx\/index.php\/2020\/12\/08\/impunes-80-por-ciento-de-los-feminicidios-que-se-cometieron-en-colima-en-los-ultimos-5-anos\/","url_meta":{"origin":22770,"position":0},"title":"Impunes, 80 por ciento de los feminicidios que se cometieron en Colima en los \u00faltimos 5 a\u00f1os","author":"grieta","date":"8 diciembre, 2020","format":false,"excerpt":"Foto: Diario Avanzada Heidi de Le\u00f3n Guti\u00e9rrez \/ Diario Avanzada Colima, M\u00e9xico, Avanzada (08\/12\/2020).- La organizaci\u00f3n \u201cImpunidad Cero\u201d revel\u00f3 que en Colima permanecen sin castigo el 80 por ciento de los feminicidios que se cometieron durante el 2019. Tambi\u00e9n advirti\u00f3 que existen entidades del pa\u00eds donde habr\u00eda un subregistro en\u2026","rel":"","context":"En &quot;CINTILLO&quot;","block_context":{"text":"CINTILLO","link":"http:\/\/www.grieta.org.mx\/index.php\/category\/cintillo\/"},"img":{"alt_text":"","src":"https:\/\/i0.wp.com\/www.grieta.org.mx\/wp-content\/uploads\/2020\/12\/01-27-feminicidios.png?resize=350%2C200","width":350,"height":200,"srcset":"https:\/\/i0.wp.com\/www.grieta.org.mx\/wp-content\/uploads\/2020\/12\/01-27-feminicidios.png?resize=350%2C200 1x, https:\/\/i0.wp.com\/www.grieta.org.mx\/wp-content\/uploads\/2020\/12\/01-27-feminicidios.png?resize=525%2C300 1.5x, https:\/\/i0.wp.com\/www.grieta.org.mx\/wp-content\/uploads\/2020\/12\/01-27-feminicidios.png?resize=700%2C400 2x"},"classes":[]},{"id":62981,"url":"http:\/\/www.grieta.org.mx\/index.php\/2021\/12\/26\/jalisco-segundo-lugar-nacional-en-feminicidios\/","url_meta":{"origin":22770,"position":1},"title":"Jalisco, segundo lugar nacional en feminicidios","author":"grieta","date":"26 diciembre, 2021","format":false,"excerpt":"Foto: Cuartoscuro Redacci\u00f3n \/\u00a0 El Diario NTR De los casi mil feminicidios que se cometieron de enero a noviembre de 2021, 66 ocurrieron en Jalisco, por lo que la entidad se mantiene en el segundo lugar con m\u00e1s cr\u00edmenes de este tipo. De acuerdo a los datos del Secretariado Ejecutivo\u2026","rel":"","context":"En &quot;CINTILLO&quot;","block_context":{"text":"CINTILLO","link":"http:\/\/www.grieta.org.mx\/index.php\/category\/cintillo\/"},"img":{"alt_text":"","src":"https:\/\/i0.wp.com\/www.grieta.org.mx\/wp-content\/uploads\/2022\/01\/2021-12-26_02-12-45___6357.jpg?resize=350%2C200","width":350,"height":200,"srcset":"https:\/\/i0.wp.com\/www.grieta.org.mx\/wp-content\/uploads\/2022\/01\/2021-12-26_02-12-45___6357.jpg?resize=350%2C200 1x, https:\/\/i0.wp.com\/www.grieta.org.mx\/wp-content\/uploads\/2022\/01\/2021-12-26_02-12-45___6357.jpg?resize=525%2C300 1.5x, https:\/\/i0.wp.com\/www.grieta.org.mx\/wp-content\/uploads\/2022\/01\/2021-12-26_02-12-45___6357.jpg?resize=700%2C400 2x"},"classes":[]},{"id":64051,"url":"http:\/\/www.grieta.org.mx\/index.php\/2022\/04\/22\/en-colima-8-de-cada-10-feminicidios-quedan-en-la-impunidad-y-van-en-aumento\/","url_meta":{"origin":22770,"position":2},"title":"En Colima, 8 de cada 10 feminicidios quedan en la impunidad y van en aumento","author":"grieta","date":"22 abril, 2022","format":false,"excerpt":"Foto: Ilustrativa tomada de la internet Heidi de Le\u00f3n Guti\u00e9rrez \/ Diario Avanzada Colima, M\u00e9xico, Avanzada (22\/04\/2022).- El feminicidio es uno de los delitos que increment\u00f3 en la \u00faltima d\u00e9cada en Colima, junto con el homicidio doloso, las extorsiones y los robos a casa habitaci\u00f3n, pero las cifras muestran que\u2026","rel":"","context":"En &quot;CINTILLO&quot;","block_context":{"text":"CINTILLO","link":"http:\/\/www.grieta.org.mx\/index.php\/category\/cintillo\/"},"img":{"alt_text":"","src":"https:\/\/i0.wp.com\/www.grieta.org.mx\/wp-content\/uploads\/2022\/04\/feminici.jpg?resize=350%2C200","width":350,"height":200,"srcset":"https:\/\/i0.wp.com\/www.grieta.org.mx\/wp-content\/uploads\/2022\/04\/feminici.jpg?resize=350%2C200 1x, https:\/\/i0.wp.com\/www.grieta.org.mx\/wp-content\/uploads\/2022\/04\/feminici.jpg?resize=525%2C300 1.5x, https:\/\/i0.wp.com\/www.grieta.org.mx\/wp-content\/uploads\/2022\/04\/feminici.jpg?resize=700%2C400 2x"},"classes":[]},{"id":28499,"url":"http:\/\/www.grieta.org.mx\/index.php\/2019\/01\/14\/veracruz-segundo-en-feminicidios-8-municipios-concentran-casos\/","url_meta":{"origin":22770,"position":3},"title":"Veracruz, segundo en feminicidios; 8 municipios concentran casos","author":"grieta","date":"14 enero, 2019","format":false,"excerpt":"Redacci\u00f3n \/ Imagen del Golfo Ocho municipios de Veracruz se encuentran entre los primeros 100 con m\u00e1s feminicidios en el pa\u00eds, de acuerdo con el Secretariado Ejecutivo del Sistema Nacional de Seguridad P\u00fablica (SESNSP) de la Secretar\u00eda de Gobernaci\u00f3n. Asimismo, se puntualiza que la entidad ocupe el segundo lugar a\u2026","rel":"","context":"En &quot;CINTILLO&quot;","block_context":{"text":"CINTILLO","link":"http:\/\/www.grieta.org.mx\/index.php\/category\/cintillo\/"},"img":{"alt_text":"","src":"https:\/\/i0.wp.com\/www.grieta.org.mx\/wp-content\/uploads\/2019\/01\/direct-17.jpg?resize=350%2C200","width":350,"height":200,"srcset":"https:\/\/i0.wp.com\/www.grieta.org.mx\/wp-content\/uploads\/2019\/01\/direct-17.jpg?resize=350%2C200 1x, https:\/\/i0.wp.com\/www.grieta.org.mx\/wp-content\/uploads\/2019\/01\/direct-17.jpg?resize=525%2C300 1.5x"},"classes":[]},{"id":42964,"url":"http:\/\/www.grieta.org.mx\/index.php\/2019\/12\/29\/veracruz-el-gran-cementerio-de-mujeres-la-crisis-de-feminicidios-en-mexico\/","url_meta":{"origin":22770,"position":4},"title":"Veracruz, el gran cementerio de mujeres: la crisis de feminicidios en M\u00e9xico","author":"grieta","date":"29 diciembre, 2019","format":false,"excerpt":"Nancy Flores \/ Contral\u00ednea Cada d\u00eda, en M\u00e9xico, 10 mujeres son asesinadas en promedio por razones de odio. La crisis de los feminicidios y dem\u00e1s formas de violencia contra este g\u00e9nero (como la sexual) deber\u00eda generar una reflexi\u00f3n de car\u00e1cter nacional, pues ning\u00fan pa\u00eds puede aspirar al pleno desarrollo si\u2026","rel":"","context":"En &quot;CINTILLO&quot;","block_context":{"text":"CINTILLO","link":"http:\/\/www.grieta.org.mx\/index.php\/category\/cintillo\/"},"img":{"alt_text":"","src":"https:\/\/i0.wp.com\/www.grieta.org.mx\/wp-content\/uploads\/2020\/01\/Monumento_Velada-9.jpg?resize=350%2C200","width":350,"height":200,"srcset":"https:\/\/i0.wp.com\/www.grieta.org.mx\/wp-content\/uploads\/2020\/01\/Monumento_Velada-9.jpg?resize=350%2C200 1x, https:\/\/i0.wp.com\/www.grieta.org.mx\/wp-content\/uploads\/2020\/01\/Monumento_Velada-9.jpg?resize=525%2C300 1.5x"},"classes":[]},{"id":41717,"url":"http:\/\/www.grieta.org.mx\/index.php\/2019\/11\/27\/veracruz-morelos-y-nuevo-leon-los-estados-con-las-tasas-mas-altas-de-feminicidio\/","url_meta":{"origin":22770,"position":5},"title":"Veracruz, Morelos y Nuevo Le\u00f3n, los estados con las tasas m\u00e1s altas de feminicidio","author":"grieta","date":"27 noviembre, 2019","format":false,"excerpt":"Los casos acumulados en lo que va de 2019 por cada 100 mil habitantes ya igualan a la tasa de 2018. Hallazgos \u00cdndice GLAC\/ ANIMAL POL\u00cdTICO Entre diciembre de 2018 y octubre de 2019 fueron asesinadas 907 mujeres, seg\u00fan los datos m\u00e1s recientes del Sistema Nacional de Seguridad P\u00fablica (SNSP)\u2026","rel":"","context":"En &quot;CINTILLO&quot;","block_context":{"text":"CINTILLO","link":"http:\/\/www.grieta.org.mx\/index.php\/category\/cintillo\/"},"img":{"alt_text":"","src":"https:\/\/i0.wp.com\/www.grieta.org.mx\/wp-content\/uploads\/2019\/12\/Su-lema.jpg?resize=350%2C200","width":350,"height":200,"srcset":"https:\/\/i0.wp.com\/www.grieta.org.mx\/wp-content\/uploads\/2019\/12\/Su-lema.jpg?resize=350%2C200 1x, https:\/\/i0.wp.com\/www.grieta.org.mx\/wp-content\/uploads\/2019\/12\/Su-lema.jpg?resize=525%2C300 1.5x, https:\/\/i0.wp.com\/www.grieta.org.mx\/wp-content\/uploads\/2019\/12\/Su-lema.jpg?resize=700%2C400 2x, https:\/\/i0.wp.com\/www.grieta.org.mx\/wp-content\/uploads\/2019\/12\/Su-lema.jpg?resize=1050%2C600 3x, https:\/\/i0.wp.com\/www.grieta.org.mx\/wp-content\/uploads\/2019\/12\/Su-lema.jpg?resize=1400%2C800 4x"},"classes":[]}],"_links":{"self":[{"href":"http:\/\/www.grieta.org.mx\/index.php\/wp-json\/wp\/v2\/posts\/22770","targetHints":{"allow":["GET"]}}],"collection":[{"href":"http:\/\/www.grieta.org.mx\/index.php\/wp-json\/wp\/v2\/posts"}],"about":[{"href":"http:\/\/www.grieta.org.mx\/index.php\/wp-json\/wp\/v2\/types\/post"}],"author":[{"embeddable":true,"href":"http:\/\/www.grieta.org.mx\/index.php\/wp-json\/wp\/v2\/users\/1"}],"replies":[{"embeddable":true,"href":"http:\/\/www.grieta.org.mx\/index.php\/wp-json\/wp\/v2\/comments?post=22770"}],"version-history":[{"count":1,"href":"http:\/\/www.grieta.org.mx\/index.php\/wp-json\/wp\/v2\/posts\/22770\/revisions"}],"predecessor-version":[{"id":22772,"href":"http:\/\/www.grieta.org.mx\/index.php\/wp-json\/wp\/v2\/posts\/22770\/revisions\/22772"}],"wp:featuredmedia":[{"embeddable":true,"href":"http:\/\/www.grieta.org.mx\/index.php\/wp-json\/wp\/v2\/media\/22771"}],"wp:attachment":[{"href":"http:\/\/www.grieta.org.mx\/index.php\/wp-json\/wp\/v2\/media?parent=22770"}],"wp:term":[{"taxonomy":"category","embeddable":true,"href":"http:\/\/www.grieta.org.mx\/index.php\/wp-json\/wp\/v2\/categories?post=22770"},{"taxonomy":"post_tag","embeddable":true,"href":"http:\/\/www.grieta.org.mx\/index.php\/wp-json\/wp\/v2\/tags?post=22770"}],"curies":[{"name":"wp","href":"https:\/\/api.w.org\/{rel}","templated":true}]}}