{"id":22767,"date":"2018-04-17T13:32:57","date_gmt":"2018-04-17T18:32:57","guid":{"rendered":"http:\/\/www.grieta.org.mx\/?p=22767"},"modified":"2018-04-28T14:01:08","modified_gmt":"2018-04-28T19:01:08","slug":"purepechas-no-permitiran-instalacion-de-casillas-en-michoacan","status":"publish","type":"post","link":"http:\/\/www.grieta.org.mx\/index.php\/2018\/04\/17\/purepechas-no-permitiran-instalacion-de-casillas-en-michoacan\/","title":{"rendered":"Pur\u00e9pechas no permitir\u00e1n instalaci\u00f3n de casillas en Michoac\u00e1n"},"content":{"rendered":"<blockquote><p>A este pronunciamiento se suman siete poblaciones del Consejo Supremo Ind\u00edgena de la entidad.<\/p><\/blockquote>\n<p>La comunidad Pur\u00e9pecha de Cocucho, en el municipio de Charapan, Michoac\u00e1n, avis\u00f3 al INE que no permitir\u00e1n la instalaci\u00f3n de casillas electorales argumentando que los candidatos generan problemas y divisiones en su comunidad.<\/p>\n<p>El documento de la Asamblea General de Comuneros de Cocucho fue entregado en la Junta Local del Instituto Nacional Electoral (INE) en Michoac\u00e1n.<\/p>\n<p>En el documento expusieron las razones por las cuales la mayor\u00eda de los integrantes rechazaron la instalaci\u00f3n de casillas: <\/p>\n<p>-No incluir miembros de la comunidad (pur\u00e9pecha) en las planillas que contienden por el Ayuntamiento.<\/p>\n<p>-Los gobiernos no aplican el presupuesto que corresponde a la comunidad con base en el n\u00famero de habitantes.<\/p>\n<p>-En las campa\u00f1as los candidatos s\u00f3lo generan problemas y divisiones, esto se acent\u00faa m\u00e1s cuando son gobernantes.<\/p>\n<p>Los pur\u00e9pechas pidieron al Instituto Electoral de Michoac\u00e1n y al INE respetar las decisi\u00f3n, que respaldan con el Art\u00edculo 2 constitucional donde se garantiza el derecho de los pueblos y comunidades ind\u00edgenas a la libre determinaci\u00f3n.<\/p>\n<p>La cuenta de Twitter Comuna P&#8217;urh\u00e9pecha public\u00f3 los documentos de la Asamblea General de la comunidad de Cocucho.<\/p>\n<p>Este pronunciamiento se suma a las otras siete poblaciones del Consejo Supremo Ind\u00edgena de Michoac\u00e1n que no permitir\u00e1n la instalaci\u00f3n de casillas: Aranza, Zopoco, San Felipe de los Herreros, Urapicho, San Benito, Sevina y Santa Fe de la Laguna.<\/p>\n<p><a href=\"http:\/\/www.elfinanciero.com.mx\/elecciones-2018\/purepechas-no-permitiran-instalacion-de-casillas-en-michoacan\" rel=\"noopener\" target=\"_blank\">http:\/\/www.elfinanciero.com.mx\/elecciones-2018\/purepechas-no-permitiran-instalacion-de-casillas-en-michoacan<\/a><\/p>\n","protected":false},"excerpt":{"rendered":"<p>A este pronunciamiento se suman siete poblaciones del Consejo Supremo Ind\u00edgena de la entidad. La comunidad Pur\u00e9pecha de Cocucho, en el municipio de Charapan, Michoac\u00e1n, avis\u00f3 al INE que no &hellip; <a href=\"http:\/\/www.grieta.org.mx\/index.php\/2018\/04\/17\/purepechas-no-permitiran-instalacion-de-casillas-en-michoacan\/\" class=\"more-link\">Leer m\u00e1s<\/a><\/p>\n","protected":false},"author":1,"featured_media":22768,"comment_status":"closed","ping_status":"closed","sticky":false,"template":"","format":"standard","meta":{"ngg_post_thumbnail":0,"_jetpack_newsletter_access":"","_jetpack_dont_email_post_to_subs":false,"_jetpack_newsletter_tier_id":0,"_jetpack_memberships_contains_paywalled_content":false,"_jetpack_memberships_contains_paid_content":false,"footnotes":""},"categories":[21,1169,995],"tags":[526],"class_list":["post-22767","post","type-post","status-publish","format-standard","has-post-thumbnail","hentry","category-michoacan","category-organizacion-autonoma-del-consejo-supremos-indigena-de-michoacan","category-resistencia-y-construccion-de-autonomia-de-las-comunidades-rurales-en-michoacan","tag-consejo-supremo-indigena-de-michoacan","entry"],"jetpack_featured_media_url":"http:\/\/www.grieta.org.mx\/wp-content\/uploads\/2018\/04\/2007065040_176c5cb37d_b.jpg","jetpack_sharing_enabled":true,"jetpack_shortlink":"https:\/\/wp.me\/p7ZJR4-5Vd","jetpack_likes_enabled":false,"jetpack-related-posts":[{"id":22776,"url":"http:\/\/www.grieta.org.mx\/index.php\/2018\/04\/24\/cheran-ratifica-al-ine-su-negativa-a-instalar-casillas-electorales\/","url_meta":{"origin":22767,"position":0},"title":"Cher\u00e1n ratifica al INE su negativa a instalar casillas electorales","author":"Admin","date":"24 abril, 2018","format":false,"excerpt":"POR FRANCISCO CASTELLANOS J. CHER\u00c1N, Mich. (apro).- El Consejo Mayor de esta comunidad, a trav\u00e9s de su presidente Pedro Ch\u00e1vez, ratific\u00f3 al Instituto Nacional Electoral (INE) su negativa a que se instalen casillas para votar por autoridades federales. Ch\u00e1vez S\u00e1nchez explic\u00f3 que, en d\u00edas pasados, recibi\u00f3 un documento del INE,\u2026","rel":"","context":"En &quot;CINTILLO&quot;","block_context":{"text":"CINTILLO","link":"http:\/\/www.grieta.org.mx\/index.php\/category\/cintillo\/"},"img":{"alt_text":"","src":"https:\/\/i0.wp.com\/www.grieta.org.mx\/wp-content\/uploads\/2018\/04\/pedro-chavez-1078x675.jpg?resize=350%2C200","width":350,"height":200,"srcset":"https:\/\/i0.wp.com\/www.grieta.org.mx\/wp-content\/uploads\/2018\/04\/pedro-chavez-1078x675.jpg?resize=350%2C200 1x, https:\/\/i0.wp.com\/www.grieta.org.mx\/wp-content\/uploads\/2018\/04\/pedro-chavez-1078x675.jpg?resize=525%2C300 1.5x, https:\/\/i0.wp.com\/www.grieta.org.mx\/wp-content\/uploads\/2018\/04\/pedro-chavez-1078x675.jpg?resize=700%2C400 2x, https:\/\/i0.wp.com\/www.grieta.org.mx\/wp-content\/uploads\/2018\/04\/pedro-chavez-1078x675.jpg?resize=1050%2C600 3x"},"classes":[]},{"id":22773,"url":"http:\/\/www.grieta.org.mx\/index.php\/2018\/04\/24\/consejo-supremo-indigena-de-michoacan-llama-al-autogobierno-por-division-provocada-por-partidos\/","url_meta":{"origin":22767,"position":1},"title":"Consejo Supremo Ind\u00edgena de Michoac\u00e1n llama al autogobierno por divisi\u00f3n provocada por partidos","author":"Admin","date":"24 abril, 2018","format":false,"excerpt":"Morelia, Michoac\u00e1n.- Por medio de un comunicado de prensa el Consejo Supremo Ind\u00edgena, conformado por m\u00e1s de 30 comunidades originarias que luchan por la autodeterminaci\u00f3n, el autogobierno y la autonom\u00eda, expresaron lo siguiente: Los pueblos originarios somos sujetos de derecho, sujetos hist\u00f3ricos y sujetos de conocimiento, mantenemos el derecho a\u2026","rel":"","context":"En &quot;CINTILLO&quot;","block_context":{"text":"CINTILLO","link":"http:\/\/www.grieta.org.mx\/index.php\/category\/cintillo\/"},"img":{"alt_text":"","src":"https:\/\/i0.wp.com\/www.grieta.org.mx\/wp-content\/uploads\/2018\/04\/Foto-Purepecha-MX-704x387.jpg?resize=350%2C200","width":350,"height":200,"srcset":"https:\/\/i0.wp.com\/www.grieta.org.mx\/wp-content\/uploads\/2018\/04\/Foto-Purepecha-MX-704x387.jpg?resize=350%2C200 1x, https:\/\/i0.wp.com\/www.grieta.org.mx\/wp-content\/uploads\/2018\/04\/Foto-Purepecha-MX-704x387.jpg?resize=525%2C300 1.5x, https:\/\/i0.wp.com\/www.grieta.org.mx\/wp-content\/uploads\/2018\/04\/Foto-Purepecha-MX-704x387.jpg?resize=700%2C400 2x"},"classes":[]},{"id":24029,"url":"http:\/\/www.grieta.org.mx\/index.php\/2018\/06\/28\/anuncia-csi-de-michoacan-toma-de-carreteras\/","url_meta":{"origin":22767,"position":2},"title":"Anuncia CSI de Michoac\u00e1n toma de carreteras","author":"grieta","date":"28 junio, 2018","format":false,"excerpt":"Ireri Pi\u00f1a\/ Contramuro Exigen un alto a la criminalizaci\u00f3n de las comunidades originarias Morelia, Michoac\u00e1n.- En defensa de la libre autodeterminaci\u00f3n de las comunidades originarias, as\u00ed como de sus derechos colectivos, el Consejo Supremo Ind\u00edgena de Michoac\u00e1n (CSIM), anuncia a trav\u00e9s de un comunicado, la toma de 5 carreteras federales\u2026","rel":"","context":"En &quot;CINTILLO&quot;","block_context":{"text":"CINTILLO","link":"http:\/\/www.grieta.org.mx\/index.php\/category\/cintillo\/"},"img":{"alt_text":"","src":"https:\/\/i0.wp.com\/www.grieta.org.mx\/wp-content\/uploads\/2018\/06\/CSIM.jpg?resize=350%2C200","width":350,"height":200,"srcset":"https:\/\/i0.wp.com\/www.grieta.org.mx\/wp-content\/uploads\/2018\/06\/CSIM.jpg?resize=350%2C200 1x, https:\/\/i0.wp.com\/www.grieta.org.mx\/wp-content\/uploads\/2018\/06\/CSIM.jpg?resize=525%2C300 1.5x"},"classes":[]},{"id":8868,"url":"http:\/\/www.grieta.org.mx\/index.php\/2016\/03\/19\/acusa-consejo-indigena-campana-de-criminalizacion-en-contra-de-comuneros\/","url_meta":{"origin":22767,"position":3},"title":"Acusa Consejo Ind\u00edgena campa\u00f1a de criminalizaci\u00f3n en contra de comuneros","author":"Admin","date":"19 marzo, 2016","format":false,"excerpt":"MORELIA, Mich., 19 de marzo de 2016.- A trav\u00e9s de una carta, el Consejo Supremo Ind\u00edgena de Michoac\u00e1n denunci\u00f3 una campa\u00f1a de criminalizaci\u00f3n en contra de algunos de sus integrantes y asesores, por lo que exigieron se frenen estas agresiones. A continuaci\u00f3n el texto \u00edntegro del documento: El Consejo Supremo\u2026","rel":"","context":"En &quot;CINTILLO&quot;","block_context":{"text":"CINTILLO","link":"http:\/\/www.grieta.org.mx\/index.php\/category\/cintillo\/"},"img":{"alt_text":"","src":"https:\/\/i0.wp.com\/www.grieta.org.mx\/wp-content\/uploads\/2018\/03\/14524434_1106112876131411_958039263622046936_o.jpg?resize=350%2C200","width":350,"height":200,"srcset":"https:\/\/i0.wp.com\/www.grieta.org.mx\/wp-content\/uploads\/2018\/03\/14524434_1106112876131411_958039263622046936_o.jpg?resize=350%2C200 1x, https:\/\/i0.wp.com\/www.grieta.org.mx\/wp-content\/uploads\/2018\/03\/14524434_1106112876131411_958039263622046936_o.jpg?resize=525%2C300 1.5x, https:\/\/i0.wp.com\/www.grieta.org.mx\/wp-content\/uploads\/2018\/03\/14524434_1106112876131411_958039263622046936_o.jpg?resize=700%2C400 2x"},"classes":[]},{"id":56568,"url":"http:\/\/www.grieta.org.mx\/index.php\/2021\/01\/18\/comunidades-defenderan-en-tribunales-la-no-instalacion-de-casillas-michoacan\/","url_meta":{"origin":22767,"position":4},"title":"Comunidades defender\u00e1n en tribunales la no instalaci\u00f3n de casillas  (Michoac\u00e1n)","author":"grieta","date":"18 enero, 2021","format":false,"excerpt":"Las poblaciones ind\u00edgenas de Arantepacua, San Felipe de los Herreros, Pichataro y Cher\u00e1n le notificaron al INE su negativa ante las presiones \u00d3scar Guerrero | El Sol de Morelia, 18 de enero de 2021 Morelia, Michoac\u00e1n-(OEM-Infomex).-Las comunidades ind\u00edgenas de Arantepacua, San Felipe de los Herreros, Pichataro y Cher\u00e1n le notificaron\u2026","rel":"","context":"En &quot;CINTILLO&quot;","block_context":{"text":"CINTILLO","link":"http:\/\/www.grieta.org.mx\/index.php\/category\/cintillo\/"},"img":{"alt_text":"","src":"https:\/\/i0.wp.com\/www.grieta.org.mx\/wp-content\/uploads\/2021\/01\/INE.jpg?resize=350%2C200","width":350,"height":200,"srcset":"https:\/\/i0.wp.com\/www.grieta.org.mx\/wp-content\/uploads\/2021\/01\/INE.jpg?resize=350%2C200 1x, https:\/\/i0.wp.com\/www.grieta.org.mx\/wp-content\/uploads\/2021\/01\/INE.jpg?resize=525%2C300 1.5x, https:\/\/i0.wp.com\/www.grieta.org.mx\/wp-content\/uploads\/2021\/01\/INE.jpg?resize=700%2C400 2x"},"classes":[]},{"id":43140,"url":"http:\/\/www.grieta.org.mx\/index.php\/2019\/12\/19\/consejo-supremo-indigena-se-une-al-congreso-nacional-indigena-michoacan\/","url_meta":{"origin":22767,"position":5},"title":"Consejo Supremo Ind\u00edgena se une al Congreso Nacional Ind\u00edgena (Michoac\u00e1n)","author":"grieta","date":"19 diciembre, 2019","format":false,"excerpt":"Por: Redacci\u00f3n Monitor Expreso. 19 de diciembre de 2019 M\u00e9xico.- El Consejo Supremo Ind\u00edgena de Michoac\u00e1n (CSIM), solicit\u00f3 su incorporaci\u00f3n formal al Congreso Nacional Ind\u00edgena (CNI). Manifestando en su misiva que fue una decisi\u00f3n de la Asamblea General de Autoridades de comunidades originarias entre las que se encuentran, Jefes de\u2026","rel":"","context":"En &quot;CINTILLO&quot;","block_context":{"text":"CINTILLO","link":"http:\/\/www.grieta.org.mx\/index.php\/category\/cintillo\/"},"img":{"alt_text":"","src":"https:\/\/i0.wp.com\/www.grieta.org.mx\/wp-content\/uploads\/2020\/01\/consejo-supremo-indigena.png?resize=350%2C200","width":350,"height":200,"srcset":"https:\/\/i0.wp.com\/www.grieta.org.mx\/wp-content\/uploads\/2020\/01\/consejo-supremo-indigena.png?resize=350%2C200 1x, https:\/\/i0.wp.com\/www.grieta.org.mx\/wp-content\/uploads\/2020\/01\/consejo-supremo-indigena.png?resize=525%2C300 1.5x, https:\/\/i0.wp.com\/www.grieta.org.mx\/wp-content\/uploads\/2020\/01\/consejo-supremo-indigena.png?resize=700%2C400 2x"},"classes":[]}],"_links":{"self":[{"href":"http:\/\/www.grieta.org.mx\/index.php\/wp-json\/wp\/v2\/posts\/22767","targetHints":{"allow":["GET"]}}],"collection":[{"href":"http:\/\/www.grieta.org.mx\/index.php\/wp-json\/wp\/v2\/posts"}],"about":[{"href":"http:\/\/www.grieta.org.mx\/index.php\/wp-json\/wp\/v2\/types\/post"}],"author":[{"embeddable":true,"href":"http:\/\/www.grieta.org.mx\/index.php\/wp-json\/wp\/v2\/users\/1"}],"replies":[{"embeddable":true,"href":"http:\/\/www.grieta.org.mx\/index.php\/wp-json\/wp\/v2\/comments?post=22767"}],"version-history":[{"count":1,"href":"http:\/\/www.grieta.org.mx\/index.php\/wp-json\/wp\/v2\/posts\/22767\/revisions"}],"predecessor-version":[{"id":22769,"href":"http:\/\/www.grieta.org.mx\/index.php\/wp-json\/wp\/v2\/posts\/22767\/revisions\/22769"}],"wp:featuredmedia":[{"embeddable":true,"href":"http:\/\/www.grieta.org.mx\/index.php\/wp-json\/wp\/v2\/media\/22768"}],"wp:attachment":[{"href":"http:\/\/www.grieta.org.mx\/index.php\/wp-json\/wp\/v2\/media?parent=22767"}],"wp:term":[{"taxonomy":"category","embeddable":true,"href":"http:\/\/www.grieta.org.mx\/index.php\/wp-json\/wp\/v2\/categories?post=22767"},{"taxonomy":"post_tag","embeddable":true,"href":"http:\/\/www.grieta.org.mx\/index.php\/wp-json\/wp\/v2\/tags?post=22767"}],"curies":[{"name":"wp","href":"https:\/\/api.w.org\/{rel}","templated":true}]}}