{"id":22527,"date":"2018-04-06T11:34:55","date_gmt":"2018-04-06T16:34:55","guid":{"rendered":"http:\/\/www.grieta.org.mx\/?p=22527"},"modified":"2018-04-12T13:21:05","modified_gmt":"2018-04-12T18:21:05","slug":"ssp-cdmx-sembro-arma-a-testigo-del-asesinato-de-estudiantes-acusan-autoridades-de-la-uacm","status":"publish","type":"post","link":"http:\/\/www.grieta.org.mx\/index.php\/2018\/04\/06\/ssp-cdmx-sembro-arma-a-testigo-del-asesinato-de-estudiantes-acusan-autoridades-de-la-uacm\/","title":{"rendered":"SSP-CDMX sembr\u00f3 arma a testigo del asesinato de estudiantes, acusan autoridades de la UACM"},"content":{"rendered":"<p><img decoding=\"async\" data-attachment-id=\"22528\" data-permalink=\"http:\/\/www.grieta.org.mx\/index.php\/2018\/04\/06\/ssp-cdmx-sembro-arma-a-testigo-del-asesinato-de-estudiantes-acusan-autoridades-de-la-uacm\/907f73aad9c2f039d7-180406-_hugo_aboites-rp_5-c-1078x808\/\" data-orig-file=\"http:\/\/www.grieta.org.mx\/wp-content\/uploads\/2018\/04\/907f73aad9c2f039d7-180406-_hugo_aboites-rp_5-c-1078x808.jpg\" data-orig-size=\"1078,808\" data-comments-opened=\"0\" data-image-meta=\"{&quot;aperture&quot;:&quot;0&quot;,&quot;credit&quot;:&quot;&quot;,&quot;camera&quot;:&quot;&quot;,&quot;caption&quot;:&quot;&quot;,&quot;created_timestamp&quot;:&quot;0&quot;,&quot;copyright&quot;:&quot;&quot;,&quot;focal_length&quot;:&quot;0&quot;,&quot;iso&quot;:&quot;0&quot;,&quot;shutter_speed&quot;:&quot;0&quot;,&quot;title&quot;:&quot;&quot;,&quot;orientation&quot;:&quot;0&quot;}\" data-image-title=\"907f73aad9c2f039d7-180406-_hugo_aboites-rp_5-c-1078&amp;#215;808\" data-image-description=\"\" data-image-caption=\"\" data-medium-file=\"http:\/\/www.grieta.org.mx\/wp-content\/uploads\/2018\/04\/907f73aad9c2f039d7-180406-_hugo_aboites-rp_5-c-1078x808-300x225.jpg\" data-large-file=\"http:\/\/www.grieta.org.mx\/wp-content\/uploads\/2018\/04\/907f73aad9c2f039d7-180406-_hugo_aboites-rp_5-c-1078x808-1024x768.jpg\" src=\"http:\/\/www.grieta.org.mx\/wp-content\/uploads\/2018\/04\/907f73aad9c2f039d7-180406-_hugo_aboites-rp_5-c-1078x808.jpg\" alt=\"\" width=\"100%\" class=\"aligncenter size-full wp-image-22528\" srcset=\"http:\/\/www.grieta.org.mx\/wp-content\/uploads\/2018\/04\/907f73aad9c2f039d7-180406-_hugo_aboites-rp_5-c-1078x808.jpg 1078w, http:\/\/www.grieta.org.mx\/wp-content\/uploads\/2018\/04\/907f73aad9c2f039d7-180406-_hugo_aboites-rp_5-c-1078x808-300x225.jpg 300w, http:\/\/www.grieta.org.mx\/wp-content\/uploads\/2018\/04\/907f73aad9c2f039d7-180406-_hugo_aboites-rp_5-c-1078x808-768x576.jpg 768w, http:\/\/www.grieta.org.mx\/wp-content\/uploads\/2018\/04\/907f73aad9c2f039d7-180406-_hugo_aboites-rp_5-c-1078x808-1024x768.jpg 1024w, http:\/\/www.grieta.org.mx\/wp-content\/uploads\/2018\/04\/907f73aad9c2f039d7-180406-_hugo_aboites-rp_5-c-1078x808-667x500.jpg 667w\" sizes=\"(max-width: 1078px) 100vw, 1078px\" \/><\/p>\n<p>Areli Villalobos<\/p>\n<blockquote><p>CIUDAD DE M\u00c9XICO (apro).- Elementos de la Secretar\u00eda de Seguridad P\u00fablica capitalina (SSP-CDMX) sembraron un arma de fuego al \u00fanico testigo directo del asesinato de tres estudiantes de la Universidad Aut\u00f3noma de la Ciudad de M\u00e9xico (UACM) el pasado martes 3, denunciaron el rector, Hugo Aboites, y el su abogado general, Alfredo Dom\u00ednguez.<\/p><\/blockquote>\n<p>En conferencia de prensa esta ma\u00f1ana, las autoridades universitarias denunciaron que, en una primera acci\u00f3n, los polic\u00edas capitalinos criminalizaron a los j\u00f3venes que fueron atacados con armas de fuego; incluso, les aplicaron ex\u00e1menes toxicol\u00f3gicos que resultaron negativos.<\/p>\n<p>Aboites asegur\u00f3 que \u201ces muy claro\u201d que los j\u00f3venes estaban desarmados. Dom\u00ednguez a\u00f1adi\u00f3 que, de acuerdo con la versi\u00f3n del estudiante detenido, fueron los mismos elementos policiales los que le \u201csembraron\u201d el arma cuando lo trasladaron a la agencia del Ministerio P\u00fablico de la Fiscal\u00eda Desconcertada de Investigaci\u00f3n de la delegaci\u00f3n Gustavo A. Madero para declarar.<\/p>\n<p>La noche del pasado martes, cuatro personas fueron baleadas en la colonia Unidad Habitacional El Arbolillo Uno, delegaci\u00f3n Gustavo A. Madero. La PGJ inform\u00f3 en un comunicado que en el lugar de los hechos fallecieron dos de los agredidos, de 25 y 27 a\u00f1os, y dos m\u00e1s, de 27 y 32 a\u00f1os, fueron trasladados a diferentes hospitales, donde el primero de ellos muri\u00f3 horas despu\u00e9s.<\/p>\n<p>El otro estudiante, seg\u00fan dijo la dependencia, se escondi\u00f3 para salvaguardar su integridad f\u00edsica. Luego, fue presentado junto con un arma de fuego ante el agente del Ministerio P\u00fablico de la Fiscal\u00eda Desconcentrada de Investigaci\u00f3n en Gustavo A. Madero.<\/p>\n<p>Este viernes, el abogado general de la UACM, explic\u00f3 que seg\u00fan la declaraci\u00f3n del estudiante detenido y el padre de una de las v\u00edctimas pidieron auxilio telef\u00f3nico tras los disparos. El joven ofreci\u00f3 ser testigo de los hechos. Incluso, subi\u00f3 a la patrulla de manera voluntaria, pero al llegar al Ministerio P\u00fablico, la polic\u00eda lo present\u00f3 como presunto responsable.<\/p>\n<p>\u201cEs una pr\u00e1ctica que no es desconocida en este tipo de incidentes y en la que en este caso los polic\u00edas ser\u00edan responsables. Resulta preocupante que la primera reacci\u00f3n policiaca sea la de buscar culpables y tratar de criminalizar a las propias v\u00edctimas\u201d, reproch\u00f3 el rector.<\/p>\n<p>Por las acciones de los polic\u00edas, seg\u00fan informaron las autoridades de la UACM, la familia del joven -quien ya fue liberado- presentar\u00e1 una queja ante la Comisi\u00f3n de Derechos Humanos de la Ciudad de M\u00e9xico (CDHDF) y ante la Procuradur\u00eda General de Justicia capitalina (PGJ-CDMX).<\/p>\n<p>Convocan a frente contra la violencia<\/p>\n<p>Durante la conferencia, en la que estuvieron presentes alumnos uacemitas de diferentes plantes, Hugo Aboites llam\u00f3 a las autoridades de las universidad p\u00fablicas y privadas de la capital a formar un frente com\u00fan contra la \u201cola de violencia en la ciudad\u201d, que ya afecta a diversas instituciones de educaci\u00f3n superior.<\/p>\n<p>\u201cEl problema de seguridad rebasa los mismos programas que hemos establecido con el gobierno de la ciudad y demanda una acci\u00f3n m\u00e1s amplia. La coordinaci\u00f3n de las universidades es fundamental, tratar de crear un frente respecto a las situaciones de violencia. Juntos podemos hacer much\u00edsimo en t\u00e9rminos de tener una presencia pol\u00edtica frente a las autoridades de la ciudad\u201d, dijo.<\/p>\n<p>Un grupo de universitarios presentes calific\u00f3 de \u201cinsuficientes\u201d las medidas de la UACM para resguardar a sus alumnos.<\/p>\n<p>Ante ese se\u00f1alamiento, el rector respondi\u00f3 que los coordinadores de los planteles San Lorenzo Tezonco y Centro Hist\u00f3rico tienen reuniones peri\u00f3dicas y de comunicaci\u00f3n con las autoridades para que existan anillos de seguridad en torno a los planteles, fomenten el programa \u201cSendero seguro\u201d y proporcionen m\u00e1s unidades de transporte p\u00fablico que acerquen a los estudiantes al Sistema de Trasporte Colectivo Metro.<\/p>\n<p>Despu\u00e9s de la conferencia, un grupo de estudiantes march\u00f3 a las instalaciones de la PGJ-CDMX para pedir el esclarecimiento del caso.<\/p>\n<p><a href=\"https:\/\/www.proceso.com.mx\/528895\/ssp-cdmx-sembro-arma-a-testigo-del-asesinato-de-estudiantes-acusan-autoridades-de-la-uacm\">https:\/\/www.proceso.com.mx\/528895\/ssp-cdmx-sembro-arma-a-testigo-del-asesinato-de-estudiantes-acusan-autoridades-de-la-uacm<\/a><\/p>\n","protected":false},"excerpt":{"rendered":"<p>Areli Villalobos CIUDAD DE M\u00c9XICO (apro).- Elementos de la Secretar\u00eda de Seguridad P\u00fablica capitalina (SSP-CDMX) sembraron un arma de fuego al \u00fanico testigo directo del asesinato de tres estudiantes de &hellip; <a href=\"http:\/\/www.grieta.org.mx\/index.php\/2018\/04\/06\/ssp-cdmx-sembro-arma-a-testigo-del-asesinato-de-estudiantes-acusan-autoridades-de-la-uacm\/\" class=\"more-link\">Leer m\u00e1s<\/a><\/p>\n","protected":false},"author":2,"featured_media":22528,"comment_status":"closed","ping_status":"closed","sticky":false,"template":"","format":"standard","meta":{"ngg_post_thumbnail":0,"_jetpack_newsletter_access":"","_jetpack_dont_email_post_to_subs":false,"_jetpack_newsletter_tier_id":0,"_jetpack_memberships_contains_paywalled_content":false,"_jetpack_memberships_contains_paid_content":false,"footnotes":""},"categories":[80,14,1138,2],"tags":[1155,618],"class_list":["post-22527","post","type-post","status-publish","format-standard","has-post-thumbnail","hentry","category-cintillo","category-ciudad-de-mexico","category-incremento-de-la-violencia-en-la-ciudad-de-mexico","category-noticias-nacionales","tag-estudiantes-asesinados","tag-uacm","entry"],"jetpack_featured_media_url":"http:\/\/www.grieta.org.mx\/wp-content\/uploads\/2018\/04\/907f73aad9c2f039d7-180406-_hugo_aboites-rp_5-c-1078x808.jpg","jetpack_sharing_enabled":true,"jetpack_shortlink":"https:\/\/wp.me\/p7ZJR4-5Rl","jetpack_likes_enabled":false,"jetpack-related-posts":[{"id":22471,"url":"http:\/\/www.grieta.org.mx\/index.php\/2018\/04\/04\/asesinan-a-tres-estudiantes-de-la-uacm\/","url_meta":{"origin":22527,"position":0},"title":"Asesinan a tres estudiantes de la UACM (Ciudad de M\u00e9xico)","author":"grieta","date":"4 abril, 2018","format":false,"excerpt":"Ciudad de M\u00e9xico, 4 de abril del 2018.- A trav\u00e9s de un comunicado la Rector\u00eda de la Universidad Aut\u00f3noma de la Ciudad de M\u00e9xico (UACM), lament\u00f3 el asesinato de tres estudiantes de la carrera de Ciencia Pol\u00edtica y Administraci\u00f3n Urbana de esta casa de estudios y las graves lesiones que\u2026","rel":"","context":"En &quot;CINTILLO&quot;","block_context":{"text":"CINTILLO","link":"http:\/\/www.grieta.org.mx\/index.php\/category\/cintillo\/"},"img":{"alt_text":"","src":"https:\/\/i0.wp.com\/www.grieta.org.mx\/wp-content\/uploads\/2018\/04\/2_4.jpg?resize=350%2C200","width":350,"height":200,"srcset":"https:\/\/i0.wp.com\/www.grieta.org.mx\/wp-content\/uploads\/2018\/04\/2_4.jpg?resize=350%2C200 1x, https:\/\/i0.wp.com\/www.grieta.org.mx\/wp-content\/uploads\/2018\/04\/2_4.jpg?resize=525%2C300 1.5x, https:\/\/i0.wp.com\/www.grieta.org.mx\/wp-content\/uploads\/2018\/04\/2_4.jpg?resize=700%2C400 2x"},"classes":[]},{"id":27537,"url":"http:\/\/www.grieta.org.mx\/index.php\/2018\/11\/08\/asesinan-a-estudiante-de-la-uacm-cuando-regresaba-a-su-casa-ciudad-de-mexico\/","url_meta":{"origin":22527,"position":1},"title":"Asesinan a estudiante de la UACM cuando regresaba a su casa (Ciudad de M\u00e9xico)","author":"grieta","date":"8 noviembre, 2018","format":false,"excerpt":"Redacci\u00f3n\/somoselmedio CDMX, 7 de noviembre del 2018.- C\u00e9sar Ram\u00edrez M\u00e9ndez, estudiante de la carrera de Ingenier\u00eda en Sistemas Electr\u00f3nicos del plantel San Lorenzo Tezonco de la Universidad Aut\u00f3noma de la Ciudad de M\u00e9xico (UACM), fue asesinado esta tarde cuando regresaba a su domicilio. Seg\u00fan testigos, alrededor de las 18:30 horas,\u2026","rel":"","context":"En &quot;CINTILLO&quot;","block_context":{"text":"CINTILLO","link":"http:\/\/www.grieta.org.mx\/index.php\/category\/cintillo\/"},"img":{"alt_text":"","src":"https:\/\/i0.wp.com\/www.grieta.org.mx\/wp-content\/uploads\/2018\/11\/45669365_2384718958211478_6895292358452051968_n-696x522.jpg?resize=350%2C200","width":350,"height":200,"srcset":"https:\/\/i0.wp.com\/www.grieta.org.mx\/wp-content\/uploads\/2018\/11\/45669365_2384718958211478_6895292358452051968_n-696x522.jpg?resize=350%2C200 1x, https:\/\/i0.wp.com\/www.grieta.org.mx\/wp-content\/uploads\/2018\/11\/45669365_2384718958211478_6895292358452051968_n-696x522.jpg?resize=525%2C300 1.5x"},"classes":[]},{"id":27532,"url":"http:\/\/www.grieta.org.mx\/index.php\/2018\/11\/08\/estudiantes-de-la-uacm-marchan-a-la-alcaldia-de-iztapalapa-en-protesta-por-el-asesinato-de-companero\/","url_meta":{"origin":22527,"position":2},"title":"Estudiantes de la UACM marchan a la Alcald\u00eda de Iztapalapa en protesta por el asesinato de compa\u00f1ero","author":"grieta","date":"8 noviembre, 2018","format":false,"excerpt":"Redacci\u00f3n\/somoselmedio CDMX, 8 de noviembre 2018.- M\u00e1s de 500 estudiantes, acad\u00e9micos y trabajadores de la Universidad Aut\u00f3noma de la Ciudad de M\u00e9xico (UACM) marchan rumbo a la Alcald\u00eda de Iztapalapa, en protesta por el clima de violencia e inseguridad, el cual cobr\u00f3 su m\u00e1s reciente v\u00edctima en la persona de\u2026","rel":"","context":"En &quot;CINTILLO&quot;","block_context":{"text":"CINTILLO","link":"http:\/\/www.grieta.org.mx\/index.php\/category\/cintillo\/"},"img":{"alt_text":"","src":"https:\/\/i0.wp.com\/www.grieta.org.mx\/wp-content\/uploads\/2018\/11\/UACM-696x456.jpg?resize=350%2C200","width":350,"height":200,"srcset":"https:\/\/i0.wp.com\/www.grieta.org.mx\/wp-content\/uploads\/2018\/11\/UACM-696x456.jpg?resize=350%2C200 1x, https:\/\/i0.wp.com\/www.grieta.org.mx\/wp-content\/uploads\/2018\/11\/UACM-696x456.jpg?resize=525%2C300 1.5x"},"classes":[]},{"id":28338,"url":"http:\/\/www.grieta.org.mx\/index.php\/2019\/01\/11\/comunidad-universitaria-condena-el-feminicidio-de-leslye-leticia-hernandez-moreno-estudiante-de-la-uacm-ciudad-de-mexico\/","url_meta":{"origin":22527,"position":3},"title":"Comunidad universitaria condena el feminicidio de Leslye Leticia Hern\u00e1ndez Moreno, estudiante de la UACM (Ciudad de M\u00e9xico)","author":"grieta","date":"11 enero, 2019","format":false,"excerpt":"Redacci\u00f3n\/somoselmedio Ciudad de M\u00e9xico, 11 de enero de 2019.- Tras dos meses y un d\u00eda de ser reportada su desaparici\u00f3n, este jueves fue localizado el cuerpo sin vida de Leslye Leticia Hern\u00e1ndez Moreno, estudiante de la Universidad Aut\u00f3noma de la Ciudad de M\u00e9xico (UACM), en una zona pantanosa en la\u2026","rel":"","context":"En &quot;CINTILLO&quot;","block_context":{"text":"CINTILLO","link":"http:\/\/www.grieta.org.mx\/index.php\/category\/cintillo\/"},"img":{"alt_text":"","src":"https:\/\/i0.wp.com\/www.grieta.org.mx\/wp-content\/uploads\/2019\/01\/1-1.jpg?resize=350%2C200","width":350,"height":200,"srcset":"https:\/\/i0.wp.com\/www.grieta.org.mx\/wp-content\/uploads\/2019\/01\/1-1.jpg?resize=350%2C200 1x, https:\/\/i0.wp.com\/www.grieta.org.mx\/wp-content\/uploads\/2019\/01\/1-1.jpg?resize=525%2C300 1.5x, https:\/\/i0.wp.com\/www.grieta.org.mx\/wp-content\/uploads\/2019\/01\/1-1.jpg?resize=700%2C400 2x, https:\/\/i0.wp.com\/www.grieta.org.mx\/wp-content\/uploads\/2019\/01\/1-1.jpg?resize=1050%2C600 3x"},"classes":[]},{"id":25295,"url":"http:\/\/www.grieta.org.mx\/index.php\/2018\/07\/30\/comunidad-universitaria-de-la-uacm-exige-dar-con-los-responsables-del-feminicidio-de-nancy-lara\/","url_meta":{"origin":22527,"position":4},"title":"Comunidad universitaria de la UACM exige dar con los responsables del feminicidio de Nancy Lara","author":"grieta","date":"30 julio, 2018","format":false,"excerpt":"somoselmedio A trav\u00e9s de una carta dirigida a la Procuradur\u00eda General de Justicia de la Ciudad de M\u00e9xico, y a la Fiscal\u00eda General de Justicia del Estado de M\u00e9xico, la comunidad de la Universidad Aut\u00f3noma de la Ciudad de M\u00e9xico (UACM), exigi\u00f3 se realice todas las investigaciones necesarias para dar\u2026","rel":"","context":"En &quot;CINTILLO&quot;","block_context":{"text":"CINTILLO","link":"http:\/\/www.grieta.org.mx\/index.php\/category\/cintillo\/"},"img":{"alt_text":"","src":"https:\/\/i0.wp.com\/www.grieta.org.mx\/wp-content\/uploads\/2018\/08\/37718556_2015892805099617_5829932635576598528_n-696x392.jpg?resize=350%2C200","width":350,"height":200,"srcset":"https:\/\/i0.wp.com\/www.grieta.org.mx\/wp-content\/uploads\/2018\/08\/37718556_2015892805099617_5829932635576598528_n-696x392.jpg?resize=350%2C200 1x, https:\/\/i0.wp.com\/www.grieta.org.mx\/wp-content\/uploads\/2018\/08\/37718556_2015892805099617_5829932635576598528_n-696x392.jpg?resize=525%2C300 1.5x"},"classes":[]},{"id":25305,"url":"http:\/\/www.grieta.org.mx\/index.php\/2018\/07\/23\/nancy-estudiante-de-la-uacm-desaparecio-el-viernes-en-el-edomex-hoy-la-hallaron-muerta\/","url_meta":{"origin":22527,"position":5},"title":"Nancy, estudiante de la UACM, desapareci\u00f3 el viernes en el Edomex. Hoy la hallaron muerta","author":"grieta","date":"23 julio, 2018","format":false,"excerpt":"SinEmbargo Viernes 20 de julio, Estado de M\u00e9xico. Nancy Lara, estudiante de la Universidad Aut\u00f3noma de la Ciudad de M\u00e9xico (UACM), es vista por \u00faltima vez en una base de taxis. Menos de tres d\u00edas despu\u00e9s, la madrugada de este lunes, la joven de 25 a\u00f1os fue hallada muerta. A\u00fan\u2026","rel":"","context":"En &quot;CINTILLO&quot;","block_context":{"text":"CINTILLO","link":"http:\/\/www.grieta.org.mx\/index.php\/category\/cintillo\/"},"img":{"alt_text":"","src":"https:\/\/i0.wp.com\/www.grieta.org.mx\/wp-content\/uploads\/2018\/08\/37671767_10156462141753744_8297234593707196416_n.jpg?resize=350%2C200","width":350,"height":200,"srcset":"https:\/\/i0.wp.com\/www.grieta.org.mx\/wp-content\/uploads\/2018\/08\/37671767_10156462141753744_8297234593707196416_n.jpg?resize=350%2C200 1x, https:\/\/i0.wp.com\/www.grieta.org.mx\/wp-content\/uploads\/2018\/08\/37671767_10156462141753744_8297234593707196416_n.jpg?resize=525%2C300 1.5x, https:\/\/i0.wp.com\/www.grieta.org.mx\/wp-content\/uploads\/2018\/08\/37671767_10156462141753744_8297234593707196416_n.jpg?resize=700%2C400 2x, https:\/\/i0.wp.com\/www.grieta.org.mx\/wp-content\/uploads\/2018\/08\/37671767_10156462141753744_8297234593707196416_n.jpg?resize=1050%2C600 3x"},"classes":[]}],"_links":{"self":[{"href":"http:\/\/www.grieta.org.mx\/index.php\/wp-json\/wp\/v2\/posts\/22527","targetHints":{"allow":["GET"]}}],"collection":[{"href":"http:\/\/www.grieta.org.mx\/index.php\/wp-json\/wp\/v2\/posts"}],"about":[{"href":"http:\/\/www.grieta.org.mx\/index.php\/wp-json\/wp\/v2\/types\/post"}],"author":[{"embeddable":true,"href":"http:\/\/www.grieta.org.mx\/index.php\/wp-json\/wp\/v2\/users\/2"}],"replies":[{"embeddable":true,"href":"http:\/\/www.grieta.org.mx\/index.php\/wp-json\/wp\/v2\/comments?post=22527"}],"version-history":[{"count":1,"href":"http:\/\/www.grieta.org.mx\/index.php\/wp-json\/wp\/v2\/posts\/22527\/revisions"}],"predecessor-version":[{"id":22537,"href":"http:\/\/www.grieta.org.mx\/index.php\/wp-json\/wp\/v2\/posts\/22527\/revisions\/22537"}],"wp:featuredmedia":[{"embeddable":true,"href":"http:\/\/www.grieta.org.mx\/index.php\/wp-json\/wp\/v2\/media\/22528"}],"wp:attachment":[{"href":"http:\/\/www.grieta.org.mx\/index.php\/wp-json\/wp\/v2\/media?parent=22527"}],"wp:term":[{"taxonomy":"category","embeddable":true,"href":"http:\/\/www.grieta.org.mx\/index.php\/wp-json\/wp\/v2\/categories?post=22527"},{"taxonomy":"post_tag","embeddable":true,"href":"http:\/\/www.grieta.org.mx\/index.php\/wp-json\/wp\/v2\/tags?post=22527"}],"curies":[{"name":"wp","href":"https:\/\/api.w.org\/{rel}","templated":true}]}}