{"id":22522,"date":"2018-04-03T11:19:43","date_gmt":"2018-04-03T16:19:43","guid":{"rendered":"http:\/\/www.grieta.org.mx\/?p=22522"},"modified":"2018-07-19T08:06:24","modified_gmt":"2018-07-19T13:06:24","slug":"toman-sindicalizados-la-alcaldia-de-trancoso-zacatecas","status":"publish","type":"post","link":"http:\/\/www.grieta.org.mx\/index.php\/2018\/04\/03\/toman-sindicalizados-la-alcaldia-de-trancoso-zacatecas\/","title":{"rendered":"Toman sindicalizados la alcald\u00eda de Trancoso (Zacatecas)"},"content":{"rendered":"<p>Juan Castro\/El Sol de Zacatecas<\/p>\n<p><img decoding=\"async\" data-attachment-id=\"22523\" data-permalink=\"http:\/\/www.grieta.org.mx\/index.php\/2018\/04\/03\/toman-sindicalizados-la-alcaldia-de-trancoso-zacatecas\/z1-2\/\" data-orig-file=\"http:\/\/www.grieta.org.mx\/wp-content\/uploads\/2018\/04\/z1.jpg\" data-orig-size=\"768,479\" data-comments-opened=\"0\" data-image-meta=\"{&quot;aperture&quot;:&quot;0&quot;,&quot;credit&quot;:&quot;&quot;,&quot;camera&quot;:&quot;&quot;,&quot;caption&quot;:&quot;&quot;,&quot;created_timestamp&quot;:&quot;0&quot;,&quot;copyright&quot;:&quot;&quot;,&quot;focal_length&quot;:&quot;0&quot;,&quot;iso&quot;:&quot;0&quot;,&quot;shutter_speed&quot;:&quot;0&quot;,&quot;title&quot;:&quot;&quot;,&quot;orientation&quot;:&quot;0&quot;}\" data-image-title=\"z1\" data-image-description=\"\" data-image-caption=\"\" data-medium-file=\"http:\/\/www.grieta.org.mx\/wp-content\/uploads\/2018\/04\/z1-300x187.jpg\" data-large-file=\"http:\/\/www.grieta.org.mx\/wp-content\/uploads\/2018\/04\/z1.jpg\" src=\"http:\/\/www.grieta.org.mx\/wp-content\/uploads\/2018\/04\/z1.jpg\" alt=\"\" width=\"100\" \" class=\"aligncenter size-full wp-image-22523\" srcset=\"http:\/\/www.grieta.org.mx\/wp-content\/uploads\/2018\/04\/z1.jpg 768w, http:\/\/www.grieta.org.mx\/wp-content\/uploads\/2018\/04\/z1-300x187.jpg 300w\" sizes=\"(max-width: 768px) 100vw, 768px\" \/><\/p>\n<p>Trancoso, Zac.- Trabajadores sindicalizados del SUTSEMOP en el Municipio de Trancoso pararon labores en protesta por la falta de pago de la segunda quincena del mes de marzo y de prestaciones econ\u00f3micas adeudadas del a\u00f1o pasado; la acci\u00f3n no interrumpi\u00f3 la atenci\u00f3n a los ciudadanos que acudieron al Palacio Municipal.<\/p>\n<p>La protesta inici\u00f3 alrededor de las 09:00 horas de este martes en el patio central de la Presidencia, en el lugar se reunieron personal sindicalizado de las distintas \u00e1reas del H. Ayuntamiento de Trancoso.<\/p>\n<p>El paro se realiz\u00f3 porque es la cuarta ocasi\u00f3n, en lo que va del a\u00f1o, que se ha retenido de manera indebida el pago a los 68 sindicalizados, as\u00ed mismo no se han cubierto las prestaciones tales como: bono de despensa, treintaiunavo d\u00edas, bono navide\u00f1o, d\u00edas econ\u00f3micos no laborados, prima vacacional del segundo periodo del a\u00f1o 2017, seguro de vida, bono de aniversario del sindicato.<\/p>\n<p>El Delegado Municipal Carlos Alberto Cuevas Noriega, indic\u00f3 &#8220;que los trabajadores viven al d\u00eda y est\u00e1n haciendo lo que pueden, piden prestado, piden fiado pero ya llegaron al l\u00edmite\u201d.<\/p>\n<p>La Presidenta Municipal Interina, Laura Alicia Hern\u00e1ndez Cordero, y la Tesorera, Mar\u00eda de Jes\u00fas Estrada Moreno, se comprometieron a realizar ma\u00f1ana mi\u00e9rcoles, antes de las 15:30 horas el pago correspondiente a la quincena en menci\u00f3n, sobre el resto de las prestaciones acordaron establecer para el d\u00eda de ma\u00f1ana mi\u00e9rcoles una mesa de trabajo, donde establecer\u00e1n un cronograma de pago para el resto de las prestaciones pendientes para ser analizada en asamblea extraordinaria de la Delegaci\u00f3n Municipal.<\/p>\n<p><a href=\"https:\/\/www.elsoldezacatecas.com.mx\/finanzas\/toman-sindicalizados-la-alcaldia-de-trancoso-1586467.html\" rel=\"noopener\" target=\"_blank\">https:\/\/www.elsoldezacatecas.com.mx\/finanzas\/toman-sindicalizados-la-alcaldia-de-trancoso-1586467.html<\/a><\/p>\n","protected":false},"excerpt":{"rendered":"<p>Juan Castro\/El Sol de Zacatecas<\/p>\n","protected":false},"author":2,"featured_media":22523,"comment_status":"closed","ping_status":"closed","sticky":false,"template":"","format":"standard","meta":{"ngg_post_thumbnail":0,"_jetpack_newsletter_access":"","_jetpack_dont_email_post_to_subs":false,"_jetpack_newsletter_tier_id":0,"_jetpack_memberships_contains_paywalled_content":false,"_jetpack_memberships_contains_paid_content":false,"footnotes":""},"categories":[80,910,1109,83,76],"tags":[113,378],"class_list":["post-22522","post","type-post","status-publish","format-standard","has-post-thumbnail","hentry","category-cintillo","category-explotacion-y-precariedad-laboral","category-explotacion-y-precariedad-laboral-zacatecas","category-temas-nacionales","category-zacatecas","tag-conflictos-laborales","tag-sindicatos","entry"],"jetpack_featured_media_url":"http:\/\/www.grieta.org.mx\/wp-content\/uploads\/2018\/04\/z1.jpg","jetpack_sharing_enabled":true,"jetpack_shortlink":"https:\/\/wp.me\/p7ZJR4-5Rg","jetpack_likes_enabled":false,"jetpack-related-posts":[{"id":29466,"url":"http:\/\/www.grieta.org.mx\/index.php\/2019\/02\/20\/denuncian-despidos-injustificados-zacatecas\/","url_meta":{"origin":22522,"position":0},"title":"Denuncian despidos injustificados (Zacatecas)","author":"grieta","date":"20 febrero, 2019","format":false,"excerpt":"ALEJANDRO CASTA\u00d1EDA | NTRZACATECAS.COM. Zacatecas.- Ex trabajadores del Sistema Nacional del Empleo (SNE) delegaci\u00f3n Zacatecas denunciaron que aproximadamente 40 personas han sido despedidas injustificadamente por la dependencia y 20 m\u00e1s est\u00e1n en riesgo de ser removidos. Rogelio Alv\u00e1rez, quien trabaj\u00f3 durante 22 a\u00f1os en el SNE, asegur\u00f3 que los despidos\u2026","rel":"","context":"En &quot;CINTILLO&quot;","block_context":{"text":"CINTILLO","link":"http:\/\/www.grieta.org.mx\/index.php\/category\/cintillo\/"},"img":{"alt_text":"","src":"https:\/\/i0.wp.com\/www.grieta.org.mx\/wp-content\/uploads\/2019\/02\/whatsapp-image-2019-02-20-at-13.25.25.jpeg?resize=350%2C200","width":350,"height":200,"srcset":"https:\/\/i0.wp.com\/www.grieta.org.mx\/wp-content\/uploads\/2019\/02\/whatsapp-image-2019-02-20-at-13.25.25.jpeg?resize=350%2C200 1x, https:\/\/i0.wp.com\/www.grieta.org.mx\/wp-content\/uploads\/2019\/02\/whatsapp-image-2019-02-20-at-13.25.25.jpeg?resize=525%2C300 1.5x, https:\/\/i0.wp.com\/www.grieta.org.mx\/wp-content\/uploads\/2019\/02\/whatsapp-image-2019-02-20-at-13.25.25.jpeg?resize=700%2C400 2x, https:\/\/i0.wp.com\/www.grieta.org.mx\/wp-content\/uploads\/2019\/02\/whatsapp-image-2019-02-20-at-13.25.25.jpeg?resize=1050%2C600 3x"},"classes":[]},{"id":1397,"url":"http:\/\/www.grieta.org.mx\/index.php\/2015\/01\/31\/dejan-zacatecas-200-mineras-en-dos-anos-miles-pierden-empleo\/","url_meta":{"origin":22522,"position":1},"title":"Dejan Zacatecas 200 mineras en dos a\u00f1os; miles pierden empleo","author":"grieta","date":"31 enero, 2015","format":false,"excerpt":"La Jornada \/ Zacatecas, Zac. 31\/01\/2015 Alrededor de 200 empresas mineras asentadas en Zacatecas han abandonado trabajos de proyecci\u00f3n, exploraci\u00f3n y labores extractivas durante los dos a\u00f1os recientes por causas atribuibles a la ca\u00edda en los precios internacionales de los metales preciosos y por los impuestos que el Congreso de\u2026","rel":"","context":"En &quot;CINTILLO&quot;","block_context":{"text":"CINTILLO","link":"http:\/\/www.grieta.org.mx\/index.php\/category\/cintillo\/"},"img":{"alt_text":"","src":"https:\/\/i0.wp.com\/www.grieta.org.mx\/wp-content\/uploads\/2018\/03\/14524434_1106112876131411_958039263622046936_o.jpg?resize=350%2C200","width":350,"height":200,"srcset":"https:\/\/i0.wp.com\/www.grieta.org.mx\/wp-content\/uploads\/2018\/03\/14524434_1106112876131411_958039263622046936_o.jpg?resize=350%2C200 1x, https:\/\/i0.wp.com\/www.grieta.org.mx\/wp-content\/uploads\/2018\/03\/14524434_1106112876131411_958039263622046936_o.jpg?resize=525%2C300 1.5x, https:\/\/i0.wp.com\/www.grieta.org.mx\/wp-content\/uploads\/2018\/03\/14524434_1106112876131411_958039263622046936_o.jpg?resize=700%2C400 2x"},"classes":[]},{"id":42657,"url":"http:\/\/www.grieta.org.mx\/index.php\/2019\/12\/26\/sepomex-en-zacatecas-suspendio-labores\/","url_meta":{"origin":22522,"position":2},"title":"Sepomex en Zacatecas suspendi\u00f3 labores","author":"grieta","date":"26 diciembre, 2019","format":false,"excerpt":"Exigen la revisi\u00f3n del Contrato Colectivo de Trabajo y pago de prestaciones Rosaura Rinc\u00f3n ? El Sol de Zacatecas, 26 de diciembre de 2019 Zacatecas.- Las oficinas de Correos de M\u00e9xico en Zacatecas est\u00e1n cerradas y sin dar servicios, debido a que amanecieron bloqueadas con una bandera rojinegra y unas\u2026","rel":"","context":"En &quot;CINTILLO&quot;","block_context":{"text":"CINTILLO","link":"http:\/\/www.grieta.org.mx\/index.php\/category\/cintillo\/"},"img":{"alt_text":"","src":"https:\/\/i0.wp.com\/www.grieta.org.mx\/wp-content\/uploads\/2020\/01\/20191226003.jpg?resize=350%2C200","width":350,"height":200,"srcset":"https:\/\/i0.wp.com\/www.grieta.org.mx\/wp-content\/uploads\/2020\/01\/20191226003.jpg?resize=350%2C200 1x, https:\/\/i0.wp.com\/www.grieta.org.mx\/wp-content\/uploads\/2020\/01\/20191226003.jpg?resize=525%2C300 1.5x, https:\/\/i0.wp.com\/www.grieta.org.mx\/wp-content\/uploads\/2020\/01\/20191226003.jpg?resize=700%2C400 2x"},"classes":[]},{"id":34083,"url":"http:\/\/www.grieta.org.mx\/index.php\/2019\/05\/28\/protestan-en-zacatecas-por-despidos-en-el-issste\/","url_meta":{"origin":22522,"position":3},"title":"Protestan en Zacatecas por despidos en el ISSSTE","author":"grieta","date":"28 mayo, 2019","format":false,"excerpt":"Ra\u00fal Garc\u00eda\/El Sol de Zacatecas Integrantes del Sindicato Independiente de Trabajadores del ISSSTE (Sitissste) en Zacatecas expresaron su rechazo al despido de los trabajadores de la oficina de Turissste . Con la colocaci\u00f3n de pancartas en el hospital general del Instituto, en la capital zacatecana, se unieron a la manifestaci\u00f3n\u2026","rel":"","context":"En &quot;CINTILLO&quot;","block_context":{"text":"CINTILLO","link":"http:\/\/www.grieta.org.mx\/index.php\/category\/cintillo\/"},"img":{"alt_text":"","src":"https:\/\/i0.wp.com\/www.grieta.org.mx\/wp-content\/uploads\/2019\/06\/z1.jpg?resize=350%2C200","width":350,"height":200,"srcset":"https:\/\/i0.wp.com\/www.grieta.org.mx\/wp-content\/uploads\/2019\/06\/z1.jpg?resize=350%2C200 1x, https:\/\/i0.wp.com\/www.grieta.org.mx\/wp-content\/uploads\/2019\/06\/z1.jpg?resize=525%2C300 1.5x, https:\/\/i0.wp.com\/www.grieta.org.mx\/wp-content\/uploads\/2019\/06\/z1.jpg?resize=700%2C400 2x"},"classes":[]},{"id":832,"url":"http:\/\/www.grieta.org.mx\/index.php\/2015\/12\/23\/con-marcha-exigen-trabajadores-del-cobaez-el-pago-de-aguinaldo-y-primas-vacacionales\/","url_meta":{"origin":22522,"position":4},"title":"Con marcha, exigen trabajadores del Cobaez el pago de aguinaldo y primas vacacionales","author":"grieta","date":"23 diciembre, 2015","format":false,"excerpt":"El Sol de Zacatecas 23 de diciembre de 2015 Juan Castro Zacatecas, Zacatecas.- Trabajadores del Sindicato \u00danico de Personal Docente y Administrativo del Colegio de Bachilleres del Estado de Zacatecas (Supdacobaez), se manifestaron para exigir el pago inmediato de aguinaldos y otras prestaciones que no se les han entregado. Los\u2026","rel":"","context":"En &quot;CINTILLO&quot;","block_context":{"text":"CINTILLO","link":"http:\/\/www.grieta.org.mx\/index.php\/category\/cintillo\/"},"img":{"alt_text":"","src":"https:\/\/i0.wp.com\/www.grieta.org.mx\/wp-content\/uploads\/2018\/03\/14524434_1106112876131411_958039263622046936_o.jpg?resize=350%2C200","width":350,"height":200,"srcset":"https:\/\/i0.wp.com\/www.grieta.org.mx\/wp-content\/uploads\/2018\/03\/14524434_1106112876131411_958039263622046936_o.jpg?resize=350%2C200 1x, https:\/\/i0.wp.com\/www.grieta.org.mx\/wp-content\/uploads\/2018\/03\/14524434_1106112876131411_958039263622046936_o.jpg?resize=525%2C300 1.5x, https:\/\/i0.wp.com\/www.grieta.org.mx\/wp-content\/uploads\/2018\/03\/14524434_1106112876131411_958039263622046936_o.jpg?resize=700%2C400 2x"},"classes":[]},{"id":34016,"url":"http:\/\/www.grieta.org.mx\/index.php\/2019\/05\/29\/aguascalientes-supero-en-desempleo-a-zacatecas-san-luis-y-jalisco\/","url_meta":{"origin":22522,"position":5},"title":"Aguascalientes Super\u00f3 En Desempleo A Zacatecas, San Luis Y Jalisco","author":"grieta","date":"29 mayo, 2019","format":false,"excerpt":"Fabiola Cornejo\/Ultranoticias Para Aguascalientes La tasa de desempleo en abril pasado se ubic\u00f3 por encima de estados vecinos como Zacatecas, San Luis Potos\u00ed y Jalisco. De acuerdo para el INEGI, el mes de abril, Aguascalientes cerr\u00f3 con una desocupaci\u00f3n del 3.4%, mientras en Zacatecas fue del 3.2%, Jalisco 3.2% y\u2026","rel":"","context":"En &quot;Aguascalientes&quot;","block_context":{"text":"Aguascalientes","link":"http:\/\/www.grieta.org.mx\/index.php\/category\/noticias-nacionales\/aguascalientes\/"},"img":{"alt_text":"","src":"https:\/\/i0.wp.com\/www.grieta.org.mx\/wp-content\/uploads\/2019\/05\/a1.jpg?resize=350%2C200","width":350,"height":200,"srcset":"https:\/\/i0.wp.com\/www.grieta.org.mx\/wp-content\/uploads\/2019\/05\/a1.jpg?resize=350%2C200 1x, https:\/\/i0.wp.com\/www.grieta.org.mx\/wp-content\/uploads\/2019\/05\/a1.jpg?resize=525%2C300 1.5x, https:\/\/i0.wp.com\/www.grieta.org.mx\/wp-content\/uploads\/2019\/05\/a1.jpg?resize=700%2C400 2x, https:\/\/i0.wp.com\/www.grieta.org.mx\/wp-content\/uploads\/2019\/05\/a1.jpg?resize=1050%2C600 3x"},"classes":[]}],"_links":{"self":[{"href":"http:\/\/www.grieta.org.mx\/index.php\/wp-json\/wp\/v2\/posts\/22522","targetHints":{"allow":["GET"]}}],"collection":[{"href":"http:\/\/www.grieta.org.mx\/index.php\/wp-json\/wp\/v2\/posts"}],"about":[{"href":"http:\/\/www.grieta.org.mx\/index.php\/wp-json\/wp\/v2\/types\/post"}],"author":[{"embeddable":true,"href":"http:\/\/www.grieta.org.mx\/index.php\/wp-json\/wp\/v2\/users\/2"}],"replies":[{"embeddable":true,"href":"http:\/\/www.grieta.org.mx\/index.php\/wp-json\/wp\/v2\/comments?post=22522"}],"version-history":[{"count":1,"href":"http:\/\/www.grieta.org.mx\/index.php\/wp-json\/wp\/v2\/posts\/22522\/revisions"}],"predecessor-version":[{"id":22524,"href":"http:\/\/www.grieta.org.mx\/index.php\/wp-json\/wp\/v2\/posts\/22522\/revisions\/22524"}],"wp:featuredmedia":[{"embeddable":true,"href":"http:\/\/www.grieta.org.mx\/index.php\/wp-json\/wp\/v2\/media\/22523"}],"wp:attachment":[{"href":"http:\/\/www.grieta.org.mx\/index.php\/wp-json\/wp\/v2\/media?parent=22522"}],"wp:term":[{"taxonomy":"category","embeddable":true,"href":"http:\/\/www.grieta.org.mx\/index.php\/wp-json\/wp\/v2\/categories?post=22522"},{"taxonomy":"post_tag","embeddable":true,"href":"http:\/\/www.grieta.org.mx\/index.php\/wp-json\/wp\/v2\/tags?post=22522"}],"curies":[{"name":"wp","href":"https:\/\/api.w.org\/{rel}","templated":true}]}}