{"id":22393,"date":"2018-03-31T13:06:40","date_gmt":"2018-03-31T19:06:40","guid":{"rendered":"http:\/\/www.grieta.org.mx\/?p=22393"},"modified":"2018-04-01T13:11:29","modified_gmt":"2018-04-01T18:11:29","slug":"tec-de-monterrey-seis-meses-de-impunidad-ciudad-de-mexico","status":"publish","type":"post","link":"http:\/\/www.grieta.org.mx\/index.php\/2018\/03\/31\/tec-de-monterrey-seis-meses-de-impunidad-ciudad-de-mexico\/","title":{"rendered":"Tec de Monterrey: seis meses de impunidad (Ciudad de M\u00e9xico)"},"content":{"rendered":"<p><img decoding=\"async\" data-attachment-id=\"22394\" data-permalink=\"http:\/\/www.grieta.org.mx\/index.php\/2018\/03\/31\/tec-de-monterrey-seis-meses-de-impunidad-ciudad-de-mexico\/pf-4829100323_homanaje_ar3-c\/\" data-orig-file=\"http:\/\/www.grieta.org.mx\/wp-content\/uploads\/2018\/04\/pf-4829100323_HOMANAJE_AR3-c.jpg\" data-orig-size=\"1200,798\" data-comments-opened=\"0\" data-image-meta=\"{&quot;aperture&quot;:&quot;0&quot;,&quot;credit&quot;:&quot;&quot;,&quot;camera&quot;:&quot;&quot;,&quot;caption&quot;:&quot;&quot;,&quot;created_timestamp&quot;:&quot;0&quot;,&quot;copyright&quot;:&quot;&quot;,&quot;focal_length&quot;:&quot;0&quot;,&quot;iso&quot;:&quot;0&quot;,&quot;shutter_speed&quot;:&quot;0&quot;,&quot;title&quot;:&quot;&quot;,&quot;orientation&quot;:&quot;0&quot;}\" data-image-title=\"pf-4829100323_HOMANAJE_AR3-c\" data-image-description=\"\" data-image-caption=\"\" data-medium-file=\"http:\/\/www.grieta.org.mx\/wp-content\/uploads\/2018\/04\/pf-4829100323_HOMANAJE_AR3-c-300x200.jpg\" data-large-file=\"http:\/\/www.grieta.org.mx\/wp-content\/uploads\/2018\/04\/pf-4829100323_HOMANAJE_AR3-c-1024x681.jpg\" src=\"http:\/\/www.grieta.org.mx\/wp-content\/uploads\/2018\/04\/pf-4829100323_HOMANAJE_AR3-c-1024x681.jpg\" alt=\"\" width=\"100%\" class=\"aligncenter size-large wp-image-22394\" srcset=\"http:\/\/www.grieta.org.mx\/wp-content\/uploads\/2018\/04\/pf-4829100323_HOMANAJE_AR3-c-1024x681.jpg 1024w, http:\/\/www.grieta.org.mx\/wp-content\/uploads\/2018\/04\/pf-4829100323_HOMANAJE_AR3-c-300x200.jpg 300w, http:\/\/www.grieta.org.mx\/wp-content\/uploads\/2018\/04\/pf-4829100323_HOMANAJE_AR3-c-768x511.jpg 768w, http:\/\/www.grieta.org.mx\/wp-content\/uploads\/2018\/04\/pf-4829100323_HOMANAJE_AR3-c-752x500.jpg 752w, http:\/\/www.grieta.org.mx\/wp-content\/uploads\/2018\/04\/pf-4829100323_HOMANAJE_AR3-c.jpg 1200w\" sizes=\"(max-width: 1024px) 100vw, 1024px\" \/><\/p>\n<p>Rodrigo Vera<\/p>\n<blockquote><p>En el sismo del pasado 19 de septiembre cuatro puentes que conectaban dos edificios del Tec de Monterrey Campus M\u00e9xico se derrumbaron y causaron la muerte de cinco estudiantes. La deficiente construcci\u00f3n de esas estructuras \u2013y el consecuente fallecimiento de los muchachos\u2013 debe tener responsables, pero a medio a\u00f1o de la tragedia los padres de las v\u00edctimas acusan a la procuradur\u00eda capitalina de inacci\u00f3n para hacerles justicia, pues est\u00e1 al servicio, afirman, de la instituci\u00f3n educativa. Tambi\u00e9n denuncian que ni el gobierno ni la Comisi\u00f3n de Derechos Humanos locales se han mostrado dispuestos a ayudarlos.<\/p><\/blockquote>\n<p>CIUDAD DE M\u00c9XICO (Proceso).- A seis meses del sismo del 19 de septiembre, la Procuradur\u00eda General de Justicia de la Ciudad de M\u00e9xico tiene pr\u00e1cticamente \u201ccongelada\u201d la investigaci\u00f3n sobre la muerte de los cinco estudiantes a los que ese d\u00eda se les vinieron encima cuatro puentes superpuestos que estaban mal colocados en el Campus M\u00e9xico del Instituto Tecnol\u00f3gico y de Estudios Superiores de Monterrey (ITESM).<\/p>\n<p>Los padres de las v\u00edctimas y su abogado aseguran que la procuradur\u00eda capitalina \u201cest\u00e1 al servicio\u201d del Tec de Monterrey, pues no s\u00f3lo se niega a indagar la responsabilidad de la escuela en el siniestro, sino que adem\u00e1s les impide el acceso a la carpeta de investigaci\u00f3n de la denuncia que, por presunto \u201chomicidio culposo\u201d, ellos mismos interpusieron contra el ITESM.<\/p>\n<p>Juan Carlos \u00c1lvarez Blanco, padre de uno de los estudiantes fallecidos \u2013el joven Juan Carlos \u00c1lvarez D\u00edaz-Gonz\u00e1lez\u2013, comenta indignado:<\/p>\n<p>\u201cEs incre\u00edble. A seis meses del sismo la procuradur\u00eda todav\u00eda no ha encontrado a ning\u00fan responsable de la muerte de nuestros hijos. Tiene congelada la investigaci\u00f3n. Esto nos huele muy mal. Mientras tanto, seguimos esperando que se nos haga justicia\u201d.<\/p>\n<p>Con \u00e9l coincide Otilia Gonz\u00e1lez Neri, madre de otro estudiante fallecido, \u00c9dgar Michel Anzano Gonz\u00e1lez, quien se\u00f1ala: \u201cAparte de que no ha hecho absolutamente nada por hacernos justicia, la procuradur\u00eda nos est\u00e1 impidiendo el acceso a la carpeta de investigaci\u00f3n. Ni siquiera nos deja hojearla, mucho menos sacarle copias. \u00a1Nada! Nos tiene bloqueados a los padres de las v\u00edctimas\u201d.<\/p>\n<p>Por su lado, el abogado que lleva el caso de ambas familias, el penalista Gabriel Regino Garc\u00eda, lanza la siguiente afirmaci\u00f3n: \u201cSuponemos que la procuradur\u00eda est\u00e1 al servicio del Tec de Monterrey y no al servicio de las v\u00edctimas. \u00bfY cu\u00e1l es la raz\u00f3n? pues por el peso que tiene el Tec de Monterrey\u201d.<\/p>\n<p>\u2013\u00bfEntonces el Tec est\u00e1 interviniendo para obstaculizar la investigaci\u00f3n?<\/p>\n<p>\u2013As\u00ed es. Tenemos sospechas fundadas de ello.<\/p>\n<p>\u2013\u00bfQu\u00e9 fundamentos tienen ustedes?<\/p>\n<p>\u2013Basta hacer comparativos con otras investigaciones realizadas por la misma procuradur\u00eda a ra\u00edz del sismo. En esos procesos, la procuradur\u00eda integr\u00f3 investigaciones y realiz\u00f3 consignaciones, mantuvo una din\u00e1mica que no se paraliz\u00f3 por ninguna circunstancia.<\/p>\n<p>Regino pone como ejemplo la investigaci\u00f3n acerca del edificio ca\u00eddo de Zapata n\u00famero 56, en la delegaci\u00f3n Benito Ju\u00e1rez, donde murieron dos mujeres; fueron detenidos el director responsable de obra y el encargado de tramitar los permisos de construcci\u00f3n.<\/p>\n<p>Agrega el abogado: \u201cComo el caso de este edificio, hay otros expedientes consignados en cuya investigaci\u00f3n la procuradur\u00eda avanz\u00f3 normalmente. En cambio, en el caso del Tec de Monterrey no hay ning\u00fan avance significativo, no se ha avanzado ni siquiera para consignar\u201d.<\/p>\n<p>Juan Carlos \u00c1lvarez y Otilia Gonz\u00e1lez refieren por su lado el caso del Colegio R\u00e9bsamen, la otra instituci\u00f3n educativa donde el sismo tambi\u00e9n provoc\u00f3 muertes, y cuya directora y due\u00f1a, M\u00f3nica Garc\u00eda Villegas, tuvo incluso que afrontar \u00f3rdenes de aprehensi\u00f3n y sujetarse a una rigurosa investigaci\u00f3n.<\/p>\n<p>\u201cA la directora del Colegio R\u00e9bsamen comenzaron a investigarla desde el primer momento, por las condiciones de inseguridad de su plantel. En cambio, a los directivos del Tecnol\u00f3gico de Monterrey no los han tocado para nada, pese a que tambi\u00e9n tienen responsabilidad en la mala construcci\u00f3n de los edificios de su campus. Esto demuestra que la justicia en M\u00e9xico no se aplica al parejo para todos\u201d, dicen los padres de familia.<\/p>\n<p>Los escombros, la prioridad<\/p>\n<p>A diferencia de los inmuebles de la zona, el sismo del 19 de septiembre provoc\u00f3 resquebrajaduras y grandes boquetes en los edificios del campus Ciudad de M\u00e9xico del ITESM, como si hubieran sufrido un bombardeo. Los puentes superpuestos que aplastaron a los cinco estudiantes cayeron estrepitosamente, en medio de una gran polvareda, seg\u00fan muestran los videos filmados por los propios alumnos y puestos en las redes sociales.<\/p>\n<p>Sin respetar los protocolos de seguridad internacionales, a cinco horas del sismo los directivos del plantel permitieron la entrada de maquinaria pesada para remover los escombros, sin importarles el rescate de los estudiantes atrapados en ellos. Resultaron cinco j\u00f3venes muertos y 40 heridos (Proceso 2137).<\/p>\n<p>Dos d\u00edas despu\u00e9s, el 21 de septiembre, la procuradur\u00eda capitalina abri\u00f3 de oficio, por presunto \u201chomicidio culposo\u201d, una carpeta de investigaci\u00f3n para deslindar responsabilidades.<\/p>\n<p>Al mes siguiente, el 30 de octubre, Juan Carlos \u00c1lvarez y Otilia Gonz\u00e1lez, acompa\u00f1ados por el abogado Gabriel Regino, acudieron a la procuradur\u00eda a interponer su propia denuncia, pidiendo castigo para los directivos del Tec que, por comisi\u00f3n u omisi\u00f3n, resultaran culpables de la muerte de sus hijos.<\/p>\n<p>Cuentan los padres de familia que, para su sorpresa, la procuradur\u00eda envi\u00f3 la denuncia a su Fiscal\u00eda Especializada en Atenci\u00f3n a Delitos Ambientales, que lleva asuntos de otro tipo. Y a partir de entonces pr\u00e1cticamente se congel\u00f3 el caso y no se les permiti\u00f3 el acceso a la carpeta de investigaci\u00f3n.<\/p>\n<p>Por su lado, y tambi\u00e9n a fines de octubre, el Tec de Monterrey dio a conocer el resultado del dictamen que mand\u00f3 realizar para estudiar la ca\u00edda de los puentes. Ah\u00ed se determin\u00f3 que los cuatro puentes superpuestos descansaban sobre soportes de apenas 15 cent\u00edmetros de longitud. Y se cayeron porque el sismo movi\u00f3 a distancias mayores a los edificios que sosten\u00edan los puentes: los llamados Aulas 2 y Aulas 3.<\/p>\n<p>Igualmente dio los nombres de las constructoras de los puentes: una es Acueducto y Urbanizaciones y la otra, Acero, Electricidad y Forja. El Tec agreg\u00f3 que entreg\u00f3 su dictamen a las autoridades judiciales para que finquen las responsabilidades correspondientes, lo cual hasta el momento no se ha hecho.<\/p>\n<p>Al respecto, Juan Carlos \u00c1lvarez dice: \u201cEl Tecnol\u00f3gico de Monterrey intenta lavarse las manos echando a estas dos constructoras por delante. Pero el Tec es igualmente culpable, pues le dio el visto bueno a la obra, es el due\u00f1o del terreno y le estuvo sacando usufructo a sus edificios mal construidos y peligrosos.<\/p>\n<p>\u201cEl sismo del 7 de septiembre ya hab\u00eda provocado da\u00f1os visibles en los inmuebles. Y sin embargo las autoridades del Tec no hicieron nada, no implementaron ninguna medida de seguridad, pusieron en riesgo la vida de los alumnos. Viene despu\u00e9s el sismo del d\u00eda 19 y derrumba los puentes\u2026 S\u00ed, por la negligencia del Tec nuestros hijos perdieron la vida\u201d.<\/p>\n<p>Sin respuesta<\/p>\n<p>Cuentan los padres de familia que, para exponer su caso y pedirles apoyo, han solicitado audiencia al jefe de gobierno capitalino, Miguel \u00c1ngel Mancera, as\u00ed como al procurador de justicia de la ciudad, Edmundo Garrido, pero hasta el momento los funcionarios se niegan a recibirlos.<\/p>\n<p>Comentan: \u201cAl jefe de gobierno y al procurador queremos decirles que nuestra investigaci\u00f3n est\u00e1 congelada y no tenemos acceso a la justicia. Pero se niegan a recibirnos, no dan la cara. En cambio, Miguel \u00c1ngel Mancera acaba de reunirse con los directivos del Tec, de quienes recibe apoyo para las labores de reconstrucci\u00f3n. A ellos Mancera s\u00ed tiene tiempo de recibirlos\u201d.<\/p>\n<p>En efecto, en un acto realizado el pasado 24 de febrero, Mancera firm\u00f3 el convenio denominado \u201c30 Tec\u201d, mediante el cual el Tecnol\u00f3gico de Monterrey se comprometi\u00f3 a financiar la construcci\u00f3n de 30 casas para apoyar a personas que perdieron sus viviendas en el sismo.<\/p>\n<p>Los padres de familia consideran muy significativo el hecho de que el 27 de febrero, tres d\u00edas despu\u00e9s de tener el acto con Mancera, los directivos del Tec organizaron en el campus una ceremonia de despedida a 11 edificios que ser\u00e1n demolidos, pues el sismo los da\u00f1\u00f3.<\/p>\n<p>\u201cEsa ceremonia de despedida constata que el gobierno ya les otorg\u00f3 la licencia de demolici\u00f3n de esos edificios mal hechos, los cuales se hubieran derrumbado completamente si el sismo hubiera durado unos segundos m\u00e1s. A los directivos del Tec les urge demolerlos porque constituyen una prueba de su negligencia. Y el gobierno los apoya al otorgarles la licencia de demolici\u00f3n, mientras que a nosotros nos tiene congelada nuestra carpeta de investigaci\u00f3n\u201d, se lamentan los padres de familia.<\/p>\n<p>En ese acto de despedida participaron alrededor de 3 mil estudiantes. Y en su discurso, Rashid Abella, vicepresidente de la Regi\u00f3n Ciudad de M\u00e9xico del Tec de Monterrey, dijo: \u201cEs hora de decirle hasta pronto y hasta siempre a nuestro campus\u201d. Y luego prometi\u00f3: \u201cEn poco tiempo las instalaciones que aqu\u00ed se construir\u00e1n ser\u00e1n excepcionales y modernas\u201d.<\/p>\n<p>Este nuevo campus \u2013adelantan los directivos\u2013 estar\u00e1 listo para el semestre agosto-diciembre de 2019, bajo el modelo educativo \u201cTec 21\u201d, que tendr\u00e1 los \u201cm\u00e1s altos est\u00e1ndares de calidad\u201d.<\/p>\n<p>Al terminar el discurso de Abella se devel\u00f3 una placa con los nombres de los cinco estudiantes muertos, a quienes de v\u00edctimas se les intenta hacer pasar como una especie de h\u00e9roes: Juan Carlos \u00c1lvarez D\u00edaz-Gonz\u00e1lez, \u00c9dgar Michel Anzano Gonz\u00e1lez, Alejandro Meza Guerrero, Luis Manuel Pacheco Rosales y Rub\u00e9n Ortiz Garc\u00eda.<\/p>\n<p>Dicen los padres de familia entrevistados: \u201cA pesar de que se record\u00f3 a nuestros hijos, a esa ceremonia nosotros no fuimos invitados. Fue puro circo y faramalla. Es muy grave que los directivos del Tec sean tan insensibles a nuestro dolor y que, de paso, congreguen a miles de alumnos a estos shows donde lo \u00fanico que festejan es la impunidad\u201d.<\/p>\n<p>Ante la cerraz\u00f3n de la procuradur\u00eda capitalina para atender su caso, el pasado 14 de noviembre los padres de familia interpusieron una queja ante la Comisi\u00f3n de Derechos Humanos del Distrito Federal (CDHDF).<\/p>\n<p>Ah\u00ed aseguran que la procuradur\u00eda est\u00e1 propiciando el \u201cretraso en la pr\u00e1ctica de diligencias\u201d, lo cual \u201cpropicia impunidad y deniega a las v\u00edctimas el acceso a la justicia\u201d.<\/p>\n<p>Igualmente, en la queja se se\u00f1ala que en agosto de 2017 \u2013un mes antes del sismo\u2013 el ingeniero Alejandro Diego Gonz\u00e1lez del Pliego, en su car\u00e1cter de director responsable de obra (DRO), \u201caval\u00f3 la seguridad estructural de todas las instalaciones\u201d del campus.<\/p>\n<p>Despu\u00e9s, indica que con el sismo del 7 de septiembre las instalaciones sufrieron \u201cseveros da\u00f1os\u201d \u2013registrados en fotograf\u00edas y videos tomados por los alumnos\u2013. Pese a ello, el DRO \u201cvolvi\u00f3 a validar la seguridad estructural del campus\u201d, sin que el Instituto de Verificaci\u00f3n Administrativa ni la Secretar\u00eda de Protecci\u00f3n Civil \u2013instancias del gobierno capitalino\u2013 realizaran visitas de inspecci\u00f3n o pidieran informe alguno.<\/p>\n<p>Estas \u201comisiones\u201d, prosigue la queja, provocaron que con el sismo del 19 de septiembre se cayeran los puentes superpuestos que \u201cun\u00edan a los edificios Aulas 2 y Aulas 3 (\u2026) provocando la muerte de nuestros hijos, quienes s\u00f3lo ten\u00edan esa ruta de escape\u201d. Y para colmo, ese mismo d\u00eda \u201clas maniobras de retiro de escombro se privilegiaron sobre el rescate de v\u00edctimas. Ninguna autoridad del gobierno de la ciudad de M\u00e9xico impidi\u00f3 lo anterior\u201d.<\/p>\n<p>Por \u00faltimo, la queja le pide a la CDHDF que intervenga y emita las \u201crecomendaciones correspondientes\u201d, ya que estos actos provocaron \u201cviolaciones a derechos humanos\u201d.<\/p>\n<p>El abogado Regino lamenta que la CDHDF tampoco haya hecho nada a cuatro meses de haber recibido la queja: \u201cEs incre\u00edble, pero as\u00ed est\u00e1n las cosas; la Comisi\u00f3n de Derechos Humanos de la Ciudad de M\u00e9xico tampoco quiere entrarle al asunto del Tec de Monterrey\u201d, dice.<\/p>\n<p>Por ello, agrega, en febrero pusieron una queja ante la Comisi\u00f3n Nacional de los Derechos Humanos, cuyo expediente reservado lo lleva la segunda visitadur\u00eda. \u201cAqu\u00ed el proceso va mucho m\u00e1s adelantado\u201d, comenta Regino.<\/p>\n<p>Y advierte que el Tec de Monterrey, en las demoliciones que va a realizar de 11 inmuebles de su campus, no debe tirar los dos edificios que sosten\u00edan los puentes derrumbados, pues est\u00e1n asegurados por las autoridades y sujetos a investigaci\u00f3n. \u201cLa procuradur\u00eda debe tambi\u00e9n investigar a las empresas constructoras y a los dem\u00e1s responsables de esas obras\u201d, dice.<\/p>\n<p>El reportero solicit\u00f3 una entrevista con el procurador capitalino. Lo \u00fanico que obtuvo fueron escuetas respuestas, v\u00eda WhatsApp, del vocero de la procuradur\u00eda capitalina, Octavio Ju\u00e1rez, quien neg\u00f3 que la investigaci\u00f3n est\u00e9 estancada: \u201cLas carpetas iniciadas por el caso se desarrollan en una sola investigaci\u00f3n\u201d, escribe y recalca que \u201clas indagatorias contin\u00faan\u201d y actualmente se est\u00e1n \u201crecabando entrevistas y elementos documentales para la integraci\u00f3n de los dict\u00e1menes\u201d.<\/p>\n<p>Cabe a\u00f1adir que el pasado martes 6, Mancera reactiv\u00f3 la Comisi\u00f3n para la Reconstrucci\u00f3n de la Ciudad de M\u00e9xico, donde nombr\u00f3 subcomisionada a la arquitecta Erandi Jim\u00e9nez Jacques, directora regional del Departamento de Arquitectura del ITESM.<\/p>\n<p><a href=\"https:\/\/www.proceso.com.mx\/527968\/tec-de-monterrey-seis-meses-de-impunidad\">https:\/\/www.proceso.com.mx\/527968\/tec-de-monterrey-seis-meses-de-impunidad<\/a><\/p>\n","protected":false},"excerpt":{"rendered":"<p>Rodrigo Vera En el sismo del pasado 19 de septiembre cuatro puentes que conectaban dos edificios del Tec de Monterrey Campus M\u00e9xico se derrumbaron y causaron la muerte de cinco &hellip; <a href=\"http:\/\/www.grieta.org.mx\/index.php\/2018\/03\/31\/tec-de-monterrey-seis-meses-de-impunidad-ciudad-de-mexico\/\" class=\"more-link\">Leer m\u00e1s<\/a><\/p>\n","protected":false},"author":2,"featured_media":22394,"comment_status":"closed","ping_status":"closed","sticky":false,"template":"","format":"standard","meta":{"ngg_post_thumbnail":0,"_jetpack_newsletter_access":"","_jetpack_dont_email_post_to_subs":false,"_jetpack_newsletter_tier_id":0,"_jetpack_memberships_contains_paywalled_content":false,"_jetpack_memberships_contains_paid_content":false,"footnotes":""},"categories":[80,14,1044,2],"tags":[1027,1116],"class_list":["post-22393","post","type-post","status-publish","format-standard","has-post-thumbnail","hentry","category-cintillo","category-ciudad-de-mexico","category-desarrollos-inmobiliarios-en-la-ciudad-de-mexico","category-noticias-nacionales","tag-sismo-19-s","tag-tec-de-monterrey","entry"],"jetpack_featured_media_url":"http:\/\/www.grieta.org.mx\/wp-content\/uploads\/2018\/04\/pf-4829100323_HOMANAJE_AR3-c.jpg","jetpack_sharing_enabled":true,"jetpack_shortlink":"https:\/\/wp.me\/p7ZJR4-5Pb","jetpack_likes_enabled":false,"jetpack-related-posts":[{"id":27175,"url":"http:\/\/www.grieta.org.mx\/index.php\/2018\/09\/22\/damnificados-del-edificio-centauro-perdieron-sus-escrituras-el-19s-y-no-saben-si-recuperaran-su-hogar\/","url_meta":{"origin":22393,"position":0},"title":"Damnificados del edificio Centauro perdieron sus escrituras el 19S y no saben si recuperar\u00e1n su hogar","author":"grieta","date":"22 septiembre, 2018","format":false,"excerpt":"","rel":"","context":"En &quot;CINTILLO&quot;","block_context":{"text":"CINTILLO","link":"http:\/\/www.grieta.org.mx\/index.php\/category\/cintillo\/"},"img":{"alt_text":"","src":"https:\/\/i0.wp.com\/www.grieta.org.mx\/wp-content\/uploads\/2018\/10\/Demolicion_Edificio_Osa_Mayor-5-e1537582336854-960x500.jpg?resize=350%2C200","width":350,"height":200,"srcset":"https:\/\/i0.wp.com\/www.grieta.org.mx\/wp-content\/uploads\/2018\/10\/Demolicion_Edificio_Osa_Mayor-5-e1537582336854-960x500.jpg?resize=350%2C200 1x, https:\/\/i0.wp.com\/www.grieta.org.mx\/wp-content\/uploads\/2018\/10\/Demolicion_Edificio_Osa_Mayor-5-e1537582336854-960x500.jpg?resize=525%2C300 1.5x, https:\/\/i0.wp.com\/www.grieta.org.mx\/wp-content\/uploads\/2018\/10\/Demolicion_Edificio_Osa_Mayor-5-e1537582336854-960x500.jpg?resize=700%2C400 2x"},"classes":[]},{"id":51887,"url":"http:\/\/www.grieta.org.mx\/index.php\/2020\/06\/24\/por-su-inaccion-colectivo-de-damnificados-termina-relacion-con-el-comisionado-cesar-cravioto-ciudad-de-mexico\/","url_meta":{"origin":22393,"position":1},"title":"Por \u201csu inacci\u00f3n\u201d, colectivo de damnificados termina relaci\u00f3n con el comisionado C\u00e9sar Cravioto (Ciudad de M\u00e9xico)","author":"grieta","date":"24 junio, 2020","format":false,"excerpt":"C\u00e9sar Cravioto, comisionado para la Reconstrucci\u00f3n. Foto: Benjam\u00edn Flores Sara Pantoja \/ Proceso CIUDAD DE M\u00c9XICO (apro).- El colectivo Damnificados Unidos de la Ciudad de M\u00e9xico (DUCDMX) dio a conocer que termin\u00f3 la relaci\u00f3n con C\u00e9sar Cravioto, comisionado para la Reconstrucci\u00f3n, debido a \u201csu inacci\u00f3n, ineficacia y falta de resultados\u201d,\u2026","rel":"","context":"En &quot;CINTILLO&quot;","block_context":{"text":"CINTILLO","link":"http:\/\/www.grieta.org.mx\/index.php\/category\/cintillo\/"},"img":{"alt_text":"","src":"https:\/\/i0.wp.com\/www.grieta.org.mx\/wp-content\/uploads\/2020\/07\/Por-%E2%80%9Csu-inacci%C3%B3n%E2%80%9D-colectivo-de-damnificados-termina-relaci%C3%B3n-con-el-comisionado-C%C3%A9sar-Cravioto-cdmx-jul.jpg?resize=350%2C200","width":350,"height":200,"srcset":"https:\/\/i0.wp.com\/www.grieta.org.mx\/wp-content\/uploads\/2020\/07\/Por-%E2%80%9Csu-inacci%C3%B3n%E2%80%9D-colectivo-de-damnificados-termina-relaci%C3%B3n-con-el-comisionado-C%C3%A9sar-Cravioto-cdmx-jul.jpg?resize=350%2C200 1x, https:\/\/i0.wp.com\/www.grieta.org.mx\/wp-content\/uploads\/2020\/07\/Por-%E2%80%9Csu-inacci%C3%B3n%E2%80%9D-colectivo-de-damnificados-termina-relaci%C3%B3n-con-el-comisionado-C%C3%A9sar-Cravioto-cdmx-jul.jpg?resize=525%2C300 1.5x, https:\/\/i0.wp.com\/www.grieta.org.mx\/wp-content\/uploads\/2020\/07\/Por-%E2%80%9Csu-inacci%C3%B3n%E2%80%9D-colectivo-de-damnificados-termina-relaci%C3%B3n-con-el-comisionado-C%C3%A9sar-Cravioto-cdmx-jul.jpg?resize=700%2C400 2x"},"classes":[]},{"id":23394,"url":"http:\/\/www.grieta.org.mx\/index.php\/2018\/05\/30\/damnificados-montan-campamento-en-calzada-de-tlalpan-reclaman-que-autoridades-cumplan-con-reconstruccion\/","url_meta":{"origin":22393,"position":2},"title":"Damnificados montan campamento en calzada de Tlalpan; reclaman que autoridades cumplan con reconstrucci\u00f3n","author":"grieta","date":"30 mayo, 2018","format":false,"excerpt":"Redacci\u00f3n Animal Pol\u00edtico Damnificados del Multifamiliar dijeron que mantendr\u00e1n un campamento en calzada de Tlalpan, hasta que las autoridades de la CDMX cumplan con sus exigencias de reconstrucci\u00f3n de viviendas, luego de los da\u00f1os causados por el sismo del 19 de septiembre. Damnificados del Multifamiliar Tlalpan informaron la noche de\u2026","rel":"","context":"En &quot;CINTILLO&quot;","block_context":{"text":"CINTILLO","link":"http:\/\/www.grieta.org.mx\/index.php\/category\/cintillo\/"},"img":{"alt_text":"","src":"https:\/\/i0.wp.com\/www.grieta.org.mx\/wp-content\/uploads\/2018\/06\/tlalpan-960x500.jpg?resize=350%2C200","width":350,"height":200,"srcset":"https:\/\/i0.wp.com\/www.grieta.org.mx\/wp-content\/uploads\/2018\/06\/tlalpan-960x500.jpg?resize=350%2C200 1x, https:\/\/i0.wp.com\/www.grieta.org.mx\/wp-content\/uploads\/2018\/06\/tlalpan-960x500.jpg?resize=525%2C300 1.5x, https:\/\/i0.wp.com\/www.grieta.org.mx\/wp-content\/uploads\/2018\/06\/tlalpan-960x500.jpg?resize=700%2C400 2x"},"classes":[]},{"id":22063,"url":"http:\/\/www.grieta.org.mx\/index.php\/2018\/02\/24\/crean-red-nacional-de-damnificados-cdmx\/","url_meta":{"origin":22393,"position":3},"title":"Crean Red Nacional de Damnificados (CDMX)","author":"grieta","date":"24 febrero, 2018","format":false,"excerpt":"Oscar Santill\u00e1n Buscar\u00e1n que los recursos del Fondo de Desastres Naturales (Fonden) llegue a los sitios afectados por el sismo del 19S Ante el olvido en el que han quedado los afectados por el sismo del 19 de septiembre de 2017, este s\u00e1bado, durante el V Encuentro Nacional de Damnificados\u2026","rel":"","context":"En &quot;CINTILLO&quot;","block_context":{"text":"CINTILLO","link":"http:\/\/www.grieta.org.mx\/index.php\/category\/cintillo\/"},"img":{"alt_text":"","src":"https:\/\/i0.wp.com\/www.grieta.org.mx\/wp-content\/uploads\/2018\/03\/dsc0170-53b92c1f0ffe3ab7a8e159cfe822d71b-1200x600.jpg?resize=350%2C200","width":350,"height":200,"srcset":"https:\/\/i0.wp.com\/www.grieta.org.mx\/wp-content\/uploads\/2018\/03\/dsc0170-53b92c1f0ffe3ab7a8e159cfe822d71b-1200x600.jpg?resize=350%2C200 1x, https:\/\/i0.wp.com\/www.grieta.org.mx\/wp-content\/uploads\/2018\/03\/dsc0170-53b92c1f0ffe3ab7a8e159cfe822d71b-1200x600.jpg?resize=525%2C300 1.5x, https:\/\/i0.wp.com\/www.grieta.org.mx\/wp-content\/uploads\/2018\/03\/dsc0170-53b92c1f0ffe3ab7a8e159cfe822d71b-1200x600.jpg?resize=700%2C400 2x, https:\/\/i0.wp.com\/www.grieta.org.mx\/wp-content\/uploads\/2018\/03\/dsc0170-53b92c1f0ffe3ab7a8e159cfe822d71b-1200x600.jpg?resize=1050%2C600 3x"},"classes":[]},{"id":44329,"url":"http:\/\/www.grieta.org.mx\/index.php\/2020\/02\/15\/vecinos-de-multifamiliar-tlalpan-reportan-herreria-desprendida-en-edificios-recien-entregados-ciudad-de-mexico\/","url_meta":{"origin":22393,"position":4},"title":"Vecinos de Multifamiliar Tlalpan reportan herrer\u00eda desprendida en edificios reci\u00e9n entregados (Ciudad de M\u00e9xico)","author":"grieta","date":"15 febrero, 2020","format":false,"excerpt":"Animal Pol\u00edtico Los edificios rehabilitados fueron entregados por el gobierno de la Ciudad de M\u00e9xico apenas el 8 de febrero. Habitantes del Multifamiliar Tlalpan denunciaron el desprendimiento de un barandal y de protecciones de ventanas en los edificios rehabilitados tras el sismo del 19 septiembre del 2017. Los edificios fueron\u2026","rel":"","context":"En &quot;CINTILLO&quot;","block_context":{"text":"CINTILLO","link":"http:\/\/www.grieta.org.mx\/index.php\/category\/cintillo\/"},"img":{"alt_text":"","src":"https:\/\/i0.wp.com\/www.grieta.org.mx\/wp-content\/uploads\/2020\/02\/Vecinos-de-Multifamiliar-Tlalpan-reportan-herrer%C3%ADa-desprendida-en-edificios-reci%C3%A9n-entregados-cdmx-feb.png?resize=350%2C200","width":350,"height":200,"srcset":"https:\/\/i0.wp.com\/www.grieta.org.mx\/wp-content\/uploads\/2020\/02\/Vecinos-de-Multifamiliar-Tlalpan-reportan-herrer%C3%ADa-desprendida-en-edificios-reci%C3%A9n-entregados-cdmx-feb.png?resize=350%2C200 1x, https:\/\/i0.wp.com\/www.grieta.org.mx\/wp-content\/uploads\/2020\/02\/Vecinos-de-Multifamiliar-Tlalpan-reportan-herrer%C3%ADa-desprendida-en-edificios-reci%C3%A9n-entregados-cdmx-feb.png?resize=525%2C300 1.5x"},"classes":[]},{"id":22398,"url":"http:\/\/www.grieta.org.mx\/index.php\/2018\/03\/29\/memorial-por-el-19s-costara-14-mdp-ciudadanos-piden-que-dinero-se-use-en-la-reconstruccion\/","url_meta":{"origin":22393,"position":5},"title":"Memorial por el 19S costar\u00e1 14 mdp; ciudadanos piden que dinero se use en la reconstrucci\u00f3n","author":"grieta","date":"29 marzo, 2018","format":false,"excerpt":"En el espacio habr\u00e1 actividades culturales y exposiciones que mantengan viva la memoria del sismo; usuarios en redes sociales piden que mejor se construya vivienda para los damnificados y apoyen a los que viven en campamentos El gobierno de la Ciudad de M\u00e9xico anunci\u00f3 que construir\u00e1 un memorial a las\u2026","rel":"","context":"En &quot;CINTILLO&quot;","block_context":{"text":"CINTILLO","link":"http:\/\/www.grieta.org.mx\/index.php\/category\/cintillo\/"},"img":{"alt_text":"","src":"https:\/\/i0.wp.com\/www.grieta.org.mx\/wp-content\/uploads\/2018\/04\/286.jpg?resize=350%2C200","width":350,"height":200,"srcset":"https:\/\/i0.wp.com\/www.grieta.org.mx\/wp-content\/uploads\/2018\/04\/286.jpg?resize=350%2C200 1x, https:\/\/i0.wp.com\/www.grieta.org.mx\/wp-content\/uploads\/2018\/04\/286.jpg?resize=525%2C300 1.5x, https:\/\/i0.wp.com\/www.grieta.org.mx\/wp-content\/uploads\/2018\/04\/286.jpg?resize=700%2C400 2x"},"classes":[]}],"_links":{"self":[{"href":"http:\/\/www.grieta.org.mx\/index.php\/wp-json\/wp\/v2\/posts\/22393","targetHints":{"allow":["GET"]}}],"collection":[{"href":"http:\/\/www.grieta.org.mx\/index.php\/wp-json\/wp\/v2\/posts"}],"about":[{"href":"http:\/\/www.grieta.org.mx\/index.php\/wp-json\/wp\/v2\/types\/post"}],"author":[{"embeddable":true,"href":"http:\/\/www.grieta.org.mx\/index.php\/wp-json\/wp\/v2\/users\/2"}],"replies":[{"embeddable":true,"href":"http:\/\/www.grieta.org.mx\/index.php\/wp-json\/wp\/v2\/comments?post=22393"}],"version-history":[{"count":1,"href":"http:\/\/www.grieta.org.mx\/index.php\/wp-json\/wp\/v2\/posts\/22393\/revisions"}],"predecessor-version":[{"id":22395,"href":"http:\/\/www.grieta.org.mx\/index.php\/wp-json\/wp\/v2\/posts\/22393\/revisions\/22395"}],"wp:featuredmedia":[{"embeddable":true,"href":"http:\/\/www.grieta.org.mx\/index.php\/wp-json\/wp\/v2\/media\/22394"}],"wp:attachment":[{"href":"http:\/\/www.grieta.org.mx\/index.php\/wp-json\/wp\/v2\/media?parent=22393"}],"wp:term":[{"taxonomy":"category","embeddable":true,"href":"http:\/\/www.grieta.org.mx\/index.php\/wp-json\/wp\/v2\/categories?post=22393"},{"taxonomy":"post_tag","embeddable":true,"href":"http:\/\/www.grieta.org.mx\/index.php\/wp-json\/wp\/v2\/tags?post=22393"}],"curies":[{"name":"wp","href":"https:\/\/api.w.org\/{rel}","templated":true}]}}