{"id":2211,"date":"2016-03-09T21:03:56","date_gmt":"2016-03-09T21:03:56","guid":{"rendered":"http:\/\/50.22.11.12\/~grietaor\/?p=2211"},"modified":"2018-03-29T18:59:36","modified_gmt":"2018-03-30T00:59:36","slug":"maestros-protestan-y-encierran-a-vela","status":"publish","type":"post","link":"http:\/\/www.grieta.org.mx\/index.php\/2016\/03\/09\/maestros-protestan-y-encierran-a-vela\/","title":{"rendered":"Maestros protestan y \u2018encierran\u2019 a Vela"},"content":{"rendered":"<figure id=\"attachment_2214\" aria-describedby=\"caption-attachment-2214\" style=\"width: 680px\" class=\"wp-caption aligncenter\"><img loading=\"lazy\" decoding=\"async\" data-attachment-id=\"2214\" data-permalink=\"http:\/\/www.grieta.org.mx\/index.php\/2016\/03\/09\/maestros-protestan-y-encierran-a-vela\/maestros-protestan-despidos-durango\/\" data-orig-file=\"http:\/\/www.grieta.org.mx\/wp-content\/uploads\/2016\/03\/Maestros-protestan-despidos-durango.jpeg\" data-orig-size=\"720,540\" data-comments-opened=\"0\" data-image-meta=\"{&quot;aperture&quot;:&quot;0&quot;,&quot;credit&quot;:&quot;&quot;,&quot;camera&quot;:&quot;&quot;,&quot;caption&quot;:&quot;&quot;,&quot;created_timestamp&quot;:&quot;0&quot;,&quot;copyright&quot;:&quot;&quot;,&quot;focal_length&quot;:&quot;0&quot;,&quot;iso&quot;:&quot;0&quot;,&quot;shutter_speed&quot;:&quot;0&quot;,&quot;title&quot;:&quot;&quot;,&quot;orientation&quot;:&quot;0&quot;}\" data-image-title=\"Maestros protestan contra despidos Durango\" data-image-description=\"\" data-image-caption=\"&lt;p&gt;Protesta. Miles de maestros, padres de familia y estudiantes marcharon por el bulevar Domingo Arrieta a las oficinas de la SEED, para protestar contra el despido de los docentes que no atendieron a la convocatoria para la evaluaci\u00f3n de desempe\u00f1o.&lt;\/p&gt;\n\" data-medium-file=\"http:\/\/www.grieta.org.mx\/wp-content\/uploads\/2016\/03\/Maestros-protestan-despidos-durango-300x225.jpeg\" data-large-file=\"http:\/\/www.grieta.org.mx\/wp-content\/uploads\/2016\/03\/Maestros-protestan-despidos-durango.jpeg\" class=\"wp-image-2214\" src=\"http:\/\/grieta.org.mx\/wp-content\/uploads\/2016\/03\/Maestros-protestan-despidos-durango-300x225.jpeg\" alt=\"Protesta. Miles de maestros, padres de familia y estudiantes marcharon por el bulevar Domingo Arrieta a las oficinas de la SEED, para protestar contra el despido de los docentes que no atendieron a la convocatoria para la evaluaci\u00f3n de desempe\u00f1o.\" width=\"680\" height=\"510\" srcset=\"http:\/\/www.grieta.org.mx\/wp-content\/uploads\/2016\/03\/Maestros-protestan-despidos-durango-300x225.jpeg 300w, http:\/\/www.grieta.org.mx\/wp-content\/uploads\/2016\/03\/Maestros-protestan-despidos-durango.jpeg 720w\" sizes=\"auto, (max-width: 680px) 100vw, 680px\" \/><figcaption id=\"caption-attachment-2214\" class=\"wp-caption-text\">Protesta. Miles de maestros, padres de familia y estudiantes marcharon por el bulevar Domingo Arrieta a las oficinas de la SEED, para protestar contra el despido de los docentes que no atendieron a la convocatoria para la evaluaci\u00f3n de desempe\u00f1o.<\/figcaption><\/figure>\n<p><strong>La Secretar\u00eda de Educaci\u00f3n admiti\u00f3 la suspensi\u00f3n de clases en 45 escuelas<\/strong><\/p>\n<blockquote><p>Miles de maestros, estudiantes y padres de familia marcharon desde el lugar donde se juntan el bulevar Domingo Arrieta y la vialidad Dolores del R\u00edo a las instalaciones de la Secretar\u00eda de Educaci\u00f3n del Estado (SEED) para oponerse al despido de los maestros que no atendieron a la convocatoria de la evaluaci\u00f3n de desempe\u00f1o.<\/p><\/blockquote>\n<p>H\u00e9ctor Vela Valenzuela, titular de la SEED, admiti\u00f3 la suspensi\u00f3n de clases en 45 escuelas, a causa de esta movilizaci\u00f3n promovida por la disidencia magisterial.<\/p>\n<p>L\u00edderes del movimiento aseguraron que lograron convocar a cerca de 20 mil personas a esta protesta, aunque algunos testigos calcularon la presencia de seis mil.<\/p>\n<p>Israel Gauc\u00edn Salazar, dirigente de la Coordinadora Nacional de Trabajadores de la Educaci\u00f3n (CNTE) Secci\u00f3n 12, asegur\u00f3 que son 436 los maestros que ser\u00edan despedidos por no participar en la evaluaci\u00f3n, y no los 214 que se han anunciado.<\/p>\n<p>Por su parte, Ramiro Ram\u00edrez, uno de los l\u00edderes del Magisterio Unidos de Durango, manifest\u00f3 que llegar\u00e1n hasta las \u00faltimas consecuencias para defender a cada uno de los maestros a los que les lleg\u00f3 el aviso de despido.<\/p>\n<p>Fue alrededor de las 11:00 horas cuando el contingente de manifestantes lleg\u00f3 a las instalaciones de la SEED, en donde se apostaron en los cuatro carriles de circulaci\u00f3n del exterior y el patio central, para luego proceder a sacar a todo el personal de las oficinas.<\/p>\n<p>Al llegar a la SEED, se les inform\u00f3 que el Secretario de Educaci\u00f3n no estaba, lo que caus\u00f3 la molestia de los maestros y dem\u00e1s personas que acudieron a apoyar la movilizaci\u00f3n.<\/p>\n<p>M\u00e1s tarde, el maestro Ram\u00edro Ram\u00edrez mencion\u00f3 que la salida de H\u00e9ctor Vela, de la SEED, es una de las exigencias que los maestros tienen, con el argumento de que no ha tenido disposici\u00f3n al di\u00e1logo.<\/p>\n<p><strong>DESALOJO<\/strong><\/p>\n<p>Con el paso de las horas, los maestros desalojaron al personal administrativo hasta dejar al Secretario de Educaci\u00f3n y sus colaboradores m\u00e1s cercanos encerrados en su oficina durante un par de horas.<\/p>\n<p>Incluso, a trav\u00e9s de redes sociales, se pudo observar c\u00f3mo los maestros rompieron las ventanas del ba\u00f1o de la oficina de H\u00e9ctor Vela, as\u00ed como golpearon y patearon puertas exigiendo que Vela Valenzuela los recibiera.<\/p>\n<p>Incluso, algunos maestros retuvieron a un camar\u00f3grafo de televisi\u00f3n exigi\u00e9ndole que borrara las im\u00e1genes de los da\u00f1os, situaci\u00f3n que no ocurri\u00f3 debido a la intervenci\u00f3n de los l\u00edderes del movimiento.<\/p>\n<p><strong>AVISOS<\/strong><\/p>\n<p>Por su parte, Jos\u00e9 Parra Alvarado, maestro del CBTA 171, uno de los maestros que ya recibi\u00f3 aviso de despido, el cual seg\u00fan asegur\u00f3, est\u00e1 lleno de inconsistencias.<\/p>\n<p>En \u00e9l se indica que se decidi\u00f3 dar por terminados los efectos del nombramiento de su plaza, otorgada en abril de 2015, aunque el maestro tiene 26 a\u00f1os de servicio en el centro de estudios.<\/p>\n<p>Indic\u00f3 que la CNTE ya promueve su defensa, y de entrada se le recomend\u00f3 no firmar de recibido dicho documento, para que no d\u00e9 elementos que puedan ser utilizados en su contra.<\/p>\n<p>Consider\u00f3 que la Reforma Educativa ya tambalea, pues no ser\u00e1 posible que despidan a tantos docentes que no solamente cuentan con el respaldo de las organizaciones magisteriales, sino tambi\u00e9n con el de los padres de familia.<\/p>\n<figure id=\"attachment_2215\" aria-describedby=\"caption-attachment-2215\" style=\"width: 680px\" class=\"wp-caption aligncenter\"><img loading=\"lazy\" decoding=\"async\" data-attachment-id=\"2215\" data-permalink=\"http:\/\/www.grieta.org.mx\/index.php\/2016\/03\/09\/maestros-protestan-y-encierran-a-vela\/estudiantes-protestan-despidos-durango\/\" data-orig-file=\"http:\/\/www.grieta.org.mx\/wp-content\/uploads\/2016\/03\/estudiantes-protestan-despidos-durango.jpeg\" data-orig-size=\"720,540\" data-comments-opened=\"0\" data-image-meta=\"{&quot;aperture&quot;:&quot;0&quot;,&quot;credit&quot;:&quot;&quot;,&quot;camera&quot;:&quot;&quot;,&quot;caption&quot;:&quot;&quot;,&quot;created_timestamp&quot;:&quot;0&quot;,&quot;copyright&quot;:&quot;&quot;,&quot;focal_length&quot;:&quot;0&quot;,&quot;iso&quot;:&quot;0&quot;,&quot;shutter_speed&quot;:&quot;0&quot;,&quot;title&quot;:&quot;&quot;,&quot;orientation&quot;:&quot;0&quot;}\" data-image-title=\"Estudiantes protestan contra despidos Durango\" data-image-description=\"\" data-image-caption=\"&lt;p&gt;Participaci\u00f3n. Tambi\u00e9n los estudiantes formaron parte de las protestas.&lt;\/p&gt;\n\" data-medium-file=\"http:\/\/www.grieta.org.mx\/wp-content\/uploads\/2016\/03\/estudiantes-protestan-despidos-durango-300x225.jpeg\" data-large-file=\"http:\/\/www.grieta.org.mx\/wp-content\/uploads\/2016\/03\/estudiantes-protestan-despidos-durango.jpeg\" class=\"wp-image-2215\" src=\"http:\/\/grieta.org.mx\/wp-content\/uploads\/2016\/03\/estudiantes-protestan-despidos-durango-300x225.jpeg\" alt=\"Participaci\u00f3n. Tambi\u00e9n los estudiantes formaron parte de las protestas.\" width=\"680\" height=\"510\" srcset=\"http:\/\/www.grieta.org.mx\/wp-content\/uploads\/2016\/03\/estudiantes-protestan-despidos-durango-300x225.jpeg 300w, http:\/\/www.grieta.org.mx\/wp-content\/uploads\/2016\/03\/estudiantes-protestan-despidos-durango.jpeg 720w\" sizes=\"auto, (max-width: 680px) 100vw, 680px\" \/><figcaption id=\"caption-attachment-2215\" class=\"wp-caption-text\">Participaci\u00f3n. Tambi\u00e9n los estudiantes formaron parte de las protestas.<\/figcaption><\/figure>\n<p>Sobre el tema, Vela Valenzuela consider\u00f3 como incongruente que los maestros se manifiesten en contra de una ley, mientras que la Secretar\u00eda tiene el deber de hacerla cumplir.<\/p>\n<p>Asegur\u00f3 que todav\u00eda no se ha \u201ccorrido\u201d a nadie y est\u00e1n a la espera de que los docentes que no participaron en la evaluaci\u00f3n presenten una buena justificaci\u00f3n y as\u00ed poder ayudarlos.<\/p>\n<p>Mencion\u00f3 que se siente totalmente orgulloso respecto a la manera en la que ha procedido como funcionario de Educaci\u00f3n.<\/p>\n<p>Por otro lado, anunci\u00f3 que el 15 por ciento de los maestros evaluados result\u00f3 insuficiente, pero ya se busca la forma de atender dicha debilidad.<\/p>\n<p>En la protesta estuvieron tambi\u00e9n estudiantes de la Normal Rural J. Guadalupe Aguilera, as\u00ed como otras organizaciones.<\/p>\n<figure id=\"attachment_2216\" aria-describedby=\"caption-attachment-2216\" style=\"width: 680px\" class=\"wp-caption aligncenter\"><img loading=\"lazy\" decoding=\"async\" data-attachment-id=\"2216\" data-permalink=\"http:\/\/www.grieta.org.mx\/index.php\/2016\/03\/09\/maestros-protestan-y-encierran-a-vela\/estudiantes-protestan-pancartas\/\" data-orig-file=\"http:\/\/www.grieta.org.mx\/wp-content\/uploads\/2016\/03\/estudiantes-protestan-pancartas.jpeg\" data-orig-size=\"720,540\" data-comments-opened=\"0\" data-image-meta=\"{&quot;aperture&quot;:&quot;0&quot;,&quot;credit&quot;:&quot;&quot;,&quot;camera&quot;:&quot;&quot;,&quot;caption&quot;:&quot;&quot;,&quot;created_timestamp&quot;:&quot;0&quot;,&quot;copyright&quot;:&quot;&quot;,&quot;focal_length&quot;:&quot;0&quot;,&quot;iso&quot;:&quot;0&quot;,&quot;shutter_speed&quot;:&quot;0&quot;,&quot;title&quot;:&quot;&quot;,&quot;orientation&quot;:&quot;0&quot;}\" data-image-title=\"Estudiantes protestan pancartas\" data-image-description=\"\" data-image-caption=\"&lt;p&gt;Postura. Algunas escuelas mandaron a hacer sus pancartas para protestar en contra de la Reforma.&lt;\/p&gt;\n\" data-medium-file=\"http:\/\/www.grieta.org.mx\/wp-content\/uploads\/2016\/03\/estudiantes-protestan-pancartas-300x225.jpeg\" data-large-file=\"http:\/\/www.grieta.org.mx\/wp-content\/uploads\/2016\/03\/estudiantes-protestan-pancartas.jpeg\" class=\"wp-image-2216\" src=\"http:\/\/grieta.org.mx\/wp-content\/uploads\/2016\/03\/estudiantes-protestan-pancartas-300x225.jpeg\" alt=\"Postura. Algunas escuelas mandaron a hacer sus pancartas para protestar en contra de la Reforma.\" width=\"680\" height=\"510\" srcset=\"http:\/\/www.grieta.org.mx\/wp-content\/uploads\/2016\/03\/estudiantes-protestan-pancartas-300x225.jpeg 300w, http:\/\/www.grieta.org.mx\/wp-content\/uploads\/2016\/03\/estudiantes-protestan-pancartas.jpeg 720w\" sizes=\"auto, (max-width: 680px) 100vw, 680px\" \/><figcaption id=\"caption-attachment-2216\" class=\"wp-caption-text\">Postura. Algunas escuelas mandaron a hacer sus pancartas para protestar en contra de la Reforma.<\/figcaption><\/figure>\n<p><a href=\"http:\/\/www.elsiglodedurango.com.mx\/noticia\/648917.maestros-protestan-y-encierran-a-vela.html\" target=\"_blank\">www.elsiglodedurango.com.mx\/noticia\/648917.maestros-protestan-y-encierran-a-vela.html<\/a><\/p>\n","protected":false},"excerpt":{"rendered":"<p>La Secretar\u00eda de Educaci\u00f3n admiti\u00f3 la suspensi\u00f3n de clases en 45 escuelas Miles de maestros, estudiantes y padres de familia marcharon desde el lugar donde se juntan el bulevar Domingo &hellip; <a href=\"http:\/\/www.grieta.org.mx\/index.php\/2016\/03\/09\/maestros-protestan-y-encierran-a-vela\/\" class=\"more-link\">Leer m\u00e1s<\/a><\/p>\n","protected":false},"author":2,"featured_media":21928,"comment_status":"closed","ping_status":"open","sticky":false,"template":"","format":"standard","meta":{"ngg_post_thumbnail":0,"_jetpack_newsletter_access":"","_jetpack_dont_email_post_to_subs":false,"_jetpack_newsletter_tier_id":0,"_jetpack_memberships_contains_paywalled_content":false,"_jetpack_memberships_contains_paid_content":false,"footnotes":""},"categories":[80,15,173,1114],"tags":[132,180,135],"class_list":{"0":"post-2211","1":"post","2":"type-post","3":"status-publish","4":"format-standard","5":"has-post-thumbnail","6":"hentry","7":"category-cintillo","8":"category-durango","10":"category-movilizaciones-contra-la-reforma-educativa-y-evaluacion-magisterial-en-durango","11":"tag-evaluacion-al-desempeno","12":"tag-protesta","13":"tag-reforma-educativa","14":"entry"},"jetpack_featured_media_url":"http:\/\/www.grieta.org.mx\/wp-content\/uploads\/2018\/03\/14524434_1106112876131411_958039263622046936_o.jpg","jetpack_sharing_enabled":true,"jetpack_shortlink":"https:\/\/wp.me\/p7ZJR4-zF","jetpack_likes_enabled":false,"jetpack-related-posts":[{"id":15245,"url":"http:\/\/www.grieta.org.mx\/index.php\/2015\/06\/24\/diez-mil-maestros-en-durango-protestan-contra-evaluacion\/","url_meta":{"origin":2211,"position":0},"title":"Diez mil maestros en Durango protestan contra evaluaci\u00f3n","author":"grieta","date":"24 junio, 2015","format":false,"excerpt":"Tomaron de forma pac\u00edfica las oficinas de la secretar\u00eda de educaci\u00f3n y se\u00f1alan que est\u00e1n contra adem\u00e1s de la reubicaci\u00f3n de los Asistentes T\u00e9cnicos Pedag\u00f3gicos. Silvia Ayala Carmona Durango Aproximadamente 10 mil maestros llegaron hasta la secretar\u00eda de Educaci\u00f3n en Durango, exigiendo se detenga la evaluaci\u00f3n magisterial, as\u00ed como la\u2026","rel":"","context":"En &quot;CINTILLO&quot;","block_context":{"text":"CINTILLO","link":"http:\/\/www.grieta.org.mx\/index.php\/category\/cintillo\/"},"img":{"alt_text":"","src":"https:\/\/i0.wp.com\/www.grieta.org.mx\/wp-content\/uploads\/2018\/03\/14524434_1106112876131411_958039263622046936_o.jpg?resize=350%2C200","width":350,"height":200,"srcset":"https:\/\/i0.wp.com\/www.grieta.org.mx\/wp-content\/uploads\/2018\/03\/14524434_1106112876131411_958039263622046936_o.jpg?resize=350%2C200 1x, https:\/\/i0.wp.com\/www.grieta.org.mx\/wp-content\/uploads\/2018\/03\/14524434_1106112876131411_958039263622046936_o.jpg?resize=525%2C300 1.5x, https:\/\/i0.wp.com\/www.grieta.org.mx\/wp-content\/uploads\/2018\/03\/14524434_1106112876131411_958039263622046936_o.jpg?resize=700%2C400 2x"},"classes":[]},{"id":4100,"url":"http:\/\/www.grieta.org.mx\/index.php\/2016\/03\/17\/protestan-maestros-por-falta-de-pagos\/","url_meta":{"origin":2211,"position":1},"title":"Protestan maestros por falta de pagos","author":"grieta","date":"17 marzo, 2016","format":false,"excerpt":"De nueva cuenta, maestros de Durango se apostaron en torno a las instalaciones de la Secretar\u00eda de Educaci\u00f3n del Estado de Durango (SEED) para protestar. En esta ocasi\u00f3n los docentes manifestaron su inconformidad debido a que en la quincena que acaba de pasar, varios no recibieron su pago y a\u2026","rel":"","context":"En &quot;CINTILLO&quot;","block_context":{"text":"CINTILLO","link":"http:\/\/www.grieta.org.mx\/index.php\/category\/cintillo\/"},"img":{"alt_text":"","src":"https:\/\/i0.wp.com\/www.grieta.org.mx\/wp-content\/uploads\/2018\/03\/14524434_1106112876131411_958039263622046936_o.jpg?resize=350%2C200","width":350,"height":200,"srcset":"https:\/\/i0.wp.com\/www.grieta.org.mx\/wp-content\/uploads\/2018\/03\/14524434_1106112876131411_958039263622046936_o.jpg?resize=350%2C200 1x, https:\/\/i0.wp.com\/www.grieta.org.mx\/wp-content\/uploads\/2018\/03\/14524434_1106112876131411_958039263622046936_o.jpg?resize=525%2C300 1.5x, https:\/\/i0.wp.com\/www.grieta.org.mx\/wp-content\/uploads\/2018\/03\/14524434_1106112876131411_958039263622046936_o.jpg?resize=700%2C400 2x"},"classes":[]},{"id":10076,"url":"http:\/\/www.grieta.org.mx\/index.php\/2016\/04\/08\/vela-comparece-los-maestros-protestan\/","url_meta":{"origin":2211,"position":2},"title":"Vela comparece; los maestros protestan","author":"grieta","date":"8 abril, 2016","format":false,"excerpt":"Mientras que H\u00e9ctor Vela Valenzuela, titular de la Secretar\u00eda de Educaci\u00f3n del Estado de Durango (SEED), comparec\u00eda ante la Comisi\u00f3n de Educaci\u00f3n P\u00fablica del Congreso del Estado, cientos de maestros llegaron a la parte exterior del recinto, para exigir el pago de salarios y reafirmar su postura en contra de\u2026","rel":"","context":"En &quot;CINTILLO&quot;","block_context":{"text":"CINTILLO","link":"http:\/\/www.grieta.org.mx\/index.php\/category\/cintillo\/"},"img":{"alt_text":"","src":"https:\/\/i0.wp.com\/www.grieta.org.mx\/wp-content\/uploads\/2018\/03\/14524434_1106112876131411_958039263622046936_o.jpg?resize=350%2C200","width":350,"height":200,"srcset":"https:\/\/i0.wp.com\/www.grieta.org.mx\/wp-content\/uploads\/2018\/03\/14524434_1106112876131411_958039263622046936_o.jpg?resize=350%2C200 1x, https:\/\/i0.wp.com\/www.grieta.org.mx\/wp-content\/uploads\/2018\/03\/14524434_1106112876131411_958039263622046936_o.jpg?resize=525%2C300 1.5x, https:\/\/i0.wp.com\/www.grieta.org.mx\/wp-content\/uploads\/2018\/03\/14524434_1106112876131411_958039263622046936_o.jpg?resize=700%2C400 2x"},"classes":[]},{"id":3864,"url":"http:\/\/www.grieta.org.mx\/index.php\/2016\/03\/18\/arrestan-en-durango-a-dos-maestros-por-protestar-contra-la-reforma-educativa\/","url_meta":{"origin":2211,"position":3},"title":"Arrestan en Durango a dos maestros por protestar contra la reforma educativa","author":"grieta","date":"18 marzo, 2016","format":false,"excerpt":"* Son acusados de mot\u00edn y privaci\u00f3n de la libertad por tomar oficinas estatales * Admite la fiscal que han cateado 5 viviendas y que hay 20 \u00f3rdenes de aprehensi\u00f3n contra docentes Dos maestros de Durango que se han manifestado contra la evaluaci\u00f3n de desempe\u00f1o docente que promueve la reforma\u2026","rel":"","context":"En &quot;CINTILLO&quot;","block_context":{"text":"CINTILLO","link":"http:\/\/www.grieta.org.mx\/index.php\/category\/cintillo\/"},"img":{"alt_text":"","src":"https:\/\/i0.wp.com\/www.grieta.org.mx\/wp-content\/uploads\/2018\/03\/14524434_1106112876131411_958039263622046936_o.jpg?resize=350%2C200","width":350,"height":200,"srcset":"https:\/\/i0.wp.com\/www.grieta.org.mx\/wp-content\/uploads\/2018\/03\/14524434_1106112876131411_958039263622046936_o.jpg?resize=350%2C200 1x, https:\/\/i0.wp.com\/www.grieta.org.mx\/wp-content\/uploads\/2018\/03\/14524434_1106112876131411_958039263622046936_o.jpg?resize=525%2C300 1.5x, https:\/\/i0.wp.com\/www.grieta.org.mx\/wp-content\/uploads\/2018\/03\/14524434_1106112876131411_958039263622046936_o.jpg?resize=700%2C400 2x"},"classes":[]},{"id":4116,"url":"http:\/\/www.grieta.org.mx\/index.php\/2016\/03\/16\/padres-de-familia-toman-escuela-por-despido-de-maestras\/","url_meta":{"origin":2211,"position":4},"title":"Padres de familia toman escuela por despido de maestras","author":"grieta","date":"16 marzo, 2016","format":false,"excerpt":"Esta ma\u00f1ana el Comit\u00e9 de padres de familia de la primaria Vicente Guerrero, ubicada en el Fraccionamiento Las Playas, tomaron las instalaciones. El grupo se mostr\u00f3 inconforme por la Reforma Educativa, tras la notificaci\u00f3n de despido de cinco maestras del turno matutino por no presentar la evaluaci\u00f3n docente. Hasta el\u2026","rel":"","context":"En &quot;CINTILLO&quot;","block_context":{"text":"CINTILLO","link":"http:\/\/www.grieta.org.mx\/index.php\/category\/cintillo\/"},"img":{"alt_text":"","src":"https:\/\/i0.wp.com\/www.grieta.org.mx\/wp-content\/uploads\/2018\/03\/14524434_1106112876131411_958039263622046936_o.jpg?resize=350%2C200","width":350,"height":200,"srcset":"https:\/\/i0.wp.com\/www.grieta.org.mx\/wp-content\/uploads\/2018\/03\/14524434_1106112876131411_958039263622046936_o.jpg?resize=350%2C200 1x, https:\/\/i0.wp.com\/www.grieta.org.mx\/wp-content\/uploads\/2018\/03\/14524434_1106112876131411_958039263622046936_o.jpg?resize=525%2C300 1.5x, https:\/\/i0.wp.com\/www.grieta.org.mx\/wp-content\/uploads\/2018\/03\/14524434_1106112876131411_958039263622046936_o.jpg?resize=700%2C400 2x"},"classes":[]},{"id":2218,"url":"http:\/\/www.grieta.org.mx\/index.php\/2016\/02\/06\/maestros-cierran-calles-y-clausuran-el-congreso\/","url_meta":{"origin":2211,"position":5},"title":"Maestros cierran calles y \u201cclausuran\u201d el Congreso","author":"grieta","date":"6 febrero, 2016","format":false,"excerpt":"Por Martrha Casas Durango, Dgo. Decenas de maestros se dieron cita en el exterior de la delegaci\u00f3n de la Secretar\u00eda de Educaci\u00f3n P\u00fablica y caminaron hasta el Congreso del Estado, el cual \u201cclausuraron\u201d en protesta por los efectos de la reforma educativa y aun en contra de las evaluaciones. Rafael\u2026","rel":"","context":"En &quot;CINTILLO&quot;","block_context":{"text":"CINTILLO","link":"http:\/\/www.grieta.org.mx\/index.php\/category\/cintillo\/"},"img":{"alt_text":"","src":"https:\/\/i0.wp.com\/www.grieta.org.mx\/wp-content\/uploads\/2018\/03\/14524434_1106112876131411_958039263622046936_o.jpg?resize=350%2C200","width":350,"height":200,"srcset":"https:\/\/i0.wp.com\/www.grieta.org.mx\/wp-content\/uploads\/2018\/03\/14524434_1106112876131411_958039263622046936_o.jpg?resize=350%2C200 1x, https:\/\/i0.wp.com\/www.grieta.org.mx\/wp-content\/uploads\/2018\/03\/14524434_1106112876131411_958039263622046936_o.jpg?resize=525%2C300 1.5x, https:\/\/i0.wp.com\/www.grieta.org.mx\/wp-content\/uploads\/2018\/03\/14524434_1106112876131411_958039263622046936_o.jpg?resize=700%2C400 2x"},"classes":[]}],"_links":{"self":[{"href":"http:\/\/www.grieta.org.mx\/index.php\/wp-json\/wp\/v2\/posts\/2211","targetHints":{"allow":["GET"]}}],"collection":[{"href":"http:\/\/www.grieta.org.mx\/index.php\/wp-json\/wp\/v2\/posts"}],"about":[{"href":"http:\/\/www.grieta.org.mx\/index.php\/wp-json\/wp\/v2\/types\/post"}],"author":[{"embeddable":true,"href":"http:\/\/www.grieta.org.mx\/index.php\/wp-json\/wp\/v2\/users\/2"}],"replies":[{"embeddable":true,"href":"http:\/\/www.grieta.org.mx\/index.php\/wp-json\/wp\/v2\/comments?post=2211"}],"version-history":[{"count":1,"href":"http:\/\/www.grieta.org.mx\/index.php\/wp-json\/wp\/v2\/posts\/2211\/revisions"}],"predecessor-version":[{"id":2217,"href":"http:\/\/www.grieta.org.mx\/index.php\/wp-json\/wp\/v2\/posts\/2211\/revisions\/2217"}],"wp:featuredmedia":[{"embeddable":true,"href":"http:\/\/www.grieta.org.mx\/index.php\/wp-json\/wp\/v2\/media\/21928"}],"wp:attachment":[{"href":"http:\/\/www.grieta.org.mx\/index.php\/wp-json\/wp\/v2\/media?parent=2211"}],"wp:term":[{"taxonomy":"category","embeddable":true,"href":"http:\/\/www.grieta.org.mx\/index.php\/wp-json\/wp\/v2\/categories?post=2211"},{"taxonomy":"post_tag","embeddable":true,"href":"http:\/\/www.grieta.org.mx\/index.php\/wp-json\/wp\/v2\/tags?post=2211"}],"curies":[{"name":"wp","href":"https:\/\/api.w.org\/{rel}","templated":true}]}}