{"id":2203,"date":"2016-03-09T20:59:07","date_gmt":"2016-03-09T20:59:07","guid":{"rendered":"http:\/\/50.22.11.12\/~grietaor\/?p=2203"},"modified":"2018-03-29T18:57:01","modified_gmt":"2018-03-30T00:57:01","slug":"papas-tambien-cierran-escuelas","status":"publish","type":"post","link":"http:\/\/www.grieta.org.mx\/index.php\/2016\/03\/09\/papas-tambien-cierran-escuelas\/","title":{"rendered":"Pap\u00e1s tambi\u00e9n cierran escuelas"},"content":{"rendered":"<figure id=\"attachment_2208\" aria-describedby=\"caption-attachment-2208\" style=\"width: 680px\" class=\"wp-caption aligncenter\"><img loading=\"lazy\" decoding=\"async\" data-attachment-id=\"2208\" data-permalink=\"http:\/\/www.grieta.org.mx\/index.php\/2016\/03\/09\/papas-tambien-cierran-escuelas\/papas-cierran-escuelas-durango\/\" data-orig-file=\"http:\/\/www.grieta.org.mx\/wp-content\/uploads\/2016\/03\/papas-cierran-escuelas-durango.jpeg\" data-orig-size=\"720,540\" data-comments-opened=\"0\" data-image-meta=\"{&quot;aperture&quot;:&quot;0&quot;,&quot;credit&quot;:&quot;&quot;,&quot;camera&quot;:&quot;&quot;,&quot;caption&quot;:&quot;&quot;,&quot;created_timestamp&quot;:&quot;0&quot;,&quot;copyright&quot;:&quot;&quot;,&quot;focal_length&quot;:&quot;0&quot;,&quot;iso&quot;:&quot;0&quot;,&quot;shutter_speed&quot;:&quot;0&quot;,&quot;title&quot;:&quot;&quot;,&quot;orientation&quot;:&quot;0&quot;}\" data-image-title=\"Pap\u00e1s cierran escuelas Durango\" data-image-description=\"\" data-image-caption=\"&lt;p&gt;Protesta. Esta es una de las escuelas en donde no hubo clases en apoyo a los maestros que ser\u00e1n despedidos.&lt;\/p&gt;\n\" data-medium-file=\"http:\/\/www.grieta.org.mx\/wp-content\/uploads\/2016\/03\/papas-cierran-escuelas-durango-300x225.jpeg\" data-large-file=\"http:\/\/www.grieta.org.mx\/wp-content\/uploads\/2016\/03\/papas-cierran-escuelas-durango.jpeg\" class=\"wp-image-2208\" src=\"http:\/\/grieta.org.mx\/wp-content\/uploads\/2016\/03\/papas-cierran-escuelas-durango-300x225.jpeg\" alt=\"Protesta. Esta es una de las escuelas en donde no hubo clases en apoyo a los maestros que ser\u00e1n despedidos.\" width=\"680\" height=\"510\" srcset=\"http:\/\/www.grieta.org.mx\/wp-content\/uploads\/2016\/03\/papas-cierran-escuelas-durango-300x225.jpeg 300w, http:\/\/www.grieta.org.mx\/wp-content\/uploads\/2016\/03\/papas-cierran-escuelas-durango.jpeg 720w\" sizes=\"auto, (max-width: 680px) 100vw, 680px\" \/><figcaption id=\"caption-attachment-2208\" class=\"wp-caption-text\">Protesta. Esta es una de las escuelas en donde no hubo clases en apoyo a los maestros que ser\u00e1n despedidos.<\/figcaption><\/figure>\n<blockquote><p>Padres de familia de la Escuela Primaria Bruno Mart\u00ednez, decidieron cerrar el plantel, para respaldar a los maestros que ser\u00e1n dados de baja del sistema educativo por no evaluarse.<\/p><\/blockquote>\n<p>Alonso Hern\u00e1ndez, vocal de la Sociedad de Padres de Familia, expuso que en la escuela hay una maestra con m\u00e1s de 20 a\u00f1os de servicio, que ser\u00e1 dada de baja por no participar en la evaluaci\u00f3n de desempe\u00f1o.<\/p>\n<p>\u201cEs una maestra que ha formado a varias generaciones en esta tradicional instituci\u00f3n, cuenta con el apoyo de los padres de familia debido a la calidad de su trabajo y a\u00fan as\u00ed est\u00e1n a punto de despedirla sin ning\u00fan derecho a reclamar sus prestaciones\u201d, expuso.<\/p>\n<p>Rodolfo Garc\u00eda, tambi\u00e9n de la Mesa Directiva de Padres, manifest\u00f3 que esperan que las autoridades reconsideren la forma en la que est\u00e1n procediendo en contra de los maestros.<\/p>\n<p>\u201cPrimero deber\u00edan evaluarse los pol\u00edticos y luego proceder con los dem\u00e1s sectores, porque es injusto que teniendo nosotros buenos maestros, los quieran quitar mediante un m\u00e9todo dudoso\u201d, dijo.<\/p>\n<p>En el plantel permanecieron algunos pap\u00e1s y mam\u00e1s, que colocaron algunas pancartas al exterior, mientras manten\u00edan las puertas cerradas de esta escuela ubicada en la esquina de Norman Fuentes y Pino Su\u00e1rez, en Zona Centro.<\/p>\n<p><strong>Respaldo<\/strong><\/p>\n<p>Defienden a una maestra con m\u00e1s de 20 a\u00f1os de servicio, que ser\u00e1 dada de baja por no participar en la evaluaci\u00f3n de desempe\u00f1o.<\/p>\n<p><strong>Postura<\/strong><\/p>\n<p>Padres de familia de la Primaria Bruno Mart\u00ednez, piden que primero eval\u00faen a los pol\u00edticos y despu\u00e9s a los dem\u00e1s sectores.<\/p>\n<p><a href=\"http:\/\/www.elsiglodedurango.com.mx\/noticia\/648920.papas-tambien-cierran-escuelas.html\" target=\"_blank\">www.elsiglodedurango.com.mx\/noticia\/648920.papas-tambien-cierran-escuelas.html<\/a><\/p>\n","protected":false},"excerpt":{"rendered":"<p>Padres de familia de la Escuela Primaria Bruno Mart\u00ednez, decidieron cerrar el plantel, para respaldar a los maestros que ser\u00e1n dados de baja del sistema educativo por no evaluarse. Alonso &hellip; <a href=\"http:\/\/www.grieta.org.mx\/index.php\/2016\/03\/09\/papas-tambien-cierran-escuelas\/\" class=\"more-link\">Leer m\u00e1s<\/a><\/p>\n","protected":false},"author":2,"featured_media":21928,"comment_status":"closed","ping_status":"open","sticky":false,"template":"","format":"standard","meta":{"ngg_post_thumbnail":0,"_jetpack_newsletter_access":"","_jetpack_dont_email_post_to_subs":false,"_jetpack_newsletter_tier_id":0,"_jetpack_memberships_contains_paywalled_content":false,"_jetpack_memberships_contains_paid_content":false,"footnotes":""},"categories":[80,15,173,1114],"tags":[163,132,135],"class_list":{"0":"post-2203","1":"post","2":"type-post","3":"status-publish","4":"format-standard","5":"has-post-thumbnail","6":"hentry","7":"category-cintillo","8":"category-durango","10":"category-movilizaciones-contra-la-reforma-educativa-y-evaluacion-magisterial-en-durango","11":"tag-despidos","12":"tag-evaluacion-al-desempeno","13":"tag-reforma-educativa","14":"entry"},"jetpack_featured_media_url":"http:\/\/www.grieta.org.mx\/wp-content\/uploads\/2018\/03\/14524434_1106112876131411_958039263622046936_o.jpg","jetpack_sharing_enabled":true,"jetpack_shortlink":"https:\/\/wp.me\/p7ZJR4-zx","jetpack_likes_enabled":false,"jetpack-related-posts":[{"id":10668,"url":"http:\/\/www.grieta.org.mx\/index.php\/2016\/04\/21\/padres-de-familia-cierra-escuela-carlos-romo-en-gv\/","url_meta":{"origin":2203,"position":0},"title":"Padres de familia, Cierra Escuela Carlos Romo en GV","author":"grieta","date":"21 abril, 2016","format":false,"excerpt":"Por: Perla R\u00edos Guadalupe Victoria, Dgo.- Padres de familia de la escuela Carlos Romo en la localidad de Guadalupe Victoria, cerraron las ?puertas de dicha instituci\u00f3n, ya que exigen que el docente Abundio Torres, reciba su sueldo, cometan que desde el mes de marzo no est\u00e1 percibiendo ingresos. As\u00ed lo\u2026","rel":"","context":"En &quot;CINTILLO&quot;","block_context":{"text":"CINTILLO","link":"http:\/\/www.grieta.org.mx\/index.php\/category\/cintillo\/"},"img":{"alt_text":"","src":"https:\/\/i0.wp.com\/www.grieta.org.mx\/wp-content\/uploads\/2018\/03\/14524434_1106112876131411_958039263622046936_o.jpg?resize=350%2C200","width":350,"height":200,"srcset":"https:\/\/i0.wp.com\/www.grieta.org.mx\/wp-content\/uploads\/2018\/03\/14524434_1106112876131411_958039263622046936_o.jpg?resize=350%2C200 1x, https:\/\/i0.wp.com\/www.grieta.org.mx\/wp-content\/uploads\/2018\/03\/14524434_1106112876131411_958039263622046936_o.jpg?resize=525%2C300 1.5x, https:\/\/i0.wp.com\/www.grieta.org.mx\/wp-content\/uploads\/2018\/03\/14524434_1106112876131411_958039263622046936_o.jpg?resize=700%2C400 2x"},"classes":[]},{"id":3858,"url":"http:\/\/www.grieta.org.mx\/index.php\/2016\/03\/18\/en-el-salto-cerraron-padres-8-escuelas\/","url_meta":{"origin":2203,"position":1},"title":"En El Salto cerraron padres 8 escuelas","author":"grieta","date":"18 marzo, 2016","format":false,"excerpt":"En apoyo a los maestros que la SEP pretende dar de baja en este ciclo En El Salto fueron ocho las escuelas en donde los padres de familia cerraron los planteles en apoyo a los docentes que quieren ser despedidos por no presentar el examen de evaluaci\u00f3n educativa. De acuerdo\u2026","rel":"","context":"En &quot;CINTILLO&quot;","block_context":{"text":"CINTILLO","link":"http:\/\/www.grieta.org.mx\/index.php\/category\/cintillo\/"},"img":{"alt_text":"","src":"https:\/\/i0.wp.com\/www.grieta.org.mx\/wp-content\/uploads\/2018\/03\/14524434_1106112876131411_958039263622046936_o.jpg?resize=350%2C200","width":350,"height":200,"srcset":"https:\/\/i0.wp.com\/www.grieta.org.mx\/wp-content\/uploads\/2018\/03\/14524434_1106112876131411_958039263622046936_o.jpg?resize=350%2C200 1x, https:\/\/i0.wp.com\/www.grieta.org.mx\/wp-content\/uploads\/2018\/03\/14524434_1106112876131411_958039263622046936_o.jpg?resize=525%2C300 1.5x, https:\/\/i0.wp.com\/www.grieta.org.mx\/wp-content\/uploads\/2018\/03\/14524434_1106112876131411_958039263622046936_o.jpg?resize=700%2C400 2x"},"classes":[]},{"id":10141,"url":"http:\/\/www.grieta.org.mx\/index.php\/2016\/04\/08\/padres-de-familia-dicen-impedir-clases-en-12-escuelas-sej-lo-rechaza\/","url_meta":{"origin":2203,"position":2},"title":"Padres de familia dicen impedir clases en 12 escuelas; SEJ lo rechaza","author":"grieta","date":"8 abril, 2016","format":false,"excerpt":"OMAR GARC\u00cdA Se manifiestan en apoyo a los maestros que fueron despedidos por no presentar la evaluaci\u00f3n docente GUADALAJARA, JALISCO (08\/ABR\/2016).- Martha Gonz\u00e1lez es madre de familia de una alumna de la escuela Roberto Quiroz, en la colonia Polanquito de Tlaquepaque. Durante el martes y mi\u00e9rcoles, ella junto con las\u2026","rel":"","context":"En &quot;CINTILLO&quot;","block_context":{"text":"CINTILLO","link":"http:\/\/www.grieta.org.mx\/index.php\/category\/cintillo\/"},"img":{"alt_text":"","src":"https:\/\/i0.wp.com\/www.grieta.org.mx\/wp-content\/uploads\/2018\/03\/14524434_1106112876131411_958039263622046936_o.jpg?resize=350%2C200","width":350,"height":200,"srcset":"https:\/\/i0.wp.com\/www.grieta.org.mx\/wp-content\/uploads\/2018\/03\/14524434_1106112876131411_958039263622046936_o.jpg?resize=350%2C200 1x, https:\/\/i0.wp.com\/www.grieta.org.mx\/wp-content\/uploads\/2018\/03\/14524434_1106112876131411_958039263622046936_o.jpg?resize=525%2C300 1.5x, https:\/\/i0.wp.com\/www.grieta.org.mx\/wp-content\/uploads\/2018\/03\/14524434_1106112876131411_958039263622046936_o.jpg?resize=700%2C400 2x"},"classes":[]},{"id":11525,"url":"http:\/\/www.grieta.org.mx\/index.php\/2016\/04\/26\/exigen-que-renuncie-el-director-de-escuela\/","url_meta":{"origin":2203,"position":3},"title":"Exigen que renuncie el director de escuela","author":"grieta","date":"26 abril, 2016","format":false,"excerpt":"G\u00d3MEZ PALACIO, DGO.- Para exigir la salida del director y mejores condiciones educativas para sus hijos, un grupo de madres de familia realiz\u00f3 un plant\u00f3n en la escuela primaria Gregorio Torres Quintero, ya que se cambia constantemente de maestros y una de ellas acude a dar clases sin percibir sueldo,\u2026","rel":"","context":"En &quot;CINTILLO&quot;","block_context":{"text":"CINTILLO","link":"http:\/\/www.grieta.org.mx\/index.php\/category\/cintillo\/"},"img":{"alt_text":"","src":"https:\/\/i0.wp.com\/www.grieta.org.mx\/wp-content\/uploads\/2018\/03\/14524434_1106112876131411_958039263622046936_o.jpg?resize=350%2C200","width":350,"height":200,"srcset":"https:\/\/i0.wp.com\/www.grieta.org.mx\/wp-content\/uploads\/2018\/03\/14524434_1106112876131411_958039263622046936_o.jpg?resize=350%2C200 1x, https:\/\/i0.wp.com\/www.grieta.org.mx\/wp-content\/uploads\/2018\/03\/14524434_1106112876131411_958039263622046936_o.jpg?resize=525%2C300 1.5x, https:\/\/i0.wp.com\/www.grieta.org.mx\/wp-content\/uploads\/2018\/03\/14524434_1106112876131411_958039263622046936_o.jpg?resize=700%2C400 2x"},"classes":[]},{"id":4108,"url":"http:\/\/www.grieta.org.mx\/index.php\/2016\/03\/18\/familias-protestan-por-cese-de-maestros\/","url_meta":{"origin":2203,"position":4},"title":"Familias protestan por cese de maestros","author":"grieta","date":"18 marzo, 2016","format":false,"excerpt":"CLAUDIA LANDEROS El siglo de torre\u00f3n Una comisi\u00f3n de madres de familia de tres colonias de G\u00f3mez Palacio, El Mezquital, Solidaridad y Leticia Herrera acudieron a manifestarse a las oficinas de la Subsecretar\u00eda de Educaci\u00f3n en la regi\u00f3n Lagunera, exponiendo principalmente su molestia ante el cese de maestros que no\u2026","rel":"","context":"En &quot;CINTILLO&quot;","block_context":{"text":"CINTILLO","link":"http:\/\/www.grieta.org.mx\/index.php\/category\/cintillo\/"},"img":{"alt_text":"","src":"https:\/\/i0.wp.com\/www.grieta.org.mx\/wp-content\/uploads\/2018\/03\/14524434_1106112876131411_958039263622046936_o.jpg?resize=350%2C200","width":350,"height":200,"srcset":"https:\/\/i0.wp.com\/www.grieta.org.mx\/wp-content\/uploads\/2018\/03\/14524434_1106112876131411_958039263622046936_o.jpg?resize=350%2C200 1x, https:\/\/i0.wp.com\/www.grieta.org.mx\/wp-content\/uploads\/2018\/03\/14524434_1106112876131411_958039263622046936_o.jpg?resize=525%2C300 1.5x, https:\/\/i0.wp.com\/www.grieta.org.mx\/wp-content\/uploads\/2018\/03\/14524434_1106112876131411_958039263622046936_o.jpg?resize=700%2C400 2x"},"classes":[]},{"id":4116,"url":"http:\/\/www.grieta.org.mx\/index.php\/2016\/03\/16\/padres-de-familia-toman-escuela-por-despido-de-maestras\/","url_meta":{"origin":2203,"position":5},"title":"Padres de familia toman escuela por despido de maestras","author":"grieta","date":"16 marzo, 2016","format":false,"excerpt":"Esta ma\u00f1ana el Comit\u00e9 de padres de familia de la primaria Vicente Guerrero, ubicada en el Fraccionamiento Las Playas, tomaron las instalaciones. El grupo se mostr\u00f3 inconforme por la Reforma Educativa, tras la notificaci\u00f3n de despido de cinco maestras del turno matutino por no presentar la evaluaci\u00f3n docente. Hasta el\u2026","rel":"","context":"En &quot;CINTILLO&quot;","block_context":{"text":"CINTILLO","link":"http:\/\/www.grieta.org.mx\/index.php\/category\/cintillo\/"},"img":{"alt_text":"","src":"https:\/\/i0.wp.com\/www.grieta.org.mx\/wp-content\/uploads\/2018\/03\/14524434_1106112876131411_958039263622046936_o.jpg?resize=350%2C200","width":350,"height":200,"srcset":"https:\/\/i0.wp.com\/www.grieta.org.mx\/wp-content\/uploads\/2018\/03\/14524434_1106112876131411_958039263622046936_o.jpg?resize=350%2C200 1x, https:\/\/i0.wp.com\/www.grieta.org.mx\/wp-content\/uploads\/2018\/03\/14524434_1106112876131411_958039263622046936_o.jpg?resize=525%2C300 1.5x, https:\/\/i0.wp.com\/www.grieta.org.mx\/wp-content\/uploads\/2018\/03\/14524434_1106112876131411_958039263622046936_o.jpg?resize=700%2C400 2x"},"classes":[]}],"_links":{"self":[{"href":"http:\/\/www.grieta.org.mx\/index.php\/wp-json\/wp\/v2\/posts\/2203","targetHints":{"allow":["GET"]}}],"collection":[{"href":"http:\/\/www.grieta.org.mx\/index.php\/wp-json\/wp\/v2\/posts"}],"about":[{"href":"http:\/\/www.grieta.org.mx\/index.php\/wp-json\/wp\/v2\/types\/post"}],"author":[{"embeddable":true,"href":"http:\/\/www.grieta.org.mx\/index.php\/wp-json\/wp\/v2\/users\/2"}],"replies":[{"embeddable":true,"href":"http:\/\/www.grieta.org.mx\/index.php\/wp-json\/wp\/v2\/comments?post=2203"}],"version-history":[{"count":1,"href":"http:\/\/www.grieta.org.mx\/index.php\/wp-json\/wp\/v2\/posts\/2203\/revisions"}],"predecessor-version":[{"id":2209,"href":"http:\/\/www.grieta.org.mx\/index.php\/wp-json\/wp\/v2\/posts\/2203\/revisions\/2209"}],"wp:featuredmedia":[{"embeddable":true,"href":"http:\/\/www.grieta.org.mx\/index.php\/wp-json\/wp\/v2\/media\/21928"}],"wp:attachment":[{"href":"http:\/\/www.grieta.org.mx\/index.php\/wp-json\/wp\/v2\/media?parent=2203"}],"wp:term":[{"taxonomy":"category","embeddable":true,"href":"http:\/\/www.grieta.org.mx\/index.php\/wp-json\/wp\/v2\/categories?post=2203"},{"taxonomy":"post_tag","embeddable":true,"href":"http:\/\/www.grieta.org.mx\/index.php\/wp-json\/wp\/v2\/tags?post=2203"}],"curies":[{"name":"wp","href":"https:\/\/api.w.org\/{rel}","templated":true}]}}