{"id":22014,"date":"2017-10-16T17:16:18","date_gmt":"2017-10-16T22:16:18","guid":{"rendered":"http:\/\/www.grieta.org.mx\/?p=22014"},"modified":"2018-03-10T17:21:34","modified_gmt":"2018-03-10T23:21:34","slug":"cni-yucatan-saluda-la-lucha-de-autodeterminacion-del-pueblo-maya-de-homun","status":"publish","type":"post","link":"http:\/\/www.grieta.org.mx\/index.php\/2017\/10\/16\/cni-yucatan-saluda-la-lucha-de-autodeterminacion-del-pueblo-maya-de-homun\/","title":{"rendered":"CNI Yucat\u00e1n saluda la lucha de autodeterminaci\u00f3n del pueblo maya de Hom\u00fan"},"content":{"rendered":"<p>El Congreso Nacional Ind\u00edgena de Yucat\u00e1n saluda la lucha de autodeterminaci\u00f3n del pueblo maya de Hom\u00fan<\/p>\n<p>Al Colectivo Kana\u2019an  Ts\u2019onot<br \/>\nAl pueblo Maya de Hom\u00fan<br \/>\nA la Red de Apoyo al Concejo Ind\u00edgena de Gobierno del CNI en Yucat\u00e1n<br \/>\nAl Concejo Ind\u00edgena de Gobierno<br \/>\nAl pueblo maya del estado de Yucat\u00e1n<br \/>\nA todo el pueblo yucateco<br \/>\nHermanos, hermanas, el pueblo maya peninsular sigue caminando en el ejercicio de su autonom\u00eda y este domingo 9 de octubre ha dado un paso m\u00e1s en esa direcci\u00f3n. El pueblo maya de Hom\u00fan, reclamando su derecho a la libre autodeterminaci\u00f3n, reconocido en el art\u00edculo 7 bis de la Constituci\u00f3n Pol\u00edtica del Estado de Yucat\u00e1n, organiz\u00f3 una consulta comunitaria para decidir el futuro de su territorio. Nuestra compa\u00f1era Yamili Chan Dzul, miembro del Congreso Nacional Ind\u00edgena y miembro del Concejo Ind\u00edgena de Gobierno, fue invitada por el grupo Kana\u2019an Ts\u2019onot organizadores de la consulta, para ser testigo del proceso llevado a cabo el d\u00eda siete de octubre pasado.<\/p>\n<p>Durante la jornada el pueblo de Hom\u00fan decidi\u00f3 decirle NO a la instalaci\u00f3n de la granja porc\u00edcola en su territorio, cuyos permisos fueron concedidos por los diversos niveles de gobierno (municipal y estatal) sin la necesaria fase previa de consulta e informaci\u00f3n. Esta actitud del gobierno estatal, quien hace y deshace en nuestros territorios ha sido la que hemos recibido desde siempre, como lo evidencia bien el proceso de consulta que se ha estado llevando a cabo en los Chenes, Campeche.<\/p>\n<p>Llamamos la atenci\u00f3n acerca del desprecio de las instituciones estatales como CDI e INDEMAYA, quienes han ignorado sistem\u00e1ticamente los llamamientos a presenciar el ejercicio de autodeterminaci\u00f3n del pueblo maya de Hom\u00fan. Saludamos y apoyamos la consulta realizada este domingo, quienes no hacen m\u00e1s que defender el derecho de autodeterminaci\u00f3n que el Pueblo Maya reclama para proteger su territorio y esperamos que los resultados de la consulta sean respetados por las autoridades estatales.<\/p>\n<p>Por la reconstituci\u00f3n integral de los pueblos<br \/>\nYo\u2019olal u ka\u2019a l\u00edik\u2019il le kaajilo\u2019ob<\/p>\n<p>Nunca m\u00e1s un M\u00e9xico sin nosotros<br \/>\nMix bik\u2019\u00edin jump\u2019\u00e9el M\u00e9xico wa mina\u2019ano\u2019on<\/p>\n<p>Congreso Nacional Ind\u00edgena  del Estado de Yucat\u00e1n<br \/>\nConcejales del pueblo Maya de Yucat\u00e1n del Concejo Ind\u00edgena de Gobierno.<\/p>\n<p><a href=\"https:\/\/www.congresonacionalindigena.org\/2017\/10\/16\/cni-yucatan-saluda-la-lucha-autodeterminacion-del-pueblo-maya-homun\/\" rel=\"noopener\" target=\"_blank\">https:\/\/www.congresonacionalindigena.org\/2017\/10\/16\/cni-yucatan-saluda-la-lucha-autodeterminacion-del-pueblo-maya-homun\/<\/a><\/p>\n","protected":false},"excerpt":{"rendered":"<p>El Congreso Nacional Ind\u00edgena de Yucat\u00e1n saluda la lucha de autodeterminaci\u00f3n del pueblo maya de Hom\u00fan Al Colectivo Kana\u2019an Ts\u2019onot Al pueblo Maya de Hom\u00fan A la Red de Apoyo &hellip; <a href=\"http:\/\/www.grieta.org.mx\/index.php\/2017\/10\/16\/cni-yucatan-saluda-la-lucha-de-autodeterminacion-del-pueblo-maya-de-homun\/\" class=\"more-link\">Leer m\u00e1s<\/a><\/p>\n","protected":false},"author":2,"featured_media":21928,"comment_status":"closed","ping_status":"closed","sticky":false,"template":"","format":"standard","meta":{"ngg_post_thumbnail":0,"_jetpack_newsletter_access":"","_jetpack_dont_email_post_to_subs":false,"_jetpack_newsletter_tier_id":0,"_jetpack_memberships_contains_paywalled_content":false,"_jetpack_memberships_contains_paid_content":false,"footnotes":""},"categories":[79,921,1020,1023,952,36],"tags":[425,1022,1021],"class_list":["post-22014","post","type-post","status-publish","format-standard","has-post-thumbnail","hentry","category-cni","category-comunicados","category-granja-porcicola","category-lucha-contra-granja-porcicola","category-mp-yucatan","category-yucatan","tag-contaminacion-agua","tag-granja-porcicola","tag-homun","entry"],"jetpack_featured_media_url":"http:\/\/www.grieta.org.mx\/wp-content\/uploads\/2018\/03\/14524434_1106112876131411_958039263622046936_o.jpg","jetpack_sharing_enabled":true,"jetpack_shortlink":"https:\/\/wp.me\/p7ZJR4-5J4","jetpack_likes_enabled":false,"jetpack-related-posts":[{"id":26745,"url":"http:\/\/www.grieta.org.mx\/index.php\/2018\/09\/21\/pronunciamiento-del-cni-cig-en-solidaridad-con-el-pueblo-maya-de-homun-con-motivo-de-la-violacion-a-la-libre-autodeterminacion\/","url_meta":{"origin":22014,"position":0},"title":"PRONUNCIAMIENTO DEL CNI-CIG EN SOLIDARIDAD CON EL PUEBLO MAYA DE HOM\u00daN CON MOTIVO DE LA VIOLACI\u00d3N A LA LIBRE AUTODETERMINACI\u00d3N","author":"grieta","date":"21 septiembre, 2018","format":false,"excerpt":"Al Pueblo de M\u00e9xico A las Redes de Apoyo al Concejo Ind\u00edgena de Gobierno A la Sexta Nacional e Internacional A los medios de comunicaci\u00f3n En octubre del a\u00f1o pasado el pueblo maya de Hom\u00fan ejerci\u00f3 el derecho que tienen como pueblo originario a la libre determinaci\u00f3n. Los concejales mayas\u2026","rel":"","context":"En &quot;16. Pueblo Maya&quot;","block_context":{"text":"16. Pueblo Maya","link":"http:\/\/www.grieta.org.mx\/index.php\/category\/espejos-de-la-resistencia\/16-pueblo-maya\/"},"img":{"alt_text":"","src":"https:\/\/i0.wp.com\/www.grieta.org.mx\/wp-content\/uploads\/2018\/09\/logo-CNI-T.png?resize=350%2C200","width":350,"height":200,"srcset":"https:\/\/i0.wp.com\/www.grieta.org.mx\/wp-content\/uploads\/2018\/09\/logo-CNI-T.png?resize=350%2C200 1x, https:\/\/i0.wp.com\/www.grieta.org.mx\/wp-content\/uploads\/2018\/09\/logo-CNI-T.png?resize=525%2C300 1.5x"},"classes":[]},{"id":22000,"url":"http:\/\/www.grieta.org.mx\/index.php\/2018\/02\/28\/comunicado-del-cni-y-del-cig-yucatan-en-solidaridad-con-el-pueblo-maya-de-homun\/","url_meta":{"origin":22014,"position":1},"title":"Comunicado del CNI y del CIG Yucat\u00e1n en solidaridad con el pueblo maya de Hom\u00fan","author":"grieta","date":"28 febrero, 2018","format":false,"excerpt":"Al Colectivo Kana\u2019an Ts\u2019onot Al pueblo Maya de Hom\u00fan A la Red de Apoyo al Concejo Ind\u00edgena de Gobierno del CNI en Yucat\u00e1n Al Concejo Ind\u00edgena de Gobierno Al pueblo maya del estado de Yucat\u00e1n A todo el pueblo yucateco Hace m\u00e1s de 500 a\u00f1os nuestros territorios comenzaron a ser\u2026","rel":"","context":"En &quot;CIG&quot;","block_context":{"text":"CIG","link":"http:\/\/www.grieta.org.mx\/index.php\/category\/cig\/"},"img":{"alt_text":"","src":"https:\/\/i0.wp.com\/www.grieta.org.mx\/wp-content\/uploads\/2018\/03\/14524434_1106112876131411_958039263622046936_o.jpg?resize=350%2C200","width":350,"height":200,"srcset":"https:\/\/i0.wp.com\/www.grieta.org.mx\/wp-content\/uploads\/2018\/03\/14524434_1106112876131411_958039263622046936_o.jpg?resize=350%2C200 1x, https:\/\/i0.wp.com\/www.grieta.org.mx\/wp-content\/uploads\/2018\/03\/14524434_1106112876131411_958039263622046936_o.jpg?resize=525%2C300 1.5x, https:\/\/i0.wp.com\/www.grieta.org.mx\/wp-content\/uploads\/2018\/03\/14524434_1106112876131411_958039263622046936_o.jpg?resize=700%2C400 2x"},"classes":[]},{"id":59580,"url":"http:\/\/www.grieta.org.mx\/index.php\/2021\/05\/25\/gobierno-echa-reversa-y-quita-sellos-de-clausura-en-homun-yucatan\/","url_meta":{"origin":22014,"position":2},"title":"Gobierno echa reversa y quita sellos de clausura en Hom\u00fan (Yucat\u00e1n)","author":"grieta","date":"25 mayo, 2021","format":false,"excerpt":"Herbeth Escalante \/ Haz Ruido Los Guardianes de los Cenotes hab\u00edan advertido el cierre de todos los paradores del pueblo como muestra de solidaridad y protesta, pero se solucion\u00f3 el conflicto. Hom\u00fan, Yucat\u00e1n, 25 de mayo de 2021.-Anoche, de manera inesperada, la Secretar\u00eda de Salud del Estado de Yucat\u00e1n (SSY)\u2026","rel":"","context":"En &quot;Agresiones y amenazas a defensor@s de derechos humanos y activistas en Yucat\u00e1n&quot;","block_context":{"text":"Agresiones y amenazas a defensor@s de derechos humanos y activistas en Yucat\u00e1n","link":"http:\/\/www.grieta.org.mx\/index.php\/category\/noticias-nacionales\/yucatan\/ataques-a-defensors-de-derechos-humanos-en-yucatan\/"},"img":{"alt_text":"","src":"https:\/\/i0.wp.com\/www.grieta.org.mx\/wp-content\/uploads\/2021\/05\/HomunCenotes-e1622068345798.png?resize=350%2C200","width":350,"height":200,"srcset":"https:\/\/i0.wp.com\/www.grieta.org.mx\/wp-content\/uploads\/2021\/05\/HomunCenotes-e1622068345798.png?resize=350%2C200 1x, https:\/\/i0.wp.com\/www.grieta.org.mx\/wp-content\/uploads\/2021\/05\/HomunCenotes-e1622068345798.png?resize=525%2C300 1.5x, https:\/\/i0.wp.com\/www.grieta.org.mx\/wp-content\/uploads\/2021\/05\/HomunCenotes-e1622068345798.png?resize=700%2C400 2x"},"classes":[]},{"id":60906,"url":"http:\/\/www.grieta.org.mx\/index.php\/2021\/08\/03\/con-marcha-reclaman-a-vila-dosal-por-apoyar-a-empresa-porcina-suspendida-en-homun-yucatan\/","url_meta":{"origin":22014,"position":3},"title":"Con marcha, reclaman a Vila Dosal por apoyar a empresa porcina suspendida en Hom\u00fan (Yucat\u00e1n)","author":"grieta","date":"3 agosto, 2021","format":false,"excerpt":"Rosa Santana \/ Proceso M\u00c9RIDA, Yuc. (apro).- Pobladores de Hom\u00fan e integrantes de organizaciones civiles marcharon hoy por el centro de esta capital para reclamar al gobernador Mauricio Vila Dosal que su gobierno se prestara a las maniobras legaloides con que la empresa PAPO busca revertir la suspensi\u00f3n judicial que\u2026","rel":"","context":"En &quot;16. Pueblo Maya&quot;","block_context":{"text":"16. Pueblo Maya","link":"http:\/\/www.grieta.org.mx\/index.php\/category\/espejos-de-la-resistencia\/16-pueblo-maya\/"},"img":{"alt_text":"","src":"https:\/\/i0.wp.com\/www.grieta.org.mx\/wp-content\/uploads\/2021\/08\/f800x450-140139_191585_5050.jpg?resize=350%2C200","width":350,"height":200,"srcset":"https:\/\/i0.wp.com\/www.grieta.org.mx\/wp-content\/uploads\/2021\/08\/f800x450-140139_191585_5050.jpg?resize=350%2C200 1x, https:\/\/i0.wp.com\/www.grieta.org.mx\/wp-content\/uploads\/2021\/08\/f800x450-140139_191585_5050.jpg?resize=525%2C300 1.5x, https:\/\/i0.wp.com\/www.grieta.org.mx\/wp-content\/uploads\/2021\/08\/f800x450-140139_191585_5050.jpg?resize=700%2C400 2x"},"classes":[]},{"id":67967,"url":"http:\/\/www.grieta.org.mx\/index.php\/2023\/10\/21\/contaminacion-de-megagranjas-mucho-peor-de-lo-que-pensabamos-yucatan\/","url_meta":{"origin":22014,"position":4},"title":"\u00abContaminaci\u00f3n de megagranjas, mucho peor de lo que pens\u00e1bamos\u00bb (Yucat\u00e1n)","author":"grieta","date":"21 octubre, 2023","format":false,"excerpt":"Haz Ruido El pueblo maya de Hom\u00fan celebr\u00f3 seis a\u00f1os de lucha contra f\u00e1brica de cerdos y exigi\u00f3 al Gobierno federal que informe a las comunidades sobre la situaci\u00f3n de contaminaci\u00f3n que provocan estos megaproyectos en Yucat\u00e1n Hom\u00fan, Yucat\u00e1n, 21 de octubre de 2023.- La contaminaci\u00f3n \u201ces mucho peor de\u2026","rel":"","context":"En &quot;16. Pueblo Maya&quot;","block_context":{"text":"16. Pueblo Maya","link":"http:\/\/www.grieta.org.mx\/index.php\/category\/espejos-de-la-resistencia\/16-pueblo-maya\/"},"img":{"alt_text":"","src":"https:\/\/i0.wp.com\/www.grieta.org.mx\/wp-content\/uploads\/2023\/10\/Homun-1-e1698240521601.jpg?resize=350%2C200","width":350,"height":200,"srcset":"https:\/\/i0.wp.com\/www.grieta.org.mx\/wp-content\/uploads\/2023\/10\/Homun-1-e1698240521601.jpg?resize=350%2C200 1x, https:\/\/i0.wp.com\/www.grieta.org.mx\/wp-content\/uploads\/2023\/10\/Homun-1-e1698240521601.jpg?resize=525%2C300 1.5x, https:\/\/i0.wp.com\/www.grieta.org.mx\/wp-content\/uploads\/2023\/10\/Homun-1-e1698240521601.jpg?resize=700%2C400 2x"},"classes":[]},{"id":63923,"url":"http:\/\/www.grieta.org.mx\/index.php\/2022\/04\/07\/amenazan-a-infancia-que-defiende-los-cenotes-en-homun-yucatan\/","url_meta":{"origin":22014,"position":5},"title":"Amenazan a infancia que defiende los cenotes en Hom\u00fan (Yucat\u00e1n)","author":"grieta","date":"7 abril, 2022","format":false,"excerpt":"Sare Frabes \/ Avispa Midia Este mi\u00e9rcoles (6) fue amenazada una de las representantes de las ni\u00f1as y ni\u00f1os de Hom\u00fan, quienes presentaron un amparo contra la mega granja porc\u00edcola de la empresa Producci\u00f3n Alimentaria y Porc\u00edcola (PAPO), aparcera de Kek\u00e9n. As\u00ed lo denuncio el Equipo Indignaci\u00f3n, quien destac\u00f3 que\u2026","rel":"","context":"En &quot;16. Pueblo Maya&quot;","block_context":{"text":"16. Pueblo Maya","link":"http:\/\/www.grieta.org.mx\/index.php\/category\/espejos-de-la-resistencia\/16-pueblo-maya\/"},"img":{"alt_text":"","src":"https:\/\/i0.wp.com\/www.grieta.org.mx\/wp-content\/uploads\/2022\/04\/AmenazanInfanciaHomun-e1649351378993.png?resize=350%2C200","width":350,"height":200,"srcset":"https:\/\/i0.wp.com\/www.grieta.org.mx\/wp-content\/uploads\/2022\/04\/AmenazanInfanciaHomun-e1649351378993.png?resize=350%2C200 1x, https:\/\/i0.wp.com\/www.grieta.org.mx\/wp-content\/uploads\/2022\/04\/AmenazanInfanciaHomun-e1649351378993.png?resize=525%2C300 1.5x, https:\/\/i0.wp.com\/www.grieta.org.mx\/wp-content\/uploads\/2022\/04\/AmenazanInfanciaHomun-e1649351378993.png?resize=700%2C400 2x"},"classes":[]}],"_links":{"self":[{"href":"http:\/\/www.grieta.org.mx\/index.php\/wp-json\/wp\/v2\/posts\/22014","targetHints":{"allow":["GET"]}}],"collection":[{"href":"http:\/\/www.grieta.org.mx\/index.php\/wp-json\/wp\/v2\/posts"}],"about":[{"href":"http:\/\/www.grieta.org.mx\/index.php\/wp-json\/wp\/v2\/types\/post"}],"author":[{"embeddable":true,"href":"http:\/\/www.grieta.org.mx\/index.php\/wp-json\/wp\/v2\/users\/2"}],"replies":[{"embeddable":true,"href":"http:\/\/www.grieta.org.mx\/index.php\/wp-json\/wp\/v2\/comments?post=22014"}],"version-history":[{"count":1,"href":"http:\/\/www.grieta.org.mx\/index.php\/wp-json\/wp\/v2\/posts\/22014\/revisions"}],"predecessor-version":[{"id":22015,"href":"http:\/\/www.grieta.org.mx\/index.php\/wp-json\/wp\/v2\/posts\/22014\/revisions\/22015"}],"wp:featuredmedia":[{"embeddable":true,"href":"http:\/\/www.grieta.org.mx\/index.php\/wp-json\/wp\/v2\/media\/21928"}],"wp:attachment":[{"href":"http:\/\/www.grieta.org.mx\/index.php\/wp-json\/wp\/v2\/media?parent=22014"}],"wp:term":[{"taxonomy":"category","embeddable":true,"href":"http:\/\/www.grieta.org.mx\/index.php\/wp-json\/wp\/v2\/categories?post=22014"},{"taxonomy":"post_tag","embeddable":true,"href":"http:\/\/www.grieta.org.mx\/index.php\/wp-json\/wp\/v2\/tags?post=22014"}],"curies":[{"name":"wp","href":"https:\/\/api.w.org\/{rel}","templated":true}]}}