{"id":21934,"date":"2018-03-09T11:41:39","date_gmt":"2018-03-09T17:41:39","guid":{"rendered":"http:\/\/www.grieta.org.mx\/?p=21934"},"modified":"2018-03-09T11:41:39","modified_gmt":"2018-03-09T17:41:39","slug":"la-resistencia-y-la-rebeldia-que-lucha-es-tambien-una-fiesta","status":"publish","type":"post","link":"http:\/\/www.grieta.org.mx\/index.php\/2018\/03\/09\/la-resistencia-y-la-rebeldia-que-lucha-es-tambien-una-fiesta\/","title":{"rendered":"\u201cLa resistencia y la rebeld\u00eda que lucha es tambi\u00e9n una fiesta\u201d"},"content":{"rendered":"<p><a href=\"http:\/\/www.grieta.org.mx\/wp-content\/uploads\/2018\/03\/photo_2018-03-09_11-39-07.jpg\"><img decoding=\"async\" data-attachment-id=\"21937\" data-permalink=\"http:\/\/www.grieta.org.mx\/index.php\/2018\/03\/09\/la-resistencia-y-la-rebeldia-que-lucha-es-tambien-una-fiesta\/photo_2018-03-09_11-39-07\/\" data-orig-file=\"http:\/\/www.grieta.org.mx\/wp-content\/uploads\/2018\/03\/photo_2018-03-09_11-39-07.jpg\" data-orig-size=\"1280,853\" data-comments-opened=\"0\" data-image-meta=\"{&quot;aperture&quot;:&quot;0&quot;,&quot;credit&quot;:&quot;&quot;,&quot;camera&quot;:&quot;&quot;,&quot;caption&quot;:&quot;&quot;,&quot;created_timestamp&quot;:&quot;0&quot;,&quot;copyright&quot;:&quot;&quot;,&quot;focal_length&quot;:&quot;0&quot;,&quot;iso&quot;:&quot;0&quot;,&quot;shutter_speed&quot;:&quot;0&quot;,&quot;title&quot;:&quot;&quot;,&quot;orientation&quot;:&quot;0&quot;}\" data-image-title=\"photo_2018-03-09_11-39-07\" data-image-description=\"\" data-image-caption=\"\" data-medium-file=\"http:\/\/www.grieta.org.mx\/wp-content\/uploads\/2018\/03\/photo_2018-03-09_11-39-07-300x200.jpg\" data-large-file=\"http:\/\/www.grieta.org.mx\/wp-content\/uploads\/2018\/03\/photo_2018-03-09_11-39-07-1024x682.jpg\" src=\"http:\/\/www.grieta.org.mx\/wp-content\/uploads\/2018\/03\/photo_2018-03-09_11-39-07.jpg\" alt=\"\" width=\"100%\"  class=\"aligncenter size-full wp-image-21937\" srcset=\"http:\/\/www.grieta.org.mx\/wp-content\/uploads\/2018\/03\/photo_2018-03-09_11-39-07.jpg 1280w, http:\/\/www.grieta.org.mx\/wp-content\/uploads\/2018\/03\/photo_2018-03-09_11-39-07-300x200.jpg 300w, http:\/\/www.grieta.org.mx\/wp-content\/uploads\/2018\/03\/photo_2018-03-09_11-39-07-768x512.jpg 768w, http:\/\/www.grieta.org.mx\/wp-content\/uploads\/2018\/03\/photo_2018-03-09_11-39-07-1024x682.jpg 1024w\" sizes=\"(max-width: 1280px) 100vw, 1280px\" \/><\/a><\/p>\n<p><a href=\"http:\/\/www.grieta.org.mx\/wp-content\/uploads\/2018\/03\/photo_2018-03-09_08-26-52-1024x765.jpg\"><img decoding=\"async\" data-attachment-id=\"21936\" data-permalink=\"http:\/\/www.grieta.org.mx\/index.php\/2018\/03\/09\/la-resistencia-y-la-rebeldia-que-lucha-es-tambien-una-fiesta\/photo_2018-03-09_08-26-52-1024x765\/\" data-orig-file=\"http:\/\/www.grieta.org.mx\/wp-content\/uploads\/2018\/03\/photo_2018-03-09_08-26-52-1024x765.jpg\" data-orig-size=\"1024,765\" data-comments-opened=\"0\" data-image-meta=\"{&quot;aperture&quot;:&quot;0&quot;,&quot;credit&quot;:&quot;&quot;,&quot;camera&quot;:&quot;&quot;,&quot;caption&quot;:&quot;&quot;,&quot;created_timestamp&quot;:&quot;0&quot;,&quot;copyright&quot;:&quot;&quot;,&quot;focal_length&quot;:&quot;0&quot;,&quot;iso&quot;:&quot;0&quot;,&quot;shutter_speed&quot;:&quot;0&quot;,&quot;title&quot;:&quot;&quot;,&quot;orientation&quot;:&quot;0&quot;}\" data-image-title=\"photo_2018-03-09_08-26-52-1024&amp;#215;765\" data-image-description=\"\" data-image-caption=\"\" data-medium-file=\"http:\/\/www.grieta.org.mx\/wp-content\/uploads\/2018\/03\/photo_2018-03-09_08-26-52-1024x765-300x224.jpg\" data-large-file=\"http:\/\/www.grieta.org.mx\/wp-content\/uploads\/2018\/03\/photo_2018-03-09_08-26-52-1024x765-1024x765.jpg\" src=\"http:\/\/www.grieta.org.mx\/wp-content\/uploads\/2018\/03\/photo_2018-03-09_08-26-52-1024x765.jpg\" alt=\"\" width=\"100%\" class=\"aligncenter size-full wp-image-21936\" srcset=\"http:\/\/www.grieta.org.mx\/wp-content\/uploads\/2018\/03\/photo_2018-03-09_08-26-52-1024x765.jpg 1024w, http:\/\/www.grieta.org.mx\/wp-content\/uploads\/2018\/03\/photo_2018-03-09_08-26-52-1024x765-300x224.jpg 300w, http:\/\/www.grieta.org.mx\/wp-content\/uploads\/2018\/03\/photo_2018-03-09_08-26-52-1024x765-768x574.jpg 768w\" sizes=\"(max-width: 1024px) 100vw, 1024px\" \/><\/a><\/p>\n<p><a href=\"http:\/\/www.grieta.org.mx\/wp-content\/uploads\/2018\/03\/photo_2018-03-09_08-26-23-1024x764.jpg\"><img decoding=\"async\" data-attachment-id=\"21935\" data-permalink=\"http:\/\/www.grieta.org.mx\/index.php\/2018\/03\/09\/la-resistencia-y-la-rebeldia-que-lucha-es-tambien-una-fiesta\/photo_2018-03-09_08-26-23-1024x764\/\" data-orig-file=\"http:\/\/www.grieta.org.mx\/wp-content\/uploads\/2018\/03\/photo_2018-03-09_08-26-23-1024x764.jpg\" data-orig-size=\"1024,764\" data-comments-opened=\"0\" data-image-meta=\"{&quot;aperture&quot;:&quot;0&quot;,&quot;credit&quot;:&quot;&quot;,&quot;camera&quot;:&quot;&quot;,&quot;caption&quot;:&quot;&quot;,&quot;created_timestamp&quot;:&quot;0&quot;,&quot;copyright&quot;:&quot;&quot;,&quot;focal_length&quot;:&quot;0&quot;,&quot;iso&quot;:&quot;0&quot;,&quot;shutter_speed&quot;:&quot;0&quot;,&quot;title&quot;:&quot;&quot;,&quot;orientation&quot;:&quot;0&quot;}\" data-image-title=\"photo_2018-03-09_08-26-23-1024&amp;#215;764\" data-image-description=\"\" data-image-caption=\"\" data-medium-file=\"http:\/\/www.grieta.org.mx\/wp-content\/uploads\/2018\/03\/photo_2018-03-09_08-26-23-1024x764-300x224.jpg\" data-large-file=\"http:\/\/www.grieta.org.mx\/wp-content\/uploads\/2018\/03\/photo_2018-03-09_08-26-23-1024x764-1024x764.jpg\" src=\"http:\/\/www.grieta.org.mx\/wp-content\/uploads\/2018\/03\/photo_2018-03-09_08-26-23-1024x764.jpg\" alt=\"\" width=\"100%\"  class=\"aligncenter size-full wp-image-21935\" srcset=\"http:\/\/www.grieta.org.mx\/wp-content\/uploads\/2018\/03\/photo_2018-03-09_08-26-23-1024x764.jpg 1024w, http:\/\/www.grieta.org.mx\/wp-content\/uploads\/2018\/03\/photo_2018-03-09_08-26-23-1024x764-300x224.jpg 300w, http:\/\/www.grieta.org.mx\/wp-content\/uploads\/2018\/03\/photo_2018-03-09_08-26-23-1024x764-768x573.jpg 768w\" sizes=\"(max-width: 1024px) 100vw, 1024px\" \/><\/a><\/p>\n<p>8 Marzo 2018, 6 am. Suenan las ma\u00f1anitas y abrimos los ojos al llamado \u201cque se escuche el grito de las mujeres\u201d. Entonces nos sacudimos el intenso fr\u00edo de la noche las miles de compa\u00f1eras que acudimos al I Encuentro Internacional Pol\u00edtico Art\u00edstico Deportivo y Cultural de Mujeres que Luchan, en el Caracol de Morelia, Chiapas, M\u00e9xico. Un encuentro para regalarnos \u201ccultura conocimiento y diversi\u00f3n\u201d. Para reconocernos en la diversidad que somos, \u201cese monte\u201d o \u201cese bosque\u201d, que tiene en com\u00fan por sobre todo la lucha por la vida. As\u00ed pues, la invitaci\u00f3n de las compa\u00f1eras zapatistas sigue siendo a no vendernos, no rendirnos, por ello \u201cAcordamos vivir\u201d.<\/p>\n<p><a href=\"http:\/\/radiozapatista.org\/?p=25991\" rel=\"noopener\" target=\"_blank\">http:\/\/radiozapatista.org\/?p=25991<\/a><\/p>\n","protected":false},"excerpt":{"rendered":"<p>8 Marzo 2018, 6 am. Suenan las ma\u00f1anitas y abrimos los ojos al llamado \u201cque se escuche el grito de las mujeres\u201d. Entonces nos sacudimos el intenso fr\u00edo de la &hellip; <a href=\"http:\/\/www.grieta.org.mx\/index.php\/2018\/03\/09\/la-resistencia-y-la-rebeldia-que-lucha-es-tambien-una-fiesta\/\" class=\"more-link\">Leer m\u00e1s<\/a><\/p>\n","protected":false},"author":1,"featured_media":21937,"comment_status":"closed","ping_status":"closed","sticky":false,"template":"","format":"standard","meta":{"ngg_post_thumbnail":0,"_jetpack_newsletter_access":"","_jetpack_dont_email_post_to_subs":false,"_jetpack_newsletter_tier_id":0,"_jetpack_memberships_contains_paywalled_content":false,"_jetpack_memberships_contains_paid_content":false,"footnotes":""},"categories":[80,1018],"tags":[1019],"class_list":["post-21934","post","type-post","status-publish","format-standard","has-post-thumbnail","hentry","category-cintillo","category-primer-encuentro-internacional-politico-artistico-deportivo-y-cultural-de-mujeres-que-luchan","tag-encuentro-mujeres","entry"],"jetpack_featured_media_url":"http:\/\/www.grieta.org.mx\/wp-content\/uploads\/2018\/03\/photo_2018-03-09_11-39-07.jpg","jetpack_sharing_enabled":true,"jetpack_shortlink":"https:\/\/wp.me\/p7ZJR4-5HM","jetpack_likes_enabled":false,"jetpack-related-posts":[{"id":21940,"url":"http:\/\/www.grieta.org.mx\/index.php\/2018\/03\/09\/galeria-fotografica-del-primer-encuentro-internacional-politico-artistico-deportivo-y-cultura-de-mujeres-que-luchan\/","url_meta":{"origin":21934,"position":0},"title":"Galer\u00eda fotogr\u00e1fica del Primer Encuentro Internacional Pol\u00edtico Art\u00edstico Deportivo y Cultura de Mujeres que Luchan","author":"grieta","date":"9 marzo, 2018","format":false,"excerpt":"Fotograf\u00edas del Colectivo Tr\u00e1gameluz, tomadas del muro de facebook: https:\/\/www.facebook.com\/tragameluz\/","rel":"","context":"En &quot;CINTILLO&quot;","block_context":{"text":"CINTILLO","link":"http:\/\/www.grieta.org.mx\/index.php\/category\/cintillo\/"},"img":{"alt_text":"","src":"https:\/\/i0.wp.com\/www.grieta.org.mx\/wp-content\/uploads\/2018\/03\/28616512_1556505714384838_5156388268881851525_o.jpg?resize=350%2C200","width":350,"height":200,"srcset":"https:\/\/i0.wp.com\/www.grieta.org.mx\/wp-content\/uploads\/2018\/03\/28616512_1556505714384838_5156388268881851525_o.jpg?resize=350%2C200 1x, https:\/\/i0.wp.com\/www.grieta.org.mx\/wp-content\/uploads\/2018\/03\/28616512_1556505714384838_5156388268881851525_o.jpg?resize=525%2C300 1.5x, https:\/\/i0.wp.com\/www.grieta.org.mx\/wp-content\/uploads\/2018\/03\/28616512_1556505714384838_5156388268881851525_o.jpg?resize=700%2C400 2x"},"classes":[]},{"id":21917,"url":"http:\/\/www.grieta.org.mx\/index.php\/2017\/12\/29\/convocatoria-al-primer-encuentro-internacional-politico-artistico-deportivo-y-cultural-de-mujeres-que-luchan\/","url_meta":{"origin":21934,"position":1},"title":"CONVOCATORIA AL PRIMER ENCUENTRO INTERNACIONAL, POL\u00cdTICO, ART\u00edSTICO, DEPORTIVO Y CULTURAL DE MUJERES QUE LUCHAN","author":"Admin","date":"29 diciembre, 2017","format":false,"excerpt":"COMUNICADO DEL COMIT\u00c9 CLANDESTINO REVOLUCIONARIO IND\u00cdGENA-COMANDANCIA GENERAL DEL EJ\u00c9RCITO ZAPATISTA DE LIBERACI\u00d3N NACIONAL. M\u00c9XICO. 29 de diciembre del 2017. A las mujeres de M\u00e9xico y el Mundo: A las mujeres originarias de M\u00e9xico y el Mundo: A las mujeres de Concejo Ind\u00edgena de Gobierno: A las mujeres del Congreso Nacional\u2026","rel":"","context":"En &quot;EZLN&quot;","block_context":{"text":"EZLN","link":"http:\/\/www.grieta.org.mx\/index.php\/category\/ezln-2\/"},"img":{"alt_text":"","src":"https:\/\/i0.wp.com\/www.grieta.org.mx\/wp-content\/uploads\/2018\/03\/muj.jpg?resize=350%2C200","width":350,"height":200,"srcset":"https:\/\/i0.wp.com\/www.grieta.org.mx\/wp-content\/uploads\/2018\/03\/muj.jpg?resize=350%2C200 1x, https:\/\/i0.wp.com\/www.grieta.org.mx\/wp-content\/uploads\/2018\/03\/muj.jpg?resize=525%2C300 1.5x, https:\/\/i0.wp.com\/www.grieta.org.mx\/wp-content\/uploads\/2018\/03\/muj.jpg?resize=700%2C400 2x"},"classes":[]},{"id":22172,"url":"http:\/\/www.grieta.org.mx\/index.php\/2018\/03\/19\/sin-mujeres-no-hay-revolucion-documental-sobre-el-primer-encuentro-internacional-de-mujeres-que-luchan\/","url_meta":{"origin":21934,"position":2},"title":"&#8220;Sin Mujeres no hay Revoluci\u00f3n&#8221; Documental sobre el Primer Encuentro Internacional de Mujeres que Luchan","author":"Admin","date":"19 marzo, 2018","format":false,"excerpt":"https:\/\/www.facebook.com\/Somoselmedio\/videos\/1490806874351725\/ Somos el Medio http:\/\/somoselmedio.org\/article\/m%C3%A1s-de-6-mil-mujeres%C2%A0de-38%C2%A0pa%C3%ADses-participaron-en-el-primer-encuentro-de-mujeres","rel":"","context":"En &quot;CINTILLO&quot;","block_context":{"text":"CINTILLO","link":"http:\/\/www.grieta.org.mx\/index.php\/category\/cintillo\/"},"img":{"alt_text":"","src":"https:\/\/i0.wp.com\/www.grieta.org.mx\/wp-content\/uploads\/2018\/03\/Captura-de-pantalla-2018-03-20-a-las-14.42.48.png?resize=350%2C200","width":350,"height":200,"srcset":"https:\/\/i0.wp.com\/www.grieta.org.mx\/wp-content\/uploads\/2018\/03\/Captura-de-pantalla-2018-03-20-a-las-14.42.48.png?resize=350%2C200 1x, https:\/\/i0.wp.com\/www.grieta.org.mx\/wp-content\/uploads\/2018\/03\/Captura-de-pantalla-2018-03-20-a-las-14.42.48.png?resize=525%2C300 1.5x, https:\/\/i0.wp.com\/www.grieta.org.mx\/wp-content\/uploads\/2018\/03\/Captura-de-pantalla-2018-03-20-a-las-14.42.48.png?resize=700%2C400 2x"},"classes":[]},{"id":21968,"url":"http:\/\/www.grieta.org.mx\/index.php\/2018\/03\/09\/acordamos-vivir-y-como-para-nostras-vivir-es-luchar-pues-acordamos-luchar\/","url_meta":{"origin":21934,"position":3},"title":"Acordamos vivir, y como para nostras vivir es luchar, pues acordamos luchar","author":"grieta","date":"9 marzo, 2018","format":false,"excerpt":"En el Municipio Aut\u00f3nomo 17 de noviembre perteneciente al Caracol IV Morelia, Coraz\u00f3n del arco\u00edris de la esperanza, se inaugur\u00f3 el Primer Encuentro Internacional de Mujeres que Luchan. Un frio penetrante y Las Ma\u00f1anitas dieron inicio al Encuentro. Las primeras palabras escuchadas fue un especial saludo acompa\u00f1ado de condolencias para\u2026","rel":"","context":"En &quot;CINTILLO&quot;","block_context":{"text":"CINTILLO","link":"http:\/\/www.grieta.org.mx\/index.php\/category\/cintillo\/"},"img":{"alt_text":"","src":"https:\/\/i0.wp.com\/www.grieta.org.mx\/wp-content\/uploads\/2018\/03\/01.jpg?resize=350%2C200","width":350,"height":200,"srcset":"https:\/\/i0.wp.com\/www.grieta.org.mx\/wp-content\/uploads\/2018\/03\/01.jpg?resize=350%2C200 1x, https:\/\/i0.wp.com\/www.grieta.org.mx\/wp-content\/uploads\/2018\/03\/01.jpg?resize=525%2C300 1.5x, https:\/\/i0.wp.com\/www.grieta.org.mx\/wp-content\/uploads\/2018\/03\/01.jpg?resize=700%2C400 2x, https:\/\/i0.wp.com\/www.grieta.org.mx\/wp-content\/uploads\/2018\/03\/01.jpg?resize=1050%2C600 3x, https:\/\/i0.wp.com\/www.grieta.org.mx\/wp-content\/uploads\/2018\/03\/01.jpg?resize=1400%2C800 4x"},"classes":[]},{"id":22070,"url":"http:\/\/www.grieta.org.mx\/index.php\/2018\/03\/11\/mas-de-6-mil-mujeres-de-38-paises-participaron-en-el-primer-encuentro-de-mujeres\/","url_meta":{"origin":21934,"position":4},"title":"M\u00e1s de 6 mil mujeres de 38 pa\u00edses participaron en el Primer Encuentro de Mujeres","author":"Admin","date":"11 marzo, 2018","format":false,"excerpt":"VICTORIA JAUD ROXANE \u00c9MIE https:\/\/www.facebook.com\/Somoselmedio\/videos\/1484875178278228\/?t=2 La frase \"no est\u00e1n solas\" nunca hab\u00eda sido tan real. Del 7 y al 11 de marzo, 6,000 mujeres de 38 pa\u00edses llegaron al Caracol de Morelia en Chiapas para asistir al Primer Encuentro Internacional Pol\u00edtico, Art\u00edstico, Deportivo y Cultural de mujeres que luchan. Durante\u2026","rel":"","context":"En &quot;CINTILLO&quot;","block_context":{"text":"CINTILLO","link":"http:\/\/www.grieta.org.mx\/index.php\/category\/cintillo\/"},"img":{"alt_text":"","src":"https:\/\/i0.wp.com\/www.grieta.org.mx\/wp-content\/uploads\/2018\/03\/Margarita-2.jpg?resize=350%2C200","width":350,"height":200,"srcset":"https:\/\/i0.wp.com\/www.grieta.org.mx\/wp-content\/uploads\/2018\/03\/Margarita-2.jpg?resize=350%2C200 1x, https:\/\/i0.wp.com\/www.grieta.org.mx\/wp-content\/uploads\/2018\/03\/Margarita-2.jpg?resize=525%2C300 1.5x, https:\/\/i0.wp.com\/www.grieta.org.mx\/wp-content\/uploads\/2018\/03\/Margarita-2.jpg?resize=700%2C400 2x"},"classes":[]},{"id":22068,"url":"http:\/\/www.grieta.org.mx\/index.php\/2018\/03\/10\/palabras-de-las-mujeres-zapatistas-en-la-clausura-del-primer-encuentro-internacional-politico-artistico-deportivo-y-cultural-de-mujeres-que-luchan-en-el-caracol-zapatista-de-la-zona-tzotz-choj-10\/","url_meta":{"origin":21934,"position":5},"title":"PALABRAS DE LAS MUJERES ZAPATISTAS EN LA CLAUSURA DEL PRIMER ENCUENTRO INTERNACIONAL, POL\u00cdTICO. ART\u00cdSTICO, DEPORTIVO Y CULTURAL DE MUJERES QUE LUCHAN EN EL CARACOL ZAPATISTA DE LA ZONA TZOTZ CHOJ. 10 DE MARZO DEL 2018","author":"Admin","date":"10 marzo, 2018","format":false,"excerpt":"BUENAS NOCHES, BUENOS D\u00cdAS, BUENAS TARDES, COMPA\u00d1ERAS Y HERMANAS QUE LUCHAN, DONDE QUIERA QUE SE ENCUENTREN. HERMANAS Y COMPA\u00d1ERAS QUE NOS ACOMPA\u00d1ARON EN ESTE PRIMER ENCUENTRO INTERNACIONAL DE MUJERES QUE LUCHAN. VAMOS A DECIR UNAS PEQUE\u00d1AS PALABRAS A NOMBRE DE TODAS NOSOTRAS, LAS MUJERES ZAPATISTAS DE LOS CINCO CARACOLES. QUEREMOS\u2026","rel":"","context":"En &quot;CINTILLO&quot;","block_context":{"text":"CINTILLO","link":"http:\/\/www.grieta.org.mx\/index.php\/category\/cintillo\/"},"img":{"alt_text":"","src":"https:\/\/i0.wp.com\/www.grieta.org.mx\/wp-content\/uploads\/2018\/03\/28616512_1556505714384838_5156388268881851525_o.jpg?resize=350%2C200","width":350,"height":200,"srcset":"https:\/\/i0.wp.com\/www.grieta.org.mx\/wp-content\/uploads\/2018\/03\/28616512_1556505714384838_5156388268881851525_o.jpg?resize=350%2C200 1x, https:\/\/i0.wp.com\/www.grieta.org.mx\/wp-content\/uploads\/2018\/03\/28616512_1556505714384838_5156388268881851525_o.jpg?resize=525%2C300 1.5x, https:\/\/i0.wp.com\/www.grieta.org.mx\/wp-content\/uploads\/2018\/03\/28616512_1556505714384838_5156388268881851525_o.jpg?resize=700%2C400 2x"},"classes":[]}],"_links":{"self":[{"href":"http:\/\/www.grieta.org.mx\/index.php\/wp-json\/wp\/v2\/posts\/21934","targetHints":{"allow":["GET"]}}],"collection":[{"href":"http:\/\/www.grieta.org.mx\/index.php\/wp-json\/wp\/v2\/posts"}],"about":[{"href":"http:\/\/www.grieta.org.mx\/index.php\/wp-json\/wp\/v2\/types\/post"}],"author":[{"embeddable":true,"href":"http:\/\/www.grieta.org.mx\/index.php\/wp-json\/wp\/v2\/users\/1"}],"replies":[{"embeddable":true,"href":"http:\/\/www.grieta.org.mx\/index.php\/wp-json\/wp\/v2\/comments?post=21934"}],"version-history":[{"count":1,"href":"http:\/\/www.grieta.org.mx\/index.php\/wp-json\/wp\/v2\/posts\/21934\/revisions"}],"predecessor-version":[{"id":21938,"href":"http:\/\/www.grieta.org.mx\/index.php\/wp-json\/wp\/v2\/posts\/21934\/revisions\/21938"}],"wp:featuredmedia":[{"embeddable":true,"href":"http:\/\/www.grieta.org.mx\/index.php\/wp-json\/wp\/v2\/media\/21937"}],"wp:attachment":[{"href":"http:\/\/www.grieta.org.mx\/index.php\/wp-json\/wp\/v2\/media?parent=21934"}],"wp:term":[{"taxonomy":"category","embeddable":true,"href":"http:\/\/www.grieta.org.mx\/index.php\/wp-json\/wp\/v2\/categories?post=21934"},{"taxonomy":"post_tag","embeddable":true,"href":"http:\/\/www.grieta.org.mx\/index.php\/wp-json\/wp\/v2\/tags?post=21934"}],"curies":[{"name":"wp","href":"https:\/\/api.w.org\/{rel}","templated":true}]}}