{"id":2174,"date":"2016-02-12T19:54:45","date_gmt":"2016-02-12T19:54:45","guid":{"rendered":"http:\/\/50.22.11.12\/~grietaor\/?p=2174"},"modified":"2019-01-29T12:27:03","modified_gmt":"2019-01-29T18:27:03","slug":"maestros-toman-escuela-de-educacion-fisica","status":"publish","type":"post","link":"http:\/\/www.grieta.org.mx\/index.php\/2016\/02\/12\/maestros-toman-escuela-de-educacion-fisica\/","title":{"rendered":"Maestros toman escuela de Educaci\u00f3n F\u00edsica"},"content":{"rendered":"<figure id=\"attachment_2175\" aria-describedby=\"caption-attachment-2175\" style=\"width: 360px\" class=\"wp-caption aligncenter\"><img loading=\"lazy\" decoding=\"async\" data-attachment-id=\"2175\" data-permalink=\"http:\/\/www.grieta.org.mx\/index.php\/2016\/02\/12\/maestros-toman-escuela-de-educacion-fisica\/toman-maestros-ujed\/\" data-orig-file=\"http:\/\/www.grieta.org.mx\/wp-content\/uploads\/2016\/03\/toman-maestros-UJED.jpeg\" data-orig-size=\"720,960\" data-comments-opened=\"0\" data-image-meta=\"{&quot;aperture&quot;:&quot;0&quot;,&quot;credit&quot;:&quot;&quot;,&quot;camera&quot;:&quot;&quot;,&quot;caption&quot;:&quot;&quot;,&quot;created_timestamp&quot;:&quot;0&quot;,&quot;copyright&quot;:&quot;&quot;,&quot;focal_length&quot;:&quot;0&quot;,&quot;iso&quot;:&quot;0&quot;,&quot;shutter_speed&quot;:&quot;0&quot;,&quot;title&quot;:&quot;&quot;,&quot;orientation&quot;:&quot;0&quot;}\" data-image-title=\"Toman maestros UJED\" data-image-description=\"\" data-image-caption=\"&lt;p&gt;En la actualidad la Escuela de Educaci\u00f3n F\u00edsica cuenta con una plantilla de 50 acad\u00e9micos sindicalizados. (El Siglo de Durango)&lt;\/p&gt;\n\" data-medium-file=\"http:\/\/www.grieta.org.mx\/wp-content\/uploads\/2016\/03\/toman-maestros-UJED-225x300.jpeg\" data-large-file=\"http:\/\/www.grieta.org.mx\/wp-content\/uploads\/2016\/03\/toman-maestros-UJED.jpeg\" class=\"wp-image-2175\" src=\"http:\/\/grieta.org.mx\/wp-content\/uploads\/2016\/03\/toman-maestros-UJED-225x300.jpeg\" alt=\"En la actualidad la Escuela de Educaci\u00f3n F\u00edsica cuenta con una plantilla de 50 acad\u00e9micos sindicalizados. (El Siglo de Durango)\" width=\"360\" height=\"480\" srcset=\"http:\/\/www.grieta.org.mx\/wp-content\/uploads\/2016\/03\/toman-maestros-UJED-225x300.jpeg 225w, http:\/\/www.grieta.org.mx\/wp-content\/uploads\/2016\/03\/toman-maestros-UJED.jpeg 720w\" sizes=\"auto, (max-width: 360px) 100vw, 360px\" \/><figcaption id=\"caption-attachment-2175\" class=\"wp-caption-text\">En la actualidad la Escuela de Educaci\u00f3n F\u00edsica cuenta con una plantilla de 50 acad\u00e9micos sindicalizados. (El Siglo de Durango)<\/figcaption><\/figure>\n<blockquote><p>Maestros de la Escuela de Educaci\u00f3n F\u00edsica de la UJED, tomaron el plantel para exigir el respeto a sus plazas, pues la Administraci\u00f3n Central ha contratado hasta a 20 personas para atender materias que pueden ser cubiertas por el propio personal en funciones.<\/p><\/blockquote>\n<p>As\u00ed lo se\u00f1al\u00f3 Jes\u00fas Abraham Soto Rivera, secretario general del Sindicato de Personal Acad\u00e9mico de la Universidad Ju\u00e1rez (SPAUJED), quien mencion\u00f3 que en la actualidad la Escuela de Educaci\u00f3n F\u00edsica cuenta con una plantilla de 50 acad\u00e9micos sindicalizados, de los cuales f\u00e1cilmente se puede aprovechar a 20 para atender las innovaciones realizadas por ellos mismos al Plan de Estudios.<\/p>\n<p>\u201cNuestros maestros no solamente pueden, sino que tienen el derecho y la capacidad de atender las clases que han sido concedidas a otros elementos designados por la Administraci\u00f3n Central, sin antes hacer una valoraci\u00f3n adecuada\u201d, expuso.<\/p>\n<p><a href=\"http:\/\/www.elsiglodedurango.com.mx\/noticia\/644111.maestros-toman-escuela-de-educacion-fisica.html\" target=\"_blank\">www.elsiglodedurango.com.mx\/noticia\/644111.maestros-toman-escuela-de-educacion-fisica.html<\/a><\/p>\n","protected":false},"excerpt":{"rendered":"<p>Maestros de la Escuela de Educaci\u00f3n F\u00edsica de la UJED, tomaron el plantel para exigir el respeto a sus plazas, pues la Administraci\u00f3n Central ha contratado hasta a 20 personas &hellip; <a href=\"http:\/\/www.grieta.org.mx\/index.php\/2016\/02\/12\/maestros-toman-escuela-de-educacion-fisica\/\" class=\"more-link\">Leer m\u00e1s<\/a><\/p>\n","protected":false},"author":2,"featured_media":21928,"comment_status":"closed","ping_status":"open","sticky":false,"template":"","format":"standard","meta":{"ngg_post_thumbnail":0,"_jetpack_newsletter_access":"","_jetpack_dont_email_post_to_subs":false,"_jetpack_newsletter_tier_id":0,"_jetpack_memberships_contains_paywalled_content":false,"_jetpack_memberships_contains_paid_content":false,"footnotes":""},"categories":[80,1864,15,173,910,1101,2,83],"tags":[105,236],"class_list":{"0":"post-2174","1":"post","2":"type-post","3":"status-publish","4":"format-standard","5":"has-post-thumbnail","6":"hentry","7":"category-cintillo","8":"category-conflictos-laborales-en-la-universidad-juarez-del-estado-de-durango","9":"category-durango","11":"category-explotacion-y-precariedad-laboral","12":"category-conflictos-laborales-en-durango","13":"category-noticias-nacionales","14":"category-temas-nacionales","15":"tag-derechos-laborales","16":"tag-toma","17":"entry"},"jetpack_featured_media_url":"http:\/\/www.grieta.org.mx\/wp-content\/uploads\/2018\/03\/14524434_1106112876131411_958039263622046936_o.jpg","jetpack_sharing_enabled":true,"jetpack_shortlink":"https:\/\/wp.me\/p7ZJR4-z4","jetpack_likes_enabled":false,"jetpack-related-posts":[{"id":11753,"url":"http:\/\/www.grieta.org.mx\/index.php\/2016\/05\/04\/exigen-maestros-pagos-de-jubilaciones-y-medicamentos-en-la-laguna-de-durango\/","url_meta":{"origin":2174,"position":0},"title":"Exigen maestros pagos de jubilaciones y medicamentos en La Laguna de Durango","author":"grieta","date":"4 mayo, 2016","format":false,"excerpt":"Mayela Avila G\u00f3mez Palacio, Durango (04\/05\/2016).- Este mi\u00e9rcoles, maestros de la secci\u00f3n 44 del Sindicato Nacional de Trabajadores de la Educaci\u00f3n se manifestaron en las instalaciones de la subsecretar\u00eda de Educaci\u00f3n en la regi\u00f3n Laguna con sede en G\u00f3mez Palacio, en protesta por irregularidades para el pago de finiquitos y\u2026","rel":"","context":"En &quot;CINTILLO&quot;","block_context":{"text":"CINTILLO","link":"http:\/\/www.grieta.org.mx\/index.php\/category\/cintillo\/"},"img":{"alt_text":"","src":"https:\/\/i0.wp.com\/www.grieta.org.mx\/wp-content\/uploads\/2018\/03\/14524434_1106112876131411_958039263622046936_o.jpg?resize=350%2C200","width":350,"height":200,"srcset":"https:\/\/i0.wp.com\/www.grieta.org.mx\/wp-content\/uploads\/2018\/03\/14524434_1106112876131411_958039263622046936_o.jpg?resize=350%2C200 1x, https:\/\/i0.wp.com\/www.grieta.org.mx\/wp-content\/uploads\/2018\/03\/14524434_1106112876131411_958039263622046936_o.jpg?resize=525%2C300 1.5x, https:\/\/i0.wp.com\/www.grieta.org.mx\/wp-content\/uploads\/2018\/03\/14524434_1106112876131411_958039263622046936_o.jpg?resize=700%2C400 2x"},"classes":[]},{"id":28653,"url":"http:\/\/www.grieta.org.mx\/index.php\/2019\/01\/22\/demandan-maestros-de-ingles-regularizar-su-situacion-laboral-durango\/","url_meta":{"origin":2174,"position":1},"title":"Demandan maestros de Ingl\u00e9s regularizar su situaci\u00f3n laboral (Durango)","author":"grieta","date":"22 enero, 2019","format":false,"excerpt":"Claudia Landeros\/El Siglo de Durango Docentes del Programa Nacional de Ingl\u00e9s (Proni) se manifestaron en la Plaza de Armas de G\u00f3mez Palacio para pedir apoyo a las autoridades que corresponda, a fin de regularizar su situaci\u00f3n laboral ya que de momento est\u00e1n sin empleo. SIN TRABAJO \"Somos maestros que trabajamos\u2026","rel":"","context":"En &quot;CINTILLO&quot;","block_context":{"text":"CINTILLO","link":"http:\/\/www.grieta.org.mx\/index.php\/category\/cintillo\/"},"img":{"alt_text":"","src":"https:\/\/i0.wp.com\/www.grieta.org.mx\/wp-content\/uploads\/2019\/01\/773757.jpeg?resize=350%2C200","width":350,"height":200,"srcset":"https:\/\/i0.wp.com\/www.grieta.org.mx\/wp-content\/uploads\/2019\/01\/773757.jpeg?resize=350%2C200 1x, https:\/\/i0.wp.com\/www.grieta.org.mx\/wp-content\/uploads\/2019\/01\/773757.jpeg?resize=525%2C300 1.5x, https:\/\/i0.wp.com\/www.grieta.org.mx\/wp-content\/uploads\/2019\/01\/773757.jpeg?resize=700%2C400 2x"},"classes":[]},{"id":32953,"url":"http:\/\/www.grieta.org.mx\/index.php\/2019\/05\/03\/exigen-cadis-pago-de-quincenas-durango\/","url_meta":{"origin":2174,"position":2},"title":"Exigen CADI\u00b4s pago de quincenas (Durango)","author":"grieta","date":"3 mayo, 2019","format":false,"excerpt":"Jos\u00e9lo Fuentes Delgado \/ La Voz de Durango Maestros, personal de apoyo, padres de familia y alumnos se manifestaron marchando de la Plaza de Armas hasta las instalaciones del Centro Cultural y de Convenciones Bicentenario (CCCB), para exigir el pago de ocho quincenas que les deben, situaci\u00f3n que ya es\u2026","rel":"","context":"En &quot;CINTILLO&quot;","block_context":{"text":"CINTILLO","link":"http:\/\/www.grieta.org.mx\/index.php\/category\/cintillo\/"},"img":{"alt_text":"","src":"https:\/\/i0.wp.com\/www.grieta.org.mx\/wp-content\/uploads\/2019\/05\/cadis.jpg?resize=350%2C200","width":350,"height":200,"srcset":"https:\/\/i0.wp.com\/www.grieta.org.mx\/wp-content\/uploads\/2019\/05\/cadis.jpg?resize=350%2C200 1x, https:\/\/i0.wp.com\/www.grieta.org.mx\/wp-content\/uploads\/2019\/05\/cadis.jpg?resize=525%2C300 1.5x"},"classes":[]},{"id":27502,"url":"http:\/\/www.grieta.org.mx\/index.php\/2018\/08\/27\/academicos-toman-la-direccion-de-la-facultad-de-medicina-durango\/","url_meta":{"origin":2174,"position":3},"title":"Acad\u00e9micos toman la direcci\u00f3n de la Facultad de Medicina (Durango)","author":"grieta","date":"27 agosto, 2018","format":false,"excerpt":"Claudia Barrientos\/El Siglo de Durango Docentes universitarios tomaron la Direcci\u00f3n de la Facultad de Medicina y Nutrici\u00f3n y la Direcci\u00f3n de Recursos Humanos de la Universidad Ju\u00e1rez del Estado de Durango (UJED), con el argumento de que se est\u00e1n cometiendo violaciones al Contrato Colectivo del Trabajo. En este sentido, evidenciaron\u2026","rel":"","context":"En &quot;CINTILLO&quot;","block_context":{"text":"CINTILLO","link":"http:\/\/www.grieta.org.mx\/index.php\/category\/cintillo\/"},"img":{"alt_text":"","src":"https:\/\/i0.wp.com\/www.grieta.org.mx\/wp-content\/uploads\/2018\/11\/728528.jpeg?resize=350%2C200","width":350,"height":200,"srcset":"https:\/\/i0.wp.com\/www.grieta.org.mx\/wp-content\/uploads\/2018\/11\/728528.jpeg?resize=350%2C200 1x, https:\/\/i0.wp.com\/www.grieta.org.mx\/wp-content\/uploads\/2018\/11\/728528.jpeg?resize=525%2C300 1.5x, https:\/\/i0.wp.com\/www.grieta.org.mx\/wp-content\/uploads\/2018\/11\/728528.jpeg?resize=700%2C400 2x"},"classes":[]},{"id":33271,"url":"http:\/\/www.grieta.org.mx\/index.php\/2019\/05\/08\/continua-huelga-en-la-secretaria-de-educacion-de-durango\/","url_meta":{"origin":2174,"position":4},"title":"Contin\u00faa huelga en la Secretar\u00eda de Educaci\u00f3n de Durango","author":"grieta","date":"8 mayo, 2019","format":false,"excerpt":"Gilberto Lastra\/Multimedios Durango, Dgo. Por segundo d\u00eda consecutivo, las instalaciones de la Secretar\u00eda de Educaci\u00f3n del Estado de Durango, por parte de la directiva del Sistema CADI. Hilda Guadalupe L\u00f3pez Nav\u00e1rez, responsable de la Escuela Humanista Manuel Rosas Santill\u00e1n, explic\u00f3 que es importante la comprensi\u00f3n de los ciudadanos. Explic\u00f3 que\u2026","rel":"","context":"En &quot;CINTILLO&quot;","block_context":{"text":"CINTILLO","link":"http:\/\/www.grieta.org.mx\/index.php\/category\/cintillo\/"},"img":{"alt_text":"","src":"https:\/\/i0.wp.com\/www.grieta.org.mx\/wp-content\/uploads\/2019\/05\/ag2-1.jpg?resize=350%2C200","width":350,"height":200,"srcset":"https:\/\/i0.wp.com\/www.grieta.org.mx\/wp-content\/uploads\/2019\/05\/ag2-1.jpg?resize=350%2C200 1x, https:\/\/i0.wp.com\/www.grieta.org.mx\/wp-content\/uploads\/2019\/05\/ag2-1.jpg?resize=525%2C300 1.5x, https:\/\/i0.wp.com\/www.grieta.org.mx\/wp-content\/uploads\/2019\/05\/ag2-1.jpg?resize=700%2C400 2x, https:\/\/i0.wp.com\/www.grieta.org.mx\/wp-content\/uploads\/2019\/05\/ag2-1.jpg?resize=1050%2C600 3x"},"classes":[]},{"id":32963,"url":"http:\/\/www.grieta.org.mx\/index.php\/2019\/05\/01\/maestros-en-durango-sin-itp-quedan-en-pobreza\/","url_meta":{"origin":2174,"position":5},"title":"Maestros en Durango sin ITP quedan en pobreza","author":"grieta","date":"1 mayo, 2019","format":false,"excerpt":"Nallely Urbina\/El Sol de Durango Maestros que enferman o sufren un accidente que les impide trabajar, no tienen acceso a la Incapacidad Total y Permanente (ITP), denunci\u00f3 Rafael Montes representante de la Secci\u00f3n 44 de la Coordinadora de trabajadores de la Educaci\u00f3n (CNTE). Refiri\u00f3 que el cambio se dio cuando\u2026","rel":"","context":"En &quot;Durango&quot;","block_context":{"text":"Durango","link":"http:\/\/www.grieta.org.mx\/index.php\/category\/noticias-nacionales\/durango\/"},"img":{"alt_text":"","src":"https:\/\/i0.wp.com\/www.grieta.org.mx\/wp-content\/uploads\/2019\/05\/802651.jpeg?resize=350%2C200","width":350,"height":200,"srcset":"https:\/\/i0.wp.com\/www.grieta.org.mx\/wp-content\/uploads\/2019\/05\/802651.jpeg?resize=350%2C200 1x, https:\/\/i0.wp.com\/www.grieta.org.mx\/wp-content\/uploads\/2019\/05\/802651.jpeg?resize=525%2C300 1.5x, https:\/\/i0.wp.com\/www.grieta.org.mx\/wp-content\/uploads\/2019\/05\/802651.jpeg?resize=700%2C400 2x"},"classes":[]}],"_links":{"self":[{"href":"http:\/\/www.grieta.org.mx\/index.php\/wp-json\/wp\/v2\/posts\/2174","targetHints":{"allow":["GET"]}}],"collection":[{"href":"http:\/\/www.grieta.org.mx\/index.php\/wp-json\/wp\/v2\/posts"}],"about":[{"href":"http:\/\/www.grieta.org.mx\/index.php\/wp-json\/wp\/v2\/types\/post"}],"author":[{"embeddable":true,"href":"http:\/\/www.grieta.org.mx\/index.php\/wp-json\/wp\/v2\/users\/2"}],"replies":[{"embeddable":true,"href":"http:\/\/www.grieta.org.mx\/index.php\/wp-json\/wp\/v2\/comments?post=2174"}],"version-history":[{"count":1,"href":"http:\/\/www.grieta.org.mx\/index.php\/wp-json\/wp\/v2\/posts\/2174\/revisions"}],"predecessor-version":[{"id":2177,"href":"http:\/\/www.grieta.org.mx\/index.php\/wp-json\/wp\/v2\/posts\/2174\/revisions\/2177"}],"wp:featuredmedia":[{"embeddable":true,"href":"http:\/\/www.grieta.org.mx\/index.php\/wp-json\/wp\/v2\/media\/21928"}],"wp:attachment":[{"href":"http:\/\/www.grieta.org.mx\/index.php\/wp-json\/wp\/v2\/media?parent=2174"}],"wp:term":[{"taxonomy":"category","embeddable":true,"href":"http:\/\/www.grieta.org.mx\/index.php\/wp-json\/wp\/v2\/categories?post=2174"},{"taxonomy":"post_tag","embeddable":true,"href":"http:\/\/www.grieta.org.mx\/index.php\/wp-json\/wp\/v2\/tags?post=2174"}],"curies":[{"name":"wp","href":"https:\/\/api.w.org\/{rel}","templated":true}]}}