{"id":21664,"date":"2016-09-11T12:57:57","date_gmt":"2016-09-11T17:57:57","guid":{"rendered":"http:\/\/www.grieta.org.mx\/?p=21664"},"modified":"2016-09-14T13:02:03","modified_gmt":"2016-09-14T18:02:03","slug":"asesinan-a-activista-de-idp-en-los-reyes-la-paz","status":"publish","type":"post","link":"http:\/\/www.grieta.org.mx\/index.php\/2016\/09\/11\/asesinan-a-activista-de-idp-en-los-reyes-la-paz\/","title":{"rendered":"Asesinan a activista de IDP en Los Reyes la Paz"},"content":{"rendered":"<p><strong>11\/09\/16. <\/strong><a href=\"http:\/\/www.grieta.org.mx\/index.php\/2016\/09\/11\/asesinan-a-ricardo-mejia-activista-de-la-idp-en-los-reyes-la-paz\/\">Asesinan a Ricardo Mej\u00eda, activista de la IDP en Los Reyes la Paz<\/a><br  \/><em>Reporteros en Movimiento<\/em><br  \/><\/p>\n","protected":false},"excerpt":{"rendered":"<p>11\/09\/16. Asesinan a Ricardo Mej\u00eda, activista de la IDP en Los Reyes la PazReporteros en Movimiento<\/p>\n","protected":false},"author":2,"featured_media":21928,"comment_status":"closed","ping_status":"closed","sticky":false,"template":"","format":"standard","meta":{"ngg_post_thumbnail":0,"_jetpack_newsletter_access":"","_jetpack_dont_email_post_to_subs":false,"_jetpack_newsletter_tier_id":0,"_jetpack_memberships_contains_paywalled_content":false,"_jetpack_memberships_contains_paid_content":false,"footnotes":""},"categories":[16,2],"tags":[],"class_list":["post-21664","post","type-post","status-publish","format-standard","has-post-thumbnail","hentry","category-estado-de-mexico","category-noticias-nacionales","entry"],"jetpack_featured_media_url":"http:\/\/www.grieta.org.mx\/wp-content\/uploads\/2018\/03\/14524434_1106112876131411_958039263622046936_o.jpg","jetpack_sharing_enabled":true,"jetpack_shortlink":"https:\/\/wp.me\/p7ZJR4-5Dq","jetpack_likes_enabled":false,"jetpack-related-posts":[{"id":21655,"url":"http:\/\/www.grieta.org.mx\/index.php\/2016\/09\/11\/asesinan-a-ricardo-mejia-activista-de-la-idp-en-los-reyes-la-paz\/","url_meta":{"origin":21664,"position":0},"title":"Asesinan a Ricardo Mej\u00eda, activista de la IDP en Los Reyes la Paz","author":"grieta","date":"11 septiembre, 2016","format":false,"excerpt":"LOS REYES LA PAZ, M\u00e9x. 11 septiembre 2016.- Ricardo Mej\u00eda Samaniego, uno de los dirigentes la Izquierda Democr\u00e1tica Popular (IDP) cuya ra\u00edces organizativas vienen de familiares del guerrillero, Lucio Caba\u00f1as, fue asesinado por un solitario sicario, cuando se encontraba en la construcci\u00f3n de su casa en la calle Orqu\u00eddea de\u2026","rel":"","context":"En &quot;CINTILLO&quot;","block_context":{"text":"CINTILLO","link":"http:\/\/www.grieta.org.mx\/index.php\/category\/cintillo\/"},"img":{"alt_text":"","src":"https:\/\/i0.wp.com\/www.grieta.org.mx\/wp-content\/uploads\/2018\/03\/14524434_1106112876131411_958039263622046936_o.jpg?resize=350%2C200","width":350,"height":200,"srcset":"https:\/\/i0.wp.com\/www.grieta.org.mx\/wp-content\/uploads\/2018\/03\/14524434_1106112876131411_958039263622046936_o.jpg?resize=350%2C200 1x, https:\/\/i0.wp.com\/www.grieta.org.mx\/wp-content\/uploads\/2018\/03\/14524434_1106112876131411_958039263622046936_o.jpg?resize=525%2C300 1.5x, https:\/\/i0.wp.com\/www.grieta.org.mx\/wp-content\/uploads\/2018\/03\/14524434_1106112876131411_958039263622046936_o.jpg?resize=700%2C400 2x"},"classes":[]},{"id":32524,"url":"http:\/\/www.grieta.org.mx\/index.php\/2019\/03\/30\/asesinan-en-veracruz-a-activista-abiram-hernandez-activista-por-los-desaparecidos\/","url_meta":{"origin":21664,"position":1},"title":"Asesinan en Veracruz a activista Abir\u00e1m Hern\u00e1ndez, activista por los desaparecidos","author":"grieta","date":"30 marzo, 2019","format":false,"excerpt":"Abir\u00e1m Hern\u00e1ndez, ex integrante del colectivo Por la Paz de Xalapa, fue asesinado el d\u00eda de ayer de manera artera: su cuerpo fue encontrado en la sala de su casa con un golpe en la cabeza que le quit\u00f3 la vida, luego de que fueran forzadas las entradas a su\u2026","rel":"","context":"En &quot;Asesinato de activistas en Veracruz&quot;","block_context":{"text":"Asesinato de activistas en Veracruz","link":"http:\/\/www.grieta.org.mx\/index.php\/category\/noticias-nacionales\/veracruz\/asesinato-de-activistas-en-veracruz\/"},"img":{"alt_text":"","src":"https:\/\/i0.wp.com\/www.grieta.org.mx\/wp-content\/uploads\/2019\/04\/36539725_10160675006530442_3325318810486964224_n.jpg?resize=350%2C200","width":350,"height":200,"srcset":"https:\/\/i0.wp.com\/www.grieta.org.mx\/wp-content\/uploads\/2019\/04\/36539725_10160675006530442_3325318810486964224_n.jpg?resize=350%2C200 1x, https:\/\/i0.wp.com\/www.grieta.org.mx\/wp-content\/uploads\/2019\/04\/36539725_10160675006530442_3325318810486964224_n.jpg?resize=525%2C300 1.5x, https:\/\/i0.wp.com\/www.grieta.org.mx\/wp-content\/uploads\/2019\/04\/36539725_10160675006530442_3325318810486964224_n.jpg?resize=700%2C400 2x"},"classes":[]},{"id":53821,"url":"http:\/\/www.grieta.org.mx\/index.php\/2020\/09\/26\/asesinan-a-daniel-sotelo-cunado-del-activista-oscar-eyraud-en-tecate-baja-california\/","url_meta":{"origin":21664,"position":2},"title":"Asesinan a Daniel Sotelo, cu\u00f1ado del activista \u00d3scar Eyraud, en Tecate, Baja California","author":"grieta","date":"26 septiembre, 2020","format":false,"excerpt":"Animal Pol\u00edtico \/ Por Redacci\u00f3n. Cuartoscuro. Autoridades en Baja California confirmaron el asesinato en Tecate de Daniel Sotelo, cu\u00f1ado del asesinado activista \u00d3scar Eyraud Adams. El segundo crimen ocurri\u00f3 un d\u00eda despu\u00e9s del asesinato de \u00d3scar Eyraud a manos de un grupo armado. El crimen de Sotelo, de 32 a\u00f1os\u2026","rel":"","context":"En &quot;Baja California&quot;","block_context":{"text":"Baja California","link":"http:\/\/www.grieta.org.mx\/index.php\/category\/noticias-nacionales\/baja-california\/"},"img":{"alt_text":"","src":"https:\/\/i0.wp.com\/www.grieta.org.mx\/wp-content\/uploads\/2020\/09\/a-5.jpg?resize=350%2C200","width":350,"height":200,"srcset":"https:\/\/i0.wp.com\/www.grieta.org.mx\/wp-content\/uploads\/2020\/09\/a-5.jpg?resize=350%2C200 1x, https:\/\/i0.wp.com\/www.grieta.org.mx\/wp-content\/uploads\/2020\/09\/a-5.jpg?resize=525%2C300 1.5x, https:\/\/i0.wp.com\/www.grieta.org.mx\/wp-content\/uploads\/2020\/09\/a-5.jpg?resize=700%2C400 2x"},"classes":[]},{"id":41068,"url":"http:\/\/www.grieta.org.mx\/index.php\/2019\/11\/09\/asesinan-a-la-activista-e-historiadora-raquel-padilla-en-sonora\/","url_meta":{"origin":21664,"position":3},"title":"Asesinan a la activista e historiadora Raquel Padilla, en Sonora","author":"grieta","date":"9 noviembre, 2019","format":false,"excerpt":"Redacci\u00f3n Animal Pol\u00edtico Raquel fue asesinada con un arma blanca dentro de una vivienda en el municipio de Ures; la Fiscal\u00eda de Sonora investiga el hecho como feminicidio. La escritora, antrop\u00f3loga y activista, Raquel Padilla, de 53 a\u00f1os, fue asesinada dentro de una casa con un arma blanca la tarde\u2026","rel":"","context":"En &quot;CINTILLO&quot;","block_context":{"text":"CINTILLO","link":"http:\/\/www.grieta.org.mx\/index.php\/category\/cintillo\/"},"img":{"alt_text":"","src":"https:\/\/i0.wp.com\/www.grieta.org.mx\/wp-content\/uploads\/2019\/11\/WhatsApp-Image-2019-11-08-at-08.29.16-e1573223497903.jpeg?resize=350%2C200","width":350,"height":200,"srcset":"https:\/\/i0.wp.com\/www.grieta.org.mx\/wp-content\/uploads\/2019\/11\/WhatsApp-Image-2019-11-08-at-08.29.16-e1573223497903.jpeg?resize=350%2C200 1x, https:\/\/i0.wp.com\/www.grieta.org.mx\/wp-content\/uploads\/2019\/11\/WhatsApp-Image-2019-11-08-at-08.29.16-e1573223497903.jpeg?resize=525%2C300 1.5x, https:\/\/i0.wp.com\/www.grieta.org.mx\/wp-content\/uploads\/2019\/11\/WhatsApp-Image-2019-11-08-at-08.29.16-e1573223497903.jpeg?resize=700%2C400 2x"},"classes":[]},{"id":48529,"url":"http:\/\/www.grieta.org.mx\/index.php\/2020\/03\/26\/asesinan-en-morelos-al-ambientalista-isaac-herrera-aviles\/","url_meta":{"origin":21664,"position":4},"title":"Asesinan en Morelos al ambientalista Isaac Herrera Avil\u00e9s","author":"Admin","date":"26 marzo, 2020","format":false,"excerpt":"Redacci\u00f3n \/ Eje Central El activista y asesor en temas legales ambientales, Isaac Medardo Herrera Avil\u00e9s, fue asesinado por hombres armados en la puerta de su casa, ubicada en Jiutepec, Morelos, el pasado lunes. La Universidad Aut\u00f3noma Metropolitana lament\u00f3 la muerte del activista, pues es el padre de una de\u2026","rel":"","context":"En &quot;Asesinato de activistas en Morelos&quot;","block_context":{"text":"Asesinato de activistas en Morelos","link":"http:\/\/www.grieta.org.mx\/index.php\/category\/noticias-nacionales\/morelos\/asesinato-de-activistas-en-morelos\/"},"img":{"alt_text":"","src":"https:\/\/i0.wp.com\/www.grieta.org.mx\/wp-content\/uploads\/2020\/05\/Screenshot_2020-05-03-Asesinan-en-Morelos-al-ambientalista-Isaac-Herrera-Avil%C3%A9s-%C2%BB-Eje-Central.png?resize=350%2C200","width":350,"height":200,"srcset":"https:\/\/i0.wp.com\/www.grieta.org.mx\/wp-content\/uploads\/2020\/05\/Screenshot_2020-05-03-Asesinan-en-Morelos-al-ambientalista-Isaac-Herrera-Avil%C3%A9s-%C2%BB-Eje-Central.png?resize=350%2C200 1x, https:\/\/i0.wp.com\/www.grieta.org.mx\/wp-content\/uploads\/2020\/05\/Screenshot_2020-05-03-Asesinan-en-Morelos-al-ambientalista-Isaac-Herrera-Avil%C3%A9s-%C2%BB-Eje-Central.png?resize=525%2C300 1.5x, https:\/\/i0.wp.com\/www.grieta.org.mx\/wp-content\/uploads\/2020\/05\/Screenshot_2020-05-03-Asesinan-en-Morelos-al-ambientalista-Isaac-Herrera-Avil%C3%A9s-%C2%BB-Eje-Central.png?resize=700%2C400 2x"},"classes":[]},{"id":22982,"url":"http:\/\/www.grieta.org.mx\/index.php\/2017\/05\/11\/asesinan-a-activista-de-san-fernando-tamaulipas\/","url_meta":{"origin":21664,"position":5},"title":"Asesinan a activista de San Fernando, Tamaulipas","author":"grieta","date":"11 mayo, 2017","format":false,"excerpt":"Esmeralda Rom\u00e1n y Chantal Mart\u00ednez\/Milenio La representante del colectivo de desaparecidos de San Fernando, Miriam Elizabeth Rodr\u00edguez Mart\u00ednez, fue asesinada anoche por un comando que ingres\u00f3 a su vivienda, inform\u00f3 el gobernador de Tamaulipas, Francisco Garc\u00eda Cabeza de Vaca. Rodr\u00edguez Mart\u00ednez se convirti\u00f3 en activista luego de que hace cinco\u2026","rel":"","context":"En &quot;CINTILLO&quot;","block_context":{"text":"CINTILLO","link":"http:\/\/www.grieta.org.mx\/index.php\/category\/cintillo\/"},"img":{"alt_text":"","src":"https:\/\/i0.wp.com\/www.grieta.org.mx\/wp-content\/uploads\/2018\/05\/Activista-asesinada-San-Fernando_MILIMA20170511_0101_8.jpg?resize=350%2C200","width":350,"height":200},"classes":[]}],"_links":{"self":[{"href":"http:\/\/www.grieta.org.mx\/index.php\/wp-json\/wp\/v2\/posts\/21664","targetHints":{"allow":["GET"]}}],"collection":[{"href":"http:\/\/www.grieta.org.mx\/index.php\/wp-json\/wp\/v2\/posts"}],"about":[{"href":"http:\/\/www.grieta.org.mx\/index.php\/wp-json\/wp\/v2\/types\/post"}],"author":[{"embeddable":true,"href":"http:\/\/www.grieta.org.mx\/index.php\/wp-json\/wp\/v2\/users\/2"}],"replies":[{"embeddable":true,"href":"http:\/\/www.grieta.org.mx\/index.php\/wp-json\/wp\/v2\/comments?post=21664"}],"version-history":[{"count":1,"href":"http:\/\/www.grieta.org.mx\/index.php\/wp-json\/wp\/v2\/posts\/21664\/revisions"}],"predecessor-version":[{"id":21665,"href":"http:\/\/www.grieta.org.mx\/index.php\/wp-json\/wp\/v2\/posts\/21664\/revisions\/21665"}],"wp:featuredmedia":[{"embeddable":true,"href":"http:\/\/www.grieta.org.mx\/index.php\/wp-json\/wp\/v2\/media\/21928"}],"wp:attachment":[{"href":"http:\/\/www.grieta.org.mx\/index.php\/wp-json\/wp\/v2\/media?parent=21664"}],"wp:term":[{"taxonomy":"category","embeddable":true,"href":"http:\/\/www.grieta.org.mx\/index.php\/wp-json\/wp\/v2\/categories?post=21664"},{"taxonomy":"post_tag","embeddable":true,"href":"http:\/\/www.grieta.org.mx\/index.php\/wp-json\/wp\/v2\/tags?post=21664"}],"curies":[{"name":"wp","href":"https:\/\/api.w.org\/{rel}","templated":true}]}}