{"id":21655,"date":"2016-09-11T12:49:54","date_gmt":"2016-09-11T17:49:54","guid":{"rendered":"http:\/\/www.grieta.org.mx\/?p=21655"},"modified":"2016-09-14T12:55:40","modified_gmt":"2016-09-14T17:55:40","slug":"asesinan-a-ricardo-mejia-activista-de-la-idp-en-los-reyes-la-paz","status":"publish","type":"post","link":"http:\/\/www.grieta.org.mx\/index.php\/2016\/09\/11\/asesinan-a-ricardo-mejia-activista-de-la-idp-en-los-reyes-la-paz\/","title":{"rendered":"Asesinan a Ricardo Mej\u00eda, activista de la IDP en Los Reyes la Paz"},"content":{"rendered":"<p><img loading=\"lazy\" decoding=\"async\" class=\"alignleft\" src=\"https:\/\/reporterosenmovimiento.files.wordpress.com\/2016\/09\/image35.jpeg?w=572&amp;h=502&amp;crop=1\" width=\"409\" height=\"359\" \/><\/p>\n<p><a href=\"https:\/\/reporterosenmovimiento.wordpress.com\/2016\/09\/11\/asesinan-a-ricardo-mejia-activista-dela-idp-en-los-reyes-la-paz\/image-7206\/\">https:\/\/reporterosenmovimiento.wordpress.com\/2016\/09\/11\/asesinan-a-ricardo-mejia-activista-dela-idp-en-los-reyes-la-paz\/image-7206\/<\/a><\/p>\n<p>LOS REYES LA PAZ, M\u00e9x. 11 septiembre 2016.- Ricardo Mej\u00eda Samaniego, uno de los dirigentes la Izquierda Democr\u00e1tica Popular (IDP) cuya ra\u00edces organizativas vienen de familiares del guerrillero, Lucio Caba\u00f1as, fue asesinado por un solitario sicario, cuando se encontraba en la construcci\u00f3n de su casa en la calle Orqu\u00eddea de la colonia Lomas de San Sebasti\u00e1n.<br \/>\nLa ma\u00f1ana del s\u00e1bado 10 de septiembre, el activista hab\u00eda acudido a ver el avance de la obra en su casa, cuando un sujeto no identificado le dispar\u00f3 en seis ocasiones, para despu\u00e9s huir en un veh\u00edculo sin placas de circulaci\u00f3n.<\/p>\n<p>Los vecinos confirmaron que solo fue uno el sicario que se acerc\u00f3 sigilosamente al l\u00edder de la organizaci\u00f3n Izquierda Democr\u00e1tica Popular y le dispar\u00f3.<\/p>\n<p>\u201cSu asesinato se da en el contexto de una ofensiva territorial del Partido Revolucionario Institucional (PRI), Antorcha Popular y el ayuntamiento pri\u00edsta de Los Reyes La Paz contra el movimiento independiente\u201d, externaron los l\u00edderes de la Izquierda Democr\u00e1tica Popular, entre ellos, David Caba\u00f1as Barrientos.<\/p>\n<p>Establecieron: \u201cResponsabilizamos al Estado mexicano de este artero crimen y exigimos justicia y su esclarecimiento. Ricardo fue secretario general de IDP y organizador de colonias populares. Solicitamos la solidaridad de las agrupaciones sociales fraternas para frenar una escalada de agresiones contra nuestros compa\u00f1eros de IDP en el Estado de M\u00e9xico\u201d.<\/p>\n<p>En Lomas de San Sebasti\u00e1n hay una disputa territorial entre IDP, Antorcha Campesinas y grupos afines al alcalde priista, Rolando Castellanos Hern\u00e1ndez.<\/p>\n<p>La IDP tiene influencia en esa zona de los Reyes La Paz, Teotihuacan y Toluca. participa en la construcci\u00f3n de colonias y de escuelas populares para familias pobres.<\/p>\n<p>Enrique Itehua Salas, otros de los dirigentes de esta organizaci\u00f3n, inform\u00f3 que tienen 16 a\u00f1os de trabajar en la zona oriente del Estado de M\u00e9xico con la solicitud de escuelas, servicios p\u00fablicos y vivienda.<\/p>\n<p>Asegur\u00f3 que el crimen se debi\u00f3 a que luchan contra el PRI gobierno y el sistema pol\u00edtico nacional, estatal y municipal.<\/p>\n<p>Para el mi\u00e9rcoles la IDP tiene una marcha programada en la ciudad dd M\u00e9xico en la cual se exigir\u00e1 justicia por el asesinato de Ricardo Mej\u00eda Sarmiento y la captura del sicario, as\u00ed como del autor intelectual del crimen.<\/p>\n<p>Este domingo, el cuerpo del activista es velado e una funeraria de la colonia Agr\u00edcola Oriental de la Ciudad de M\u00e9xico.<\/p>\n<p><a href=\"https:\/\/reporterosenmovimiento.wordpress.com\/2016\/09\/11\/asesinan-a-ricardo-mejia-activista-dela-idp-en-los-reyes-la-paz\/\" target=\"_blank\">https:\/\/reporterosenmovimiento.wordpress.com\/2016\/09\/11\/asesinan-a-ricardo-mejia-activista-dela-idp-en-los-reyes-la-paz\/<\/a><\/p>\n","protected":false},"excerpt":{"rendered":"<p>LOS REYES LA PAZ, M\u00e9x. 11 septiembre 2016.- Ricardo Mej\u00eda Samaniego, uno de los dirigentes la Izquierda Democr\u00e1tica Popular (IDP) cuya ra\u00edces organizativas vienen de familiares del guerrillero, Lucio Caba\u00f1as, &hellip; <a href=\"http:\/\/www.grieta.org.mx\/index.php\/2016\/09\/11\/asesinan-a-ricardo-mejia-activista-de-la-idp-en-los-reyes-la-paz\/\" class=\"more-link\">Leer m\u00e1s<\/a><\/p>\n","protected":false},"author":2,"featured_media":21928,"comment_status":"closed","ping_status":"closed","sticky":false,"template":"","format":"standard","meta":{"ngg_post_thumbnail":0,"_jetpack_newsletter_access":"","_jetpack_dont_email_post_to_subs":false,"_jetpack_newsletter_tier_id":0,"_jetpack_memberships_contains_paywalled_content":false,"_jetpack_memberships_contains_paid_content":false,"footnotes":""},"categories":[80],"tags":[92,130],"class_list":["post-21655","post","type-post","status-publish","format-standard","has-post-thumbnail","hentry","category-cintillo","tag-estado-de-mexico","tag-represion","entry"],"jetpack_featured_media_url":"http:\/\/www.grieta.org.mx\/wp-content\/uploads\/2018\/03\/14524434_1106112876131411_958039263622046936_o.jpg","jetpack_sharing_enabled":true,"jetpack_shortlink":"https:\/\/wp.me\/p7ZJR4-5Dh","jetpack_likes_enabled":false,"jetpack-related-posts":[{"id":21664,"url":"http:\/\/www.grieta.org.mx\/index.php\/2016\/09\/11\/asesinan-a-activista-de-idp-en-los-reyes-la-paz\/","url_meta":{"origin":21655,"position":0},"title":"Asesinan a activista de IDP en Los Reyes la Paz","author":"grieta","date":"11 septiembre, 2016","format":false,"excerpt":"11\/09\/16. Asesinan a Ricardo Mej\u00eda, activista de la IDP en Los Reyes la PazReporteros en Movimiento","rel":"","context":"En &quot;Estado de M\u00e9xico&quot;","block_context":{"text":"Estado de M\u00e9xico","link":"http:\/\/www.grieta.org.mx\/index.php\/category\/noticias-nacionales\/estado-de-mexico\/"},"img":{"alt_text":"","src":"https:\/\/i0.wp.com\/www.grieta.org.mx\/wp-content\/uploads\/2018\/03\/14524434_1106112876131411_958039263622046936_o.jpg?resize=350%2C200","width":350,"height":200,"srcset":"https:\/\/i0.wp.com\/www.grieta.org.mx\/wp-content\/uploads\/2018\/03\/14524434_1106112876131411_958039263622046936_o.jpg?resize=350%2C200 1x, https:\/\/i0.wp.com\/www.grieta.org.mx\/wp-content\/uploads\/2018\/03\/14524434_1106112876131411_958039263622046936_o.jpg?resize=525%2C300 1.5x, https:\/\/i0.wp.com\/www.grieta.org.mx\/wp-content\/uploads\/2018\/03\/14524434_1106112876131411_958039263622046936_o.jpg?resize=700%2C400 2x"},"classes":[]},{"id":32524,"url":"http:\/\/www.grieta.org.mx\/index.php\/2019\/03\/30\/asesinan-en-veracruz-a-activista-abiram-hernandez-activista-por-los-desaparecidos\/","url_meta":{"origin":21655,"position":1},"title":"Asesinan en Veracruz a activista Abir\u00e1m Hern\u00e1ndez, activista por los desaparecidos","author":"grieta","date":"30 marzo, 2019","format":false,"excerpt":"Abir\u00e1m Hern\u00e1ndez, ex integrante del colectivo Por la Paz de Xalapa, fue asesinado el d\u00eda de ayer de manera artera: su cuerpo fue encontrado en la sala de su casa con un golpe en la cabeza que le quit\u00f3 la vida, luego de que fueran forzadas las entradas a su\u2026","rel":"","context":"En &quot;Asesinato de activistas en Veracruz&quot;","block_context":{"text":"Asesinato de activistas en Veracruz","link":"http:\/\/www.grieta.org.mx\/index.php\/category\/noticias-nacionales\/veracruz\/asesinato-de-activistas-en-veracruz\/"},"img":{"alt_text":"","src":"https:\/\/i0.wp.com\/www.grieta.org.mx\/wp-content\/uploads\/2019\/04\/36539725_10160675006530442_3325318810486964224_n.jpg?resize=350%2C200","width":350,"height":200,"srcset":"https:\/\/i0.wp.com\/www.grieta.org.mx\/wp-content\/uploads\/2019\/04\/36539725_10160675006530442_3325318810486964224_n.jpg?resize=350%2C200 1x, https:\/\/i0.wp.com\/www.grieta.org.mx\/wp-content\/uploads\/2019\/04\/36539725_10160675006530442_3325318810486964224_n.jpg?resize=525%2C300 1.5x, https:\/\/i0.wp.com\/www.grieta.org.mx\/wp-content\/uploads\/2019\/04\/36539725_10160675006530442_3325318810486964224_n.jpg?resize=700%2C400 2x"},"classes":[]},{"id":41068,"url":"http:\/\/www.grieta.org.mx\/index.php\/2019\/11\/09\/asesinan-a-la-activista-e-historiadora-raquel-padilla-en-sonora\/","url_meta":{"origin":21655,"position":2},"title":"Asesinan a la activista e historiadora Raquel Padilla, en Sonora","author":"grieta","date":"9 noviembre, 2019","format":false,"excerpt":"Redacci\u00f3n Animal Pol\u00edtico Raquel fue asesinada con un arma blanca dentro de una vivienda en el municipio de Ures; la Fiscal\u00eda de Sonora investiga el hecho como feminicidio. La escritora, antrop\u00f3loga y activista, Raquel Padilla, de 53 a\u00f1os, fue asesinada dentro de una casa con un arma blanca la tarde\u2026","rel":"","context":"En &quot;CINTILLO&quot;","block_context":{"text":"CINTILLO","link":"http:\/\/www.grieta.org.mx\/index.php\/category\/cintillo\/"},"img":{"alt_text":"","src":"https:\/\/i0.wp.com\/www.grieta.org.mx\/wp-content\/uploads\/2019\/11\/WhatsApp-Image-2019-11-08-at-08.29.16-e1573223497903.jpeg?resize=350%2C200","width":350,"height":200,"srcset":"https:\/\/i0.wp.com\/www.grieta.org.mx\/wp-content\/uploads\/2019\/11\/WhatsApp-Image-2019-11-08-at-08.29.16-e1573223497903.jpeg?resize=350%2C200 1x, https:\/\/i0.wp.com\/www.grieta.org.mx\/wp-content\/uploads\/2019\/11\/WhatsApp-Image-2019-11-08-at-08.29.16-e1573223497903.jpeg?resize=525%2C300 1.5x, https:\/\/i0.wp.com\/www.grieta.org.mx\/wp-content\/uploads\/2019\/11\/WhatsApp-Image-2019-11-08-at-08.29.16-e1573223497903.jpeg?resize=700%2C400 2x"},"classes":[]},{"id":33744,"url":"http:\/\/www.grieta.org.mx\/index.php\/2018\/04\/17\/asesinan-en-chihuahua-al-activista-luis-carlos-gutierrez\/","url_meta":{"origin":21655,"position":3},"title":"Asesinan en Chihuahua al activista Luis Carlos Guti\u00e9rrez","author":"grieta","date":"17 abril, 2018","format":false,"excerpt":"El cuerpo de Luis Carlos Guti\u00e9rrez, un activista de la organizaci\u00f3n Resistencia Civil Madera y Madera Unido, fue encontrado muerto este martes en una carretera de Chihuahua. AFP\/ ANIMAL POL\u00cdTICO El cad\u00e1ver de un activista mexicano dedicado a proveer medicinas y alimentos a ind\u00edgenas tarahumaras en Chihuahua fue encontrado este\u2026","rel":"","context":"En &quot;Chihuahua&quot;","block_context":{"text":"Chihuahua","link":"http:\/\/www.grieta.org.mx\/index.php\/category\/noticias-nacionales\/chihuahua\/"},"img":{"alt_text":"","src":"https:\/\/i0.wp.com\/www.grieta.org.mx\/wp-content\/uploads\/2019\/05\/Activista-asesinado.jpg?resize=350%2C200","width":350,"height":200,"srcset":"https:\/\/i0.wp.com\/www.grieta.org.mx\/wp-content\/uploads\/2019\/05\/Activista-asesinado.jpg?resize=350%2C200 1x, https:\/\/i0.wp.com\/www.grieta.org.mx\/wp-content\/uploads\/2019\/05\/Activista-asesinado.jpg?resize=525%2C300 1.5x, https:\/\/i0.wp.com\/www.grieta.org.mx\/wp-content\/uploads\/2019\/05\/Activista-asesinado.jpg?resize=700%2C400 2x"},"classes":[]},{"id":48529,"url":"http:\/\/www.grieta.org.mx\/index.php\/2020\/03\/26\/asesinan-en-morelos-al-ambientalista-isaac-herrera-aviles\/","url_meta":{"origin":21655,"position":4},"title":"Asesinan en Morelos al ambientalista Isaac Herrera Avil\u00e9s","author":"Admin","date":"26 marzo, 2020","format":false,"excerpt":"Redacci\u00f3n \/ Eje Central El activista y asesor en temas legales ambientales, Isaac Medardo Herrera Avil\u00e9s, fue asesinado por hombres armados en la puerta de su casa, ubicada en Jiutepec, Morelos, el pasado lunes. La Universidad Aut\u00f3noma Metropolitana lament\u00f3 la muerte del activista, pues es el padre de una de\u2026","rel":"","context":"En &quot;Asesinato de activistas en Morelos&quot;","block_context":{"text":"Asesinato de activistas en Morelos","link":"http:\/\/www.grieta.org.mx\/index.php\/category\/noticias-nacionales\/morelos\/asesinato-de-activistas-en-morelos\/"},"img":{"alt_text":"","src":"https:\/\/i0.wp.com\/www.grieta.org.mx\/wp-content\/uploads\/2020\/05\/Screenshot_2020-05-03-Asesinan-en-Morelos-al-ambientalista-Isaac-Herrera-Avil%C3%A9s-%C2%BB-Eje-Central.png?resize=350%2C200","width":350,"height":200,"srcset":"https:\/\/i0.wp.com\/www.grieta.org.mx\/wp-content\/uploads\/2020\/05\/Screenshot_2020-05-03-Asesinan-en-Morelos-al-ambientalista-Isaac-Herrera-Avil%C3%A9s-%C2%BB-Eje-Central.png?resize=350%2C200 1x, https:\/\/i0.wp.com\/www.grieta.org.mx\/wp-content\/uploads\/2020\/05\/Screenshot_2020-05-03-Asesinan-en-Morelos-al-ambientalista-Isaac-Herrera-Avil%C3%A9s-%C2%BB-Eje-Central.png?resize=525%2C300 1.5x, https:\/\/i0.wp.com\/www.grieta.org.mx\/wp-content\/uploads\/2020\/05\/Screenshot_2020-05-03-Asesinan-en-Morelos-al-ambientalista-Isaac-Herrera-Avil%C3%A9s-%C2%BB-Eje-Central.png?resize=700%2C400 2x"},"classes":[]},{"id":53821,"url":"http:\/\/www.grieta.org.mx\/index.php\/2020\/09\/26\/asesinan-a-daniel-sotelo-cunado-del-activista-oscar-eyraud-en-tecate-baja-california\/","url_meta":{"origin":21655,"position":5},"title":"Asesinan a Daniel Sotelo, cu\u00f1ado del activista \u00d3scar Eyraud, en Tecate, Baja California","author":"grieta","date":"26 septiembre, 2020","format":false,"excerpt":"Animal Pol\u00edtico \/ Por Redacci\u00f3n. Cuartoscuro. Autoridades en Baja California confirmaron el asesinato en Tecate de Daniel Sotelo, cu\u00f1ado del asesinado activista \u00d3scar Eyraud Adams. El segundo crimen ocurri\u00f3 un d\u00eda despu\u00e9s del asesinato de \u00d3scar Eyraud a manos de un grupo armado. El crimen de Sotelo, de 32 a\u00f1os\u2026","rel":"","context":"En &quot;Baja California&quot;","block_context":{"text":"Baja California","link":"http:\/\/www.grieta.org.mx\/index.php\/category\/noticias-nacionales\/baja-california\/"},"img":{"alt_text":"","src":"https:\/\/i0.wp.com\/www.grieta.org.mx\/wp-content\/uploads\/2020\/09\/a-5.jpg?resize=350%2C200","width":350,"height":200,"srcset":"https:\/\/i0.wp.com\/www.grieta.org.mx\/wp-content\/uploads\/2020\/09\/a-5.jpg?resize=350%2C200 1x, https:\/\/i0.wp.com\/www.grieta.org.mx\/wp-content\/uploads\/2020\/09\/a-5.jpg?resize=525%2C300 1.5x, https:\/\/i0.wp.com\/www.grieta.org.mx\/wp-content\/uploads\/2020\/09\/a-5.jpg?resize=700%2C400 2x"},"classes":[]}],"_links":{"self":[{"href":"http:\/\/www.grieta.org.mx\/index.php\/wp-json\/wp\/v2\/posts\/21655","targetHints":{"allow":["GET"]}}],"collection":[{"href":"http:\/\/www.grieta.org.mx\/index.php\/wp-json\/wp\/v2\/posts"}],"about":[{"href":"http:\/\/www.grieta.org.mx\/index.php\/wp-json\/wp\/v2\/types\/post"}],"author":[{"embeddable":true,"href":"http:\/\/www.grieta.org.mx\/index.php\/wp-json\/wp\/v2\/users\/2"}],"replies":[{"embeddable":true,"href":"http:\/\/www.grieta.org.mx\/index.php\/wp-json\/wp\/v2\/comments?post=21655"}],"version-history":[{"count":1,"href":"http:\/\/www.grieta.org.mx\/index.php\/wp-json\/wp\/v2\/posts\/21655\/revisions"}],"predecessor-version":[{"id":21661,"href":"http:\/\/www.grieta.org.mx\/index.php\/wp-json\/wp\/v2\/posts\/21655\/revisions\/21661"}],"wp:featuredmedia":[{"embeddable":true,"href":"http:\/\/www.grieta.org.mx\/index.php\/wp-json\/wp\/v2\/media\/21928"}],"wp:attachment":[{"href":"http:\/\/www.grieta.org.mx\/index.php\/wp-json\/wp\/v2\/media?parent=21655"}],"wp:term":[{"taxonomy":"category","embeddable":true,"href":"http:\/\/www.grieta.org.mx\/index.php\/wp-json\/wp\/v2\/categories?post=21655"},{"taxonomy":"post_tag","embeddable":true,"href":"http:\/\/www.grieta.org.mx\/index.php\/wp-json\/wp\/v2\/tags?post=21655"}],"curies":[{"name":"wp","href":"https:\/\/api.w.org\/{rel}","templated":true}]}}