{"id":21418,"date":"2016-09-10T10:41:38","date_gmt":"2016-09-10T15:41:38","guid":{"rendered":"http:\/\/www.grieta.org.mx\/?p=21418"},"modified":"2018-04-11T12:24:07","modified_gmt":"2018-04-11T17:24:07","slug":"despiden-a-obreros-de-pasa-por-protestar-campeche","status":"publish","type":"post","link":"http:\/\/www.grieta.org.mx\/index.php\/2016\/09\/10\/despiden-a-obreros-de-pasa-por-protestar-campeche\/","title":{"rendered":"Despiden a obreros de PASA por protestar (Campeche)"},"content":{"rendered":"<p><img loading=\"lazy\" decoding=\"async\" data-attachment-id=\"21507\" data-permalink=\"http:\/\/www.grieta.org.mx\/index.php\/2016\/09\/10\/despiden-a-obreros-de-pasa-por-protestar-campeche\/foto-1-a-6-los-tres-empleados-de-pasa-que-protestaron-irregularidades-fueron-despedidos-sin-liquidacioneditada\/\" data-orig-file=\"http:\/\/www.grieta.org.mx\/wp-content\/uploads\/2016\/09\/FOTO-1-A-6-Los-tres-empleados-de-PASA-que-protestaron-irregularidades-fueron-despedidos-sin-liquidacio?nEDITADA.jpg\" data-orig-size=\"\" data-comments-opened=\"0\" data-image-meta=\"[]\" data-image-title=\"foto-1-a-6-los-tres-empleados-de-pasa-que-protestaron-irregularidades-fueron-despedidos-sin-liquidacioneditada\" data-image-description=\"\" data-image-caption=\"\" data-medium-file=\"http:\/\/www.grieta.org.mx\/wp-content\/uploads\/2016\/09\/FOTO-1-A-6-Los-tres-empleados-de-PASA-que-protestaron-irregularidades-fueron-despedidos-sin-liquidacio?nEDITADA.jpg\" data-large-file=\"http:\/\/www.grieta.org.mx\/wp-content\/uploads\/2016\/09\/FOTO-1-A-6-Los-tres-empleados-de-PASA-que-protestaron-irregularidades-fueron-despedidos-sin-liquidacio?nEDITADA.jpg\" src=\"http:\/\/www.grieta.org.mx\/wp-content\/uploads\/2016\/09\/FOTO-1-A-6-Los-tres-empleados-de-PASA-que-protestaron-irregularidades-fueron-despedidos-sin-liquidacio?nEDITADA.jpg\" alt=\"foto-1-a-6-los-tres-empleados-de-pasa-que-protestaron-irregularidades-fueron-despedidos-sin-liquidacioneditada\" width=\"536\" height=\"742\" class=\"alignleft size-full wp-image-21507\" \/><\/p>\n<p>En represalia por realizar una manifestaci\u00f3n por acoso laboral, los tres empleados de la empresa Promotora Ambiental de la Laguna S.A. de C.V. (PASA), fueron despedidos injustificadamente y sin recibir ninguna indemnizaci\u00f3n.<\/p>\n<p>Los obreros viajaron a la capital campechana para presentar su denuncia ante la Junta Local de Conciliaci\u00f3n y Arbitraje del Estado de Campeche.<\/p>\n<p>Como se public\u00f3 oportunamente en TRIBUNA Carmen, la tarde de este jueves los tres empleados, dos de ellos se reservan el nombre y Luis Miguel Andrade, declararon el hostigamiento que sufr\u00edan por parte de directivos del corporativo sin que su delegado sindical, Miguel Dom\u00ednguez los defendiera.<\/p>\n<p>Asimismo denunciaron la falta de equipo para desarrollar el servicio de recolecci\u00f3n de basura; uniformes y camiones recolectores entre otras anomal\u00edas que el gerente general Luis Ignacio Avitia Torres, no quiere atender.<\/p>\n<p>Los trabajadores no recibieron el apoyo de sus compa\u00f1eros, supervisores o delegado sindical al intentar realizar un paro laboral, situaci\u00f3n que aprovecharon los directivos para acusarlos de \u201crevoltosos\u201d y tomar la decisi\u00f3n de despedirlos la ma\u00f1ana de ayer.<\/p>\n<p>Los exempleados acudieron a la capital San Francisco de Campeche a presentar su queja ante Junta Local de Conciliaci\u00f3n y Arbitraje del Estado, por despido injustificado y acoso laboral.<\/p>\n<p>\u201cNuestro \u00fanico pecado fue pelear por nuestros derechos ante el constante acoso laboral de parte de algunos administrativos de la empresa, por lo cual decidieron darnos de baja\u201d.<\/p>\n<p>\u201cPASA cobra millones de pesos al municipio y a los trabajadores no les dan buenas condiciones laborales\u201d, extern\u00f3.<\/p>\n<p>\u201cMis compa\u00f1eros y yo decidimos iniciar una lucha por exigir nuestros derechos, por ello perdimos nuestros empleos, ahora vamos a reclamar un finiquito en base a la ley\u201d.<\/p>\n<p><a href=\"http:\/\/tribunacampeche.com\/carmen\/2016\/09\/10\/despiden-obreros-pasa-protestar\/\" target=\"_blank\">http:\/\/tribunacampeche.com\/carmen\/2016\/09\/10\/despiden-obreros-pasa-protestar\/<\/a><\/p>\n","protected":false},"excerpt":{"rendered":"<p>En represalia por realizar una manifestaci\u00f3n por acoso laboral, los tres empleados de la empresa Promotora Ambiental de la Laguna S.A. de C.V. (PASA), fueron despedidos injustificadamente y sin recibir &hellip; <a href=\"http:\/\/www.grieta.org.mx\/index.php\/2016\/09\/10\/despiden-a-obreros-de-pasa-por-protestar-campeche\/\" class=\"more-link\">Leer m\u00e1s<\/a><\/p>\n","protected":false},"author":2,"featured_media":21928,"comment_status":"closed","ping_status":"closed","sticky":false,"template":"","format":"standard","meta":{"ngg_post_thumbnail":0,"_jetpack_newsletter_access":"","_jetpack_dont_email_post_to_subs":false,"_jetpack_newsletter_tier_id":0,"_jetpack_memberships_contains_paywalled_content":false,"_jetpack_memberships_contains_paid_content":false,"footnotes":""},"categories":[11,80,1040],"tags":[113,105,163],"class_list":["post-21418","post","type-post","status-publish","format-standard","has-post-thumbnail","hentry","category-campeche","category-cintillo","category-conflictos-laborales-en-campeche","tag-conflictos-laborales","tag-derechos-laborales","tag-despidos","entry"],"jetpack_featured_media_url":"http:\/\/www.grieta.org.mx\/wp-content\/uploads\/2018\/03\/14524434_1106112876131411_958039263622046936_o.jpg","jetpack_sharing_enabled":true,"jetpack_shortlink":"https:\/\/wp.me\/p7ZJR4-5zs","jetpack_likes_enabled":false,"jetpack-related-posts":[{"id":9598,"url":"http:\/\/www.grieta.org.mx\/index.php\/2016\/09\/10\/conflictos-laborales-en-campeche\/","url_meta":{"origin":21418,"position":0},"title":"Conflictos laborales en Campeche","author":"grieta","date":"10 septiembre, 2016","format":false,"excerpt":"10\/09\/16. Despiden a obreros de PASA por protestar (Campeche) Tribuna 09\/09\/16. Jubilados exigen pago de bonos (Campeche) Tribuna 06\/09\/16. Paran otra vez los polic\u00edas; sin bono (Campeche) Tribuna 30\/08\/16. Bloquean Planta de Nitr\u00f3geno Cantarell (Campeche) Tribuna 20\/08\/16. Paralizan labores en Cobacam (Campeche) Tribuna 12\/08\/16. Plantean demandas empleados del INAH (Campeche)\u2026","rel":"","context":"En &quot;Campeche&quot;","block_context":{"text":"Campeche","link":"http:\/\/www.grieta.org.mx\/index.php\/category\/noticias-nacionales\/campeche\/"},"img":{"alt_text":"","src":"https:\/\/i0.wp.com\/www.grieta.org.mx\/wp-content\/uploads\/2018\/03\/14524434_1106112876131411_958039263622046936_o.jpg?resize=350%2C200","width":350,"height":200,"srcset":"https:\/\/i0.wp.com\/www.grieta.org.mx\/wp-content\/uploads\/2018\/03\/14524434_1106112876131411_958039263622046936_o.jpg?resize=350%2C200 1x, https:\/\/i0.wp.com\/www.grieta.org.mx\/wp-content\/uploads\/2018\/03\/14524434_1106112876131411_958039263622046936_o.jpg?resize=525%2C300 1.5x, https:\/\/i0.wp.com\/www.grieta.org.mx\/wp-content\/uploads\/2018\/03\/14524434_1106112876131411_958039263622046936_o.jpg?resize=700%2C400 2x"},"classes":[]},{"id":66964,"url":"http:\/\/www.grieta.org.mx\/index.php\/2023\/05\/23\/obreros-exigen-reparto-de-utilidades-protestan-afuera-de-una-maquiladora-en-campeche\/","url_meta":{"origin":21418,"position":1},"title":"Obreros exigen reparto de utilidades; protestan afuera de una maquiladora en Campeche","author":"grieta","date":"23 mayo, 2023","format":false,"excerpt":"Amado Caamal \/ Por Esto! Obreros de la maquiladora \u201cAugusta Sportswear\u201d ubicado a la cercan\u00eda de Tepak\u00e1n y Becal con cartulinas alusivas exhiben su enojo y exigen el reparto de utilidades que se les ha negado por la ca\u00edda de otra maquiladora de Champot\u00f3n y les quieren hacer pagar los\u2026","rel":"","context":"En &quot;Campeche&quot;","block_context":{"text":"Campeche","link":"http:\/\/www.grieta.org.mx\/index.php\/category\/noticias-nacionales\/campeche\/"},"img":{"alt_text":"","src":"https:\/\/i0.wp.com\/www.grieta.org.mx\/wp-content\/uploads\/2023\/05\/ParoMaquiladora-e1685037778820.jpg?resize=350%2C200","width":350,"height":200,"srcset":"https:\/\/i0.wp.com\/www.grieta.org.mx\/wp-content\/uploads\/2023\/05\/ParoMaquiladora-e1685037778820.jpg?resize=350%2C200 1x, https:\/\/i0.wp.com\/www.grieta.org.mx\/wp-content\/uploads\/2023\/05\/ParoMaquiladora-e1685037778820.jpg?resize=525%2C300 1.5x, https:\/\/i0.wp.com\/www.grieta.org.mx\/wp-content\/uploads\/2023\/05\/ParoMaquiladora-e1685037778820.jpg?resize=700%2C400 2x"},"classes":[]},{"id":13461,"url":"http:\/\/www.grieta.org.mx\/index.php\/2016\/05\/28\/paran-labores-los-obreros-de-pasa-campeche\/","url_meta":{"origin":21418,"position":2},"title":"Paran labores los obreros de PASA (Campeche)","author":"grieta","date":"28 mayo, 2016","format":false,"excerpt":"M\u00e1s de 50 trabajadores de la empresa Promotora Ambiental de la Laguna (PASA) pararon labores en las primeras horas de la ma\u00f1ana de ayer, tras el cese injustificado de 16 de sus compa\u00f1eros, y dejaron sin servicio de recoja de basura a la Isla. Al mismo tiempo demandaron la renuncia\u2026","rel":"","context":"En &quot;campeche&quot;","block_context":{"text":"campeche","link":"http:\/\/www.grieta.org.mx\/index.php\/category\/campeche\/"},"img":{"alt_text":"","src":"https:\/\/i0.wp.com\/www.grieta.org.mx\/wp-content\/uploads\/2018\/03\/14524434_1106112876131411_958039263622046936_o.jpg?resize=350%2C200","width":350,"height":200,"srcset":"https:\/\/i0.wp.com\/www.grieta.org.mx\/wp-content\/uploads\/2018\/03\/14524434_1106112876131411_958039263622046936_o.jpg?resize=350%2C200 1x, https:\/\/i0.wp.com\/www.grieta.org.mx\/wp-content\/uploads\/2018\/03\/14524434_1106112876131411_958039263622046936_o.jpg?resize=525%2C300 1.5x, https:\/\/i0.wp.com\/www.grieta.org.mx\/wp-content\/uploads\/2018\/03\/14524434_1106112876131411_958039263622046936_o.jpg?resize=700%2C400 2x"},"classes":[]},{"id":28575,"url":"http:\/\/www.grieta.org.mx\/index.php\/2019\/01\/04\/siguen-los-acosos-y-despidos-laborales-en-oceanografia-campeche\/","url_meta":{"origin":21418,"position":3},"title":"Siguen los acosos y despidos laborales en Oceanograf\u00eda (Campeche)","author":"grieta","date":"4 enero, 2019","format":false,"excerpt":"Redacci\u00f3n\/Campeche Hoy CD DEL CARMEN. Contin\u00faan las denuncias en contra de la empresa petrolera Oceanograf\u00eda por abusos laborales, ahora 21 trabajadores activos fueron dados de baja como derechohabientes del Instituto Mexicano del Seguro Social (IMSS) sin previo aviso y a\u00fan les debe ocho meses de salario, pero Jorge Betancourt M\u00e9ndez\u2026","rel":"","context":"En &quot;Campeche&quot;","block_context":{"text":"Campeche","link":"http:\/\/www.grieta.org.mx\/index.php\/category\/noticias-nacionales\/campeche\/"},"img":{"alt_text":"","src":"https:\/\/i0.wp.com\/www.grieta.org.mx\/wp-content\/uploads\/2019\/01\/FOTO-1-6-640x427.jpg?resize=350%2C200","width":350,"height":200,"srcset":"https:\/\/i0.wp.com\/www.grieta.org.mx\/wp-content\/uploads\/2019\/01\/FOTO-1-6-640x427.jpg?resize=350%2C200 1x, https:\/\/i0.wp.com\/www.grieta.org.mx\/wp-content\/uploads\/2019\/01\/FOTO-1-6-640x427.jpg?resize=525%2C300 1.5x"},"classes":[]},{"id":68637,"url":"http:\/\/www.grieta.org.mx\/index.php\/2024\/03\/15\/obreros-toman-la-embarcacion-la-bamba-exigen-pago-de-salarios-campeche\/","url_meta":{"origin":21418,"position":4},"title":"Obreros toman la embarcaci\u00f3n La Bamba; exigen pago de salarios (Campeche)","author":"grieta","date":"15 marzo, 2024","format":false,"excerpt":"JOS\u00c9 HERRERA \/ GRUPO CANT\u00d3N \/ Campeche Hoy CIUDAD DEL CARNEN, CAMP.- Obreros de la empresa Demar y tripulaci\u00f3n de la embarcaci\u00f3n La Bamba, tomaron en protesta este buque, exigiendo el pago de sus salarios vencidos. Lo anterior fue dado a conocer a los medios de comunicaci\u00f3n los familiares de\u2026","rel":"","context":"En &quot;Campeche&quot;","block_context":{"text":"Campeche","link":"http:\/\/www.grieta.org.mx\/index.php\/category\/noticias-nacionales\/campeche\/"},"img":{"alt_text":"","src":"https:\/\/i0.wp.com\/www.grieta.org.mx\/wp-content\/uploads\/2024\/03\/Campeche-e1710780123560.jpg?resize=350%2C200","width":350,"height":200,"srcset":"https:\/\/i0.wp.com\/www.grieta.org.mx\/wp-content\/uploads\/2024\/03\/Campeche-e1710780123560.jpg?resize=350%2C200 1x, https:\/\/i0.wp.com\/www.grieta.org.mx\/wp-content\/uploads\/2024\/03\/Campeche-e1710780123560.jpg?resize=525%2C300 1.5x, https:\/\/i0.wp.com\/www.grieta.org.mx\/wp-content\/uploads\/2024\/03\/Campeche-e1710780123560.jpg?resize=700%2C400 2x"},"classes":[]},{"id":29398,"url":"http:\/\/www.grieta.org.mx\/index.php\/2019\/02\/07\/sin-resolverse-el-conflicto-en-el-criap-campeche\/","url_meta":{"origin":21418,"position":5},"title":"Sin resolverse el conflicto en el CRIAP (Campeche)","author":"grieta","date":"7 febrero, 2019","format":false,"excerpt":"Redacci\u00f3n \/ Sur de Campeche \u00a0 Con mantas a las puertas de las instalaciones del Instituto Nacional de Pesca (Inapesca) en esta ciudad, empleados del Centro Regional de Investigaci\u00f3n Acu\u00edcola y Pesquera (CRIAP), denuncia la violaci\u00f3n a sus derechos laborales, sum\u00e1ndose a la inconformidad que se registra a nivel nacional.\u2026","rel":"","context":"En &quot;Campeche&quot;","block_context":{"text":"Campeche","link":"http:\/\/www.grieta.org.mx\/index.php\/category\/noticias-nacionales\/campeche\/"},"img":{"alt_text":"","src":"https:\/\/i0.wp.com\/www.grieta.org.mx\/wp-content\/uploads\/2019\/02\/criap.jpg?resize=350%2C200","width":350,"height":200,"srcset":"https:\/\/i0.wp.com\/www.grieta.org.mx\/wp-content\/uploads\/2019\/02\/criap.jpg?resize=350%2C200 1x, https:\/\/i0.wp.com\/www.grieta.org.mx\/wp-content\/uploads\/2019\/02\/criap.jpg?resize=525%2C300 1.5x"},"classes":[]}],"_links":{"self":[{"href":"http:\/\/www.grieta.org.mx\/index.php\/wp-json\/wp\/v2\/posts\/21418","targetHints":{"allow":["GET"]}}],"collection":[{"href":"http:\/\/www.grieta.org.mx\/index.php\/wp-json\/wp\/v2\/posts"}],"about":[{"href":"http:\/\/www.grieta.org.mx\/index.php\/wp-json\/wp\/v2\/types\/post"}],"author":[{"embeddable":true,"href":"http:\/\/www.grieta.org.mx\/index.php\/wp-json\/wp\/v2\/users\/2"}],"replies":[{"embeddable":true,"href":"http:\/\/www.grieta.org.mx\/index.php\/wp-json\/wp\/v2\/comments?post=21418"}],"version-history":[{"count":1,"href":"http:\/\/www.grieta.org.mx\/index.php\/wp-json\/wp\/v2\/posts\/21418\/revisions"}],"predecessor-version":[{"id":21510,"href":"http:\/\/www.grieta.org.mx\/index.php\/wp-json\/wp\/v2\/posts\/21418\/revisions\/21510"}],"wp:featuredmedia":[{"embeddable":true,"href":"http:\/\/www.grieta.org.mx\/index.php\/wp-json\/wp\/v2\/media\/21928"}],"wp:attachment":[{"href":"http:\/\/www.grieta.org.mx\/index.php\/wp-json\/wp\/v2\/media?parent=21418"}],"wp:term":[{"taxonomy":"category","embeddable":true,"href":"http:\/\/www.grieta.org.mx\/index.php\/wp-json\/wp\/v2\/categories?post=21418"},{"taxonomy":"post_tag","embeddable":true,"href":"http:\/\/www.grieta.org.mx\/index.php\/wp-json\/wp\/v2\/tags?post=21418"}],"curies":[{"name":"wp","href":"https:\/\/api.w.org\/{rel}","templated":true}]}}