{"id":21395,"date":"2016-09-12T23:43:55","date_gmt":"2016-09-13T04:43:55","guid":{"rendered":"http:\/\/www.grieta.org.mx\/?p=21395"},"modified":"2016-09-12T23:43:55","modified_gmt":"2016-09-13T04:43:55","slug":"organizacion-contra-proyectos-viales-en-la-ciudad-de-mexico","status":"publish","type":"post","link":"http:\/\/www.grieta.org.mx\/index.php\/2016\/09\/12\/organizacion-contra-proyectos-viales-en-la-ciudad-de-mexico\/","title":{"rendered":"Organizaci\u00f3n contra proyectos viales en la Ciudad de M\u00e9xico"},"content":{"rendered":"<p><strong>12\/09\/16. <\/strong><a href=\"http:\/\/www.grieta.org.mx\/index.php\/2016\/09\/12\/el-gobierno-federal-planea-talar-1683-arboles-para-imponer-a-cdmx-un-viaducto-y-de-cuota-vecinos\/\" target=\"_blank\">El Gobierno federal planea talar 1,683 \u00e1rboles para imponer a CdMx un viaducto, y de cuota: vecinos<\/a><br \/><em>Sin embargo<\/em><br  \/><\/p>\n","protected":false},"excerpt":{"rendered":"<p>12\/09\/16. El Gobierno federal planea talar 1,683 \u00e1rboles para imponer a CdMx un viaducto, y de cuota: vecinosSin embargo<\/p>\n","protected":false},"author":2,"featured_media":21928,"comment_status":"closed","ping_status":"closed","sticky":false,"template":"","format":"standard","meta":{"ngg_post_thumbnail":0,"_jetpack_newsletter_access":"","_jetpack_dont_email_post_to_subs":false,"_jetpack_newsletter_tier_id":0,"_jetpack_memberships_contains_paywalled_content":false,"_jetpack_memberships_contains_paid_content":false,"footnotes":""},"categories":[14,2],"tags":[],"class_list":["post-21395","post","type-post","status-publish","format-standard","has-post-thumbnail","hentry","category-ciudad-de-mexico","category-noticias-nacionales","entry"],"jetpack_featured_media_url":"http:\/\/www.grieta.org.mx\/wp-content\/uploads\/2018\/03\/14524434_1106112876131411_958039263622046936_o.jpg","jetpack_sharing_enabled":true,"jetpack_shortlink":"https:\/\/wp.me\/p7ZJR4-5z5","jetpack_likes_enabled":false,"jetpack-related-posts":[{"id":21327,"url":"http:\/\/www.grieta.org.mx\/index.php\/2016\/09\/01\/protestas-de-jornaleros-de-san-quintin-en-la-ciudad-de-mexico\/","url_meta":{"origin":21395,"position":0},"title":"Protestas de jornaleros de San Quintin en la Ciudad de M\u00e9xico","author":"grieta","date":"1 septiembre, 2016","format":false,"excerpt":"19\/08\/16. Jornaleros de San Quint\u00edn realizan Boicot a Driscoll En Ciudad de M\u00e9xicoRadio Zapote","rel":"","context":"En &quot;Ciudad de M\u00e9xico&quot;","block_context":{"text":"Ciudad de M\u00e9xico","link":"http:\/\/www.grieta.org.mx\/index.php\/category\/noticias-nacionales\/ciudad-de-mexico\/"},"img":{"alt_text":"","src":"https:\/\/i0.wp.com\/www.grieta.org.mx\/wp-content\/uploads\/2018\/03\/14524434_1106112876131411_958039263622046936_o.jpg?resize=350%2C200","width":350,"height":200,"srcset":"https:\/\/i0.wp.com\/www.grieta.org.mx\/wp-content\/uploads\/2018\/03\/14524434_1106112876131411_958039263622046936_o.jpg?resize=350%2C200 1x, https:\/\/i0.wp.com\/www.grieta.org.mx\/wp-content\/uploads\/2018\/03\/14524434_1106112876131411_958039263622046936_o.jpg?resize=525%2C300 1.5x, https:\/\/i0.wp.com\/www.grieta.org.mx\/wp-content\/uploads\/2018\/03\/14524434_1106112876131411_958039263622046936_o.jpg?resize=700%2C400 2x"},"classes":[]},{"id":47548,"url":"http:\/\/www.grieta.org.mx\/index.php\/2020\/04\/08\/trabajadoras-sexuales-expulsadas-de-hoteles-por-cuarentena-instalan-campamento-temporal-ciudad-de-mexico\/","url_meta":{"origin":21395,"position":1},"title":"Trabajadoras sexuales, expulsadas de hoteles por cuarentena, instalan campamento temporal (Ciudad de M\u00e9xico)","author":"grieta","date":"8 abril, 2020","format":false,"excerpt":"Imagen tomada de:news.culturacolectiva.com Cultura Colectiva La mayor\u00eda de los y las trabajadores sexuales se quedaron sin empleo y duermen en la calle ante el cierre de hoteles y posadas por la pandemia. Ante la vulnerabilidad tras el cierre de hoteles y posadas por la emergencia sanitaria que representa el coronavirus\u2026","rel":"","context":"En &quot;CINTILLO&quot;","block_context":{"text":"CINTILLO","link":"http:\/\/www.grieta.org.mx\/index.php\/category\/cintillo\/"},"img":{"alt_text":"","src":"https:\/\/i0.wp.com\/www.grieta.org.mx\/wp-content\/uploads\/2020\/04\/Trabajadoras-sexuales-expulsadas-de-hoteles-por-cuarentena-instalan-campamento-temporal-cdmx-abr.jpeg?resize=350%2C200","width":350,"height":200,"srcset":"https:\/\/i0.wp.com\/www.grieta.org.mx\/wp-content\/uploads\/2020\/04\/Trabajadoras-sexuales-expulsadas-de-hoteles-por-cuarentena-instalan-campamento-temporal-cdmx-abr.jpeg?resize=350%2C200 1x, https:\/\/i0.wp.com\/www.grieta.org.mx\/wp-content\/uploads\/2020\/04\/Trabajadoras-sexuales-expulsadas-de-hoteles-por-cuarentena-instalan-campamento-temporal-cdmx-abr.jpeg?resize=525%2C300 1.5x, https:\/\/i0.wp.com\/www.grieta.org.mx\/wp-content\/uploads\/2020\/04\/Trabajadoras-sexuales-expulsadas-de-hoteles-por-cuarentena-instalan-campamento-temporal-cdmx-abr.jpeg?resize=700%2C400 2x"},"classes":[]},{"id":29475,"url":"http:\/\/www.grieta.org.mx\/index.php\/2019\/02\/22\/protestan-frente-a-palacio-nacional-por-estancias-infantiles-guanajuato-guerrero-ciudad-de-mexico\/","url_meta":{"origin":21395,"position":2},"title":"Protestan frente a Palacio Nacional por estancias infantiles (Guanajuato, Guerrero, Ciudad de M\u00e9xico)","author":"grieta","date":"22 febrero, 2019","format":false,"excerpt":"Dijeron proceder de estados como Guerrero, Guanajuato y la Ciudad de M\u00e9xico. Redacci\u00f3n SDPnoticias vie 22 feb 2019 08:22 M\u00e9xico.- La ma\u00f1ana de este viernes, un grupo de empleadas de estancias infantiles se manifestaron frente a Palacio Nacional en demanda de reasignaciones presupuestales. Agitando globos de colores y banderines con\u2026","rel":"","context":"En &quot;CINTILLO&quot;","block_context":{"text":"CINTILLO","link":"http:\/\/www.grieta.org.mx\/index.php\/category\/cintillo\/"},"img":{"alt_text":"","src":"https:\/\/i0.wp.com\/www.grieta.org.mx\/wp-content\/uploads\/2019\/02\/0821_protestas-por-estancias-infantiles_620x350.jpg?resize=350%2C200","width":350,"height":200,"srcset":"https:\/\/i0.wp.com\/www.grieta.org.mx\/wp-content\/uploads\/2019\/02\/0821_protestas-por-estancias-infantiles_620x350.jpg?resize=350%2C200 1x, https:\/\/i0.wp.com\/www.grieta.org.mx\/wp-content\/uploads\/2019\/02\/0821_protestas-por-estancias-infantiles_620x350.jpg?resize=525%2C300 1.5x"},"classes":[]},{"id":20277,"url":"http:\/\/www.grieta.org.mx\/index.php\/2016\/08\/24\/militarizacion-en-la-ciudad-de-mexico\/","url_meta":{"origin":21395,"position":3},"title":"Militarizaci\u00f3n en la Ciudad de M\u00e9xico","author":"grieta","date":"24 agosto, 2016","format":false,"excerpt":"24\/08\/16. Amanece Tl\u00e1huac con despliegue de fuerzas federales y militares por inseguridadEl Big data","rel":"","context":"En &quot;Ciudad de M\u00e9xico&quot;","block_context":{"text":"Ciudad de M\u00e9xico","link":"http:\/\/www.grieta.org.mx\/index.php\/category\/noticias-nacionales\/ciudad-de-mexico\/"},"img":{"alt_text":"","src":"https:\/\/i0.wp.com\/www.grieta.org.mx\/wp-content\/uploads\/2018\/03\/14524434_1106112876131411_958039263622046936_o.jpg?resize=350%2C200","width":350,"height":200,"srcset":"https:\/\/i0.wp.com\/www.grieta.org.mx\/wp-content\/uploads\/2018\/03\/14524434_1106112876131411_958039263622046936_o.jpg?resize=350%2C200 1x, https:\/\/i0.wp.com\/www.grieta.org.mx\/wp-content\/uploads\/2018\/03\/14524434_1106112876131411_958039263622046936_o.jpg?resize=525%2C300 1.5x, https:\/\/i0.wp.com\/www.grieta.org.mx\/wp-content\/uploads\/2018\/03\/14524434_1106112876131411_958039263622046936_o.jpg?resize=700%2C400 2x"},"classes":[]},{"id":14499,"url":"http:\/\/www.grieta.org.mx\/index.php\/2016\/06\/12\/violencia-contra-radio-comunitaria-en-ciudad-de-mexico\/","url_meta":{"origin":21395,"position":4},"title":"Violencia contra radio comunitaria en Ciudad de M\u00e9xico","author":"grieta","date":"12 junio, 2016","format":false,"excerpt":"06\/06\/16. Delegaci\u00f3n Tlalpan desaloja una radio comunitaria de la CDMXTercera V\u00eda","rel":"","context":"En &quot;Ciudad de M\u00e9xico&quot;","block_context":{"text":"Ciudad de M\u00e9xico","link":"http:\/\/www.grieta.org.mx\/index.php\/category\/noticias-nacionales\/ciudad-de-mexico\/"},"img":{"alt_text":"","src":"https:\/\/i0.wp.com\/www.grieta.org.mx\/wp-content\/uploads\/2018\/03\/14524434_1106112876131411_958039263622046936_o.jpg?resize=350%2C200","width":350,"height":200,"srcset":"https:\/\/i0.wp.com\/www.grieta.org.mx\/wp-content\/uploads\/2018\/03\/14524434_1106112876131411_958039263622046936_o.jpg?resize=350%2C200 1x, https:\/\/i0.wp.com\/www.grieta.org.mx\/wp-content\/uploads\/2018\/03\/14524434_1106112876131411_958039263622046936_o.jpg?resize=525%2C300 1.5x, https:\/\/i0.wp.com\/www.grieta.org.mx\/wp-content\/uploads\/2018\/03\/14524434_1106112876131411_958039263622046936_o.jpg?resize=700%2C400 2x"},"classes":[]},{"id":38516,"url":"http:\/\/www.grieta.org.mx\/index.php\/2019\/08\/30\/protestan-por-sus-desparecidos-frente-al-palacio-nacional-fotogaleria\/","url_meta":{"origin":21395,"position":5},"title":"Protestan por sus desparecidos frente al Palacio Nacional (fotogaler\u00eda)","author":"grieta","date":"30 agosto, 2019","format":false,"excerpt":"EFE\/Vanguardia Los familiares de desaparecidos adem\u00e1s planean entregar 80.000 firmas para exigir al Estado mejoras en los protocolos de investigaci\u00f3n. https:\/\/vanguardia.com.mx\/articulo\/protestan-por-sus-desparecidos-frente-al-palacio-nacional-fotogaleria","rel":"","context":"En &quot;CINTILLO&quot;","block_context":{"text":"CINTILLO","link":"http:\/\/www.grieta.org.mx\/index.php\/category\/cintillo\/"},"img":{"alt_text":"","src":"https:\/\/i0.wp.com\/www.grieta.org.mx\/wp-content\/uploads\/2019\/08\/1-4.jpg?resize=350%2C200","width":350,"height":200,"srcset":"https:\/\/i0.wp.com\/www.grieta.org.mx\/wp-content\/uploads\/2019\/08\/1-4.jpg?resize=350%2C200 1x, https:\/\/i0.wp.com\/www.grieta.org.mx\/wp-content\/uploads\/2019\/08\/1-4.jpg?resize=525%2C300 1.5x, https:\/\/i0.wp.com\/www.grieta.org.mx\/wp-content\/uploads\/2019\/08\/1-4.jpg?resize=700%2C400 2x"},"classes":[]}],"_links":{"self":[{"href":"http:\/\/www.grieta.org.mx\/index.php\/wp-json\/wp\/v2\/posts\/21395","targetHints":{"allow":["GET"]}}],"collection":[{"href":"http:\/\/www.grieta.org.mx\/index.php\/wp-json\/wp\/v2\/posts"}],"about":[{"href":"http:\/\/www.grieta.org.mx\/index.php\/wp-json\/wp\/v2\/types\/post"}],"author":[{"embeddable":true,"href":"http:\/\/www.grieta.org.mx\/index.php\/wp-json\/wp\/v2\/users\/2"}],"replies":[{"embeddable":true,"href":"http:\/\/www.grieta.org.mx\/index.php\/wp-json\/wp\/v2\/comments?post=21395"}],"version-history":[{"count":1,"href":"http:\/\/www.grieta.org.mx\/index.php\/wp-json\/wp\/v2\/posts\/21395\/revisions"}],"predecessor-version":[{"id":21399,"href":"http:\/\/www.grieta.org.mx\/index.php\/wp-json\/wp\/v2\/posts\/21395\/revisions\/21399"}],"wp:featuredmedia":[{"embeddable":true,"href":"http:\/\/www.grieta.org.mx\/index.php\/wp-json\/wp\/v2\/media\/21928"}],"wp:attachment":[{"href":"http:\/\/www.grieta.org.mx\/index.php\/wp-json\/wp\/v2\/media?parent=21395"}],"wp:term":[{"taxonomy":"category","embeddable":true,"href":"http:\/\/www.grieta.org.mx\/index.php\/wp-json\/wp\/v2\/categories?post=21395"},{"taxonomy":"post_tag","embeddable":true,"href":"http:\/\/www.grieta.org.mx\/index.php\/wp-json\/wp\/v2\/tags?post=21395"}],"curies":[{"name":"wp","href":"https:\/\/api.w.org\/{rel}","templated":true}]}}