{"id":21394,"date":"2016-09-12T23:42:35","date_gmt":"2016-09-13T04:42:35","guid":{"rendered":"http:\/\/www.grieta.org.mx\/?p=21394"},"modified":"2016-09-12T23:42:35","modified_gmt":"2016-09-13T04:42:35","slug":"el-gobierno-federal-planea-talar-1683-arboles-para-imponer-a-cdmx-un-viaducto-y-de-cuota-vecinos","status":"publish","type":"post","link":"http:\/\/www.grieta.org.mx\/index.php\/2016\/09\/12\/el-gobierno-federal-planea-talar-1683-arboles-para-imponer-a-cdmx-un-viaducto-y-de-cuota-vecinos\/","title":{"rendered":"El Gobierno federal planea talar 1,683 \u00e1rboles para imponer a CdMx un viaducto, y de cuota: vecinos"},"content":{"rendered":"<p>Ivette Lira <\/p>\n<p><img decoding=\"async\" data-attachment-id=\"21396\" data-permalink=\"http:\/\/www.grieta.org.mx\/index.php\/2016\/09\/12\/el-gobierno-federal-planea-talar-1683-arboles-para-imponer-a-cdmx-un-viaducto-y-de-cuota-vecinos\/viaducto\/\" data-orig-file=\"http:\/\/www.grieta.org.mx\/wp-content\/uploads\/2016\/09\/viaducto.jpg\" data-orig-size=\"700,574\" data-comments-opened=\"0\" data-image-meta=\"{&quot;aperture&quot;:&quot;0&quot;,&quot;credit&quot;:&quot;&quot;,&quot;camera&quot;:&quot;&quot;,&quot;caption&quot;:&quot;&quot;,&quot;created_timestamp&quot;:&quot;0&quot;,&quot;copyright&quot;:&quot;&quot;,&quot;focal_length&quot;:&quot;0&quot;,&quot;iso&quot;:&quot;0&quot;,&quot;shutter_speed&quot;:&quot;0&quot;,&quot;title&quot;:&quot;&quot;,&quot;orientation&quot;:&quot;1&quot;}\" data-image-title=\"viaducto\" data-image-description=\"\" data-image-caption=\"\" data-medium-file=\"http:\/\/www.grieta.org.mx\/wp-content\/uploads\/2016\/09\/viaducto-300x246.jpg\" data-large-file=\"http:\/\/www.grieta.org.mx\/wp-content\/uploads\/2016\/09\/viaducto.jpg\" src=\"http:\/\/www.grieta.org.mx\/wp-content\/uploads\/2016\/09\/viaducto.jpg\" alt=\"viaducto\" width=\"100%\" class=\"alignleft size-full wp-image-21396\" srcset=\"http:\/\/www.grieta.org.mx\/wp-content\/uploads\/2016\/09\/viaducto.jpg 700w, http:\/\/www.grieta.org.mx\/wp-content\/uploads\/2016\/09\/viaducto-300x246.jpg 300w\" sizes=\"(max-width: 700px) 100vw, 700px\" \/><\/p>\n<p><img decoding=\"async\" data-attachment-id=\"21397\" data-permalink=\"http:\/\/www.grieta.org.mx\/index.php\/2016\/09\/12\/el-gobierno-federal-planea-talar-1683-arboles-para-imponer-a-cdmx-un-viaducto-y-de-cuota-vecinos\/arboles\/\" data-orig-file=\"http:\/\/www.grieta.org.mx\/wp-content\/uploads\/2016\/09\/arboles.jpg\" data-orig-size=\"1100,580\" data-comments-opened=\"0\" data-image-meta=\"{&quot;aperture&quot;:&quot;0&quot;,&quot;credit&quot;:&quot;&quot;,&quot;camera&quot;:&quot;&quot;,&quot;caption&quot;:&quot;&quot;,&quot;created_timestamp&quot;:&quot;0&quot;,&quot;copyright&quot;:&quot;&quot;,&quot;focal_length&quot;:&quot;0&quot;,&quot;iso&quot;:&quot;0&quot;,&quot;shutter_speed&quot;:&quot;0&quot;,&quot;title&quot;:&quot;&quot;,&quot;orientation&quot;:&quot;0&quot;}\" data-image-title=\"arboles\" data-image-description=\"\" data-image-caption=\"\" data-medium-file=\"http:\/\/www.grieta.org.mx\/wp-content\/uploads\/2016\/09\/arboles-300x158.jpg\" data-large-file=\"http:\/\/www.grieta.org.mx\/wp-content\/uploads\/2016\/09\/arboles-1024x540.jpg\" src=\"http:\/\/www.grieta.org.mx\/wp-content\/uploads\/2016\/09\/arboles-1024x540.jpg\" alt=\"arboles\" width=\"100%\" class=\"alignleft size-large wp-image-21397\" srcset=\"http:\/\/www.grieta.org.mx\/wp-content\/uploads\/2016\/09\/arboles-1024x540.jpg 1024w, http:\/\/www.grieta.org.mx\/wp-content\/uploads\/2016\/09\/arboles-300x158.jpg 300w, http:\/\/www.grieta.org.mx\/wp-content\/uploads\/2016\/09\/arboles-768x405.jpg 768w, http:\/\/www.grieta.org.mx\/wp-content\/uploads\/2016\/09\/arboles.jpg 1100w\" sizes=\"(max-width: 1024px) 100vw, 1024px\" \/><\/p>\n<p>La Uni\u00f3n de Vecinos por el \u00danico Corredor Verde de Insurgentes Norte, en la Ciudad de M\u00e9xico, denunci\u00f3 que la construcci\u00f3n del viaducto de cuota La Raza\u2013Indios Verdes\u2013Santa Clara representa la tala de mil 683 \u00e1rboles a lo largo de 15 colonias. De acuerdo con los integrantes de esa organizaci\u00f3n ciudadana, la obra licitada por la Secretar\u00eda de Comunicaciones y Transportes \u2013 sin que se realizara una consulta a los ciudadanos\u2013 favorecer\u00e1 a la empresa Promotora y Operadora de Infraestructura (Pinfra), s\u00f3lo favorecer\u00e1 a la empresa y no resolver\u00e1 el problema de tr\u00e1nsito que aqueja a esa zona.<\/p>\n<p>Ciudad de M\u00e9xico, 12 de septiembre (SinEmbargo).\u2013 La construcci\u00f3n del viaducto de cuota La Raza\u2013Indios Verdes\u2013Santa Clara afectar\u00e1 directamente a m\u00e1s de un mill\u00f3n y medio de personas de 15 diferentes colonias al norte de la Ciudad de M\u00e9xico y parte del Estado de M\u00e9xico, ya que contempla la tala de mil 683 \u00e1rboles, denunci\u00f3 la Uni\u00f3n de Vecinos por el \u00danico Corredor Verde de Insurgentes Norte.<\/p>\n<p>Ulises Velasco, integrante de la Uni\u00f3n, dijo en entrevista para SinEmbargo que dicha obra no supone un beneficio para la poblaci\u00f3n, ya que no solucionar\u00e1 los problemas de tr\u00e1nsito vehicular. En cambio, destac\u00f3, a quienes s\u00ed favorecer\u00e1 es a la empresa Promotora y Operadora de Infraestructura (Pinfra) y a las autoridades federales y capitalinas.<\/p>\n<p>En abril pasado, la Secretar\u00eda de Comunicaciones y Transportes (SCT) inform\u00f3 sobre la adjudicaci\u00f3n del proyecto \u2013con costo de 4 mil millones de pesos\u2013 a la empresa Pinfra para \u201csu dise\u00f1o, construcci\u00f3n, operaci\u00f3n, explotaci\u00f3n, conservaci\u00f3n y mantenimiento\u201d.<\/p>\n<p>\u201cSer\u00e1 un viaducto de cuota que definitivamente no resuelve el problema de vialidad. [Las autoridades federales] siguen d\u00e1ndole prioridad al autom\u00f3vil, y no es una alternativa que pueda mitigar el problema del tr\u00e1nsito porque no es de transporte p\u00fablico. Si t\u00fa generas una gran estructura para el paso de autom\u00f3viles promueves su uso, lo que es una forma muy discriminatoria para el resto de la poblaci\u00f3n\u201d, puntualiz\u00f3 Velasco.<\/p>\n<p>Hace apenas dos semanas, la Gaceta Ecol\u00f3gica de la Secretar\u00eda de Medio Ambiente y Recursos Naturales (Semarnat) public\u00f3 que el proyecto se encuentra sometido al procedimiento de evaluaci\u00f3n del impacto ambiental por la construcci\u00f3n en un \u00c1rea Natural Protegida de competencia federal.<\/p>\n<p>De acuerdo con la Uni\u00f3n de Vecinos, el \u00fanico corredor verde con que cuenta el norte de la capital est\u00e1 compuesto por 7 mil 342 \u00e1rboles de 61 especies diferentes, algunos con alturas de m\u00e1s de ocho metros.<\/p>\n<p>Carolina Vel\u00e1zquez, miembro del colectivo vecinal, denunci\u00f3 que de los mil 683 \u00e1rboles que la empresa planea derribar, mil 639 pertenecen al \u00e1rea de la Ciudad de M\u00e9xico y los 44 restantes se encuentran en el Edomex. Tambi\u00e9n reconoci\u00f3 que, de acuerdo con la empresa, se pretende llevar a cabo la restituci\u00f3n de m\u00e1s de 5 mil ejemplares, la representante de vecinos destac\u00f3 que \u201cnada garantiza que lo hagan\u201d.<\/p>\n<p>Otra de las principales denuncias de los colonos de Guadalupe Insurgentes, Industrial, Lindavista, El Arenal, Vallejo, Panamericana, Tepeyac Insurgentes, Santa Isabel Tola, Calpultitl\u00e1n, parte de Vallejo, entre otras, es la falta de una consulta por parte de las autoridades para saber si los posibles afectados est\u00e1n a favor o en contra de la construcci\u00f3n.<\/p>\n<p>Los inconformes informaron que ingresaron solicitudes para que se haga una consulta p\u00fablica por parte de la Semarnat. Al mismo tiempo han solicitado a la Procuradur\u00eda Ambiental y del Ordenamiento Territorial de la Ciudad de M\u00e9xico (PAOT) intervenir en el caso.<\/p>\n<p>Asimismo, la vecina inconforme denunci\u00f3 que las autoridades federales han guardado silencio.<\/p>\n<p>\u201cNi las autoridades de la Ciudad de M\u00e9xico ni las federales se han dignado a avisar y a preguntar a los vecinos sobre un proyecto de esta magnitud. El silencio absoluto de las autoridades es el colmo\u201d, reclam\u00f3.<\/p>\n<p><a href=\"http:\/\/www.sinembargo.mx\/tag\/union-de-vecinos-por-el-unico-corredor-verde-de-insurgentes-norte\" target=\"_blank\">http:\/\/www.sinembargo.mx\/tag\/union-de-vecinos-por-el-unico-corredor-verde-de-insurgentes-norte<\/a><\/p>\n","protected":false},"excerpt":{"rendered":"<p>Ivette Lira La Uni\u00f3n de Vecinos por el \u00danico Corredor Verde de Insurgentes Norte, en la Ciudad de M\u00e9xico, denunci\u00f3 que la construcci\u00f3n del viaducto de cuota La Raza\u2013Indios Verdes\u2013Santa &hellip; <a href=\"http:\/\/www.grieta.org.mx\/index.php\/2016\/09\/12\/el-gobierno-federal-planea-talar-1683-arboles-para-imponer-a-cdmx-un-viaducto-y-de-cuota-vecinos\/\" class=\"more-link\">Leer m\u00e1s<\/a><\/p>\n","protected":false},"author":2,"featured_media":21928,"comment_status":"closed","ping_status":"closed","sticky":false,"template":"","format":"standard","meta":{"ngg_post_thumbnail":0,"_jetpack_newsletter_access":"","_jetpack_dont_email_post_to_subs":false,"_jetpack_newsletter_tier_id":0,"_jetpack_memberships_contains_paywalled_content":false,"_jetpack_memberships_contains_paid_content":false,"footnotes":""},"categories":[80],"tags":[900],"class_list":["post-21394","post","type-post","status-publish","format-standard","has-post-thumbnail","hentry","category-cintillo","tag-proyectos-viales","entry"],"jetpack_featured_media_url":"http:\/\/www.grieta.org.mx\/wp-content\/uploads\/2018\/03\/14524434_1106112876131411_958039263622046936_o.jpg","jetpack_sharing_enabled":true,"jetpack_shortlink":"https:\/\/wp.me\/p7ZJR4-5z4","jetpack_likes_enabled":false,"jetpack-related-posts":[{"id":21395,"url":"http:\/\/www.grieta.org.mx\/index.php\/2016\/09\/12\/organizacion-contra-proyectos-viales-en-la-ciudad-de-mexico\/","url_meta":{"origin":21394,"position":0},"title":"Organizaci\u00f3n contra proyectos viales en la Ciudad de M\u00e9xico","author":"grieta","date":"12 septiembre, 2016","format":false,"excerpt":"12\/09\/16. El Gobierno federal planea talar 1,683 \u00e1rboles para imponer a CdMx un viaducto, y de cuota: vecinosSin embargo","rel":"","context":"En &quot;Ciudad de M\u00e9xico&quot;","block_context":{"text":"Ciudad de M\u00e9xico","link":"http:\/\/www.grieta.org.mx\/index.php\/category\/noticias-nacionales\/ciudad-de-mexico\/"},"img":{"alt_text":"","src":"https:\/\/i0.wp.com\/www.grieta.org.mx\/wp-content\/uploads\/2018\/03\/14524434_1106112876131411_958039263622046936_o.jpg?resize=350%2C200","width":350,"height":200,"srcset":"https:\/\/i0.wp.com\/www.grieta.org.mx\/wp-content\/uploads\/2018\/03\/14524434_1106112876131411_958039263622046936_o.jpg?resize=350%2C200 1x, https:\/\/i0.wp.com\/www.grieta.org.mx\/wp-content\/uploads\/2018\/03\/14524434_1106112876131411_958039263622046936_o.jpg?resize=525%2C300 1.5x, https:\/\/i0.wp.com\/www.grieta.org.mx\/wp-content\/uploads\/2018\/03\/14524434_1106112876131411_958039263622046936_o.jpg?resize=700%2C400 2x"},"classes":[]},{"id":63265,"url":"http:\/\/www.grieta.org.mx\/index.php\/2022\/02\/04\/vecinos-cierran-obras-de-mexicable-en-indios-verdes-sedema-les-niega-cambio-de-trazo-ciudad-de-mexico\/","url_meta":{"origin":21394,"position":1},"title":"Vecinos cierran obras de Mexicable en Indios Verdes. Sedema les niega cambio de trazo (Ciudad de M\u00e9xico)","author":"grieta","date":"4 febrero, 2022","format":false,"excerpt":"Alberto Cuenca \/ Capital CDMX Vecinos de Santa Isabel Tola y San Pedro Zacatenco hicieron un cierre simb\u00f3lico y pac\u00edfico de las obras del Mexicable que se realizan en la zona Indios Verdes. La protesta de esta ma\u00f1ana se da luego de una infructuosa mesa de trabajo que celebraron el\u2026","rel":"","context":"En &quot;Ciudad de M\u00e9xico&quot;","block_context":{"text":"Ciudad de M\u00e9xico","link":"http:\/\/www.grieta.org.mx\/index.php\/category\/noticias-nacionales\/ciudad-de-mexico\/"},"img":{"alt_text":"","src":"https:\/\/i0.wp.com\/www.grieta.org.mx\/wp-content\/uploads\/2022\/02\/Vecinos-cierran-obras-de-Mexicable-en-Indios-Verdes.-Sedema-les-niega-cambio-de-trazo-cdmx-feb.jpeg?resize=350%2C200","width":350,"height":200,"srcset":"https:\/\/i0.wp.com\/www.grieta.org.mx\/wp-content\/uploads\/2022\/02\/Vecinos-cierran-obras-de-Mexicable-en-Indios-Verdes.-Sedema-les-niega-cambio-de-trazo-cdmx-feb.jpeg?resize=350%2C200 1x, https:\/\/i0.wp.com\/www.grieta.org.mx\/wp-content\/uploads\/2022\/02\/Vecinos-cierran-obras-de-Mexicable-en-Indios-Verdes.-Sedema-les-niega-cambio-de-trazo-cdmx-feb.jpeg?resize=525%2C300 1.5x, https:\/\/i0.wp.com\/www.grieta.org.mx\/wp-content\/uploads\/2022\/02\/Vecinos-cierran-obras-de-Mexicable-en-Indios-Verdes.-Sedema-les-niega-cambio-de-trazo-cdmx-feb.jpeg?resize=700%2C400 2x, https:\/\/i0.wp.com\/www.grieta.org.mx\/wp-content\/uploads\/2022\/02\/Vecinos-cierran-obras-de-Mexicable-en-Indios-Verdes.-Sedema-les-niega-cambio-de-trazo-cdmx-feb.jpeg?resize=1050%2C600 3x"},"classes":[]},{"id":70346,"url":"http:\/\/www.grieta.org.mx\/index.php\/2024\/10\/24\/vecinos-bloquean-acceso-al-muelle-fiscal-en-progreso-yucatan-denuncian-danos-por-construccion-del-viaducto\/","url_meta":{"origin":21394,"position":2},"title":"Vecinos bloquean acceso al muelle fiscal en Progreso, Yucat\u00e1n; denuncian da\u00f1os por construcci\u00f3n del viaducto","author":"grieta","date":"24 octubre, 2024","format":false,"excerpt":"Yazm\u00edn Rodr\u00edguez Galaz \/ El Universal Progreso, Yucat\u00e1n.- Vecinos de la calle 82 bloquearon el acceso al muelle fiscal en protesta por los da\u00f1os que ha causado la construcci\u00f3n del viaducto a sus viviendas. Durante un par de horas, la manifestaci\u00f3n impidi\u00f3 la salida de turistas del crucero, que arrib\u00f3\u2026","rel":"","context":"En &quot;CINTILLO&quot;","block_context":{"text":"CINTILLO","link":"http:\/\/www.grieta.org.mx\/index.php\/category\/cintillo\/"},"img":{"alt_text":"","src":"https:\/\/i0.wp.com\/www.grieta.org.mx\/wp-content\/uploads\/2024\/10\/Progreso-e1730061277749.jpg?resize=350%2C200","width":350,"height":200,"srcset":"https:\/\/i0.wp.com\/www.grieta.org.mx\/wp-content\/uploads\/2024\/10\/Progreso-e1730061277749.jpg?resize=350%2C200 1x, https:\/\/i0.wp.com\/www.grieta.org.mx\/wp-content\/uploads\/2024\/10\/Progreso-e1730061277749.jpg?resize=525%2C300 1.5x, https:\/\/i0.wp.com\/www.grieta.org.mx\/wp-content\/uploads\/2024\/10\/Progreso-e1730061277749.jpg?resize=700%2C400 2x"},"classes":[]},{"id":25787,"url":"http:\/\/www.grieta.org.mx\/index.php\/2018\/08\/20\/vecinos-de-ecatepec-protestan-por-el-alza-en-el-circuito-exterior-mexiquense-y-dan-paso-libre-a-automovilistas-estado-de-mexico\/","url_meta":{"origin":21394,"position":3},"title":"Vecinos de Ecatepec protestan por el alza en el Circuito Exterior Mexiquense y dan paso libre a automovilistas (Estado de M\u00e9xico)","author":"grieta","date":"20 agosto, 2018","format":false,"excerpt":"Redacci\u00f3n\/Sin Embargo Reportes de redes sociales se\u00f1alan que desde las 09:00 horas, integrantes de \u201cLas Am\u00e9ricas\u201d, arribaron a la caseta del Circuito Exterior Mexiquense que est\u00e1 a la altura del fraccionamiento, ubicado en Ecatepec, Estado de M\u00e9xico, para manifestarse en contra del alza en los costos de esta carretera. El\u2026","rel":"","context":"En &quot;CINTILLO&quot;","block_context":{"text":"CINTILLO","link":"http:\/\/www.grieta.org.mx\/index.php\/category\/cintillo\/"},"img":{"alt_text":"","src":"https:\/\/i0.wp.com\/www.grieta.org.mx\/wp-content\/uploads\/2018\/08\/lasamercias-ecatepec-ohl.jpg?resize=350%2C200","width":350,"height":200,"srcset":"https:\/\/i0.wp.com\/www.grieta.org.mx\/wp-content\/uploads\/2018\/08\/lasamercias-ecatepec-ohl.jpg?resize=350%2C200 1x, https:\/\/i0.wp.com\/www.grieta.org.mx\/wp-content\/uploads\/2018\/08\/lasamercias-ecatepec-ohl.jpg?resize=525%2C300 1.5x, https:\/\/i0.wp.com\/www.grieta.org.mx\/wp-content\/uploads\/2018\/08\/lasamercias-ecatepec-ohl.jpg?resize=700%2C400 2x, https:\/\/i0.wp.com\/www.grieta.org.mx\/wp-content\/uploads\/2018\/08\/lasamercias-ecatepec-ohl.jpg?resize=1050%2C600 3x"},"classes":[]},{"id":63268,"url":"http:\/\/www.grieta.org.mx\/index.php\/2022\/02\/02\/vecinos-de-indios-verdes-van-por-cambio-de-trazo-del-mexicable-asi-es-su-lucha-desde-hace-ano-y-medio-edomex-cdmx\/","url_meta":{"origin":21394,"position":4},"title":"Vecinos de Indios Verdes van por cambio de trazo del Mexicable. As\u00ed es su lucha desde hace a\u00f1o y medio (EDOMEX, CDMX)","author":"grieta","date":"2 febrero, 2022","format":false,"excerpt":"Alberto Cuenca \/ Capital CDMX En el norte de la Ciudad vecinos de Santa Isabel Tola y San Pedro Zacatenco mantienen una lucha desde hace a\u00f1o y medio contra el trazo del Mexicable. Se oponen a que ese medio de transporte pase por encima de sus viviendas, de una escuela,\u2026","rel":"","context":"En &quot;CINTILLO&quot;","block_context":{"text":"CINTILLO","link":"http:\/\/www.grieta.org.mx\/index.php\/category\/cintillo\/"},"img":{"alt_text":"","src":"https:\/\/i0.wp.com\/www.grieta.org.mx\/wp-content\/uploads\/2022\/02\/Vecinos-de-Indios-Verdes-van-por-cambio-de-trazo-del-Mexicable.-Asi-es-su-lucha-desde-hace-ano-y-medio-edomex-cdmx-feb.jpg?resize=350%2C200","width":350,"height":200,"srcset":"https:\/\/i0.wp.com\/www.grieta.org.mx\/wp-content\/uploads\/2022\/02\/Vecinos-de-Indios-Verdes-van-por-cambio-de-trazo-del-Mexicable.-Asi-es-su-lucha-desde-hace-ano-y-medio-edomex-cdmx-feb.jpg?resize=350%2C200 1x, https:\/\/i0.wp.com\/www.grieta.org.mx\/wp-content\/uploads\/2022\/02\/Vecinos-de-Indios-Verdes-van-por-cambio-de-trazo-del-Mexicable.-Asi-es-su-lucha-desde-hace-ano-y-medio-edomex-cdmx-feb.jpg?resize=525%2C300 1.5x, https:\/\/i0.wp.com\/www.grieta.org.mx\/wp-content\/uploads\/2022\/02\/Vecinos-de-Indios-Verdes-van-por-cambio-de-trazo-del-Mexicable.-Asi-es-su-lucha-desde-hace-ano-y-medio-edomex-cdmx-feb.jpg?resize=700%2C400 2x, https:\/\/i0.wp.com\/www.grieta.org.mx\/wp-content\/uploads\/2022\/02\/Vecinos-de-Indios-Verdes-van-por-cambio-de-trazo-del-Mexicable.-Asi-es-su-lucha-desde-hace-ano-y-medio-edomex-cdmx-feb.jpg?resize=1050%2C600 3x"},"classes":[]},{"id":66774,"url":"http:\/\/www.grieta.org.mx\/index.php\/2023\/03\/12\/no-mas-pipas-vecinos-de-iztacalco-clausuran-pozo-de-agua-por-exceso-de-extraccion-cdmx\/","url_meta":{"origin":21394,"position":5},"title":"\u00abNo m\u00e1s pipas\u00bb: vecinos de Iztacalco clausuran pozo de agua por exceso de extracci\u00f3n (CDMX)","author":"grieta","date":"12 marzo, 2023","format":false,"excerpt":"Vecinos de las colonias Nueva Santa Anita y Viaducto Piedad realizan una asamblea informativa sobre la clausura que hicieron del pozo que abastece sus colonias ante la extracci\u00f3n desmedida para rellenar pipas que se mandan a colonias sin agua. Foto: Arturo Contreras Texto y fotos: Arturo Contreras Camero \/ Pie\u2026","rel":"","context":"En &quot;CINTILLO&quot;","block_context":{"text":"CINTILLO","link":"http:\/\/www.grieta.org.mx\/index.php\/category\/cintillo\/"},"img":{"alt_text":"","src":"https:\/\/i0.wp.com\/www.grieta.org.mx\/wp-content\/uploads\/2023\/04\/TomaPozo_Vecinos_Iztacalco_ArturoContrerass2-abr-cdmx.jpg?resize=350%2C200","width":350,"height":200,"srcset":"https:\/\/i0.wp.com\/www.grieta.org.mx\/wp-content\/uploads\/2023\/04\/TomaPozo_Vecinos_Iztacalco_ArturoContrerass2-abr-cdmx.jpg?resize=350%2C200 1x, https:\/\/i0.wp.com\/www.grieta.org.mx\/wp-content\/uploads\/2023\/04\/TomaPozo_Vecinos_Iztacalco_ArturoContrerass2-abr-cdmx.jpg?resize=525%2C300 1.5x, https:\/\/i0.wp.com\/www.grieta.org.mx\/wp-content\/uploads\/2023\/04\/TomaPozo_Vecinos_Iztacalco_ArturoContrerass2-abr-cdmx.jpg?resize=700%2C400 2x, https:\/\/i0.wp.com\/www.grieta.org.mx\/wp-content\/uploads\/2023\/04\/TomaPozo_Vecinos_Iztacalco_ArturoContrerass2-abr-cdmx.jpg?resize=1050%2C600 3x"},"classes":[]}],"_links":{"self":[{"href":"http:\/\/www.grieta.org.mx\/index.php\/wp-json\/wp\/v2\/posts\/21394","targetHints":{"allow":["GET"]}}],"collection":[{"href":"http:\/\/www.grieta.org.mx\/index.php\/wp-json\/wp\/v2\/posts"}],"about":[{"href":"http:\/\/www.grieta.org.mx\/index.php\/wp-json\/wp\/v2\/types\/post"}],"author":[{"embeddable":true,"href":"http:\/\/www.grieta.org.mx\/index.php\/wp-json\/wp\/v2\/users\/2"}],"replies":[{"embeddable":true,"href":"http:\/\/www.grieta.org.mx\/index.php\/wp-json\/wp\/v2\/comments?post=21394"}],"version-history":[{"count":1,"href":"http:\/\/www.grieta.org.mx\/index.php\/wp-json\/wp\/v2\/posts\/21394\/revisions"}],"predecessor-version":[{"id":21398,"href":"http:\/\/www.grieta.org.mx\/index.php\/wp-json\/wp\/v2\/posts\/21394\/revisions\/21398"}],"wp:featuredmedia":[{"embeddable":true,"href":"http:\/\/www.grieta.org.mx\/index.php\/wp-json\/wp\/v2\/media\/21928"}],"wp:attachment":[{"href":"http:\/\/www.grieta.org.mx\/index.php\/wp-json\/wp\/v2\/media?parent=21394"}],"wp:term":[{"taxonomy":"category","embeddable":true,"href":"http:\/\/www.grieta.org.mx\/index.php\/wp-json\/wp\/v2\/categories?post=21394"},{"taxonomy":"post_tag","embeddable":true,"href":"http:\/\/www.grieta.org.mx\/index.php\/wp-json\/wp\/v2\/tags?post=21394"}],"curies":[{"name":"wp","href":"https:\/\/api.w.org\/{rel}","templated":true}]}}