{"id":21336,"date":"2016-09-05T22:32:19","date_gmt":"2016-09-06T03:32:19","guid":{"rendered":"http:\/\/www.grieta.org.mx\/?p=21336"},"modified":"2016-09-10T22:34:51","modified_gmt":"2016-09-11T03:34:51","slug":"en-14-anos-81-periodistas-fueron-asesinados-en-mexico-alertan-expertos","status":"publish","type":"post","link":"http:\/\/www.grieta.org.mx\/index.php\/2016\/09\/05\/en-14-anos-81-periodistas-fueron-asesinados-en-mexico-alertan-expertos\/","title":{"rendered":"En 14 a\u00f1os, 81 periodistas fueron asesinados en M\u00e9xico, alertan expertos"},"content":{"rendered":"<div class=\"main wrap cf\">\n<div class=\"row\">\n<div class=\"col-8 main-content\">\n<article id=\"post-453723\" class=\"post-453723 post type-post status-publish format-standard has-post-thumbnail category-nacional tag-nacional-050916 tag-periodistas\">\n<header class=\"post-header cf\">\n<div class=\"featured\"><img decoding=\"async\" class=\"attachment-main-slider-nocrop size-main-slider-nocrop wp-post-image no-display appear\" title=\"En 14 a\u00f1os, 81 periodistas fueron asesinados en M\u00e9xico, alertan expertos\" src=\"http:\/\/cdn.proceso.com.mx\/media\/2015\/08\/per8.jpg\" alt=\"Exigen en el \u00c1ngel justicia para periodistas y activistas asesinados. Foto: Alejandro Sald\u00edvar\" width=\"100%\" \/><\/p>\n<div class=\"caption\">Exigen en el \u00c1ngel justicia para periodistas y activistas asesinados. Foto: Alejandro Sald\u00edvar<\/div>\n<\/div>\n<\/header>\n<div class=\"post-container cf\">\n<div class=\"post-content-right\">\n<div class=\"post-content description \">\n<p>CIUDAD DE M\u00c9XICO (apro).- En M\u00e9xico, 81 periodistas fueron asesinados entre 2000 y 2014, lapso en el que otros 18 comunicadores tambi\u00e9n desaparecieron.<\/p>\n<p>As\u00ed lo dieron a conocer expertos de la Universidad Iberoamericana (UIA), el Instituto de Justicia Procesal Penal de la Ciudad de M\u00e9xico y la Universidad de Miami.<\/p>\n<p>En un estudio sobre seguridad de periodistas, en el que retoman cifras de Art\u00edculo 19, los expertos destacan que en el caso de estados con altos \u00edndices de violencia ligada al narcotr\u00e1fico, como Veracruz y Guerrero, hay periodistas que se limitan a reproducir lo se\u00f1alado en los informes policiales, pero tambi\u00e9n hay algunos que prefieren no publicar nada al respecto.<\/p>\n<p>Y los que buscan promover cambios sociales para el bien p\u00fablico son los que se sienten m\u00e1s presionados, apunta.<\/p>\n<p>En un comunicado, la UIA precis\u00f3 que los investigadores Mireya Marqu\u00e9z Ram\u00edrez, del Departamento de Comunicaci\u00f3n de la Ibero; Marco Lara Klahr, del Programa Medios de Comunicaci\u00f3n y Violencia del Instituto de Justicia Procesal Penal de la Ciudad de M\u00e9xico, y Sallie Hughes, profesora de la Escuela de Comunicaci\u00f3n de la Universidad de Miami, recopilaron un directorio con m\u00e1s de mil 200 medios de comunicaci\u00f3n de todo el pa\u00eds y generaron una muestra al azar estratificada de 130 de ellos.<\/p>\n<p>Luego de ese proceso seleccionaron de manera sistem\u00e1tica a 377 periodistas, quienes fueron entrevistados v\u00eda\u00a0<em>Skype,<\/em>\u00a0los cuales compartieron los tipos de medidas que utilizan para reducir el riesgo de represalias y amenazas directas por cubrir ciertos tipos de noticias.<\/p>\n<p>De acuerdo con los resultados, casi 68% de los encuestados se hab\u00edan autocensurado en alguna ocasi\u00f3n, m\u00e1s de 64% dejaron de hacer coberturas callejeras y m\u00e1s de 57% se adhieren a las pol\u00edticas de censura del medio de comunicaci\u00f3n a la que pertenecen. La mitad de los encuestados afirm\u00f3 que suele ocultar informaci\u00f3n sensible de \u201cpersonas o de colegas sospechosos en sus propias redacciones\u201d.<\/p>\n<p>El estudio tambi\u00e9n revela que algunos periodistas mexicanos publican historias an\u00f3nimas en las redes sociales, de modo que no puedan ser identificados o localizados.<\/p>\n<p>Adem\u00e1s de la violencia que agravia a la prensa, apunta, las presiones econ\u00f3micas tambi\u00e9n obligan a los periodistas a callar voces e informes cr\u00edticos.<\/p>\n<p>La doctora Mireya M\u00e1rquez, de la UIA, afirm\u00f3 que el estudio podr\u00eda estimular a otros investigadores a realizar sus propias investigaciones, y de ese modo ayudar a los periodistas mexicanos a determinar qu\u00e9 cambios necesita la profesi\u00f3n.<\/p>\n<p>\u201cPuede ayudar a quienes elaboran las pol\u00edticas y a organizaciones de la sociedad civil a comprender mejor fen\u00f3menos complejos como el deterioro de la prensa libre y la vulnerabilidad de los periodistas en algunas \u00e1reas\u201d, dijo.<\/p>\n<p>La tambi\u00e9n coordinadora del Programa Prensa y Democracia (Prende) del Departamento de Comunicaci\u00f3n, que cada periodo escolar brinda capacitaci\u00f3n a periodistas de distintas fuentes, sostuvo que la investigaci\u00f3n tambi\u00e9n permitir\u00e1 que el p\u00fablico tenga \u201cotra visi\u00f3n de los contenidos de los medios de comunicaci\u00f3n y del mundo de los periodistas en M\u00e9xico, quienes enfrentan muchas presiones y dificultades a diario\u201d.<\/p>\n<p>De acuerdo con el comunicado, el estudio fue presentado en la Conferencia de la UNESCO sobre Seguridad de los Periodistas, realizada en Helsinki, Finlandia, con motivo del D\u00eda de la Libertad de Prensa a Nivel Mundial de las Naciones Unidas.<\/p>\n<p>El documento ser\u00e1 parte de un libro que la UNESCO dedicar\u00e1 al tema en 2017.<\/p>\n<p><a href=\"http:\/\/www.proceso.com.mx\/453723\/en-14-anos-81-periodistas-asesinados-en-mexico-alertan-expertos\" target=\"_blank\">http:\/\/www.proceso.com.mx\/453723\/en-14-anos-81-periodistas-asesinados-en-mexico-alertan-expertos<\/a><\/p>\n<\/div>\n<\/div>\n<\/div>\n<\/article>\n<\/div>\n<\/div>\n<\/div>\n","protected":false},"excerpt":{"rendered":"<p>Exigen en el \u00c1ngel justicia para periodistas y activistas asesinados. Foto: Alejandro Sald\u00edvar CIUDAD DE M\u00c9XICO (apro).- En M\u00e9xico, 81 periodistas fueron asesinados entre 2000 y 2014, lapso en el &hellip; <a href=\"http:\/\/www.grieta.org.mx\/index.php\/2016\/09\/05\/en-14-anos-81-periodistas-fueron-asesinados-en-mexico-alertan-expertos\/\" class=\"more-link\">Leer m\u00e1s<\/a><\/p>\n","protected":false},"author":2,"featured_media":21928,"comment_status":"closed","ping_status":"closed","sticky":false,"template":"","format":"standard","meta":{"ngg_post_thumbnail":0,"_jetpack_newsletter_access":"","_jetpack_dont_email_post_to_subs":false,"_jetpack_newsletter_tier_id":0,"_jetpack_memberships_contains_paywalled_content":false,"_jetpack_memberships_contains_paid_content":false,"footnotes":""},"categories":[80,88],"tags":[120],"class_list":["post-21336","post","type-post","status-publish","format-standard","has-post-thumbnail","hentry","category-cintillo","category-violencia-contra-periodistas","tag-violencia-contra-periodistas","entry"],"jetpack_featured_media_url":"http:\/\/www.grieta.org.mx\/wp-content\/uploads\/2018\/03\/14524434_1106112876131411_958039263622046936_o.jpg","jetpack_sharing_enabled":true,"jetpack_shortlink":"https:\/\/wp.me\/p7ZJR4-5y8","jetpack_likes_enabled":false,"jetpack-related-posts":[{"id":63083,"url":"http:\/\/www.grieta.org.mx\/index.php\/2021\/12\/31\/nueve-periodistas-fueron-asesinados-en-2021-en-mexico\/","url_meta":{"origin":21336,"position":0},"title":"Nueve periodistas fueron asesinados en 2021 en M\u00e9xico","author":"grieta","date":"31 diciembre, 2021","format":false,"excerpt":"Europa Press \/ Proceso MADRID. (EUROPA PRESS) -Un total de 45 periodistas y trabajadores de medios de comunicaci\u00f3n han sido asesinados en 2021 cuando se encontraban desempe\u00f1ando su trabajo, lo que supone un descenso respecto al a\u00f1o anterior, seg\u00fan los resultados del informe anual de la Federaci\u00f3n Internacional de Periodistas\u2026","rel":"","context":"En &quot;CINTILLO&quot;","block_context":{"text":"CINTILLO","link":"http:\/\/www.grieta.org.mx\/index.php\/category\/cintillo\/"},"img":{"alt_text":"","src":"https:\/\/i0.wp.com\/www.grieta.org.mx\/wp-content\/uploads\/2022\/01\/Periodistas-e1642703855293.png?resize=350%2C200","width":350,"height":200,"srcset":"https:\/\/i0.wp.com\/www.grieta.org.mx\/wp-content\/uploads\/2022\/01\/Periodistas-e1642703855293.png?resize=350%2C200 1x, https:\/\/i0.wp.com\/www.grieta.org.mx\/wp-content\/uploads\/2022\/01\/Periodistas-e1642703855293.png?resize=525%2C300 1.5x, https:\/\/i0.wp.com\/www.grieta.org.mx\/wp-content\/uploads\/2022\/01\/Periodistas-e1642703855293.png?resize=700%2C400 2x"},"classes":[]},{"id":23170,"url":"http:\/\/www.grieta.org.mx\/index.php\/2018\/05\/14\/mas-de-140-periodistas-asesinados-y-desaparecidos-en-mexico-mural-en-tijuana\/","url_meta":{"origin":21336,"position":1},"title":"M\u00e1s de 140 periodistas asesinados y desaparecidos en M\u00e9xico, mural en Tijuana (Baja California)","author":"grieta","date":"14 mayo, 2018","format":false,"excerpt":"Antonio Heras Tijuana.- En el Ca\u00f1\u00f3n del Matadero, en las inmediaciones de Playas de Tijuana se lee la leyenda: \u201cVan 140 periodistas asesinados en M\u00e9xico\u201d. Este lienzo est\u00e1 pintado en fondo blanco y letras rojas sobre el muro de l\u00e1mina que divide Estados Unidos, en una zona caracter\u00edstica de cruce\u2026","rel":"","context":"En &quot;Baja California&quot;","block_context":{"text":"Baja California","link":"http:\/\/www.grieta.org.mx\/index.php\/category\/noticias-nacionales\/baja-california\/"},"img":{"alt_text":"","src":"https:\/\/i0.wp.com\/www.grieta.org.mx\/wp-content\/uploads\/2018\/05\/20180514_105502.png?resize=350%2C200","width":350,"height":200,"srcset":"https:\/\/i0.wp.com\/www.grieta.org.mx\/wp-content\/uploads\/2018\/05\/20180514_105502.png?resize=350%2C200 1x, https:\/\/i0.wp.com\/www.grieta.org.mx\/wp-content\/uploads\/2018\/05\/20180514_105502.png?resize=525%2C300 1.5x"},"classes":[]},{"id":63170,"url":"http:\/\/www.grieta.org.mx\/index.php\/2022\/01\/25\/periodismo-en-riesgo-desde-cancun-exigen-justicia-por-periodistas-asesinados-quintana-roo\/","url_meta":{"origin":21336,"position":2},"title":"&#8220;Periodismo en riesgo&#8221;: Desde Canc\u00fan, exigen justicia por periodistas asesinados (Quintana Roo)","author":"grieta","date":"25 enero, 2022","format":false,"excerpt":"Agencia SIM | Fotos: Infoqroo \/ Noticaribe CANC\u00daN, MX.- Reporteros, editores, fot\u00f3grafos y otros trabajadores de los medios de comunicaci\u00f3n se reunieron esta noche afuera del Palacio Municipal del Ayuntamiento de Benito Ju\u00e1rez, para sumarse al movimiento \u201cPeriodismo en Riesgo\u201d y exigir justicia por los tres colegas que fueron asesinados\u2026","rel":"","context":"En &quot;CINTILLO&quot;","block_context":{"text":"CINTILLO","link":"http:\/\/www.grieta.org.mx\/index.php\/category\/cintillo\/"},"img":{"alt_text":"","src":"https:\/\/i0.wp.com\/www.grieta.org.mx\/wp-content\/uploads\/2022\/01\/PeriodismoEnRiesgo.png?resize=350%2C200","width":350,"height":200,"srcset":"https:\/\/i0.wp.com\/www.grieta.org.mx\/wp-content\/uploads\/2022\/01\/PeriodismoEnRiesgo.png?resize=350%2C200 1x, https:\/\/i0.wp.com\/www.grieta.org.mx\/wp-content\/uploads\/2022\/01\/PeriodismoEnRiesgo.png?resize=525%2C300 1.5x, https:\/\/i0.wp.com\/www.grieta.org.mx\/wp-content\/uploads\/2022\/01\/PeriodismoEnRiesgo.png?resize=700%2C400 2x"},"classes":[]},{"id":63405,"url":"http:\/\/www.grieta.org.mx\/index.php\/2022\/02\/14\/periodistas-de-jalisco-exigen-justicia-por-sus-cinco-companeros-asesinados\/","url_meta":{"origin":21336,"position":3},"title":"Periodistas de Jalisco exigen justicia por sus cinco compa\u00f1eros asesinados","author":"grieta","date":"14 febrero, 2022","format":false,"excerpt":"Foto: Christian Cantero En el marco de la Segunda Acci\u00f3n Nacional #PeriodismoEnRiesgo, periodistas de Jalisco protestaron para exigir justicia por los cinco colegas asesinados en este a\u00f1o; adem\u00e1s hicieron un llamado para que desde los gobiernos se deje de atacar a las y los trabajadores de los medios, pues eso\u2026","rel":"","context":"En &quot;CINTILLO&quot;","block_context":{"text":"CINTILLO","link":"http:\/\/www.grieta.org.mx\/index.php\/category\/cintillo\/"},"img":{"alt_text":"","src":"https:\/\/i0.wp.com\/www.grieta.org.mx\/wp-content\/uploads\/2022\/02\/TODOSSOMOS-1068x1068-1.png?resize=350%2C200","width":350,"height":200,"srcset":"https:\/\/i0.wp.com\/www.grieta.org.mx\/wp-content\/uploads\/2022\/02\/TODOSSOMOS-1068x1068-1.png?resize=350%2C200 1x, https:\/\/i0.wp.com\/www.grieta.org.mx\/wp-content\/uploads\/2022\/02\/TODOSSOMOS-1068x1068-1.png?resize=525%2C300 1.5x, https:\/\/i0.wp.com\/www.grieta.org.mx\/wp-content\/uploads\/2022\/02\/TODOSSOMOS-1068x1068-1.png?resize=700%2C400 2x, https:\/\/i0.wp.com\/www.grieta.org.mx\/wp-content\/uploads\/2022\/02\/TODOSSOMOS-1068x1068-1.png?resize=1050%2C600 3x"},"classes":[]},{"id":27979,"url":"http:\/\/www.grieta.org.mx\/index.php\/2018\/12\/17\/mexico-y-afganistan-lideran-lista-de-periodistas-asesinados-en-2018\/","url_meta":{"origin":21336,"position":4},"title":"M\u00e9xico y Afganist\u00e1n lideran lista de periodistas asesinados en 2018","author":"grieta","date":"17 diciembre, 2018","format":false,"excerpt":"EFE\/El Sol de Durango Un total de 113 trabajadores de medios de comunicaci\u00f3n fueron asesinados en 2018, un 14 por ciento m\u00e1s que en el a\u00f1o anterior, seg\u00fan la lista anual de la ONG Campa\u00f1a Emblema de Prensa (PEC), donde M\u00e9xico y Afganist\u00e1n figuran como los pa\u00edses m\u00e1s peligrosos para\u2026","rel":"","context":"En &quot;CINTILLO&quot;","block_context":{"text":"CINTILLO","link":"http:\/\/www.grieta.org.mx\/index.php\/category\/cintillo\/"},"img":{"alt_text":"","src":"https:\/\/i0.wp.com\/www.grieta.org.mx\/wp-content\/uploads\/2019\/01\/direct.jpg?resize=350%2C200","width":350,"height":200},"classes":[]},{"id":63091,"url":"http:\/\/www.grieta.org.mx\/index.php\/2022\/01\/17\/dos-periodistas-asesinados-en-mexico-en-lo-que-va-del-2022-baja-california-y-veracruz\/","url_meta":{"origin":21336,"position":5},"title":"Dos periodistas asesinados en M\u00e9xico en lo que va del 2022 (Baja California y Veracruz)","author":"grieta","date":"17 enero, 2022","format":false,"excerpt":"Avispa Midia \/ Sare Frabes. En portada: Margarito Mart\u00ednez, fot\u00f3grafo que tambi\u00e9n laboraba como fixer para fotoperiodistas y reporteros extranjeros en Tijuana. Octubre de 2019. Foto: John Gibbins\/The San Diego Union-Tribune No ha pasado ni un mes del a\u00f1o 2022 y en M\u00e9xico ya se reportan dos periodistas asesinados. El\u2026","rel":"","context":"En &quot;Baja California&quot;","block_context":{"text":"Baja California","link":"http:\/\/www.grieta.org.mx\/index.php\/category\/noticias-nacionales\/baja-california\/"},"img":{"alt_text":"","src":"https:\/\/i0.wp.com\/www.grieta.org.mx\/wp-content\/uploads\/2022\/01\/Martinez-fotografo-Tijuana.jpg?resize=350%2C200","width":350,"height":200,"srcset":"https:\/\/i0.wp.com\/www.grieta.org.mx\/wp-content\/uploads\/2022\/01\/Martinez-fotografo-Tijuana.jpg?resize=350%2C200 1x, https:\/\/i0.wp.com\/www.grieta.org.mx\/wp-content\/uploads\/2022\/01\/Martinez-fotografo-Tijuana.jpg?resize=525%2C300 1.5x, https:\/\/i0.wp.com\/www.grieta.org.mx\/wp-content\/uploads\/2022\/01\/Martinez-fotografo-Tijuana.jpg?resize=700%2C400 2x"},"classes":[]}],"_links":{"self":[{"href":"http:\/\/www.grieta.org.mx\/index.php\/wp-json\/wp\/v2\/posts\/21336","targetHints":{"allow":["GET"]}}],"collection":[{"href":"http:\/\/www.grieta.org.mx\/index.php\/wp-json\/wp\/v2\/posts"}],"about":[{"href":"http:\/\/www.grieta.org.mx\/index.php\/wp-json\/wp\/v2\/types\/post"}],"author":[{"embeddable":true,"href":"http:\/\/www.grieta.org.mx\/index.php\/wp-json\/wp\/v2\/users\/2"}],"replies":[{"embeddable":true,"href":"http:\/\/www.grieta.org.mx\/index.php\/wp-json\/wp\/v2\/comments?post=21336"}],"version-history":[{"count":1,"href":"http:\/\/www.grieta.org.mx\/index.php\/wp-json\/wp\/v2\/posts\/21336\/revisions"}],"predecessor-version":[{"id":21337,"href":"http:\/\/www.grieta.org.mx\/index.php\/wp-json\/wp\/v2\/posts\/21336\/revisions\/21337"}],"wp:featuredmedia":[{"embeddable":true,"href":"http:\/\/www.grieta.org.mx\/index.php\/wp-json\/wp\/v2\/media\/21928"}],"wp:attachment":[{"href":"http:\/\/www.grieta.org.mx\/index.php\/wp-json\/wp\/v2\/media?parent=21336"}],"wp:term":[{"taxonomy":"category","embeddable":true,"href":"http:\/\/www.grieta.org.mx\/index.php\/wp-json\/wp\/v2\/categories?post=21336"},{"taxonomy":"post_tag","embeddable":true,"href":"http:\/\/www.grieta.org.mx\/index.php\/wp-json\/wp\/v2\/tags?post=21336"}],"curies":[{"name":"wp","href":"https:\/\/api.w.org\/{rel}","templated":true}]}}