{"id":2125,"date":"2015-10-20T15:03:03","date_gmt":"2015-10-20T15:03:03","guid":{"rendered":"http:\/\/50.22.11.12\/~grietaor\/?p=2125"},"modified":"2016-03-11T15:08:01","modified_gmt":"2016-03-11T15:08:01","slug":"la-caceria-de-el-chapo-deja-poblados-devastados-en-sinaloa","status":"publish","type":"post","link":"http:\/\/www.grieta.org.mx\/index.php\/2015\/10\/20\/la-caceria-de-el-chapo-deja-poblados-devastados-en-sinaloa\/","title":{"rendered":"La cacer\u00eda de \u2018El Chapo\u2019 deja poblados devastados en Sinaloa"},"content":{"rendered":"<p><strong><img loading=\"lazy\" decoding=\"async\" data-attachment-id=\"2126\" data-permalink=\"http:\/\/www.grieta.org.mx\/index.php\/2015\/10\/20\/la-caceria-de-el-chapo-deja-poblados-devastados-en-sinaloa\/caceria-chapo\/\" data-orig-file=\"http:\/\/www.grieta.org.mx\/wp-content\/uploads\/2016\/03\/caceria-chapo.png\" data-orig-size=\"361,241\" data-comments-opened=\"0\" data-image-meta=\"{&quot;aperture&quot;:&quot;0&quot;,&quot;credit&quot;:&quot;&quot;,&quot;camera&quot;:&quot;&quot;,&quot;caption&quot;:&quot;&quot;,&quot;created_timestamp&quot;:&quot;0&quot;,&quot;copyright&quot;:&quot;&quot;,&quot;focal_length&quot;:&quot;0&quot;,&quot;iso&quot;:&quot;0&quot;,&quot;shutter_speed&quot;:&quot;0&quot;,&quot;title&quot;:&quot;&quot;,&quot;orientation&quot;:&quot;0&quot;}\" data-image-title=\"caceria-chapo\" data-image-description=\"\" data-image-caption=\"\" data-medium-file=\"http:\/\/www.grieta.org.mx\/wp-content\/uploads\/2016\/03\/caceria-chapo-300x200.png\" data-large-file=\"http:\/\/www.grieta.org.mx\/wp-content\/uploads\/2016\/03\/caceria-chapo.png\" class=\"aligncenter wp-image-2126 size-full\" src=\"http:\/\/grieta.org.mx\/wp-content\/uploads\/2016\/03\/caceria-chapo.png\" alt=\"caceria-chapo\" width=\"361\" height=\"241\" srcset=\"http:\/\/www.grieta.org.mx\/wp-content\/uploads\/2016\/03\/caceria-chapo.png 361w, http:\/\/www.grieta.org.mx\/wp-content\/uploads\/2016\/03\/caceria-chapo-300x200.png 300w\" sizes=\"auto, (max-width: 361px) 100vw, 361px\" \/><\/strong><\/p>\n<p><strong>Tamazula. Techos de casas perforados y carros calcinados con m\u00e1s de una docena de balazos son las huellas que dej\u00f3 la caza militar contra el narcotraficante.<\/strong><\/p>\n<p>Joaqu\u00edn El Chapo Guzm\u00e1n en la sierra de Durango, donde ahora hay poblados desolados y un misterioso rancho fuertemente custodiado, No hay ni un alma en varios poblados de Tamazula: todos sus habitantes huyeron despavoridos a la ciudad m\u00e1s cercana, Cosal\u00e1 (Sinaloa), despu\u00e9s de haber vivido momentos de terror.<\/p>\n<p>S\u00f3lo en la remota comunidad de El Lim\u00f3n hay elementos de la Marina, asegur\u00e1ndose de que nadie se acerque al rancho. Seg\u00fan los vecinos desplazados, fue aqu\u00ed donde el pasado 6 de octubre los marinos empezaron a balear casas desde helic\u00f3pteros en un operativo que luego se extendi\u00f3 a otros poblados de la Sierra Madre Occidental.<\/p>\n<p>Al querer entrar a la propiedad, cercada con cadenas con p\u00faas, un equipo de elblogdelnarco.com fue detenido por tres marinos que, apunt\u00e1ndoles con rifles, inquirieron a gritos qui\u00e9n les hab\u00eda autorizado a llegar hasta all\u00ed.<\/p>\n<p>Poco despu\u00e9s, un superior grab\u00f3 en v\u00eddeo a los reporteros y les explic\u00f3 que ten\u00eda instrucciones de no dejar pasar a nadie porque ese rancho estaba \u201cintervenido\u201d.<\/p>\n<p>El misterio de este rancho, al que las autoridades no dejan pasar ni siquiera a vecinos, s\u00f3lo incrementa las interrogantes sobre lo que pas\u00f3 durante el intenso operativo de caza contra el jefe del c\u00e1rtel de Sinaloa, que se fug\u00f3 en julio de un penal de m\u00e1xima seguridad dando un duro golpe al gobierno de Enrique Pe\u00f1a Nieto.<\/p>\n<p>Sin especificar cu\u00e1ndo o c\u00f3mo se produjeron los hechos, fuentes del gobierno confirmaron que fuerzas especiales persiguieron a Guzm\u00e1n en una zona entre Durango y Sinaloa y que el capo result\u00f3 herido en el rostro y la pierna al caer mientras hu\u00eda.<\/p>\n<p>Sin embargo, el gobierno ha negado que atacara a la poblaci\u00f3n y la Marina reiter\u00f3 el domingo que respet\u00f3 \u201cestrictamente\u201d los derechos humanos.<\/p>\n<p>Lluvia de balas, pero ning\u00fan proyectil en el suelo<br \/>\nPero los vecinos tienen relatos diferentes.<\/p>\n<p>In\u00e9s Ay\u00f3n Mendoza recuerda que el martes, 6 de octubre, preparaba tortillas cuando empez\u00f3 la lluvia de balas. Asustada, fue corriendo a buscar a su beb\u00e9, pero dos helic\u00f3pteros supuestamente de la Marina siguieron disparando \u201ccon m\u00e1s fuerza\u201d contra su rancho de Comedero Colorado, al lado de El Lim\u00f3n, sin que ella entendiera por qu\u00e9.<\/p>\n<p>Su casa qued\u00f3 con decenas de impactos de bala y su carro calcinado, denunci\u00f3 ante la fiscal\u00eda su marido, Gonzalo El\u00edas Pe\u00f1a.<\/p>\n<p>El domingo una periodista de elblogdelnarco.com comprob\u00f3 c\u00f3mo el carro qued\u00f3 completamente quemado y con una decena de impactos de bala de grueso calibre, aunque no vio ning\u00fan proyectil en el suelo.<\/p>\n<p>Escabull\u00e9ndose como pudo entre matorrales y zanjones, la pareja huy\u00f3 aterrada del rancho y camin\u00f3 cuatro d\u00edas seguidos por el monte con su hija de dos a\u00f1os.<\/p>\n<p>\u201cSin comer y sin tomar agua\u201d, el matrimonio lleg\u00f3 finalmente a Cosal\u00e1, donde en los \u00faltimos d\u00edas han llegado buscando refugio unas 600 personas de Tamazula que denuncian haber sufrido episodios similares.<\/p>\n<p>\u201cCamin\u00e1bamos a oscuras porque donde ve\u00edan luz, luego empezaban a tirar. Era una tracatera por todos lados\u201d, rememora In\u00e9s, mientras espera pacientemente junto a otras familias a que las autoridades les dieran una bolsa con alimentos y ropa.<\/p>\n<p>Pero su esposo replica exaltado: \u201csali\u00f3 en el peri\u00f3dico que supuestamente le andaban buscando (a El Chapo), pero ah\u00ed conmigo no estaba y casi nos matan\u201d.<\/p>\n<p>\u201cLos uniformes dec\u00edan Marina\u201d<br \/>\nLa historia de In\u00e9s y Gonzalo se parece mucho a la de Marta Marbella, vecina de la comunidad de El Verano, que muestra a\u00fan incr\u00e9dula en su celular fotograf\u00edas de los balazos que quedaron en su casa.<\/p>\n<p>\u201cAlcanzaba a ver como el helic\u00f3ptero se paraba y disparaba directamente a la casa. Ten\u00eda miedo, gritaba, lloraba, pero yo sab\u00eda que era in\u00fatil\u201d, recuerda esta ama de casa de 32 a\u00f1os.<\/p>\n<p>Francisca Quintero S\u00e1nchez, de 40 a\u00f1os, tambi\u00e9n se apresur\u00f3 a esconderse con sus tres hijos debajo de la cama cuando se desat\u00f3 \u201cla lluvia de balas\u201d durante alrededor de una hora.<\/p>\n<p>\u201cFue un rato de miedo, de terror a que nos fueran a matar sin ninguna culpa\u201d, expresa esta agricultora que, firme, asegura que \u201clos uniformes de ellos dec\u00edan Marina\u201d.<\/p>\n<p>La elblogdelnarco.com vio c\u00f3mo una casa del rancho El \u00c1guila ten\u00eda al menos cinco balazos en su techo de zinc y la pick-up estacionada, una veintena de impactos de bala.<\/p>\n<p>\u00bfUn enfrentamiento?<br \/>\nMarta, Francisca y otras vecinas de El Verano hablaron d\u00edas atr\u00e1s con miembros de la Marina, que afirmaron que hab\u00edan disparado porque estaban siendo atacados, algo que ellas niegan.<\/p>\n<p>\u201cQue la Armada dispar\u00f3 sobre casas de la poblaci\u00f3n civil es falso (\u2026 pero) obviamente cuando se encuentran con gente que dispara, van a repeler la agresi\u00f3n\u201d, dijo a elblogdelnarco.com una fuente del gobierno federal que pidi\u00f3 el anonimato.<\/p>\n<p>Hasta el momento no se han reportado muertos o heridos por el caso, pero la diputada local por Cosal\u00e1, Lucero S\u00e1nchez, denunci\u00f3 que habr\u00eda al menos ocho desaparecidos.<\/p>\n<p>Desde la Comisi\u00f3n de Defensa de los Derechos Humanos de Sinaloa, no cuentan con reportes de desaparecidos pero subrayan su preocupaci\u00f3n por un supuesto intento de las autoridades \u201cde quitar evidencias\u201d.<\/p>\n<p><a href=\"http:\/\/mexicorojo.mx\/la-caceria-de-el-chapo-deja-poblados-devastados-en-sinaloa.html\" target=\"_blank\">mexicorojo.mx\/la-caceria-de-el-chapo-deja-poblados-devastados-en-sinaloa.html<\/a><\/p>\n","protected":false},"excerpt":{"rendered":"<p>Tamazula. Techos de casas perforados y carros calcinados con m\u00e1s de una docena de balazos son las huellas que dej\u00f3 la caza militar contra el narcotraficante. Joaqu\u00edn El Chapo Guzm\u00e1n &hellip; <a href=\"http:\/\/www.grieta.org.mx\/index.php\/2015\/10\/20\/la-caceria-de-el-chapo-deja-poblados-devastados-en-sinaloa\/\" class=\"more-link\">Leer m\u00e1s<\/a><\/p>\n","protected":false},"author":2,"featured_media":21928,"comment_status":"closed","ping_status":"open","sticky":false,"template":"","format":"standard","meta":{"ngg_post_thumbnail":0,"_jetpack_newsletter_access":"","_jetpack_dont_email_post_to_subs":false,"_jetpack_newsletter_tier_id":0,"_jetpack_memberships_contains_paywalled_content":false,"_jetpack_memberships_contains_paid_content":false,"footnotes":""},"categories":[80,173],"tags":[234,232,233],"class_list":["post-2125","post","type-post","status-publish","format-standard","has-post-thumbnail","hentry","category-cintillo","category-durango","tag-cosala","tag-desplazados","tag-tamazula","entry"],"jetpack_featured_media_url":"http:\/\/www.grieta.org.mx\/wp-content\/uploads\/2018\/03\/14524434_1106112876131411_958039263622046936_o.jpg","jetpack_sharing_enabled":true,"jetpack_shortlink":"https:\/\/wp.me\/p7ZJR4-yh","jetpack_likes_enabled":false,"jetpack-related-posts":[{"id":3628,"url":"http:\/\/www.grieta.org.mx\/index.php\/2016\/01\/18\/habitantes-de-tamazula-huyen-de-sus-comunidades-por-miedo-a-operativos-de-la-marina\/","url_meta":{"origin":2125,"position":0},"title":"Habitantes de Tamazula huyen de sus comunidades por miedo a operativos de la Marina","author":"grieta","date":"18 enero, 2016","format":false,"excerpt":"18\/01\/16. As\u00ed, la caza de \u201cEl Chapo\u201d no suena tan heroica Sin Embargo 28\/10\/15. Mantienen apoyo a los desplazados El Siglo de Torre\u00f3n 24\/10\/15. Un menor, detenido por operativo en Tamazula El Siglo de Durango 22\/10\/15. S\u00ed hay quejas por violaci\u00f3n de derechos humanos en Tamazula: R\u00edos Estavillo L\u00ednea Directa\u2026","rel":"","context":"En &quot;Desaparecidos&quot;","block_context":{"text":"Desaparecidos","link":"http:\/\/www.grieta.org.mx\/index.php\/category\/temas-nacionales\/desaparecidos\/"},"img":{"alt_text":"","src":"https:\/\/i0.wp.com\/www.grieta.org.mx\/wp-content\/uploads\/2018\/03\/14524434_1106112876131411_958039263622046936_o.jpg?resize=350%2C200","width":350,"height":200,"srcset":"https:\/\/i0.wp.com\/www.grieta.org.mx\/wp-content\/uploads\/2018\/03\/14524434_1106112876131411_958039263622046936_o.jpg?resize=350%2C200 1x, https:\/\/i0.wp.com\/www.grieta.org.mx\/wp-content\/uploads\/2018\/03\/14524434_1106112876131411_958039263622046936_o.jpg?resize=525%2C300 1.5x, https:\/\/i0.wp.com\/www.grieta.org.mx\/wp-content\/uploads\/2018\/03\/14524434_1106112876131411_958039263622046936_o.jpg?resize=700%2C400 2x"},"classes":[]},{"id":2130,"url":"http:\/\/www.grieta.org.mx\/index.php\/2015\/10\/16\/siguen-en-cosala-los-desplazados-de-tamazula\/","url_meta":{"origin":2125,"position":1},"title":"Siguen en Cosal\u00e1 los desplazados de Tamazula","author":"grieta","date":"16 octubre, 2015","format":false,"excerpt":"Los desplazados de Tamazula, Durango, a Cosal\u00e1, Sinaloa, permanecen en este segundo municipio; van para cinco d\u00edas y nadie se ha regresado, se\u00f1ala Eduardo Mej\u00eda, secretario del Ayuntamiento del municipio duranguense. En la ciudad sinaloense est\u00e1n con familiares y en el albergue, alrededor de 180 duranguenses que abandonaron sus viviendas\u2026","rel":"","context":"En &quot;CINTILLO&quot;","block_context":{"text":"CINTILLO","link":"http:\/\/www.grieta.org.mx\/index.php\/category\/cintillo\/"},"img":{"alt_text":"","src":"https:\/\/i0.wp.com\/www.grieta.org.mx\/wp-content\/uploads\/2018\/03\/14524434_1106112876131411_958039263622046936_o.jpg?resize=350%2C200","width":350,"height":200,"srcset":"https:\/\/i0.wp.com\/www.grieta.org.mx\/wp-content\/uploads\/2018\/03\/14524434_1106112876131411_958039263622046936_o.jpg?resize=350%2C200 1x, https:\/\/i0.wp.com\/www.grieta.org.mx\/wp-content\/uploads\/2018\/03\/14524434_1106112876131411_958039263622046936_o.jpg?resize=525%2C300 1.5x, https:\/\/i0.wp.com\/www.grieta.org.mx\/wp-content\/uploads\/2018\/03\/14524434_1106112876131411_958039263622046936_o.jpg?resize=700%2C400 2x"},"classes":[]},{"id":2133,"url":"http:\/\/www.grieta.org.mx\/index.php\/2015\/10\/14\/federales-que-buscan-al-chapo-nos-dejan-en-el-fuego-cruzado-denuncian-desplazados-de-tamazula\/","url_meta":{"origin":2125,"position":2},"title":"Federales que buscan al \u201cChapo\u201d nos dejan en el fuego cruzado, denuncian desplazados de Tamazula","author":"grieta","date":"14 octubre, 2015","format":false,"excerpt":"Los enfrentamientos entre elementos de la Marina y del Ej\u00e9rcito en contra de sicarios han dejado a los habitantes del Tamazula en el fuego cruzado. No son pocas las denuncias por abusos en contra de estas corporaciones SinEmbargo\/Noroeste).\u2013 Alrededor de 250 pobladores de todas las edades provenientes Tamazula, Durango, municipio\u2026","rel":"","context":"En &quot;CINTILLO&quot;","block_context":{"text":"CINTILLO","link":"http:\/\/www.grieta.org.mx\/index.php\/category\/cintillo\/"},"img":{"alt_text":"","src":"https:\/\/i0.wp.com\/www.grieta.org.mx\/wp-content\/uploads\/2018\/03\/14524434_1106112876131411_958039263622046936_o.jpg?resize=350%2C200","width":350,"height":200,"srcset":"https:\/\/i0.wp.com\/www.grieta.org.mx\/wp-content\/uploads\/2018\/03\/14524434_1106112876131411_958039263622046936_o.jpg?resize=350%2C200 1x, https:\/\/i0.wp.com\/www.grieta.org.mx\/wp-content\/uploads\/2018\/03\/14524434_1106112876131411_958039263622046936_o.jpg?resize=525%2C300 1.5x, https:\/\/i0.wp.com\/www.grieta.org.mx\/wp-content\/uploads\/2018\/03\/14524434_1106112876131411_958039263622046936_o.jpg?resize=700%2C400 2x"},"classes":[]},{"id":2137,"url":"http:\/\/www.grieta.org.mx\/index.php\/2015\/10\/13\/cosala-sinaloa-recibe-a-desplazados-de-tamazula-durango-alcalde\/","url_meta":{"origin":2125,"position":3},"title":"Cosal\u00e1, Sinaloa, recibe a desplazados de Tamazula, Durango: alcalde","author":"grieta","date":"13 octubre, 2015","format":false,"excerpt":"Funcionarios del municipio de Durango acudieron a Cosal\u00e1 para proporcionar v\u00edveres a sus desplazados, pero no informaron el motivo de la huida de las personas, mientras que la gente coment\u00f3 que no encontraban condiciones de seguridad en su municipio, por eso su llegada a Cosal\u00e1. Debido al desplazamiento de personas\u2026","rel":"","context":"En &quot;CINTILLO&quot;","block_context":{"text":"CINTILLO","link":"http:\/\/www.grieta.org.mx\/index.php\/category\/cintillo\/"},"img":{"alt_text":"","src":"https:\/\/i0.wp.com\/www.grieta.org.mx\/wp-content\/uploads\/2018\/03\/14524434_1106112876131411_958039263622046936_o.jpg?resize=350%2C200","width":350,"height":200,"srcset":"https:\/\/i0.wp.com\/www.grieta.org.mx\/wp-content\/uploads\/2018\/03\/14524434_1106112876131411_958039263622046936_o.jpg?resize=350%2C200 1x, https:\/\/i0.wp.com\/www.grieta.org.mx\/wp-content\/uploads\/2018\/03\/14524434_1106112876131411_958039263622046936_o.jpg?resize=525%2C300 1.5x, https:\/\/i0.wp.com\/www.grieta.org.mx\/wp-content\/uploads\/2018\/03\/14524434_1106112876131411_958039263622046936_o.jpg?resize=700%2C400 2x"},"classes":[]},{"id":2114,"url":"http:\/\/www.grieta.org.mx\/index.php\/2015\/10\/21\/desplazados-quieren-regresar-a-tamazula\/","url_meta":{"origin":2125,"position":4},"title":"Desplazados quieren regresar a Tamazula","author":"grieta","date":"21 octubre, 2015","format":false,"excerpt":"Los desplazados de Tamazula a Cosal\u00e1 por la intervenci\u00f3n de la Marina quieren regresarse a sus casas, pero no pueden porque los efectivos de la Secretar\u00eda de Marina sigue asentada en sus comunidades; en Cosal\u00e1 no tienen en d\u00f3nde trabajar por la falta de empleo. Eduardo Mej\u00eda, secretario del Ayuntamiento\u2026","rel":"","context":"En &quot;CINTILLO&quot;","block_context":{"text":"CINTILLO","link":"http:\/\/www.grieta.org.mx\/index.php\/category\/cintillo\/"},"img":{"alt_text":"","src":"https:\/\/i0.wp.com\/www.grieta.org.mx\/wp-content\/uploads\/2018\/03\/14524434_1106112876131411_958039263622046936_o.jpg?resize=350%2C200","width":350,"height":200,"srcset":"https:\/\/i0.wp.com\/www.grieta.org.mx\/wp-content\/uploads\/2018\/03\/14524434_1106112876131411_958039263622046936_o.jpg?resize=350%2C200 1x, https:\/\/i0.wp.com\/www.grieta.org.mx\/wp-content\/uploads\/2018\/03\/14524434_1106112876131411_958039263622046936_o.jpg?resize=525%2C300 1.5x, https:\/\/i0.wp.com\/www.grieta.org.mx\/wp-content\/uploads\/2018\/03\/14524434_1106112876131411_958039263622046936_o.jpg?resize=700%2C400 2x"},"classes":[]},{"id":2119,"url":"http:\/\/www.grieta.org.mx\/index.php\/2015\/10\/20\/en-el-triangulo-dorado-panico-y-saqueos\/","url_meta":{"origin":2125,"position":5},"title":"En el Tri\u00e1ngulo Dorado, p\u00e1nico y saqueos","author":"grieta","date":"20 octubre, 2015","format":false,"excerpt":"A principios de mes, la Secretar\u00eda de Marina despleg\u00f3 a sus tropas en la sierra de Tamazula para que peinaran la zona en busca de Joaqu\u00edn El Chapo Guzm\u00e1n, pero no pudieron localizarlo, seg\u00fan el semanario R\u00edodoce, que comparte su informaci\u00f3n con Proceso. Lo \u00fanico que causaron los marinos fue\u2026","rel":"","context":"En &quot;CINTILLO&quot;","block_context":{"text":"CINTILLO","link":"http:\/\/www.grieta.org.mx\/index.php\/category\/cintillo\/"},"img":{"alt_text":"","src":"https:\/\/i0.wp.com\/www.grieta.org.mx\/wp-content\/uploads\/2018\/03\/14524434_1106112876131411_958039263622046936_o.jpg?resize=350%2C200","width":350,"height":200,"srcset":"https:\/\/i0.wp.com\/www.grieta.org.mx\/wp-content\/uploads\/2018\/03\/14524434_1106112876131411_958039263622046936_o.jpg?resize=350%2C200 1x, https:\/\/i0.wp.com\/www.grieta.org.mx\/wp-content\/uploads\/2018\/03\/14524434_1106112876131411_958039263622046936_o.jpg?resize=525%2C300 1.5x, https:\/\/i0.wp.com\/www.grieta.org.mx\/wp-content\/uploads\/2018\/03\/14524434_1106112876131411_958039263622046936_o.jpg?resize=700%2C400 2x"},"classes":[]}],"_links":{"self":[{"href":"http:\/\/www.grieta.org.mx\/index.php\/wp-json\/wp\/v2\/posts\/2125","targetHints":{"allow":["GET"]}}],"collection":[{"href":"http:\/\/www.grieta.org.mx\/index.php\/wp-json\/wp\/v2\/posts"}],"about":[{"href":"http:\/\/www.grieta.org.mx\/index.php\/wp-json\/wp\/v2\/types\/post"}],"author":[{"embeddable":true,"href":"http:\/\/www.grieta.org.mx\/index.php\/wp-json\/wp\/v2\/users\/2"}],"replies":[{"embeddable":true,"href":"http:\/\/www.grieta.org.mx\/index.php\/wp-json\/wp\/v2\/comments?post=2125"}],"version-history":[{"count":1,"href":"http:\/\/www.grieta.org.mx\/index.php\/wp-json\/wp\/v2\/posts\/2125\/revisions"}],"predecessor-version":[{"id":2127,"href":"http:\/\/www.grieta.org.mx\/index.php\/wp-json\/wp\/v2\/posts\/2125\/revisions\/2127"}],"wp:featuredmedia":[{"embeddable":true,"href":"http:\/\/www.grieta.org.mx\/index.php\/wp-json\/wp\/v2\/media\/21928"}],"wp:attachment":[{"href":"http:\/\/www.grieta.org.mx\/index.php\/wp-json\/wp\/v2\/media?parent=2125"}],"wp:term":[{"taxonomy":"category","embeddable":true,"href":"http:\/\/www.grieta.org.mx\/index.php\/wp-json\/wp\/v2\/categories?post=2125"},{"taxonomy":"post_tag","embeddable":true,"href":"http:\/\/www.grieta.org.mx\/index.php\/wp-json\/wp\/v2\/tags?post=2125"}],"curies":[{"name":"wp","href":"https:\/\/api.w.org\/{rel}","templated":true}]}}