{"id":21222,"date":"2016-08-29T23:56:49","date_gmt":"2016-08-30T04:56:49","guid":{"rendered":"http:\/\/www.grieta.org.mx\/?p=21222"},"modified":"2016-09-09T11:50:23","modified_gmt":"2016-09-09T16:50:23","slug":"rechazo-a-los-megaproyectos-en-morelos","status":"publish","type":"post","link":"http:\/\/www.grieta.org.mx\/index.php\/2016\/08\/29\/rechazo-a-los-megaproyectos-en-morelos\/","title":{"rendered":"Rechazo a los megaproyectos en Morelos"},"content":{"rendered":"<p><strong>29\/08\/16. <\/strong><a href=\"http:\/\/www.grieta.org.mx\/index.php\/2016\/08\/29\/asamblea-de-los-pueblos-pide-se-cancelen-los-megaproyectos-morelos\/\">Asamblea de los pueblos pide se cancelen los megaproyectos<\/a><br \/>\n<em>El Sol de Cuernavaca<\/em><\/p>\n","protected":false},"excerpt":{"rendered":"<p>29\/08\/16. Asamblea de los pueblos pide se cancelen los megaproyectos El Sol de Cuernavaca<\/p>\n","protected":false},"author":2,"featured_media":21928,"comment_status":"closed","ping_status":"closed","sticky":false,"template":"","format":"standard","meta":{"ngg_post_thumbnail":0,"_jetpack_newsletter_access":"","_jetpack_dont_email_post_to_subs":false,"_jetpack_newsletter_tier_id":0,"_jetpack_memberships_contains_paywalled_content":false,"_jetpack_memberships_contains_paid_content":false,"footnotes":""},"categories":[22,2],"tags":[],"class_list":["post-21222","post","type-post","status-publish","format-standard","has-post-thumbnail","hentry","category-morelos","category-noticias-nacionales","entry"],"jetpack_featured_media_url":"http:\/\/www.grieta.org.mx\/wp-content\/uploads\/2018\/03\/14524434_1106112876131411_958039263622046936_o.jpg","jetpack_sharing_enabled":true,"jetpack_shortlink":"https:\/\/wp.me\/p7ZJR4-5wi","jetpack_likes_enabled":false,"jetpack-related-posts":[{"id":32313,"url":"http:\/\/www.grieta.org.mx\/index.php\/2019\/04\/09\/la-4t-y-megaproyectos-temas-claves-en-el-encuentro-de-pueblos-convocado-por-el-cig-y-el-cni\/","url_meta":{"origin":21222,"position":0},"title":"La 4T y megaproyectos, temas claves en el Encuentro de Pueblos convocado por el CIG y el CNI","author":"grieta","date":"9 abril, 2019","format":false,"excerpt":"Jaime Luis Brito \/ Proceso AMILCINGO, Mor. (apro).- La llamada \u201ccuarta transformaci\u00f3n\u201d y el proyecto \u201cneoliberal\u201d del presidente Andr\u00e9s Manuel L\u00f3pez Obrador, as\u00ed tildado porque \u201capoya la instrumentaci\u00f3n de megaproyectos en todo el pa\u00eds\u201d, son los temas centrales del Encuentro de Pueblos, convocado por las redes del Concejo Ind\u00edgena de\u2026","rel":"","context":"En &quot;11. Amilcingo&quot;","block_context":{"text":"11. Amilcingo","link":"http:\/\/www.grieta.org.mx\/index.php\/category\/espejos-de-la-resistencia\/11-amilcingo\/"},"img":{"alt_text":"","src":"https:\/\/i0.wp.com\/www.grieta.org.mx\/wp-content\/uploads\/2019\/04\/samir.jpg?resize=350%2C200","width":350,"height":200,"srcset":"https:\/\/i0.wp.com\/www.grieta.org.mx\/wp-content\/uploads\/2019\/04\/samir.jpg?resize=350%2C200 1x, https:\/\/i0.wp.com\/www.grieta.org.mx\/wp-content\/uploads\/2019\/04\/samir.jpg?resize=525%2C300 1.5x, https:\/\/i0.wp.com\/www.grieta.org.mx\/wp-content\/uploads\/2019\/04\/samir.jpg?resize=700%2C400 2x"},"classes":[]},{"id":40943,"url":"http:\/\/www.grieta.org.mx\/index.php\/2019\/10\/22\/detenida-ampliacion-de-autopista-la-pera-cuautla-a-la-altura-de-tepoztlan-rogelio-torres-morelos\/","url_meta":{"origin":21222,"position":1},"title":"Detenida, ampliaci\u00f3n de autopista La Pera-Cuautla a la altura de Tepoztl\u00e1n: Rogelio Torres  (Morelos)","author":"grieta","date":"22 octubre, 2019","format":false,"excerpt":"Tlaulli Preciado \/ La Uni\u00f3n El presidente municipal de Tepoztl\u00e1n, Rogelio Torres Ortega, apunt\u00f3 que los trabajos de la ampliaci\u00f3n de la autopista La Pera-Cuautla, a la altura de dicho municipio, est\u00e1n detenidos. Al respecto, el edil refiri\u00f3 que se trata de un asunto de la empresa que, hasta donde\u2026","rel":"","context":"En &quot;12. Tepoztl\u00e1n&quot;","block_context":{"text":"12. Tepoztl\u00e1n","link":"http:\/\/www.grieta.org.mx\/index.php\/category\/espejos-de-la-resistencia\/12-tepoztlan\/"},"img":{"alt_text":"","src":"https:\/\/i0.wp.com\/www.grieta.org.mx\/wp-content\/uploads\/2019\/11\/7ec3f57bf0375813c33a6d37e68ca2f0_L.jpg?resize=350%2C200","width":350,"height":200,"srcset":"https:\/\/i0.wp.com\/www.grieta.org.mx\/wp-content\/uploads\/2019\/11\/7ec3f57bf0375813c33a6d37e68ca2f0_L.jpg?resize=350%2C200 1x, https:\/\/i0.wp.com\/www.grieta.org.mx\/wp-content\/uploads\/2019\/11\/7ec3f57bf0375813c33a6d37e68ca2f0_L.jpg?resize=525%2C300 1.5x, https:\/\/i0.wp.com\/www.grieta.org.mx\/wp-content\/uploads\/2019\/11\/7ec3f57bf0375813c33a6d37e68ca2f0_L.jpg?resize=700%2C400 2x, https:\/\/i0.wp.com\/www.grieta.org.mx\/wp-content\/uploads\/2019\/11\/7ec3f57bf0375813c33a6d37e68ca2f0_L.jpg?resize=1050%2C600 3x"},"classes":[]},{"id":32162,"url":"http:\/\/www.grieta.org.mx\/index.php\/2019\/04\/11\/a-cien-anos-de-zapata-pobladores-de-morelos-repudian-la-termoelectrica-de-huexca\/","url_meta":{"origin":21222,"position":2},"title":"A cien a\u00f1os de Zapata, pobladores de Morelos repudian la termoel\u00e9ctrica de Huexca","author":"grieta","date":"11 abril, 2019","format":false,"excerpt":"Tras las tensiones entre pobladores y el Gobierno Federal, el acto de conmemoraci\u00f3n a los 100 a\u00f1os del asesinato del General Emiliano Zapata oficial se traslad\u00f3 a Cuernavaca, mientras los pobladores de Morelos realizaron un acto en Chinameca, donde repudiaron los megaproyectos del nuevo gobierno. Axomalli Villanueva\/LA IZQUIERDA DIARIO El\u2026","rel":"","context":"En &quot;CINTILLO&quot;","block_context":{"text":"CINTILLO","link":"http:\/\/www.grieta.org.mx\/index.php\/category\/cintillo\/"},"img":{"alt_text":"","src":"https:\/\/i0.wp.com\/www.grieta.org.mx\/wp-content\/uploads\/2019\/04\/Huexca-2.jpg?resize=350%2C200","width":350,"height":200,"srcset":"https:\/\/i0.wp.com\/www.grieta.org.mx\/wp-content\/uploads\/2019\/04\/Huexca-2.jpg?resize=350%2C200 1x, https:\/\/i0.wp.com\/www.grieta.org.mx\/wp-content\/uploads\/2019\/04\/Huexca-2.jpg?resize=525%2C300 1.5x, https:\/\/i0.wp.com\/www.grieta.org.mx\/wp-content\/uploads\/2019\/04\/Huexca-2.jpg?resize=700%2C400 2x"},"classes":[]},{"id":31734,"url":"http:\/\/www.grieta.org.mx\/index.php\/2019\/03\/28\/amlo-continua-la-guerra-contra-los-pueblos-reprochan-colectivos-en-morelos\/","url_meta":{"origin":21222,"position":3},"title":"AMLO contin\u00faa la guerra contra los pueblos, reprochan colectivos en Morelos","author":"grieta","date":"28 marzo, 2019","format":false,"excerpt":"Jaime Luis Brito \/ Proceso CUERNAVACA, Mor. (apro).- \u201cEl mal gobierno que encabeza L\u00f3pez Obrador contin\u00faa la guerra contra los pueblos pero ahora disfrazada de democracia\u201d, advirti\u00f3 la Asamblea Permanente de los Pueblos de Morelos. Asegur\u00f3 que nada ha cambiado respecto a los anteriores gobiernos, pues hoy se imponen \u201cproyectos\u2026","rel":"","context":"En &quot;10. Huexca&quot;","block_context":{"text":"10. Huexca","link":"http:\/\/www.grieta.org.mx\/index.php\/category\/espejos-de-la-resistencia\/10-huexca\/"},"img":{"alt_text":"","src":"https:\/\/i0.wp.com\/www.grieta.org.mx\/wp-content\/uploads\/2019\/04\/serveimage-1.jpg?resize=350%2C200","width":350,"height":200,"srcset":"https:\/\/i0.wp.com\/www.grieta.org.mx\/wp-content\/uploads\/2019\/04\/serveimage-1.jpg?resize=350%2C200 1x, https:\/\/i0.wp.com\/www.grieta.org.mx\/wp-content\/uploads\/2019\/04\/serveimage-1.jpg?resize=525%2C300 1.5x, https:\/\/i0.wp.com\/www.grieta.org.mx\/wp-content\/uploads\/2019\/04\/serveimage-1.jpg?resize=700%2C400 2x, https:\/\/i0.wp.com\/www.grieta.org.mx\/wp-content\/uploads\/2019\/04\/serveimage-1.jpg?resize=1050%2C600 3x"},"classes":[]},{"id":32336,"url":"http:\/\/www.grieta.org.mx\/index.php\/2019\/04\/08\/congreso-de-pueblos-de-morelos-reitera-el-no-a-la-termoelectrica-pero-se-abre-al-dialogo\/","url_meta":{"origin":21222,"position":4},"title":"Congreso de Pueblos de Morelos reitera el \u201cno\u201d a la termoel\u00e9ctrica, pero se abre al di\u00e1logo","author":"grieta","date":"8 abril, 2019","format":false,"excerpt":"Jaime Luis Brito \/ Proceso ANENECUILCO, Mor. (apro).- En la tierra que vio nacer a Emiliano Zapata se llev\u00f3 a cabo la novena edici\u00f3n del Congreso de los Pueblos de Morelos, en el que se acord\u00f3 que se har\u00e1 todo lo posible para evitar que inicie trabajos la termoel\u00e9ctrica instalada\u2026","rel":"","context":"En &quot;11. Amilcingo&quot;","block_context":{"text":"11. Amilcingo","link":"http:\/\/www.grieta.org.mx\/index.php\/category\/espejos-de-la-resistencia\/11-amilcingo\/"},"img":{"alt_text":"","src":"https:\/\/i0.wp.com\/www.grieta.org.mx\/wp-content\/uploads\/2019\/04\/WhatsApp-Image-2019-04-08-at-10-1078x736.jpg?resize=350%2C200","width":350,"height":200,"srcset":"https:\/\/i0.wp.com\/www.grieta.org.mx\/wp-content\/uploads\/2019\/04\/WhatsApp-Image-2019-04-08-at-10-1078x736.jpg?resize=350%2C200 1x, https:\/\/i0.wp.com\/www.grieta.org.mx\/wp-content\/uploads\/2019\/04\/WhatsApp-Image-2019-04-08-at-10-1078x736.jpg?resize=525%2C300 1.5x, https:\/\/i0.wp.com\/www.grieta.org.mx\/wp-content\/uploads\/2019\/04\/WhatsApp-Image-2019-04-08-at-10-1078x736.jpg?resize=700%2C400 2x, https:\/\/i0.wp.com\/www.grieta.org.mx\/wp-content\/uploads\/2019\/04\/WhatsApp-Image-2019-04-08-at-10-1078x736.jpg?resize=1050%2C600 3x"},"classes":[]},{"id":18849,"url":"http:\/\/www.grieta.org.mx\/index.php\/2016\/07\/31\/exigen-cancelar-siete-concesiones-mineras\/","url_meta":{"origin":21222,"position":5},"title":"Exigen cancelar siete concesiones mineras (MORELOS)","author":"grieta","date":"31 julio, 2016","format":false,"excerpt":"Rubicela Morelos Cruz, Morelos Miacatl\u00e1n, Morelos Domingo 31 de julio, 2016 En el Encuentro mexicano de resistencias contra el modelo extractivo: nuestros territorios libres de miner\u00eda y otros megaproyectos, efectuado este fin de semana en este municipio, se exigi\u00f3 a los gobiernos federal y estatal cancelar siete concesiones entregadas a\u2026","rel":"","context":"En &quot;CINTILLO&quot;","block_context":{"text":"CINTILLO","link":"http:\/\/www.grieta.org.mx\/index.php\/category\/cintillo\/"},"img":{"alt_text":"","src":"https:\/\/i0.wp.com\/www.grieta.org.mx\/wp-content\/uploads\/2018\/03\/14524434_1106112876131411_958039263622046936_o.jpg?resize=350%2C200","width":350,"height":200,"srcset":"https:\/\/i0.wp.com\/www.grieta.org.mx\/wp-content\/uploads\/2018\/03\/14524434_1106112876131411_958039263622046936_o.jpg?resize=350%2C200 1x, https:\/\/i0.wp.com\/www.grieta.org.mx\/wp-content\/uploads\/2018\/03\/14524434_1106112876131411_958039263622046936_o.jpg?resize=525%2C300 1.5x, https:\/\/i0.wp.com\/www.grieta.org.mx\/wp-content\/uploads\/2018\/03\/14524434_1106112876131411_958039263622046936_o.jpg?resize=700%2C400 2x"},"classes":[]}],"_links":{"self":[{"href":"http:\/\/www.grieta.org.mx\/index.php\/wp-json\/wp\/v2\/posts\/21222","targetHints":{"allow":["GET"]}}],"collection":[{"href":"http:\/\/www.grieta.org.mx\/index.php\/wp-json\/wp\/v2\/posts"}],"about":[{"href":"http:\/\/www.grieta.org.mx\/index.php\/wp-json\/wp\/v2\/types\/post"}],"author":[{"embeddable":true,"href":"http:\/\/www.grieta.org.mx\/index.php\/wp-json\/wp\/v2\/users\/2"}],"replies":[{"embeddable":true,"href":"http:\/\/www.grieta.org.mx\/index.php\/wp-json\/wp\/v2\/comments?post=21222"}],"version-history":[{"count":1,"href":"http:\/\/www.grieta.org.mx\/index.php\/wp-json\/wp\/v2\/posts\/21222\/revisions"}],"predecessor-version":[{"id":21226,"href":"http:\/\/www.grieta.org.mx\/index.php\/wp-json\/wp\/v2\/posts\/21222\/revisions\/21226"}],"wp:featuredmedia":[{"embeddable":true,"href":"http:\/\/www.grieta.org.mx\/index.php\/wp-json\/wp\/v2\/media\/21928"}],"wp:attachment":[{"href":"http:\/\/www.grieta.org.mx\/index.php\/wp-json\/wp\/v2\/media?parent=21222"}],"wp:term":[{"taxonomy":"category","embeddable":true,"href":"http:\/\/www.grieta.org.mx\/index.php\/wp-json\/wp\/v2\/categories?post=21222"},{"taxonomy":"post_tag","embeddable":true,"href":"http:\/\/www.grieta.org.mx\/index.php\/wp-json\/wp\/v2\/tags?post=21222"}],"curies":[{"name":"wp","href":"https:\/\/api.w.org\/{rel}","templated":true}]}}