{"id":21221,"date":"2016-08-29T23:56:33","date_gmt":"2016-08-30T04:56:33","guid":{"rendered":"http:\/\/www.grieta.org.mx\/?p=21221"},"modified":"2018-09-26T22:59:04","modified_gmt":"2018-09-27T03:59:04","slug":"asamblea-de-los-pueblos-pide-se-cancelen-los-megaproyectos-morelos","status":"publish","type":"post","link":"http:\/\/www.grieta.org.mx\/index.php\/2016\/08\/29\/asamblea-de-los-pueblos-pide-se-cancelen-los-megaproyectos-morelos\/","title":{"rendered":"Asamblea de los pueblos pide se cancelen los megaproyectos (MORELOS)"},"content":{"rendered":"<p>M\u00f3nica Gonz\u00e1lez, Morelos.<\/p>\n<p>La Asamblea Permanente de los Pueblos de Morelos (APPM) insisti\u00f3 en la cancelaci\u00f3n definitiva de los mega proyectos que afectar\u00e1n gravemente las tierras y a la gente del estado, sobre todo por las concesiones mineras, las ampliaciones o la construcci\u00f3n de carreteras y el Proyecto Integral Morelos (termoel\u00e9ctricas, gasoducto y acueducto), as\u00ed como la defensa del agua, por lo que las acciones de resistencia continuar\u00e1n.<\/p>\n<p>Sa\u00fal Roque Morales, Roberto Robles y Jaime Dom\u00ednguez, de la APPM, acompa\u00f1ados por el vocero del Frente Amplio Morelense (FAM), Javier Sicilia, anunciaron que en octubre realizar\u00e1n la cuarta sesi\u00f3n del Congreso de los Pueblos, al mismo tiempo en que se preparan para intercambiar experiencias en el Segundo Encuentro Internacional de las Resistencias, que se llevar\u00e1 a cabo en noviembre en la comunidad de Hueyapan con la participaci\u00f3n de m\u00e1s de 15 delegaciones de Centro y Sudam\u00e9rica.<\/p>\n<p>Dijeron que los mega proyectos promovidos por el actual gobierno est\u00e1n detenidos en su operatividad por la heroica resistencia de los habitantes en las regiones Oriente, Altos y Surponiente de Morelos.<\/p>\n<p>Empero, lamentaron el desalojo con fuerza p\u00fablica del plant\u00f3n patri\u00f3tico de Apatlaco, para dar continuidad a la construcci\u00f3n del acueducto que se robar\u00e1 el agua del r\u00edo Cuautla, con lo cual pretenden poner a funcionar la termoel\u00e9ctrica construida en la comunidad de Huexca; por lo que los ejidatarios continuar\u00e1n en la lucha.<\/p>\n<p>Adem\u00e1s, informaron que tanto en la ampliaci\u00f3n de la autopista La Pera-Cuautla, como en las siete concesiones mineras que se pretenden construir, no s\u00f3lo ser\u00e1n afectadas las m\u00e1s de 15 mil hect\u00e1reas en los municipios de Miacatl\u00e1n, Temixco y Cuernavaca, tambi\u00e9n el patrimonio cultural de la humanidad como es el caso de Xochicalco.<\/p>\n<p>De la misma manera se tendr\u00e1n da\u00f1os en la construcci\u00f3n de la autopista Siglo XXI donde se destruir\u00e1n las tierras m\u00e1s ricas para la agricultura de los municipios de Ayala, Tlaquiltenango, Jojutla y Tlaltizap\u00e1n, con lo que desaparecer\u00edan los vestigios ceremoniales y arqueol\u00f3gicos en este \u00faltimo.<\/p>\n<p>Con todo lo anterior, los representantes de los pueblos anunciaron que seguir\u00e1n en la lucha y por medio del FAM insistir\u00e1n en la cancelaci\u00f3n definitiva de estos mega proyectos, as\u00ed como la salida del actual gobierno, a quien responsabilizan de los da\u00f1os hacia las comunidades y su gente.<\/p>\n<p><a href=\"http:\/\/www.oem.com.mx\/elsoldecuernavaca\/notas\/n4268085.htm\" target=\"_blank\">http:\/\/www.oem.com.mx\/elsoldecuernavaca\/notas\/n4268085.htm<\/a><\/p>\n","protected":false},"excerpt":{"rendered":"<p>M\u00f3nica Gonz\u00e1lez, Morelos. La Asamblea Permanente de los Pueblos de Morelos (APPM) insisti\u00f3 en la cancelaci\u00f3n definitiva de los mega proyectos que afectar\u00e1n gravemente las tierras y a la gente &hellip; <a href=\"http:\/\/www.grieta.org.mx\/index.php\/2016\/08\/29\/asamblea-de-los-pueblos-pide-se-cancelen-los-megaproyectos-morelos\/\" class=\"more-link\">Leer m\u00e1s<\/a><\/p>\n","protected":false},"author":2,"featured_media":21928,"comment_status":"closed","ping_status":"closed","sticky":false,"template":"","format":"standard","meta":{"ngg_post_thumbnail":0,"_jetpack_newsletter_access":"","_jetpack_dont_email_post_to_subs":false,"_jetpack_newsletter_tier_id":0,"_jetpack_memberships_contains_paywalled_content":false,"_jetpack_memberships_contains_paid_content":false,"footnotes":""},"categories":[80,22,2,1762],"tags":[514,96,180,510],"class_list":["post-21221","post","type-post","status-publish","format-standard","has-post-thumbnail","hentry","category-cintillo","category-morelos","category-noticias-nacionales","category-rechazo-a-los-megaproyectos-en-morelos","tag-acueducto-huexca","tag-megaproyectos","tag-protesta","tag-proyecto-integral-morelos","entry"],"jetpack_featured_media_url":"http:\/\/www.grieta.org.mx\/wp-content\/uploads\/2018\/03\/14524434_1106112876131411_958039263622046936_o.jpg","jetpack_sharing_enabled":true,"jetpack_shortlink":"https:\/\/wp.me\/p7ZJR4-5wh","jetpack_likes_enabled":false,"jetpack-related-posts":[{"id":8418,"url":"http:\/\/www.grieta.org.mx\/index.php\/2016\/02\/09\/se-suma-la-appm-al-planton-de-la-uaem\/","url_meta":{"origin":21221,"position":0},"title":"Se suma la APPM al plant\u00f3n de la UAEM","author":"grieta","date":"9 febrero, 2016","format":false,"excerpt":"Morelos Diario Pronunciamiento de la Asamblea Permanente de los Pueblos de Morelos en apoyo a la Universidad Aut\u00f3noma del Estado de Morelos A LA COMUNIDAD UNIVERSITARIA, A LOS MEDIOS DE COMUNICACI\u00d3N, A LOS PUEBLOS DE MORELOS, A LA SOCIEDAD EN GENERAL, Las comunidades que integramos la Asamblea Permanente de los\u2026","rel":"","context":"En &quot;CINTILLO&quot;","block_context":{"text":"CINTILLO","link":"http:\/\/www.grieta.org.mx\/index.php\/category\/cintillo\/"},"img":{"alt_text":"","src":"https:\/\/i0.wp.com\/www.grieta.org.mx\/wp-content\/uploads\/2018\/03\/14524434_1106112876131411_958039263622046936_o.jpg?resize=350%2C200","width":350,"height":200,"srcset":"https:\/\/i0.wp.com\/www.grieta.org.mx\/wp-content\/uploads\/2018\/03\/14524434_1106112876131411_958039263622046936_o.jpg?resize=350%2C200 1x, https:\/\/i0.wp.com\/www.grieta.org.mx\/wp-content\/uploads\/2018\/03\/14524434_1106112876131411_958039263622046936_o.jpg?resize=525%2C300 1.5x, https:\/\/i0.wp.com\/www.grieta.org.mx\/wp-content\/uploads\/2018\/03\/14524434_1106112876131411_958039263622046936_o.jpg?resize=700%2C400 2x"},"classes":[]},{"id":40875,"url":"http:\/\/www.grieta.org.mx\/index.php\/2019\/10\/14\/a-casi-8-meses-nada-en-caso-del-activista-samir-morelos\/","url_meta":{"origin":21221,"position":1},"title":"A casi 8 meses, nada en caso del activista Samir (Morelos)","author":"grieta","date":"14 octubre, 2019","format":false,"excerpt":"Emmanuel Ruiz \/ El Sol de Curnavaca Integrantes de la Asamblea Permanente de los Pueblos de Morelos lamentaron que la investigaci\u00f3n realizada por la Fiscal\u00eda del Estado no presente avances A casi ocho meses del asesinato del activista Samir Flores Soberanes, quien fuera uno de los principales opositores a la\u2026","rel":"","context":"En &quot;10. Huexca&quot;","block_context":{"text":"10. Huexca","link":"http:\/\/www.grieta.org.mx\/index.php\/category\/espejos-de-la-resistencia\/10-huexca\/"},"img":{"alt_text":"","src":"https:\/\/i0.wp.com\/www.grieta.org.mx\/wp-content\/uploads\/2019\/11\/A-casi-8-meses-nada-en-caso-del-activista-Samir.jpg?resize=350%2C200","width":350,"height":200,"srcset":"https:\/\/i0.wp.com\/www.grieta.org.mx\/wp-content\/uploads\/2019\/11\/A-casi-8-meses-nada-en-caso-del-activista-Samir.jpg?resize=350%2C200 1x, https:\/\/i0.wp.com\/www.grieta.org.mx\/wp-content\/uploads\/2019\/11\/A-casi-8-meses-nada-en-caso-del-activista-Samir.jpg?resize=525%2C300 1.5x, https:\/\/i0.wp.com\/www.grieta.org.mx\/wp-content\/uploads\/2019\/11\/A-casi-8-meses-nada-en-caso-del-activista-Samir.jpg?resize=700%2C400 2x"},"classes":[]},{"id":28929,"url":"http:\/\/www.grieta.org.mx\/index.php\/2019\/02\/08\/irresponsable-votar-si-vivimos-o-morimos-pueblos-de-morelos-ante-consulta-de-amlo-sobre-termoelectrica\/","url_meta":{"origin":21221,"position":2},"title":"Irresponsable, votar si vivimos o morimos: Pueblos de Morelos ante consulta de AMLO sobre termoel\u00e9ctrica","author":"grieta","date":"8 febrero, 2019","format":false,"excerpt":"Textos: Daliri Oropeza y \u00c1l-Dabi Olvera. Im\u00e1genes: Daliri Oropeza. \/ Pie de P\u00e1gina El presidente Andr\u00e9s Manuel L\u00f3pez Obrador fij\u00f3 el 23 y 24 de febrero como los d\u00edas para consultar dos termoel\u00e9ctricas, un acueducto y un gasoducto a los pueblos que llevan ya un sexenio luchando por la imposici\u00f3n\u2026","rel":"","context":"En &quot;CINTILLO&quot;","block_context":{"text":"CINTILLO","link":"http:\/\/www.grieta.org.mx\/index.php\/category\/cintillo\/"},"img":{"alt_text":"","src":"https:\/\/i0.wp.com\/www.grieta.org.mx\/wp-content\/uploads\/2019\/02\/profesor-flavio-termoelectrica-daliri-oropeza-1200x800.jpg?resize=350%2C200","width":350,"height":200,"srcset":"https:\/\/i0.wp.com\/www.grieta.org.mx\/wp-content\/uploads\/2019\/02\/profesor-flavio-termoelectrica-daliri-oropeza-1200x800.jpg?resize=350%2C200 1x, https:\/\/i0.wp.com\/www.grieta.org.mx\/wp-content\/uploads\/2019\/02\/profesor-flavio-termoelectrica-daliri-oropeza-1200x800.jpg?resize=525%2C300 1.5x, https:\/\/i0.wp.com\/www.grieta.org.mx\/wp-content\/uploads\/2019\/02\/profesor-flavio-termoelectrica-daliri-oropeza-1200x800.jpg?resize=700%2C400 2x, https:\/\/i0.wp.com\/www.grieta.org.mx\/wp-content\/uploads\/2019\/02\/profesor-flavio-termoelectrica-daliri-oropeza-1200x800.jpg?resize=1050%2C600 3x"},"classes":[]},{"id":55442,"url":"http:\/\/www.grieta.org.mx\/index.php\/2020\/11\/25\/pueblos-planean-tomar-carreteras-para-frenar-termoelectrica-de-huexca-morelos-puebla-tlaxcala\/","url_meta":{"origin":21221,"position":3},"title":"Pueblos planean tomar carreteras para frenar termoel\u00e9ctrica de Huexca (Morelos, Puebla, Tlaxcala)","author":"Admin","date":"25 noviembre, 2020","format":false,"excerpt":"Texto y Fotos: Estrella Pedroza \/ La Silla Rota CIUDAD AYALA.- Desde la cuna del agrarismo, los pueblos de Morelos emprendieron acciones de protesta por la irrupci\u00f3n de la Guardia Nacional al plant\u00f3n San Pedro Apatlaco, situado a las orillas del R\u00edo Cuautla en Ciudad Ayala, que se instal\u00f3 desde\u2026","rel":"","context":"En &quot;10. Huexca&quot;","block_context":{"text":"10. Huexca","link":"http:\/\/www.grieta.org.mx\/index.php\/category\/espejos-de-la-resistencia\/10-huexca\/"},"img":{"alt_text":"","src":"https:\/\/i0.wp.com\/www.grieta.org.mx\/wp-content\/uploads\/2020\/11\/Captura-de-Pantalla-2020-11-25-a-las-14.17.48.png?resize=350%2C200","width":350,"height":200,"srcset":"https:\/\/i0.wp.com\/www.grieta.org.mx\/wp-content\/uploads\/2020\/11\/Captura-de-Pantalla-2020-11-25-a-las-14.17.48.png?resize=350%2C200 1x, https:\/\/i0.wp.com\/www.grieta.org.mx\/wp-content\/uploads\/2020\/11\/Captura-de-Pantalla-2020-11-25-a-las-14.17.48.png?resize=525%2C300 1.5x, https:\/\/i0.wp.com\/www.grieta.org.mx\/wp-content\/uploads\/2020\/11\/Captura-de-Pantalla-2020-11-25-a-las-14.17.48.png?resize=700%2C400 2x, https:\/\/i0.wp.com\/www.grieta.org.mx\/wp-content\/uploads\/2020\/11\/Captura-de-Pantalla-2020-11-25-a-las-14.17.48.png?resize=1050%2C600 3x, https:\/\/i0.wp.com\/www.grieta.org.mx\/wp-content\/uploads\/2020\/11\/Captura-de-Pantalla-2020-11-25-a-las-14.17.48.png?resize=1400%2C800 4x"},"classes":[]},{"id":43755,"url":"http:\/\/www.grieta.org.mx\/index.php\/2020\/01\/24\/niegan-exista-dialogo-gobierno-del-estado-morelos\/","url_meta":{"origin":21221,"position":4},"title":"Niegan exista di\u00e1logo Gobierno del Estado (Morelos)","author":"grieta","date":"24 enero, 2020","format":false,"excerpt":"Emmanuel Ruiz \/ El Sol de Cuautla Luego de que el subsecretario del Gobierno del estado, Mauricio Termignioni Apodaca, se\u00f1alara que la administraci\u00f3n estatal ha estado presente en las reuniones que se han realizado acerca de los conflictos relacionados con la autopista Siglo XXI, la miner\u00eda y el Proyecto Integral\u2026","rel":"","context":"En &quot;CINTILLO&quot;","block_context":{"text":"CINTILLO","link":"http:\/\/www.grieta.org.mx\/index.php\/category\/cintillo\/"},"img":{"alt_text":"","src":"https:\/\/i0.wp.com\/www.grieta.org.mx\/wp-content\/uploads\/2020\/01\/10-H1.jpeg?resize=350%2C200","width":350,"height":200,"srcset":"https:\/\/i0.wp.com\/www.grieta.org.mx\/wp-content\/uploads\/2020\/01\/10-H1.jpeg?resize=350%2C200 1x, https:\/\/i0.wp.com\/www.grieta.org.mx\/wp-content\/uploads\/2020\/01\/10-H1.jpeg?resize=525%2C300 1.5x, https:\/\/i0.wp.com\/www.grieta.org.mx\/wp-content\/uploads\/2020\/01\/10-H1.jpeg?resize=700%2C400 2x"},"classes":[]},{"id":48472,"url":"http:\/\/www.grieta.org.mx\/index.php\/2020\/02\/28\/denuncian-amenazas-contra-opositores-a-proyecto-integral-morelos\/","url_meta":{"origin":21221,"position":5},"title":"Denuncian amenazas contra opositores a Proyecto Integral Morelos","author":"Admin","date":"28 febrero, 2020","format":false,"excerpt":"Jordana Gonzalez \/ Contrl\u00ednea Contin\u00faan las amenazas de levantamientos, agresiones armadas y desapariciones por \u201cestar en la lucha\u201d contra la imposici\u00f3n del Proyecto Integral Morelos, denunci\u00f3 Teresa Castellanos Ruiz, miembro del Frente de Pueblos en Defensa de la Tierra y el Agua del estado de Morelos. La opositora a los\u2026","rel":"","context":"En &quot;10. Huexca&quot;","block_context":{"text":"10. Huexca","link":"http:\/\/www.grieta.org.mx\/index.php\/category\/espejos-de-la-resistencia\/10-huexca\/"},"img":{"alt_text":"","src":"https:\/\/i0.wp.com\/www.grieta.org.mx\/wp-content\/uploads\/2020\/05\/Margarito-Perez-Retana_Cuartoscuro.com_.mx_.jpeg?resize=350%2C200","width":350,"height":200,"srcset":"https:\/\/i0.wp.com\/www.grieta.org.mx\/wp-content\/uploads\/2020\/05\/Margarito-Perez-Retana_Cuartoscuro.com_.mx_.jpeg?resize=350%2C200 1x, https:\/\/i0.wp.com\/www.grieta.org.mx\/wp-content\/uploads\/2020\/05\/Margarito-Perez-Retana_Cuartoscuro.com_.mx_.jpeg?resize=525%2C300 1.5x"},"classes":[]}],"_links":{"self":[{"href":"http:\/\/www.grieta.org.mx\/index.php\/wp-json\/wp\/v2\/posts\/21221","targetHints":{"allow":["GET"]}}],"collection":[{"href":"http:\/\/www.grieta.org.mx\/index.php\/wp-json\/wp\/v2\/posts"}],"about":[{"href":"http:\/\/www.grieta.org.mx\/index.php\/wp-json\/wp\/v2\/types\/post"}],"author":[{"embeddable":true,"href":"http:\/\/www.grieta.org.mx\/index.php\/wp-json\/wp\/v2\/users\/2"}],"replies":[{"embeddable":true,"href":"http:\/\/www.grieta.org.mx\/index.php\/wp-json\/wp\/v2\/comments?post=21221"}],"version-history":[{"count":1,"href":"http:\/\/www.grieta.org.mx\/index.php\/wp-json\/wp\/v2\/posts\/21221\/revisions"}],"predecessor-version":[{"id":21224,"href":"http:\/\/www.grieta.org.mx\/index.php\/wp-json\/wp\/v2\/posts\/21221\/revisions\/21224"}],"wp:featuredmedia":[{"embeddable":true,"href":"http:\/\/www.grieta.org.mx\/index.php\/wp-json\/wp\/v2\/media\/21928"}],"wp:attachment":[{"href":"http:\/\/www.grieta.org.mx\/index.php\/wp-json\/wp\/v2\/media?parent=21221"}],"wp:term":[{"taxonomy":"category","embeddable":true,"href":"http:\/\/www.grieta.org.mx\/index.php\/wp-json\/wp\/v2\/categories?post=21221"},{"taxonomy":"post_tag","embeddable":true,"href":"http:\/\/www.grieta.org.mx\/index.php\/wp-json\/wp\/v2\/tags?post=21221"}],"curies":[{"name":"wp","href":"https:\/\/api.w.org\/{rel}","templated":true}]}}