{"id":2117,"date":"2015-10-21T14:51:11","date_gmt":"2015-10-21T14:51:11","guid":{"rendered":"http:\/\/50.22.11.12\/~grietaor\/?p=2117"},"modified":"2016-03-11T14:56:04","modified_gmt":"2016-03-11T14:56:04","slug":"marina-incrementa-numero-de-elementos-en-el-triangulo-dorado-para-capturar-al-chapo","status":"publish","type":"post","link":"http:\/\/www.grieta.org.mx\/index.php\/2015\/10\/21\/marina-incrementa-numero-de-elementos-en-el-triangulo-dorado-para-capturar-al-chapo\/","title":{"rendered":"Marina incrementa n\u00famero de elementos en el Tri\u00e1ngulo Dorado para capturar al Chapo"},"content":{"rendered":"<p>(21 de Octubre, 2015).- Con el objetivo de detener al l\u00edder del C\u00e1rtel de Sinaloa, Joaqu\u00edn Guzm\u00e1n Loera, la Secretar\u00eda de la Marina Armada de M\u00e9xico (Semar) ha incrementado el n\u00famero de elementos que buscan al narcotraficante en el llamado \u201cTri\u00e1ngulo Dorado\u201d, principalmente en los municipios de Cosal\u00e1, Sinaloa y Tamazola, Durango.<\/p>\n<p>La Direcci\u00f3n de Seguridad P\u00fablica de Cosal\u00e1 inform\u00f3 que los marinos se apostaron en las calles del poblado y mantienen recorridos sobre los caminos principales que llevan a la Sierra Madre Occidental. Adem\u00e1s, los militares montaron retenes de revisi\u00f3n en los accesos de la comunidad, los cuales operan las 24 horas del d\u00eda.<\/p>\n<p>Como lo ha documentado puntualmente Revoluci\u00f3n TRESPUNTOCERO, los marinos han vuelto a incurrir en violaciones a los derechos humanos de los pobladores de la zona.<\/p>\n<p>Los operativos en busca de Joaqu\u00edn \u201cEl Chapo\u201d Guzm\u00e1n en la sierra entre Sinaloa y Durango iniciaron el 6 de octubre, tras detectar la presencia del capo en las cercan\u00edas del poblado de El Verano, en Tamazula.<\/p>\n<p>Un grupo de elementos de la Marina catearon la tarde del martes un domicilio ubicado en un exclusivo sector residencial de Culiac\u00e1n, Sinaloa.<\/p>\n<p>Los uniformados revisaron domicilio marcado con el n\u00famero 426 de la Calle Agricultores, entre Mariano Arista y Jos\u00e9 Mar\u00eda Anaya en la Colonia Chapultepec, al norte de la capital en donde realizaron la revisi\u00f3n y cerraron las calles aleda\u00f1as.<\/p>\n<p>Los marinos han revisado varias calles a la redonda bloqueando las avenidas, utilizando varios tipos de camiones.<\/p>\n<p>Juan Jos\u00e9 R\u00edos Estavillo, titular de la Comisi\u00f3n Estatal de Derechos Humanos de Sinaloa, asegur\u00f3 que el gobierno de Durango y el Ayuntamiento de Tamazola no han actuado correctamente para asegurar la seguridad de los habitantes.<\/p>\n<p>No hemos visto que autoridades de Gobierno de Durango est\u00e9n atendiendo las necesidades de seguridad as\u00ed como de salud de las personas desplazadas en la zona. Nos preocupa mucho que contin\u00faen siendo omisos\u201d, dijo.<\/p>\n<p>A\u00f1adi\u00f3 que las autoridades del Gobierno federal tampoco han generado garant\u00edas de seguridad para los duranguenses que han huido de sus tierras.<\/p>\n<p>Las acciones de la Marina ocasionaron que 250 familias de la sierra de Durango se desplazaran a pie a Cosal\u00e1, Sinaloa, en donde han encontrado seguridad.<\/p>\n<p><a href=\"http:\/\/revoluciontrespuntocero.com\/marina-incrementa-numero-de-elementos-en-el-triangulo-dorado-para-capturar-al-chapo\" target=\"_blank\">revoluciontrespuntocero.com\/marina-incrementa-numero-de-elementos-en-el-triangulo-dorado-para-capturar-al-chapo<\/a><\/p>\n","protected":false},"excerpt":{"rendered":"<p>(21 de Octubre, 2015).- Con el objetivo de detener al l\u00edder del C\u00e1rtel de Sinaloa, Joaqu\u00edn Guzm\u00e1n Loera, la Secretar\u00eda de la Marina Armada de M\u00e9xico (Semar) ha incrementado el &hellip; <a href=\"http:\/\/www.grieta.org.mx\/index.php\/2015\/10\/21\/marina-incrementa-numero-de-elementos-en-el-triangulo-dorado-para-capturar-al-chapo\/\" class=\"more-link\">Leer m\u00e1s<\/a><\/p>\n","protected":false},"author":2,"featured_media":21928,"comment_status":"closed","ping_status":"open","sticky":false,"template":"","format":"standard","meta":{"ngg_post_thumbnail":0,"_jetpack_newsletter_access":"","_jetpack_dont_email_post_to_subs":false,"_jetpack_newsletter_tier_id":0,"_jetpack_memberships_contains_paywalled_content":false,"_jetpack_memberships_contains_paid_content":false,"footnotes":""},"categories":[80,173,164],"tags":[234,233],"class_list":["post-2117","post","type-post","status-publish","format-standard","has-post-thumbnail","hentry","category-cintillo","category-durango","category-sinaloa","tag-cosala","tag-tamazula","entry"],"jetpack_featured_media_url":"http:\/\/www.grieta.org.mx\/wp-content\/uploads\/2018\/03\/14524434_1106112876131411_958039263622046936_o.jpg","jetpack_sharing_enabled":true,"jetpack_shortlink":"https:\/\/wp.me\/p7ZJR4-y9","jetpack_likes_enabled":false,"jetpack-related-posts":[{"id":3628,"url":"http:\/\/www.grieta.org.mx\/index.php\/2016\/01\/18\/habitantes-de-tamazula-huyen-de-sus-comunidades-por-miedo-a-operativos-de-la-marina\/","url_meta":{"origin":2117,"position":0},"title":"Habitantes de Tamazula huyen de sus comunidades por miedo a operativos de la Marina","author":"grieta","date":"18 enero, 2016","format":false,"excerpt":"18\/01\/16. As\u00ed, la caza de \u201cEl Chapo\u201d no suena tan heroica Sin Embargo 28\/10\/15. Mantienen apoyo a los desplazados El Siglo de Torre\u00f3n 24\/10\/15. Un menor, detenido por operativo en Tamazula El Siglo de Durango 22\/10\/15. S\u00ed hay quejas por violaci\u00f3n de derechos humanos en Tamazula: R\u00edos Estavillo L\u00ednea Directa\u2026","rel":"","context":"En &quot;Desaparecidos&quot;","block_context":{"text":"Desaparecidos","link":"http:\/\/www.grieta.org.mx\/index.php\/category\/temas-nacionales\/desaparecidos\/"},"img":{"alt_text":"","src":"https:\/\/i0.wp.com\/www.grieta.org.mx\/wp-content\/uploads\/2018\/03\/14524434_1106112876131411_958039263622046936_o.jpg?resize=350%2C200","width":350,"height":200,"srcset":"https:\/\/i0.wp.com\/www.grieta.org.mx\/wp-content\/uploads\/2018\/03\/14524434_1106112876131411_958039263622046936_o.jpg?resize=350%2C200 1x, https:\/\/i0.wp.com\/www.grieta.org.mx\/wp-content\/uploads\/2018\/03\/14524434_1106112876131411_958039263622046936_o.jpg?resize=525%2C300 1.5x, https:\/\/i0.wp.com\/www.grieta.org.mx\/wp-content\/uploads\/2018\/03\/14524434_1106112876131411_958039263622046936_o.jpg?resize=700%2C400 2x"},"classes":[]},{"id":2130,"url":"http:\/\/www.grieta.org.mx\/index.php\/2015\/10\/16\/siguen-en-cosala-los-desplazados-de-tamazula\/","url_meta":{"origin":2117,"position":1},"title":"Siguen en Cosal\u00e1 los desplazados de Tamazula","author":"grieta","date":"16 octubre, 2015","format":false,"excerpt":"Los desplazados de Tamazula, Durango, a Cosal\u00e1, Sinaloa, permanecen en este segundo municipio; van para cinco d\u00edas y nadie se ha regresado, se\u00f1ala Eduardo Mej\u00eda, secretario del Ayuntamiento del municipio duranguense. En la ciudad sinaloense est\u00e1n con familiares y en el albergue, alrededor de 180 duranguenses que abandonaron sus viviendas\u2026","rel":"","context":"En &quot;CINTILLO&quot;","block_context":{"text":"CINTILLO","link":"http:\/\/www.grieta.org.mx\/index.php\/category\/cintillo\/"},"img":{"alt_text":"","src":"https:\/\/i0.wp.com\/www.grieta.org.mx\/wp-content\/uploads\/2018\/03\/14524434_1106112876131411_958039263622046936_o.jpg?resize=350%2C200","width":350,"height":200,"srcset":"https:\/\/i0.wp.com\/www.grieta.org.mx\/wp-content\/uploads\/2018\/03\/14524434_1106112876131411_958039263622046936_o.jpg?resize=350%2C200 1x, https:\/\/i0.wp.com\/www.grieta.org.mx\/wp-content\/uploads\/2018\/03\/14524434_1106112876131411_958039263622046936_o.jpg?resize=525%2C300 1.5x, https:\/\/i0.wp.com\/www.grieta.org.mx\/wp-content\/uploads\/2018\/03\/14524434_1106112876131411_958039263622046936_o.jpg?resize=700%2C400 2x"},"classes":[]},{"id":2139,"url":"http:\/\/www.grieta.org.mx\/index.php\/2015\/10\/10\/se-reune-comision-de-defensa-de-derechos-humanos-de-sinaloa-con-habitantes-de-tamazula\/","url_meta":{"origin":2117,"position":2},"title":"Se re\u00fane Comisi\u00f3n de Defensa de Derechos Humanos de Sinaloa con habitantes de Tamazula","author":"grieta","date":"10 octubre, 2015","format":false,"excerpt":"MAZATL\u00c1N._ El presidente de la Comisi\u00f3n de la Defensa de los Derechos Humanos en Sinaloa, Leones Aguirre Meza y \u00d3scar Loza Ochoa, secretario del organismo, se reunieron esta ma\u00f1ana con habitantes de Tamazula en Cosal\u00e1, quienes acusan atropellos y violaciones a lo derechos humanos de parte de Infantes de Marina.\u2026","rel":"","context":"En &quot;CINTILLO&quot;","block_context":{"text":"CINTILLO","link":"http:\/\/www.grieta.org.mx\/index.php\/category\/cintillo\/"},"img":{"alt_text":"","src":"https:\/\/i0.wp.com\/www.grieta.org.mx\/wp-content\/uploads\/2018\/03\/14524434_1106112876131411_958039263622046936_o.jpg?resize=350%2C200","width":350,"height":200,"srcset":"https:\/\/i0.wp.com\/www.grieta.org.mx\/wp-content\/uploads\/2018\/03\/14524434_1106112876131411_958039263622046936_o.jpg?resize=350%2C200 1x, https:\/\/i0.wp.com\/www.grieta.org.mx\/wp-content\/uploads\/2018\/03\/14524434_1106112876131411_958039263622046936_o.jpg?resize=525%2C300 1.5x, https:\/\/i0.wp.com\/www.grieta.org.mx\/wp-content\/uploads\/2018\/03\/14524434_1106112876131411_958039263622046936_o.jpg?resize=700%2C400 2x"},"classes":[]},{"id":2137,"url":"http:\/\/www.grieta.org.mx\/index.php\/2015\/10\/13\/cosala-sinaloa-recibe-a-desplazados-de-tamazula-durango-alcalde\/","url_meta":{"origin":2117,"position":3},"title":"Cosal\u00e1, Sinaloa, recibe a desplazados de Tamazula, Durango: alcalde","author":"grieta","date":"13 octubre, 2015","format":false,"excerpt":"Funcionarios del municipio de Durango acudieron a Cosal\u00e1 para proporcionar v\u00edveres a sus desplazados, pero no informaron el motivo de la huida de las personas, mientras que la gente coment\u00f3 que no encontraban condiciones de seguridad en su municipio, por eso su llegada a Cosal\u00e1. Debido al desplazamiento de personas\u2026","rel":"","context":"En &quot;CINTILLO&quot;","block_context":{"text":"CINTILLO","link":"http:\/\/www.grieta.org.mx\/index.php\/category\/cintillo\/"},"img":{"alt_text":"","src":"https:\/\/i0.wp.com\/www.grieta.org.mx\/wp-content\/uploads\/2018\/03\/14524434_1106112876131411_958039263622046936_o.jpg?resize=350%2C200","width":350,"height":200,"srcset":"https:\/\/i0.wp.com\/www.grieta.org.mx\/wp-content\/uploads\/2018\/03\/14524434_1106112876131411_958039263622046936_o.jpg?resize=350%2C200 1x, https:\/\/i0.wp.com\/www.grieta.org.mx\/wp-content\/uploads\/2018\/03\/14524434_1106112876131411_958039263622046936_o.jpg?resize=525%2C300 1.5x, https:\/\/i0.wp.com\/www.grieta.org.mx\/wp-content\/uploads\/2018\/03\/14524434_1106112876131411_958039263622046936_o.jpg?resize=700%2C400 2x"},"classes":[]},{"id":2119,"url":"http:\/\/www.grieta.org.mx\/index.php\/2015\/10\/20\/en-el-triangulo-dorado-panico-y-saqueos\/","url_meta":{"origin":2117,"position":4},"title":"En el Tri\u00e1ngulo Dorado, p\u00e1nico y saqueos","author":"grieta","date":"20 octubre, 2015","format":false,"excerpt":"A principios de mes, la Secretar\u00eda de Marina despleg\u00f3 a sus tropas en la sierra de Tamazula para que peinaran la zona en busca de Joaqu\u00edn El Chapo Guzm\u00e1n, pero no pudieron localizarlo, seg\u00fan el semanario R\u00edodoce, que comparte su informaci\u00f3n con Proceso. Lo \u00fanico que causaron los marinos fue\u2026","rel":"","context":"En &quot;CINTILLO&quot;","block_context":{"text":"CINTILLO","link":"http:\/\/www.grieta.org.mx\/index.php\/category\/cintillo\/"},"img":{"alt_text":"","src":"https:\/\/i0.wp.com\/www.grieta.org.mx\/wp-content\/uploads\/2018\/03\/14524434_1106112876131411_958039263622046936_o.jpg?resize=350%2C200","width":350,"height":200,"srcset":"https:\/\/i0.wp.com\/www.grieta.org.mx\/wp-content\/uploads\/2018\/03\/14524434_1106112876131411_958039263622046936_o.jpg?resize=350%2C200 1x, https:\/\/i0.wp.com\/www.grieta.org.mx\/wp-content\/uploads\/2018\/03\/14524434_1106112876131411_958039263622046936_o.jpg?resize=525%2C300 1.5x, https:\/\/i0.wp.com\/www.grieta.org.mx\/wp-content\/uploads\/2018\/03\/14524434_1106112876131411_958039263622046936_o.jpg?resize=700%2C400 2x"},"classes":[]},{"id":2114,"url":"http:\/\/www.grieta.org.mx\/index.php\/2015\/10\/21\/desplazados-quieren-regresar-a-tamazula\/","url_meta":{"origin":2117,"position":5},"title":"Desplazados quieren regresar a Tamazula","author":"grieta","date":"21 octubre, 2015","format":false,"excerpt":"Los desplazados de Tamazula a Cosal\u00e1 por la intervenci\u00f3n de la Marina quieren regresarse a sus casas, pero no pueden porque los efectivos de la Secretar\u00eda de Marina sigue asentada en sus comunidades; en Cosal\u00e1 no tienen en d\u00f3nde trabajar por la falta de empleo. Eduardo Mej\u00eda, secretario del Ayuntamiento\u2026","rel":"","context":"En &quot;CINTILLO&quot;","block_context":{"text":"CINTILLO","link":"http:\/\/www.grieta.org.mx\/index.php\/category\/cintillo\/"},"img":{"alt_text":"","src":"https:\/\/i0.wp.com\/www.grieta.org.mx\/wp-content\/uploads\/2018\/03\/14524434_1106112876131411_958039263622046936_o.jpg?resize=350%2C200","width":350,"height":200,"srcset":"https:\/\/i0.wp.com\/www.grieta.org.mx\/wp-content\/uploads\/2018\/03\/14524434_1106112876131411_958039263622046936_o.jpg?resize=350%2C200 1x, https:\/\/i0.wp.com\/www.grieta.org.mx\/wp-content\/uploads\/2018\/03\/14524434_1106112876131411_958039263622046936_o.jpg?resize=525%2C300 1.5x, https:\/\/i0.wp.com\/www.grieta.org.mx\/wp-content\/uploads\/2018\/03\/14524434_1106112876131411_958039263622046936_o.jpg?resize=700%2C400 2x"},"classes":[]}],"_links":{"self":[{"href":"http:\/\/www.grieta.org.mx\/index.php\/wp-json\/wp\/v2\/posts\/2117","targetHints":{"allow":["GET"]}}],"collection":[{"href":"http:\/\/www.grieta.org.mx\/index.php\/wp-json\/wp\/v2\/posts"}],"about":[{"href":"http:\/\/www.grieta.org.mx\/index.php\/wp-json\/wp\/v2\/types\/post"}],"author":[{"embeddable":true,"href":"http:\/\/www.grieta.org.mx\/index.php\/wp-json\/wp\/v2\/users\/2"}],"replies":[{"embeddable":true,"href":"http:\/\/www.grieta.org.mx\/index.php\/wp-json\/wp\/v2\/comments?post=2117"}],"version-history":[{"count":1,"href":"http:\/\/www.grieta.org.mx\/index.php\/wp-json\/wp\/v2\/posts\/2117\/revisions"}],"predecessor-version":[{"id":2118,"href":"http:\/\/www.grieta.org.mx\/index.php\/wp-json\/wp\/v2\/posts\/2117\/revisions\/2118"}],"wp:featuredmedia":[{"embeddable":true,"href":"http:\/\/www.grieta.org.mx\/index.php\/wp-json\/wp\/v2\/media\/21928"}],"wp:attachment":[{"href":"http:\/\/www.grieta.org.mx\/index.php\/wp-json\/wp\/v2\/media?parent=2117"}],"wp:term":[{"taxonomy":"category","embeddable":true,"href":"http:\/\/www.grieta.org.mx\/index.php\/wp-json\/wp\/v2\/categories?post=2117"},{"taxonomy":"post_tag","embeddable":true,"href":"http:\/\/www.grieta.org.mx\/index.php\/wp-json\/wp\/v2\/tags?post=2117"}],"curies":[{"name":"wp","href":"https:\/\/api.w.org\/{rel}","templated":true}]}}