{"id":21160,"date":"2016-08-23T14:27:55","date_gmt":"2016-08-23T19:27:55","guid":{"rendered":"http:\/\/www.grieta.org.mx\/?p=21160"},"modified":"2016-09-07T14:41:51","modified_gmt":"2016-09-07T19:41:51","slug":"por-segunda-vez-se-manifiesta-familia-benton-en-el-congreso-de-bcs-por-supuesto-despojo","status":"publish","type":"post","link":"http:\/\/www.grieta.org.mx\/index.php\/2016\/08\/23\/por-segunda-vez-se-manifiesta-familia-benton-en-el-congreso-de-bcs-por-supuesto-despojo\/","title":{"rendered":"Por segunda vez, se manifiesta familia Benton en el Congreso de BCS por supuesto despojo"},"content":{"rendered":"<p><img loading=\"lazy\" decoding=\"async\" data-attachment-id=\"21161\" data-permalink=\"http:\/\/www.grieta.org.mx\/index.php\/2016\/08\/23\/por-segunda-vez-se-manifiesta-familia-benton-en-el-congreso-de-bcs-por-supuesto-despojo\/familia-benton-congreso-manifestacion-990x660\/\" data-orig-file=\"http:\/\/www.grieta.org.mx\/wp-content\/uploads\/2016\/09\/familia-benton-congreso-manifestacion-990x660.jpg\" data-orig-size=\"990,660\" data-comments-opened=\"0\" data-image-meta=\"{&quot;aperture&quot;:&quot;0&quot;,&quot;credit&quot;:&quot;&quot;,&quot;camera&quot;:&quot;&quot;,&quot;caption&quot;:&quot;&quot;,&quot;created_timestamp&quot;:&quot;0&quot;,&quot;copyright&quot;:&quot;&quot;,&quot;focal_length&quot;:&quot;0&quot;,&quot;iso&quot;:&quot;0&quot;,&quot;shutter_speed&quot;:&quot;0&quot;,&quot;title&quot;:&quot;&quot;,&quot;orientation&quot;:&quot;0&quot;}\" data-image-title=\"familia-benton-congreso-manifestacion-990&amp;#215;660\" data-image-description=\"\" data-image-caption=\"\" data-medium-file=\"http:\/\/www.grieta.org.mx\/wp-content\/uploads\/2016\/09\/familia-benton-congreso-manifestacion-990x660-300x200.jpg\" data-large-file=\"http:\/\/www.grieta.org.mx\/wp-content\/uploads\/2016\/09\/familia-benton-congreso-manifestacion-990x660.jpg\" src=\"http:\/\/www.grieta.org.mx\/wp-content\/uploads\/2016\/09\/familia-benton-congreso-manifestacion-990x660-300x200.jpg\" alt=\"familia-benton-congreso-manifestacion-990x660\" width=\"300\" height=\"200\" class=\"aligncenter size-medium wp-image-21161\" srcset=\"http:\/\/www.grieta.org.mx\/wp-content\/uploads\/2016\/09\/familia-benton-congreso-manifestacion-990x660-300x200.jpg 300w, http:\/\/www.grieta.org.mx\/wp-content\/uploads\/2016\/09\/familia-benton-congreso-manifestacion-990x660-768x512.jpg 768w, http:\/\/www.grieta.org.mx\/wp-content\/uploads\/2016\/09\/familia-benton-congreso-manifestacion-990x660.jpg 990w\" sizes=\"auto, (max-width: 300px) 100vw, 300px\" \/><br \/>\nPor segunda vez, m\u00e1s de 20 personas de la familia Benton se manifestaron en el Congreso del Estado, para exigir que no se les despoje del predio ubicado en la carretera a Pichilingue en La Paz, del cual se\u00f1alan que es de su propiedad y no de la inmobiliaria<\/p>\n<p>La Paz, Baja California Sur (BCS). Por segunda vez, m\u00e1s de 20 personas de la familia Benton se dieron cita y se manifestaron en el Congreso del Estado, para exigir que no se les despoje del predio ubicado en la carretera a Pichilingue en La Paz, del cual se\u00f1alan que es de su propiedad y no de la Inmobiliaria Tur\u00edstica Salvatierra.<\/p>\n<p>Mario Benton Fiol, integrante de la familia, expres\u00f3 que no se ha tenido avances en el tema, pues est\u00e1n solicitando tener acceso al expediente del caso, pero no se los quieren prestar, y ante esto, se han amparado ya 3 veces para revisarlo, aunque siguen neg\u00e1ndoselo, dijo.<\/p>\n<p>\u201cPues avances en s\u00ed no hemos tenido ninguno, estamos igual con el juicio agrario; lo que pasa es que el expediente no nos lo quieren prestar, ya metimos 3 amparos, a nombre de mi mam\u00e1, de mi hermano y m\u00edo, y nos salen que no est\u00e1, que lo tiene el Procurador, que est\u00e1 en revisi\u00f3n, que est\u00e1 extraviado, nos niegan el expediente, tenemos las solicitudes donde lo hemos estado promoviendo y nada m\u00e1s no, aqu\u00ed de lo que se trata es de qu\u00e9 pas\u00f3 con el expediente\u201d.<\/p>\n<p><img loading=\"lazy\" decoding=\"async\" data-attachment-id=\"21162\" data-permalink=\"http:\/\/www.grieta.org.mx\/index.php\/2016\/08\/23\/por-segunda-vez-se-manifiesta-familia-benton-en-el-congreso-de-bcs-por-supuesto-despojo\/familia-benton-congreso-manifestacion-12\/\" data-orig-file=\"http:\/\/www.grieta.org.mx\/wp-content\/uploads\/2016\/09\/familia-benton-congreso-manifestacion-12.jpg\" data-orig-size=\"1500,1000\" data-comments-opened=\"0\" data-image-meta=\"{&quot;aperture&quot;:&quot;6.3&quot;,&quot;credit&quot;:&quot;&quot;,&quot;camera&quot;:&quot;NIKON D3300&quot;,&quot;caption&quot;:&quot;&quot;,&quot;created_timestamp&quot;:&quot;1471952768&quot;,&quot;copyright&quot;:&quot;&quot;,&quot;focal_length&quot;:&quot;55&quot;,&quot;iso&quot;:&quot;400&quot;,&quot;shutter_speed&quot;:&quot;0.00625&quot;,&quot;title&quot;:&quot;&quot;,&quot;orientation&quot;:&quot;0&quot;}\" data-image-title=\"familia-benton-congreso-manifestacion-12\" data-image-description=\"\" data-image-caption=\"\" data-medium-file=\"http:\/\/www.grieta.org.mx\/wp-content\/uploads\/2016\/09\/familia-benton-congreso-manifestacion-12-300x200.jpg\" data-large-file=\"http:\/\/www.grieta.org.mx\/wp-content\/uploads\/2016\/09\/familia-benton-congreso-manifestacion-12-1024x683.jpg\" src=\"http:\/\/www.grieta.org.mx\/wp-content\/uploads\/2016\/09\/familia-benton-congreso-manifestacion-12-300x200.jpg\" alt=\"familia-benton-congreso-manifestacion-12\" width=\"300\" height=\"200\" class=\"aligncenter size-medium wp-image-21162\" srcset=\"http:\/\/www.grieta.org.mx\/wp-content\/uploads\/2016\/09\/familia-benton-congreso-manifestacion-12-300x200.jpg 300w, http:\/\/www.grieta.org.mx\/wp-content\/uploads\/2016\/09\/familia-benton-congreso-manifestacion-12-768x512.jpg 768w, http:\/\/www.grieta.org.mx\/wp-content\/uploads\/2016\/09\/familia-benton-congreso-manifestacion-12-1024x683.jpg 1024w, http:\/\/www.grieta.org.mx\/wp-content\/uploads\/2016\/09\/familia-benton-congreso-manifestacion-12.jpg 1500w\" sizes=\"auto, (max-width: 300px) 100vw, 300px\" \/><\/p>\n<p><img loading=\"lazy\" decoding=\"async\" data-attachment-id=\"21163\" data-permalink=\"http:\/\/www.grieta.org.mx\/index.php\/2016\/08\/23\/por-segunda-vez-se-manifiesta-familia-benton-en-el-congreso-de-bcs-por-supuesto-despojo\/familia-benton-congreso-manifestacion-8\/\" data-orig-file=\"http:\/\/www.grieta.org.mx\/wp-content\/uploads\/2016\/09\/familia-benton-congreso-manifestacion-8.jpg\" data-orig-size=\"1500,1000\" data-comments-opened=\"0\" data-image-meta=\"{&quot;aperture&quot;:&quot;5&quot;,&quot;credit&quot;:&quot;&quot;,&quot;camera&quot;:&quot;NIKON D3300&quot;,&quot;caption&quot;:&quot;&quot;,&quot;created_timestamp&quot;:&quot;1471951419&quot;,&quot;copyright&quot;:&quot;&quot;,&quot;focal_length&quot;:&quot;135&quot;,&quot;iso&quot;:&quot;800&quot;,&quot;shutter_speed&quot;:&quot;0.01&quot;,&quot;title&quot;:&quot;&quot;,&quot;orientation&quot;:&quot;0&quot;}\" data-image-title=\"familia-benton-congreso-manifestacion-8\" data-image-description=\"\" data-image-caption=\"\" data-medium-file=\"http:\/\/www.grieta.org.mx\/wp-content\/uploads\/2016\/09\/familia-benton-congreso-manifestacion-8-300x200.jpg\" data-large-file=\"http:\/\/www.grieta.org.mx\/wp-content\/uploads\/2016\/09\/familia-benton-congreso-manifestacion-8-1024x683.jpg\" src=\"http:\/\/www.grieta.org.mx\/wp-content\/uploads\/2016\/09\/familia-benton-congreso-manifestacion-8-300x200.jpg\" alt=\"familia-benton-congreso-manifestacion-8\" width=\"300\" height=\"200\" class=\"aligncenter size-medium wp-image-21163\" srcset=\"http:\/\/www.grieta.org.mx\/wp-content\/uploads\/2016\/09\/familia-benton-congreso-manifestacion-8-300x200.jpg 300w, http:\/\/www.grieta.org.mx\/wp-content\/uploads\/2016\/09\/familia-benton-congreso-manifestacion-8-768x512.jpg 768w, http:\/\/www.grieta.org.mx\/wp-content\/uploads\/2016\/09\/familia-benton-congreso-manifestacion-8-1024x683.jpg 1024w, http:\/\/www.grieta.org.mx\/wp-content\/uploads\/2016\/09\/familia-benton-congreso-manifestacion-8.jpg 1500w\" sizes=\"auto, (max-width: 300px) 100vw, 300px\" \/><\/p>\n<p>En los carteles que presentaron durante la sesi\u00f3n del Congreso de este martes, se pod\u00eda leer frases como \u201cProcurador, la justicia no se vende. S\u00ed a los derechos de la familia Benton\u201d, \u201cCon la ley torcida, desarrolladora y Gobierno despojan a familia Benton del rancho Esthela\u201d, \u201cSe\u00f1or Gobernador, sus funcionarios le mienten en el caso de la familia Benton\u201d, \u201cMienten el Secretario General de Gobierno en caso del rancho Esthela\u201d, \u201c\u00bfD\u00f3nde est\u00e1 el expediente LPZ\/589\/AMP-4\/2014?\u201d, \u201cErasmo Palem\u00f3n Alamilla, no tuerzas la ley, los sudcalifornianos no somos tontos\u201d, entre otros.<\/p>\n<p><img loading=\"lazy\" decoding=\"async\" data-attachment-id=\"21164\" data-permalink=\"http:\/\/www.grieta.org.mx\/index.php\/2016\/08\/23\/por-segunda-vez-se-manifiesta-familia-benton-en-el-congreso-de-bcs-por-supuesto-despojo\/familia-benton-congreso-manifestacion-10\/\" data-orig-file=\"http:\/\/www.grieta.org.mx\/wp-content\/uploads\/2016\/09\/familia-benton-congreso-manifestacion-10.jpg\" data-orig-size=\"1500,1000\" data-comments-opened=\"0\" data-image-meta=\"{&quot;aperture&quot;:&quot;4.8&quot;,&quot;credit&quot;:&quot;&quot;,&quot;camera&quot;:&quot;NIKON D3300&quot;,&quot;caption&quot;:&quot;&quot;,&quot;created_timestamp&quot;:&quot;1471951470&quot;,&quot;copyright&quot;:&quot;&quot;,&quot;focal_length&quot;:&quot;120&quot;,&quot;iso&quot;:&quot;1250&quot;,&quot;shutter_speed&quot;:&quot;0.016666666666667&quot;,&quot;title&quot;:&quot;&quot;,&quot;orientation&quot;:&quot;0&quot;}\" data-image-title=\"familia-benton-congreso-manifestacion-10\" data-image-description=\"\" data-image-caption=\"\" data-medium-file=\"http:\/\/www.grieta.org.mx\/wp-content\/uploads\/2016\/09\/familia-benton-congreso-manifestacion-10-300x200.jpg\" data-large-file=\"http:\/\/www.grieta.org.mx\/wp-content\/uploads\/2016\/09\/familia-benton-congreso-manifestacion-10-1024x683.jpg\" src=\"http:\/\/www.grieta.org.mx\/wp-content\/uploads\/2016\/09\/familia-benton-congreso-manifestacion-10-300x200.jpg\" alt=\"familia-benton-congreso-manifestacion-10\" width=\"300\" height=\"200\" class=\"aligncenter size-medium wp-image-21164\" srcset=\"http:\/\/www.grieta.org.mx\/wp-content\/uploads\/2016\/09\/familia-benton-congreso-manifestacion-10-300x200.jpg 300w, http:\/\/www.grieta.org.mx\/wp-content\/uploads\/2016\/09\/familia-benton-congreso-manifestacion-10-768x512.jpg 768w, http:\/\/www.grieta.org.mx\/wp-content\/uploads\/2016\/09\/familia-benton-congreso-manifestacion-10-1024x683.jpg 1024w, http:\/\/www.grieta.org.mx\/wp-content\/uploads\/2016\/09\/familia-benton-congreso-manifestacion-10.jpg 1500w\" sizes=\"auto, (max-width: 300px) 100vw, 300px\" \/><\/p>\n<p>Sobre las declaraciones que emiti\u00f3 el secretario general del Gobierno del Estado, \u00c1lvaro de la Pe\u00f1a Angulo, en donde dice que el caso ya est\u00e1 resuelto y que el terreno pertenece a la inmobiliaria, Benton Fiol asegur\u00f3 que \u00e9ste miente, pues no existe una sentencia de la Suprema Corte de Justicia de la Naci\u00f3n (SCJN) donde acredite a la empresa como due\u00f1a de la totalidad del predio, sino que fue s\u00f3lo de 2 hect\u00e1reas.<\/p>\n<p>\u201cClaro que miente, porque \u00e9l dice que el terreno nos lo ganaron con un juicio, que hay una sentencia de la Suprema Corte y no lo hay, hay una sentencia de la Suprema Corte, pero de las 2 hect\u00e1reas porque se meti\u00f3 un amparo y ese se neg\u00f3, pero no la totalidad del predio; entonces, ellos est\u00e1n tratando de enga\u00f1ar a la gente diciendo que con una sentencia se perdi\u00f3 todo y no es as\u00ed\u201d.<\/p>\n<p><img loading=\"lazy\" decoding=\"async\" data-attachment-id=\"21166\" data-permalink=\"http:\/\/www.grieta.org.mx\/index.php\/2016\/08\/23\/por-segunda-vez-se-manifiesta-familia-benton-en-el-congreso-de-bcs-por-supuesto-despojo\/familia-benton-congreso-manifestacion-10-2\/\" data-orig-file=\"http:\/\/www.grieta.org.mx\/wp-content\/uploads\/2016\/09\/familia-benton-congreso-manifestacion-10-1.jpg\" data-orig-size=\"1500,1000\" data-comments-opened=\"0\" data-image-meta=\"{&quot;aperture&quot;:&quot;4.8&quot;,&quot;credit&quot;:&quot;&quot;,&quot;camera&quot;:&quot;NIKON D3300&quot;,&quot;caption&quot;:&quot;&quot;,&quot;created_timestamp&quot;:&quot;1471951470&quot;,&quot;copyright&quot;:&quot;&quot;,&quot;focal_length&quot;:&quot;120&quot;,&quot;iso&quot;:&quot;1250&quot;,&quot;shutter_speed&quot;:&quot;0.016666666666667&quot;,&quot;title&quot;:&quot;&quot;,&quot;orientation&quot;:&quot;0&quot;}\" data-image-title=\"familia-benton-congreso-manifestacion-10\" data-image-description=\"\" data-image-caption=\"\" data-medium-file=\"http:\/\/www.grieta.org.mx\/wp-content\/uploads\/2016\/09\/familia-benton-congreso-manifestacion-10-1-300x200.jpg\" data-large-file=\"http:\/\/www.grieta.org.mx\/wp-content\/uploads\/2016\/09\/familia-benton-congreso-manifestacion-10-1-1024x683.jpg\" src=\"http:\/\/www.grieta.org.mx\/wp-content\/uploads\/2016\/09\/familia-benton-congreso-manifestacion-10-1-300x200.jpg\" alt=\"familia-benton-congreso-manifestacion-10\" width=\"300\" height=\"200\" class=\"aligncenter size-medium wp-image-21166\" srcset=\"http:\/\/www.grieta.org.mx\/wp-content\/uploads\/2016\/09\/familia-benton-congreso-manifestacion-10-1-300x200.jpg 300w, http:\/\/www.grieta.org.mx\/wp-content\/uploads\/2016\/09\/familia-benton-congreso-manifestacion-10-1-768x512.jpg 768w, http:\/\/www.grieta.org.mx\/wp-content\/uploads\/2016\/09\/familia-benton-congreso-manifestacion-10-1-1024x683.jpg 1024w, http:\/\/www.grieta.org.mx\/wp-content\/uploads\/2016\/09\/familia-benton-congreso-manifestacion-10-1.jpg 1500w\" sizes=\"auto, (max-width: 300px) 100vw, 300px\" \/><\/p>\n<p><img loading=\"lazy\" decoding=\"async\" data-attachment-id=\"21168\" data-permalink=\"http:\/\/www.grieta.org.mx\/index.php\/2016\/08\/23\/por-segunda-vez-se-manifiesta-familia-benton-en-el-congreso-de-bcs-por-supuesto-despojo\/familia-benton-congreso-manifestacion-7\/\" data-orig-file=\"http:\/\/www.grieta.org.mx\/wp-content\/uploads\/2016\/09\/familia-benton-congreso-manifestacion-7.jpg\" data-orig-size=\"1500,1000\" data-comments-opened=\"0\" data-image-meta=\"{&quot;aperture&quot;:&quot;5&quot;,&quot;credit&quot;:&quot;&quot;,&quot;camera&quot;:&quot;NIKON D3300&quot;,&quot;caption&quot;:&quot;&quot;,&quot;created_timestamp&quot;:&quot;1471951397&quot;,&quot;copyright&quot;:&quot;&quot;,&quot;focal_length&quot;:&quot;86&quot;,&quot;iso&quot;:&quot;800&quot;,&quot;shutter_speed&quot;:&quot;0.01&quot;,&quot;title&quot;:&quot;&quot;,&quot;orientation&quot;:&quot;0&quot;}\" data-image-title=\"familia-benton-congreso-manifestacion-7\" data-image-description=\"\" data-image-caption=\"\" data-medium-file=\"http:\/\/www.grieta.org.mx\/wp-content\/uploads\/2016\/09\/familia-benton-congreso-manifestacion-7-300x200.jpg\" data-large-file=\"http:\/\/www.grieta.org.mx\/wp-content\/uploads\/2016\/09\/familia-benton-congreso-manifestacion-7-1024x683.jpg\" src=\"http:\/\/www.grieta.org.mx\/wp-content\/uploads\/2016\/09\/familia-benton-congreso-manifestacion-7-300x200.jpg\" alt=\"familia-benton-congreso-manifestacion-7\" width=\"300\" height=\"200\" class=\"aligncenter size-medium wp-image-21168\" srcset=\"http:\/\/www.grieta.org.mx\/wp-content\/uploads\/2016\/09\/familia-benton-congreso-manifestacion-7-300x200.jpg 300w, http:\/\/www.grieta.org.mx\/wp-content\/uploads\/2016\/09\/familia-benton-congreso-manifestacion-7-768x512.jpg 768w, http:\/\/www.grieta.org.mx\/wp-content\/uploads\/2016\/09\/familia-benton-congreso-manifestacion-7-1024x683.jpg 1024w, http:\/\/www.grieta.org.mx\/wp-content\/uploads\/2016\/09\/familia-benton-congreso-manifestacion-7.jpg 1500w\" sizes=\"auto, (max-width: 300px) 100vw, 300px\" \/><\/p>\n<p>El manifestante se\u00f1al\u00f3 que, quiz\u00e1, ni siquiera el gobernador, Carlos Mendoza Davis, debe estar enterado de las acciones de sus funcionarios en el tema. \u201cNo tanto del Gobierno, sino de los funcionarios del Gobierno, ll\u00e1mese Secretario, Procurador, que son los que tienen metidas las manos, yo creo que ni el Gobernador sabe que est\u00e1n haciendo mal uso del cargo que les dio\u201d.<\/p>\n<p><img loading=\"lazy\" decoding=\"async\" data-attachment-id=\"21169\" data-permalink=\"http:\/\/www.grieta.org.mx\/index.php\/2016\/08\/23\/por-segunda-vez-se-manifiesta-familia-benton-en-el-congreso-de-bcs-por-supuesto-despojo\/familia-benton-congreso-manifestacion-5\/\" data-orig-file=\"http:\/\/www.grieta.org.mx\/wp-content\/uploads\/2016\/09\/familia-benton-congreso-manifestacion-5.jpg\" data-orig-size=\"1500,1000\" data-comments-opened=\"0\" data-image-meta=\"{&quot;aperture&quot;:&quot;4.5&quot;,&quot;credit&quot;:&quot;&quot;,&quot;camera&quot;:&quot;NIKON D3300&quot;,&quot;caption&quot;:&quot;&quot;,&quot;created_timestamp&quot;:&quot;1471951382&quot;,&quot;copyright&quot;:&quot;&quot;,&quot;focal_length&quot;:&quot;55&quot;,&quot;iso&quot;:&quot;800&quot;,&quot;shutter_speed&quot;:&quot;0.0125&quot;,&quot;title&quot;:&quot;&quot;,&quot;orientation&quot;:&quot;0&quot;}\" data-image-title=\"familia-benton-congreso-manifestacion-5\" data-image-description=\"\" data-image-caption=\"\" data-medium-file=\"http:\/\/www.grieta.org.mx\/wp-content\/uploads\/2016\/09\/familia-benton-congreso-manifestacion-5-300x200.jpg\" data-large-file=\"http:\/\/www.grieta.org.mx\/wp-content\/uploads\/2016\/09\/familia-benton-congreso-manifestacion-5-1024x683.jpg\" src=\"http:\/\/www.grieta.org.mx\/wp-content\/uploads\/2016\/09\/familia-benton-congreso-manifestacion-5-300x200.jpg\" alt=\"familia-benton-congreso-manifestacion-5\" width=\"300\" height=\"200\" class=\"aligncenter size-medium wp-image-21169\" srcset=\"http:\/\/www.grieta.org.mx\/wp-content\/uploads\/2016\/09\/familia-benton-congreso-manifestacion-5-300x200.jpg 300w, http:\/\/www.grieta.org.mx\/wp-content\/uploads\/2016\/09\/familia-benton-congreso-manifestacion-5-768x512.jpg 768w, http:\/\/www.grieta.org.mx\/wp-content\/uploads\/2016\/09\/familia-benton-congreso-manifestacion-5-1024x683.jpg 1024w, http:\/\/www.grieta.org.mx\/wp-content\/uploads\/2016\/09\/familia-benton-congreso-manifestacion-5.jpg 1500w\" sizes=\"auto, (max-width: 300px) 100vw, 300px\" \/><\/p>\n<p><img loading=\"lazy\" decoding=\"async\" data-attachment-id=\"21171\" data-permalink=\"http:\/\/www.grieta.org.mx\/index.php\/2016\/08\/23\/por-segunda-vez-se-manifiesta-familia-benton-en-el-congreso-de-bcs-por-supuesto-despojo\/familia-benton-congreso-manifestacion-4\/\" data-orig-file=\"http:\/\/www.grieta.org.mx\/wp-content\/uploads\/2016\/09\/familia-benton-congreso-manifestacion-4.jpg\" data-orig-size=\"1500,1000\" data-comments-opened=\"0\" data-image-meta=\"{&quot;aperture&quot;:&quot;5.3&quot;,&quot;credit&quot;:&quot;&quot;,&quot;camera&quot;:&quot;NIKON D3300&quot;,&quot;caption&quot;:&quot;&quot;,&quot;created_timestamp&quot;:&quot;1471951369&quot;,&quot;copyright&quot;:&quot;&quot;,&quot;focal_length&quot;:&quot;170&quot;,&quot;iso&quot;:&quot;800&quot;,&quot;shutter_speed&quot;:&quot;0.01&quot;,&quot;title&quot;:&quot;&quot;,&quot;orientation&quot;:&quot;0&quot;}\" data-image-title=\"familia-benton-congreso-manifestacion-4\" data-image-description=\"\" data-image-caption=\"\" data-medium-file=\"http:\/\/www.grieta.org.mx\/wp-content\/uploads\/2016\/09\/familia-benton-congreso-manifestacion-4-300x200.jpg\" data-large-file=\"http:\/\/www.grieta.org.mx\/wp-content\/uploads\/2016\/09\/familia-benton-congreso-manifestacion-4-1024x683.jpg\" src=\"http:\/\/www.grieta.org.mx\/wp-content\/uploads\/2016\/09\/familia-benton-congreso-manifestacion-4-300x200.jpg\" alt=\"familia-benton-congreso-manifestacion-4\" width=\"300\" height=\"200\" class=\"aligncenter size-medium wp-image-21171\" srcset=\"http:\/\/www.grieta.org.mx\/wp-content\/uploads\/2016\/09\/familia-benton-congreso-manifestacion-4-300x200.jpg 300w, http:\/\/www.grieta.org.mx\/wp-content\/uploads\/2016\/09\/familia-benton-congreso-manifestacion-4-768x512.jpg 768w, http:\/\/www.grieta.org.mx\/wp-content\/uploads\/2016\/09\/familia-benton-congreso-manifestacion-4-1024x683.jpg 1024w, http:\/\/www.grieta.org.mx\/wp-content\/uploads\/2016\/09\/familia-benton-congreso-manifestacion-4.jpg 1500w\" sizes=\"auto, (max-width: 300px) 100vw, 300px\" \/><\/p>\n<p>Finalmente, Benton Fiol coment\u00f3 que no s\u00f3lo es el predio lo que se est\u00e1 perdiendo, sino la tranquilidad, el trabajo, el ingreso familiar, en donde alrededor de 30 personas de la familia se ha visto afectada por la situaci\u00f3n.<\/p>\n<p>\u201cTodo, porque se pierde hasta la tranquilidad, trabajo, pierdes todo, desestabiliza a toda la familia; de familia, entre hijos y nietos, somos unos 30 m\u00e1s o menos [\u2026] S\u00ed hemos tenido p\u00e9rdidas econ\u00f3micas, mi hermano tiene un taller que arregla lanchas, pero est\u00e1 adentro y ya sus clientes se fueron, y eso deja de darle mantenimiento al rancho; y pues, los animales se est\u00e1n saliendo a la carretera porque ya no hay que darles de tragar\u201d.<\/p>\n<p>El pasado 14 de julio, tras un litigio de 10 a\u00f1os, en el que se agotaron las instancias desde la civil hasta la SCJN, se llev\u00f3 a cabo la restituci\u00f3n de derechos de la extensi\u00f3n de tierra en la zona de Pichilingue; la SCJN resolvi\u00f3 a favor, como \u00fanica propietaria del terreno, a la Inmobiliaria Tur\u00edstica Salvatierra.<\/p>\n<p>Despu\u00e9s de desahogar pruebas en las diferentes instancias de justicia \u201cy ante el desacato de la autoridad por parte de Carlos Benton Cota, quien se denominaba propietario de 202 hect\u00e1reas de dicho predio, la inmobiliaria solicit\u00f3 un recurso de restituci\u00f3n del predio a la Procuradur\u00eda General de Justicia de Estado\u201d.<\/p>\n<p>La inmobiliaria cerr\u00f3 el acceso a los familiares, quedando afuera hijos y otras personas; y dentro, otros 9 m\u00e1s, quienes, al no poder entrar ni salir, se est\u00e1n quedando sin alimento para ellos y para el ganado, adem\u00e1s de medicamentos que requieren.<\/p>\n<p><a href=\"http:\/\/www.bcsnoticias.mx\/por-segunda-vez-se-manifiesta-familia-benton-en-el-congreso-de-bcs-por-supuesto-despojo\/\" target=\"_blank\">http:\/\/www.bcsnoticias.mx\/por-segunda-vez-se-manifiesta-familia-benton-en-el-congreso-de-bcs-por-supuesto-despojo\/<\/a><\/p>\n","protected":false},"excerpt":{"rendered":"<p>Por segunda vez, m\u00e1s de 20 personas de la familia Benton se manifestaron en el Congreso del Estado, para exigir que no se les despoje del predio ubicado en la &hellip; <a href=\"http:\/\/www.grieta.org.mx\/index.php\/2016\/08\/23\/por-segunda-vez-se-manifiesta-familia-benton-en-el-congreso-de-bcs-por-supuesto-despojo\/\" class=\"more-link\">Leer m\u00e1s<\/a><\/p>\n","protected":false},"author":2,"featured_media":21928,"comment_status":"closed","ping_status":"closed","sticky":false,"template":"","format":"standard","meta":{"ngg_post_thumbnail":0,"_jetpack_newsletter_access":"","_jetpack_dont_email_post_to_subs":false,"_jetpack_newsletter_tier_id":0,"_jetpack_memberships_contains_paywalled_content":false,"_jetpack_memberships_contains_paid_content":false,"footnotes":""},"categories":[80],"tags":[184],"class_list":["post-21160","post","type-post","status-publish","format-standard","has-post-thumbnail","hentry","category-cintillo","tag-despojo","entry"],"jetpack_featured_media_url":"http:\/\/www.grieta.org.mx\/wp-content\/uploads\/2018\/03\/14524434_1106112876131411_958039263622046936_o.jpg","jetpack_sharing_enabled":true,"jetpack_shortlink":"https:\/\/wp.me\/p7ZJR4-5vi","jetpack_likes_enabled":false,"jetpack-related-posts":[{"id":19212,"url":"http:\/\/www.grieta.org.mx\/index.php\/2016\/08\/23\/inmobiliaria-turistica-despoja-rancho-a-familia-con-aval-de-suprema-corte-en-baja-california-sur\/","url_meta":{"origin":21160,"position":0},"title":"Inmobiliaria tur\u00edstica despoja rancho a familia con aval de Suprema Corte en Baja California Sur","author":"grieta","date":"23 agosto, 2016","format":false,"excerpt":"23\/08\/16. Por segunda vez, se manifiesta familia Benton en el Congreso de BCS por supuesto despojo BCS Noticias 11\/08\/16. Caso Benton en La Paz, ya est\u00e1 resuelto; terreno pertenece a inmobiliaria: Gobierno de BCS (VIDEO) BCS Noticias 04\/08\/16. \u00bfD\u00f3nde est\u00e1 la justicia? (VIDEO) Pen\u00ednsula Digital 03\/08\/16. Tras amenaza de despojo\u2026","rel":"","context":"En &quot;Baja California Sur&quot;","block_context":{"text":"Baja California Sur","link":"http:\/\/www.grieta.org.mx\/index.php\/category\/noticias-nacionales\/baja-california-sur\/"},"img":{"alt_text":"","src":"https:\/\/i0.wp.com\/www.grieta.org.mx\/wp-content\/uploads\/2018\/03\/14524434_1106112876131411_958039263622046936_o.jpg?resize=350%2C200","width":350,"height":200,"srcset":"https:\/\/i0.wp.com\/www.grieta.org.mx\/wp-content\/uploads\/2018\/03\/14524434_1106112876131411_958039263622046936_o.jpg?resize=350%2C200 1x, https:\/\/i0.wp.com\/www.grieta.org.mx\/wp-content\/uploads\/2018\/03\/14524434_1106112876131411_958039263622046936_o.jpg?resize=525%2C300 1.5x, https:\/\/i0.wp.com\/www.grieta.org.mx\/wp-content\/uploads\/2018\/03\/14524434_1106112876131411_958039263622046936_o.jpg?resize=700%2C400 2x"},"classes":[]},{"id":19197,"url":"http:\/\/www.grieta.org.mx\/index.php\/2016\/08\/03\/tras-amenaza-de-despojo-familia-esta-secuestrada-sin-comida-dentro-de-su-predio-en-la-paz\/","url_meta":{"origin":21160,"position":1},"title":"Tras amenaza de despojo familia est\u00e1 secuestrada, sin comida, dentro de su predio en La Paz","author":"grieta","date":"3 agosto, 2016","format":false,"excerpt":"La Paz, Baja California Sur (BCS). Tras el caso de la familia Benton, quien ten\u00eda un litigio contra Inmobiliaria Tur\u00edstica Salvatierra S.A. de C.V., por un predio de 202 hect\u00e1reas frente en la zona de Pichilingue en La Paz, y en el cual la Suprema Corte de Justicia de la\u2026","rel":"","context":"En &quot;CINTILLO&quot;","block_context":{"text":"CINTILLO","link":"http:\/\/www.grieta.org.mx\/index.php\/category\/cintillo\/"},"img":{"alt_text":"","src":"https:\/\/i0.wp.com\/www.grieta.org.mx\/wp-content\/uploads\/2018\/03\/14524434_1106112876131411_958039263622046936_o.jpg?resize=350%2C200","width":350,"height":200,"srcset":"https:\/\/i0.wp.com\/www.grieta.org.mx\/wp-content\/uploads\/2018\/03\/14524434_1106112876131411_958039263622046936_o.jpg?resize=350%2C200 1x, https:\/\/i0.wp.com\/www.grieta.org.mx\/wp-content\/uploads\/2018\/03\/14524434_1106112876131411_958039263622046936_o.jpg?resize=525%2C300 1.5x, https:\/\/i0.wp.com\/www.grieta.org.mx\/wp-content\/uploads\/2018\/03\/14524434_1106112876131411_958039263622046936_o.jpg?resize=700%2C400 2x"},"classes":[]},{"id":19638,"url":"http:\/\/www.grieta.org.mx\/index.php\/2016\/08\/11\/caso-benton-en-la-paz-ya-esta-resuelto-terreno-pertenece-a-inmobiliaria-gobierno-de-bcs\/","url_meta":{"origin":21160,"position":2},"title":"Caso Benton en La Paz, ya est\u00e1 resuelto; terreno pertenece a inmobiliaria: Gobierno de BCS","author":"grieta","date":"11 agosto, 2016","format":false,"excerpt":"a Paz, Baja California Sur (BCS). El Secretario General de Gobierno, \u00c1lvaro de la Pe\u00f1a Angulo coment\u00f3 que , fungiendo el Gobierno del Estado de Baja California Sur como garante de las leyes, el caso de la familia Benton contra la inmobiliaria Tur\u00edstica Salvatierra fue cerrado y resuelto desde el\u2026","rel":"","context":"En &quot;CINTILLO&quot;","block_context":{"text":"CINTILLO","link":"http:\/\/www.grieta.org.mx\/index.php\/category\/cintillo\/"},"img":{"alt_text":"","src":"https:\/\/i0.wp.com\/www.grieta.org.mx\/wp-content\/uploads\/2018\/03\/14524434_1106112876131411_958039263622046936_o.jpg?resize=350%2C200","width":350,"height":200,"srcset":"https:\/\/i0.wp.com\/www.grieta.org.mx\/wp-content\/uploads\/2018\/03\/14524434_1106112876131411_958039263622046936_o.jpg?resize=350%2C200 1x, https:\/\/i0.wp.com\/www.grieta.org.mx\/wp-content\/uploads\/2018\/03\/14524434_1106112876131411_958039263622046936_o.jpg?resize=525%2C300 1.5x, https:\/\/i0.wp.com\/www.grieta.org.mx\/wp-content\/uploads\/2018\/03\/14524434_1106112876131411_958039263622046936_o.jpg?resize=700%2C400 2x"},"classes":[]},{"id":19218,"url":"http:\/\/www.grieta.org.mx\/index.php\/2016\/07\/14\/familia-se-defiende-de-guardias-por-un-terreno-en-donde-vivio-mas-de-50-anos-video\/","url_meta":{"origin":21160,"position":3},"title":"Familia se defiende de guardias por un terreno en donde vivi\u00f3 m\u00e1s de 50 a\u00f1os (VIDEO)","author":"grieta","date":"14 julio, 2016","format":false,"excerpt":"Con picos y palas hicieron frente a los uniformados que trabajan para la empresa Fraccionaria Tur\u00edstica Salvatierra en La Paz, BCS; alegan despojo. La Paz, BCS. A pesar de que el proceso judicial para determinar qui\u00e9n es el due\u00f1o de un terreno, la empresa Fraccionaria Tur\u00edstica Salvatierra volvi\u00f3 a hostigar\u2026","rel":"","context":"En &quot;CINTILLO&quot;","block_context":{"text":"CINTILLO","link":"http:\/\/www.grieta.org.mx\/index.php\/category\/cintillo\/"},"img":{"alt_text":"","src":"https:\/\/i0.wp.com\/www.grieta.org.mx\/wp-content\/uploads\/2018\/03\/14524434_1106112876131411_958039263622046936_o.jpg?resize=350%2C200","width":350,"height":200,"srcset":"https:\/\/i0.wp.com\/www.grieta.org.mx\/wp-content\/uploads\/2018\/03\/14524434_1106112876131411_958039263622046936_o.jpg?resize=350%2C200 1x, https:\/\/i0.wp.com\/www.grieta.org.mx\/wp-content\/uploads\/2018\/03\/14524434_1106112876131411_958039263622046936_o.jpg?resize=525%2C300 1.5x, https:\/\/i0.wp.com\/www.grieta.org.mx\/wp-content\/uploads\/2018\/03\/14524434_1106112876131411_958039263622046936_o.jpg?resize=700%2C400 2x"},"classes":[]},{"id":19253,"url":"http:\/\/www.grieta.org.mx\/index.php\/2016\/08\/04\/donde-esta-la-justicia\/","url_meta":{"origin":21160,"position":4},"title":"\u00bfD\u00f3nde est\u00e1 la justicia?","author":"grieta","date":"4 agosto, 2016","format":false,"excerpt":"Hugo Daniel Alvarez 04\/08\/2016 La Paz, Baja California Sur. \u2013Entre l\u00e1grimas y visiblemente desesperada, la se\u00f1ora Irma Yolanda Benton Fiol, narra c\u00f3mo de un d\u00eda para otro su familia se vio despojada de su patrimonio, su integridad f\u00edsica amenazada y con su madre atrapada por la empresa \u201cInmobiliaria Tur\u00edstica Salvatierra\u2026","rel":"","context":"En &quot;CINTILLO&quot;","block_context":{"text":"CINTILLO","link":"http:\/\/www.grieta.org.mx\/index.php\/category\/cintillo\/"},"img":{"alt_text":"","src":"https:\/\/i0.wp.com\/www.grieta.org.mx\/wp-content\/uploads\/2018\/03\/14524434_1106112876131411_958039263622046936_o.jpg?resize=350%2C200","width":350,"height":200,"srcset":"https:\/\/i0.wp.com\/www.grieta.org.mx\/wp-content\/uploads\/2018\/03\/14524434_1106112876131411_958039263622046936_o.jpg?resize=350%2C200 1x, https:\/\/i0.wp.com\/www.grieta.org.mx\/wp-content\/uploads\/2018\/03\/14524434_1106112876131411_958039263622046936_o.jpg?resize=525%2C300 1.5x, https:\/\/i0.wp.com\/www.grieta.org.mx\/wp-content\/uploads\/2018\/03\/14524434_1106112876131411_958039263622046936_o.jpg?resize=700%2C400 2x"},"classes":[]},{"id":35770,"url":"http:\/\/www.grieta.org.mx\/index.php\/2019\/06\/29\/se-manifiestan-frente-al-congreso-del-estado-personas-en-riesgo-de-ser-despojadas-de-su-patrimonio-san-luis-potosi\/","url_meta":{"origin":21160,"position":5},"title":"Se manifiestan frente al Congreso del Estado personas en riesgo de ser despojadas de su patrimonio (San Luis Potos\u00ed)","author":"grieta","date":"29 junio, 2019","format":false,"excerpt":"Fotograf\u00eda: El Heraldo SLP El Heraldo SLP Se trata de un conflicto de tierras que involucra a 7 comunidades de Mexquitic, as\u00ed como a 10 colonias de la capital Este s\u00e1bado, integrantes de varios colectivos se manifestaron frente al Congreso del Estado de San Luis Potos\u00ed, en apoyo solidario a\u2026","rel":"","context":"En &quot;CINTILLO&quot;","block_context":{"text":"CINTILLO","link":"http:\/\/www.grieta.org.mx\/index.php\/category\/cintillo\/"},"img":{"alt_text":"","src":"https:\/\/i0.wp.com\/www.grieta.org.mx\/wp-content\/uploads\/2019\/07\/Se-manifiestan-frente-al-Congreso-del-Estado-personas-en-riesgo-de-ser-despojadas-de-su-patrimonio-slp-jul-268x300.jpg?resize=350%2C200","width":350,"height":200,"srcset":"https:\/\/i0.wp.com\/www.grieta.org.mx\/wp-content\/uploads\/2019\/07\/Se-manifiestan-frente-al-Congreso-del-Estado-personas-en-riesgo-de-ser-despojadas-de-su-patrimonio-slp-jul-268x300.jpg?resize=350%2C200 1x, https:\/\/i0.wp.com\/www.grieta.org.mx\/wp-content\/uploads\/2019\/07\/Se-manifiestan-frente-al-Congreso-del-Estado-personas-en-riesgo-de-ser-despojadas-de-su-patrimonio-slp-jul-268x300.jpg?resize=525%2C300 1.5x, https:\/\/i0.wp.com\/www.grieta.org.mx\/wp-content\/uploads\/2019\/07\/Se-manifiestan-frente-al-Congreso-del-Estado-personas-en-riesgo-de-ser-despojadas-de-su-patrimonio-slp-jul-268x300.jpg?resize=700%2C400 2x"},"classes":[]}],"_links":{"self":[{"href":"http:\/\/www.grieta.org.mx\/index.php\/wp-json\/wp\/v2\/posts\/21160","targetHints":{"allow":["GET"]}}],"collection":[{"href":"http:\/\/www.grieta.org.mx\/index.php\/wp-json\/wp\/v2\/posts"}],"about":[{"href":"http:\/\/www.grieta.org.mx\/index.php\/wp-json\/wp\/v2\/types\/post"}],"author":[{"embeddable":true,"href":"http:\/\/www.grieta.org.mx\/index.php\/wp-json\/wp\/v2\/users\/2"}],"replies":[{"embeddable":true,"href":"http:\/\/www.grieta.org.mx\/index.php\/wp-json\/wp\/v2\/comments?post=21160"}],"version-history":[{"count":1,"href":"http:\/\/www.grieta.org.mx\/index.php\/wp-json\/wp\/v2\/posts\/21160\/revisions"}],"predecessor-version":[{"id":21177,"href":"http:\/\/www.grieta.org.mx\/index.php\/wp-json\/wp\/v2\/posts\/21160\/revisions\/21177"}],"wp:featuredmedia":[{"embeddable":true,"href":"http:\/\/www.grieta.org.mx\/index.php\/wp-json\/wp\/v2\/media\/21928"}],"wp:attachment":[{"href":"http:\/\/www.grieta.org.mx\/index.php\/wp-json\/wp\/v2\/media?parent=21160"}],"wp:term":[{"taxonomy":"category","embeddable":true,"href":"http:\/\/www.grieta.org.mx\/index.php\/wp-json\/wp\/v2\/categories?post=21160"},{"taxonomy":"post_tag","embeddable":true,"href":"http:\/\/www.grieta.org.mx\/index.php\/wp-json\/wp\/v2\/tags?post=21160"}],"curies":[{"name":"wp","href":"https:\/\/api.w.org\/{rel}","templated":true}]}}