{"id":21144,"date":"2016-08-26T14:06:26","date_gmt":"2016-08-26T19:06:26","guid":{"rendered":"http:\/\/www.grieta.org.mx\/?p=21144"},"modified":"2016-09-07T14:19:43","modified_gmt":"2016-09-07T19:19:43","slug":"veda-en-golfo-de-ulloa-es-para-establecer-minera-submarina-don-diego-asegura-victor-castro","status":"publish","type":"post","link":"http:\/\/www.grieta.org.mx\/index.php\/2016\/08\/26\/veda-en-golfo-de-ulloa-es-para-establecer-minera-submarina-don-diego-asegura-victor-castro\/","title":{"rendered":"Veda en golfo de Ulloa es para establecer minera submarina Don Diego, asegura V\u00edctor Castro"},"content":{"rendered":"<p><img loading=\"lazy\" decoding=\"async\" data-attachment-id=\"21145\" data-permalink=\"http:\/\/www.grieta.org.mx\/index.php\/2016\/08\/26\/veda-en-golfo-de-ulloa-es-para-establecer-minera-submarina-don-diego-asegura-victor-castro\/victor-manueal-castro-cosio-morena-990x660\/\" data-orig-file=\"http:\/\/www.grieta.org.mx\/wp-content\/uploads\/2016\/09\/victor-manueal-castro-cosio-morena-990x660.jpg\" data-orig-size=\"990,660\" data-comments-opened=\"0\" data-image-meta=\"{&quot;aperture&quot;:&quot;0&quot;,&quot;credit&quot;:&quot;&quot;,&quot;camera&quot;:&quot;&quot;,&quot;caption&quot;:&quot;&quot;,&quot;created_timestamp&quot;:&quot;0&quot;,&quot;copyright&quot;:&quot;&quot;,&quot;focal_length&quot;:&quot;0&quot;,&quot;iso&quot;:&quot;0&quot;,&quot;shutter_speed&quot;:&quot;0&quot;,&quot;title&quot;:&quot;&quot;,&quot;orientation&quot;:&quot;0&quot;}\" data-image-title=\"victor-manueal-castro-cosio-morena-990&amp;#215;660\" data-image-description=\"\" data-image-caption=\"\" data-medium-file=\"http:\/\/www.grieta.org.mx\/wp-content\/uploads\/2016\/09\/victor-manueal-castro-cosio-morena-990x660-300x200.jpg\" data-large-file=\"http:\/\/www.grieta.org.mx\/wp-content\/uploads\/2016\/09\/victor-manueal-castro-cosio-morena-990x660.jpg\" src=\"http:\/\/www.grieta.org.mx\/wp-content\/uploads\/2016\/09\/victor-manueal-castro-cosio-morena-990x660.jpg\" alt=\"victor-manueal-castro-cosio-morena-990x660\" width=\"990\" height=\"660\" class=\"aligncenter size-full wp-image-21145\" srcset=\"http:\/\/www.grieta.org.mx\/wp-content\/uploads\/2016\/09\/victor-manueal-castro-cosio-morena-990x660.jpg 990w, http:\/\/www.grieta.org.mx\/wp-content\/uploads\/2016\/09\/victor-manueal-castro-cosio-morena-990x660-300x200.jpg 300w, http:\/\/www.grieta.org.mx\/wp-content\/uploads\/2016\/09\/victor-manueal-castro-cosio-morena-990x660-768x512.jpg 768w\" sizes=\"auto, (max-width: 990px) 100vw, 990px\" \/><\/p>\n<p>a Paz, Baja California Sur (BCS). El coordinador de Comit\u00e9s Municipales del Movimiento de Regeneraci\u00f3n Nacional (Morena) en Baja California Sur, V\u00edctor Castro Cos\u00edo, asever\u00f3 que el \u00fanico inter\u00e9s de imponer la veda a los pescadores del Golfo de Ulloa es el establecimiento de la minera submarina \u2018Don Diego\u2019.<\/p>\n<p>\u201cQuiero tocar un tema, de una zona afectada por una pol\u00edtica criminal del Gobierno de Pe\u00f1a Nieto, la zona del Pac\u00edfico Norte, que es L\u00f3pez Mateos, San Carlos, la parte de Cadej\u00e9, toda la parte del Golfo de Ulloa, han suspendido las pesquer\u00edas, \u00bfcu\u00e1l es el prop\u00f3sito?, est\u00e1 quedando m\u00e1s claro que el prop\u00f3sito de suspender las pesquer\u00edas ah\u00ed es el inter\u00e9s de compa\u00f1\u00edas extranjeras que pretenden establecer la minera submarina de Don Diego\u201d.<\/p>\n<p>En ese sentido, Castro Cos\u00edo expres\u00f3 su oposici\u00f3n a esta pol\u00edtica que \u2013 asegura \u2013 fue impuesta por el Gobierno Federal, encabezado por Enrique Pe\u00f1a Nieto. \u201cPor eso nos oponemos a esta pol\u00edtica del Gobierno Federal impuesta hace unos meses a esta regi\u00f3n del Pac\u00edfico Sudcaliforniano\u201d.<\/p>\n<p>Por otro lado, el excandidato a la gubernatura de Baja California Sur, manifest\u00f3 su apoyo a las diversas luchas sociales que se han levantado en la entidad, como lo es a los pescadores de Punta Lobos, a los trabajadores de la minera \u2018El Boleo\u2019, a la familia Benton y a la no miner\u00eda t\u00f3xica.<\/p>\n<p>\u201cQuiero ratificar el apoyo a los pescadores de Todos Santos, de manera decidida, a los mineros de Santa Rosal\u00eda, a la familia Benton, que pretende ser despojada de su terreno; y por supuesto, nos sumamos a lo que plante\u00f3 el presidente del partido, no a la miner\u00eda t\u00f3xica en Baja California Sur ni en el pa\u00eds\u201d.<\/p>\n<p><a href=\"http:\/\/www.bcsnoticias.mx\/veda-golfo-ulloa-establecer-minera-submarina-don-diego-asegura-victor-castro\/\" target=\"_blank\">http:\/\/www.bcsnoticias.mx\/veda-golfo-ulloa-establecer-minera-submarina-don-diego-asegura-victor-castro\/<\/a><\/p>\n","protected":false},"excerpt":{"rendered":"<p>a Paz, Baja California Sur (BCS). El coordinador de Comit\u00e9s Municipales del Movimiento de Regeneraci\u00f3n Nacional (Morena) en Baja California Sur, V\u00edctor Castro Cos\u00edo, asever\u00f3 que el \u00fanico inter\u00e9s de &hellip; <a href=\"http:\/\/www.grieta.org.mx\/index.php\/2016\/08\/26\/veda-en-golfo-de-ulloa-es-para-establecer-minera-submarina-don-diego-asegura-victor-castro\/\" class=\"more-link\">Leer m\u00e1s<\/a><\/p>\n","protected":false},"author":2,"featured_media":21928,"comment_status":"closed","ping_status":"closed","sticky":false,"template":"","format":"standard","meta":{"ngg_post_thumbnail":0,"_jetpack_newsletter_access":"","_jetpack_dont_email_post_to_subs":false,"_jetpack_newsletter_tier_id":0,"_jetpack_memberships_contains_paywalled_content":false,"_jetpack_memberships_contains_paid_content":false,"footnotes":""},"categories":[80],"tags":[109,896],"class_list":["post-21144","post","type-post","status-publish","format-standard","has-post-thumbnail","hentry","category-cintillo","tag-mineria","tag-pesca","entry"],"jetpack_featured_media_url":"http:\/\/www.grieta.org.mx\/wp-content\/uploads\/2018\/03\/14524434_1106112876131411_958039263622046936_o.jpg","jetpack_sharing_enabled":true,"jetpack_shortlink":"https:\/\/wp.me\/p7ZJR4-5v2","jetpack_likes_enabled":false,"jetpack-related-posts":[{"id":21151,"url":"http:\/\/www.grieta.org.mx\/index.php\/2016\/08\/26\/veda-a-pescadores-en-golfo-de-ulloa-relacionada-con-consecion-a-mineria-submarina\/","url_meta":{"origin":21144,"position":0},"title":"Veda a pescadores en Golfo de Ulloa relacionada con concesi\u00f3n a proyecto de miner\u00eda submarina Don Diego","author":"grieta","date":"26 agosto, 2016","format":false,"excerpt":"26\/08\/16. Veda en golfo de Ulloa es para establecer minera submarina Don Diego, asegura V\u00edctor Castro BCS Noticias 18\/08\/16. Pescadores del Golfo de Ulloa se amparan ante Sagarpa por veda de pesca en Comond\u00fa BCS Noticias Empresa minera (Minera Don Diego) busca extraer minerales del oc\u00e9ano 03\/06\/16. M\u00e9xico, el pa\u00eds\u2026","rel":"","context":"En &quot;Baja California Sur&quot;","block_context":{"text":"Baja California Sur","link":"http:\/\/www.grieta.org.mx\/index.php\/category\/noticias-nacionales\/baja-california-sur\/"},"img":{"alt_text":"","src":"https:\/\/i0.wp.com\/www.grieta.org.mx\/wp-content\/uploads\/2018\/03\/14524434_1106112876131411_958039263622046936_o.jpg?resize=350%2C200","width":350,"height":200,"srcset":"https:\/\/i0.wp.com\/www.grieta.org.mx\/wp-content\/uploads\/2018\/03\/14524434_1106112876131411_958039263622046936_o.jpg?resize=350%2C200 1x, https:\/\/i0.wp.com\/www.grieta.org.mx\/wp-content\/uploads\/2018\/03\/14524434_1106112876131411_958039263622046936_o.jpg?resize=525%2C300 1.5x, https:\/\/i0.wp.com\/www.grieta.org.mx\/wp-content\/uploads\/2018\/03\/14524434_1106112876131411_958039263622046936_o.jpg?resize=700%2C400 2x"},"classes":[]},{"id":21154,"url":"http:\/\/www.grieta.org.mx\/index.php\/2016\/05\/12\/minera-submarina-don-diego-insiste-en-dragar-el-fondo-marino-de-bcs\/","url_meta":{"origin":21144,"position":1},"title":"Minera submarina \u2018Don Diego\u2019 insiste en dragar el fondo marino de BCS","author":"grieta","date":"12 mayo, 2016","format":false,"excerpt":"La informaci\u00f3n apareci\u00f3 en Seekingalpha.com, portal especializado en temas de negocios e inversiones de todo tipo. La Paz, BCS. Exploraciones Oce\u00e1nicas (filial de Oddysser Marine Exploration) y Altos Hornos de M\u00e9xico anunciaron que volver\u00e1n elaborar, por tercera vez, una manifestaci\u00f3n de impacto ambiental para conseguir la autorizaci\u00f3n a su proyecto\u2026","rel":"","context":"En &quot;CINTILLO&quot;","block_context":{"text":"CINTILLO","link":"http:\/\/www.grieta.org.mx\/index.php\/category\/cintillo\/"},"img":{"alt_text":"","src":"https:\/\/i0.wp.com\/www.grieta.org.mx\/wp-content\/uploads\/2018\/03\/14524434_1106112876131411_958039263622046936_o.jpg?resize=350%2C200","width":350,"height":200,"srcset":"https:\/\/i0.wp.com\/www.grieta.org.mx\/wp-content\/uploads\/2018\/03\/14524434_1106112876131411_958039263622046936_o.jpg?resize=350%2C200 1x, https:\/\/i0.wp.com\/www.grieta.org.mx\/wp-content\/uploads\/2018\/03\/14524434_1106112876131411_958039263622046936_o.jpg?resize=525%2C300 1.5x, https:\/\/i0.wp.com\/www.grieta.org.mx\/wp-content\/uploads\/2018\/03\/14524434_1106112876131411_958039263622046936_o.jpg?resize=700%2C400 2x"},"classes":[]},{"id":21147,"url":"http:\/\/www.grieta.org.mx\/index.php\/2016\/05\/12\/minera-don-diego-intentara-por-tercera-vez-dragar-el-fosfato-del-mar-baja-california-sur-2\/","url_meta":{"origin":21144,"position":2},"title":"Minera Don Diego intentar\u00e1 por tercera vez dragar el fosfato del mar Baja California Sur","author":"grieta","date":"12 mayo, 2016","format":false,"excerpt":"La Paz, Baja California Sur (BCS). La empresa denominada Exploraciones Oce\u00e1nicas (filial de Oddysser Marine Exploration), en conjunto con Altos Hornos de M\u00e9xico anunciaron que, por tercera vez, elaborar\u00e1n una manifestaci\u00f3n de impacto ambiental para conseguir la autorizaci\u00f3n para dragar las aguas sudcalifornianas, a trav\u00e9s su proyecto de miner\u00eda submarina\u2026","rel":"","context":"En &quot;CINTILLO&quot;","block_context":{"text":"CINTILLO","link":"http:\/\/www.grieta.org.mx\/index.php\/category\/cintillo\/"},"img":{"alt_text":"","src":"https:\/\/i0.wp.com\/www.grieta.org.mx\/wp-content\/uploads\/2018\/03\/14524434_1106112876131411_958039263622046936_o.jpg?resize=350%2C200","width":350,"height":200,"srcset":"https:\/\/i0.wp.com\/www.grieta.org.mx\/wp-content\/uploads\/2018\/03\/14524434_1106112876131411_958039263622046936_o.jpg?resize=350%2C200 1x, https:\/\/i0.wp.com\/www.grieta.org.mx\/wp-content\/uploads\/2018\/03\/14524434_1106112876131411_958039263622046936_o.jpg?resize=525%2C300 1.5x, https:\/\/i0.wp.com\/www.grieta.org.mx\/wp-content\/uploads\/2018\/03\/14524434_1106112876131411_958039263622046936_o.jpg?resize=700%2C400 2x"},"classes":[]},{"id":12388,"url":"http:\/\/www.grieta.org.mx\/index.php\/2016\/05\/12\/minera-don-diego-intentara-por-tercera-vez-dragar-el-fosfato-del-mar-baja-california-sur\/","url_meta":{"origin":21144,"position":3},"title":"Minera Don Diego intentar\u00e1 por tercera vez dragar el fosfato del mar (Baja California Sur)","author":"grieta","date":"12 mayo, 2016","format":false,"excerpt":"Por Redacci\u00f3n, BCS NOticias La Paz, Baja California Sur (BCS). La empresa denominada Exploraciones Oce\u00e1nicas (filial de Oddysser Marine Exploration), en conjunto con Altos Hornos de M\u00e9xico anunciaron que, por tercera vez, elaborar\u00e1n una manifestaci\u00f3n de impacto ambiental para conseguir la autorizaci\u00f3n para dragar las aguas sudcalifornianas, a trav\u00e9s su\u2026","rel":"","context":"En &quot;CINTILLO&quot;","block_context":{"text":"CINTILLO","link":"http:\/\/www.grieta.org.mx\/index.php\/category\/cintillo\/"},"img":{"alt_text":"","src":"https:\/\/i0.wp.com\/www.grieta.org.mx\/wp-content\/uploads\/2018\/03\/14524434_1106112876131411_958039263622046936_o.jpg?resize=350%2C200","width":350,"height":200,"srcset":"https:\/\/i0.wp.com\/www.grieta.org.mx\/wp-content\/uploads\/2018\/03\/14524434_1106112876131411_958039263622046936_o.jpg?resize=350%2C200 1x, https:\/\/i0.wp.com\/www.grieta.org.mx\/wp-content\/uploads\/2018\/03\/14524434_1106112876131411_958039263622046936_o.jpg?resize=525%2C300 1.5x, https:\/\/i0.wp.com\/www.grieta.org.mx\/wp-content\/uploads\/2018\/03\/14524434_1106112876131411_958039263622046936_o.jpg?resize=700%2C400 2x"},"classes":[]},{"id":22831,"url":"http:\/\/www.grieta.org.mx\/index.php\/2018\/04\/30\/strike-3-al-proyecto-de-mineria-submarina-don-diego-bcs-un-triunfo-para-la-naturaleza\/","url_meta":{"origin":21144,"position":4},"title":"\u2018Strike\u2019 3 al proyecto de miner\u00eda submarina \u201cDon Diego\u201d (BCS): un triunfo para la naturaleza","author":"grieta","date":"30 abril, 2018","format":false,"excerpt":"Hace unos d\u00edas se dio a conocer la noticia de que despu\u00e9s de un fallo judicial, la Secretar\u00eda de Medio Ambiente y Recursos Naturales (Semarnat) volver\u00e1 a negar la Manifestaci\u00f3n de Impacto Ambiental (MIA) al proyecto Don Diego, el cual pretende extraer m\u00e1s de 300 millones de toneladas de fosforita\u2026","rel":"","context":"En &quot;Baja California Sur&quot;","block_context":{"text":"Baja California Sur","link":"http:\/\/www.grieta.org.mx\/index.php\/category\/noticias-nacionales\/baja-california-sur\/"},"img":{"alt_text":"","src":"https:\/\/i0.wp.com\/www.grieta.org.mx\/wp-content\/uploads\/2018\/05\/MINERIA-DRAGADO-AMSTERDAM-1.png?resize=350%2C200","width":350,"height":200,"srcset":"https:\/\/i0.wp.com\/www.grieta.org.mx\/wp-content\/uploads\/2018\/05\/MINERIA-DRAGADO-AMSTERDAM-1.png?resize=350%2C200 1x, https:\/\/i0.wp.com\/www.grieta.org.mx\/wp-content\/uploads\/2018\/05\/MINERIA-DRAGADO-AMSTERDAM-1.png?resize=525%2C300 1.5x, https:\/\/i0.wp.com\/www.grieta.org.mx\/wp-content\/uploads\/2018\/05\/MINERIA-DRAGADO-AMSTERDAM-1.png?resize=700%2C400 2x"},"classes":[]},{"id":9278,"url":"http:\/\/www.grieta.org.mx\/index.php\/2015\/09\/09\/la-mineria-marina-un-peligro-para-el-ambiente-en-baja-california-sur\/","url_meta":{"origin":21144,"position":5},"title":"La miner\u00eda marina, un peligro para el ambiente en Baja California Sur","author":"grieta","date":"9 septiembre, 2015","format":false,"excerpt":"M\u00f3nica Franco Ortiz, Bah\u00eda Magdalena Un grave peligro se cierne sobre bah\u00eda Magdalena y el golfo de Ulloa, dos \u00e1reas mundialmente conocidas localizadas en la costa del Pac\u00edfico de Baja California Sur. Bah\u00eda Magdalena es famosa por ser una de las tres \u00fanicas lagunas de reproducci\u00f3n de la ballena gris\u2026","rel":"","context":"En &quot;CINTILLO&quot;","block_context":{"text":"CINTILLO","link":"http:\/\/www.grieta.org.mx\/index.php\/category\/cintillo\/"},"img":{"alt_text":"","src":"https:\/\/i0.wp.com\/www.grieta.org.mx\/wp-content\/uploads\/2018\/03\/14524434_1106112876131411_958039263622046936_o.jpg?resize=350%2C200","width":350,"height":200,"srcset":"https:\/\/i0.wp.com\/www.grieta.org.mx\/wp-content\/uploads\/2018\/03\/14524434_1106112876131411_958039263622046936_o.jpg?resize=350%2C200 1x, https:\/\/i0.wp.com\/www.grieta.org.mx\/wp-content\/uploads\/2018\/03\/14524434_1106112876131411_958039263622046936_o.jpg?resize=525%2C300 1.5x, https:\/\/i0.wp.com\/www.grieta.org.mx\/wp-content\/uploads\/2018\/03\/14524434_1106112876131411_958039263622046936_o.jpg?resize=700%2C400 2x"},"classes":[]}],"_links":{"self":[{"href":"http:\/\/www.grieta.org.mx\/index.php\/wp-json\/wp\/v2\/posts\/21144","targetHints":{"allow":["GET"]}}],"collection":[{"href":"http:\/\/www.grieta.org.mx\/index.php\/wp-json\/wp\/v2\/posts"}],"about":[{"href":"http:\/\/www.grieta.org.mx\/index.php\/wp-json\/wp\/v2\/types\/post"}],"author":[{"embeddable":true,"href":"http:\/\/www.grieta.org.mx\/index.php\/wp-json\/wp\/v2\/users\/2"}],"replies":[{"embeddable":true,"href":"http:\/\/www.grieta.org.mx\/index.php\/wp-json\/wp\/v2\/comments?post=21144"}],"version-history":[{"count":1,"href":"http:\/\/www.grieta.org.mx\/index.php\/wp-json\/wp\/v2\/posts\/21144\/revisions"}],"predecessor-version":[{"id":21153,"href":"http:\/\/www.grieta.org.mx\/index.php\/wp-json\/wp\/v2\/posts\/21144\/revisions\/21153"}],"wp:featuredmedia":[{"embeddable":true,"href":"http:\/\/www.grieta.org.mx\/index.php\/wp-json\/wp\/v2\/media\/21928"}],"wp:attachment":[{"href":"http:\/\/www.grieta.org.mx\/index.php\/wp-json\/wp\/v2\/media?parent=21144"}],"wp:term":[{"taxonomy":"category","embeddable":true,"href":"http:\/\/www.grieta.org.mx\/index.php\/wp-json\/wp\/v2\/categories?post=21144"},{"taxonomy":"post_tag","embeddable":true,"href":"http:\/\/www.grieta.org.mx\/index.php\/wp-json\/wp\/v2\/tags?post=21144"}],"curies":[{"name":"wp","href":"https:\/\/api.w.org\/{rel}","templated":true}]}}