{"id":21043,"date":"2016-09-05T12:14:09","date_gmt":"2016-09-05T17:14:09","guid":{"rendered":"http:\/\/www.grieta.org.mx\/?p=21043"},"modified":"2016-09-06T12:51:29","modified_gmt":"2016-09-06T17:51:29","slug":"jubilados-exigen-sus-ahorros-a-afore-xxi-sinaloa","status":"publish","type":"post","link":"http:\/\/www.grieta.org.mx\/index.php\/2016\/09\/05\/jubilados-exigen-sus-ahorros-a-afore-xxi-sinaloa\/","title":{"rendered":"Jubilados exigen sus ahorros a Afore XXI (Sinaloa)"},"content":{"rendered":"<p><img loading=\"lazy\" decoding=\"async\" data-attachment-id=\"21045\" data-permalink=\"http:\/\/www.grieta.org.mx\/index.php\/2016\/09\/05\/jubilados-exigen-sus-ahorros-a-afore-xxi-sinaloa\/c7f9af5a-bc22-485d-8e21-b636e26806da-jpg_313482087\/\" data-orig-file=\"http:\/\/www.grieta.org.mx\/wp-content\/uploads\/2016\/09\/c7f9af5a-bc22-485d-8e21-b636e26806da.jpg_313482087.jpg\" data-orig-size=\"760,427\" data-comments-opened=\"0\" data-image-meta=\"{&quot;aperture&quot;:&quot;0&quot;,&quot;credit&quot;:&quot;&quot;,&quot;camera&quot;:&quot;&quot;,&quot;caption&quot;:&quot;&quot;,&quot;created_timestamp&quot;:&quot;0&quot;,&quot;copyright&quot;:&quot;&quot;,&quot;focal_length&quot;:&quot;0&quot;,&quot;iso&quot;:&quot;0&quot;,&quot;shutter_speed&quot;:&quot;0&quot;,&quot;title&quot;:&quot;&quot;,&quot;orientation&quot;:&quot;0&quot;}\" data-image-title=\"c7f9af5a-bc22-485d-8e21-b636e26806da.jpg_313482087\" data-image-description=\"\" data-image-caption=\"\" data-medium-file=\"http:\/\/www.grieta.org.mx\/wp-content\/uploads\/2016\/09\/c7f9af5a-bc22-485d-8e21-b636e26806da.jpg_313482087-300x169.jpg\" data-large-file=\"http:\/\/www.grieta.org.mx\/wp-content\/uploads\/2016\/09\/c7f9af5a-bc22-485d-8e21-b636e26806da.jpg_313482087.jpg\" src=\"http:\/\/www.grieta.org.mx\/wp-content\/uploads\/2016\/09\/c7f9af5a-bc22-485d-8e21-b636e26806da.jpg_313482087.jpg\" alt=\"c7f9af5a-bc22-485d-8e21-b636e26806da.jpg_313482087\" width=\"760\" height=\"427\" class=\"aligncenter size-full wp-image-21045\" srcset=\"http:\/\/www.grieta.org.mx\/wp-content\/uploads\/2016\/09\/c7f9af5a-bc22-485d-8e21-b636e26806da.jpg_313482087.jpg 760w, http:\/\/www.grieta.org.mx\/wp-content\/uploads\/2016\/09\/c7f9af5a-bc22-485d-8e21-b636e26806da.jpg_313482087-300x169.jpg 300w\" sizes=\"auto, (max-width: 760px) 100vw, 760px\" \/><\/p>\n<p>Los Mochis, Sinaloa.- Jubilados del IMSS toman de nueva cuenta las instalaciones de Afores XXI Banorte con la finalidad de exigir sus ahorros. <\/p>\n<p>En noviembre del 2015 y por seis meses mantuvieron tomadas las instalaciones en espera de un resultado favorable. La junta de conciliaci\u00f3n y arbitraje #35 les otorg\u00f3 un fallo a favor pero a partir de febrero Afore XXI se ampar\u00f3 y el conflicto se fue al colegiado de la ciudad de Mazatl\u00e1n.<\/p>\n<p>&#8220;A nosotros solamente se nos da que se aplique la jurisprudencia 185 2008 y con eso nos quitan violentando el dinero fruto de 25 o 28 a\u00f1os de trabajo&#8221; dijo Isaura Salas, vocera del movimiento.<\/p>\n<p>Protestantes exigen el pago en una sola emisi\u00f3n de sus ahorros, son 16 estados de la rep\u00fablica, quienes de manera sumultanea demuestran su descontento hac\u00eda una aplicaci\u00f3n inexacta a sus derechos.<\/p>\n<p>Son 685 trabajadores jubilados y pensionados en todo el estado los que buscan llegar a obtener alg\u00fan resultado por parte de la junta o de la dependencia bancaria.<\/p>\n<p><a href=\"http:\/\/www.debate.com.mx\/losmochis\/Jubilados-exigen-sus-ahorros-a-Afore-XXI-20160905-0051.html\" target=\"_blank\">http:\/\/www.debate.com.mx\/losmochis\/Jubilados-exigen-sus-ahorros-a-Afore-XXI-20160905-0051.html<\/a><\/p>\n","protected":false},"excerpt":{"rendered":"<p>Los Mochis, Sinaloa.- Jubilados del IMSS toman de nueva cuenta las instalaciones de Afores XXI Banorte con la finalidad de exigir sus ahorros. En noviembre del 2015 y por seis &hellip; <a href=\"http:\/\/www.grieta.org.mx\/index.php\/2016\/09\/05\/jubilados-exigen-sus-ahorros-a-afore-xxi-sinaloa\/\" class=\"more-link\">Leer m\u00e1s<\/a><\/p>\n","protected":false},"author":2,"featured_media":21928,"comment_status":"closed","ping_status":"closed","sticky":false,"template":"","format":"standard","meta":{"ngg_post_thumbnail":0,"_jetpack_newsletter_access":"","_jetpack_dont_email_post_to_subs":false,"_jetpack_newsletter_tier_id":0,"_jetpack_memberships_contains_paywalled_content":false,"_jetpack_memberships_contains_paid_content":false,"footnotes":""},"categories":[80],"tags":[892,310,203],"class_list":["post-21043","post","type-post","status-publish","format-standard","has-post-thumbnail","hentry","category-cintillo","tag-afores","tag-jubilados","tag-pensionados","entry"],"jetpack_featured_media_url":"http:\/\/www.grieta.org.mx\/wp-content\/uploads\/2018\/03\/14524434_1106112876131411_958039263622046936_o.jpg","jetpack_sharing_enabled":true,"jetpack_shortlink":"https:\/\/wp.me\/p7ZJR4-5tp","jetpack_likes_enabled":false,"jetpack-related-posts":[{"id":1045,"url":"http:\/\/www.grieta.org.mx\/index.php\/2015\/12\/08\/exigen-jubilados-del-imss-pago-de-sus-ahorros-a-afore-siglo-xxi\/","url_meta":{"origin":21043,"position":0},"title":"Exigen jubilados del IMSS pago de sus ahorros a Afore siglo XXI","author":"grieta","date":"8 diciembre, 2015","format":false,"excerpt":"Rogelio F\u00e9lix, Sinaloa Por tercera ocasi\u00f3n, jubilados y pensionados del Instituto Mexicano del Seguro Social se manifestaron en las oficinas de Afore Banorte Siglo XXI para exigir el pago de sus ahorros que les corresponden y que demandan desde hace varios a\u00f1os. Los inconformes pidieron la intervenci\u00f3n de su dirigente\u2026","rel":"","context":"En &quot;CINTILLO&quot;","block_context":{"text":"CINTILLO","link":"http:\/\/www.grieta.org.mx\/index.php\/category\/cintillo\/"},"img":{"alt_text":"","src":"https:\/\/i0.wp.com\/www.grieta.org.mx\/wp-content\/uploads\/2018\/03\/14524434_1106112876131411_958039263622046936_o.jpg?resize=350%2C200","width":350,"height":200,"srcset":"https:\/\/i0.wp.com\/www.grieta.org.mx\/wp-content\/uploads\/2018\/03\/14524434_1106112876131411_958039263622046936_o.jpg?resize=350%2C200 1x, https:\/\/i0.wp.com\/www.grieta.org.mx\/wp-content\/uploads\/2018\/03\/14524434_1106112876131411_958039263622046936_o.jpg?resize=525%2C300 1.5x, https:\/\/i0.wp.com\/www.grieta.org.mx\/wp-content\/uploads\/2018\/03\/14524434_1106112876131411_958039263622046936_o.jpg?resize=700%2C400 2x"},"classes":[]},{"id":65458,"url":"http:\/\/www.grieta.org.mx\/index.php\/2022\/10\/04\/exigen-jubilados-del-imss-que-gobierno-federal-les-regrese-ahorros-del-afore\/","url_meta":{"origin":21043,"position":1},"title":"Exigen jubilados del IMSS que Gobierno federal les regrese ahorros del Afore","author":"grieta","date":"4 octubre, 2022","format":false,"excerpt":"imagen: El Comentario Jubilados del\u00a0Instituto Mexicano del Seguro Social\u00a0(IMSS) se manifestaron en contra de la Afore Siglo XXI de Banorte, a quien acusan de no entregarles sus ahorros del rubro de \u201cCesant\u00eda y vejez\u201d, afectando a m\u00e1s de mil\u00a0trabajadores colimenses, aunque a nivel nacional ser\u00edan m\u00e1s de 90 mil. Los\u2026","rel":"","context":"En &quot;CINTILLO&quot;","block_context":{"text":"CINTILLO","link":"http:\/\/www.grieta.org.mx\/index.php\/category\/cintillo\/"},"img":{"alt_text":"","src":"https:\/\/i0.wp.com\/www.grieta.org.mx\/wp-content\/uploads\/2022\/10\/LOCAL-8-780x470-1.jpg?resize=350%2C200","width":350,"height":200,"srcset":"https:\/\/i0.wp.com\/www.grieta.org.mx\/wp-content\/uploads\/2022\/10\/LOCAL-8-780x470-1.jpg?resize=350%2C200 1x, https:\/\/i0.wp.com\/www.grieta.org.mx\/wp-content\/uploads\/2022\/10\/LOCAL-8-780x470-1.jpg?resize=525%2C300 1.5x, https:\/\/i0.wp.com\/www.grieta.org.mx\/wp-content\/uploads\/2022\/10\/LOCAL-8-780x470-1.jpg?resize=700%2C400 2x"},"classes":[]},{"id":1000,"url":"http:\/\/www.grieta.org.mx\/index.php\/2016\/09\/05\/conflictos-laborales-en-sinaloa\/","url_meta":{"origin":21043,"position":2},"title":"Conflictos laborales en Sinaloa","author":"grieta","date":"5 septiembre, 2016","format":false,"excerpt":"05\/09\/16. Jubilados exigen sus ahorros a Afore XXI (Sinaloa) El Debate 04\/09\/16. Maestros de la UPES paran labores (Sinaloa) El Debate 14\/08\/16. Sindicato de Jumapag espera resoluci\u00f3n a favor (Sinaloa) El Debate 10\/08\/16. Empleados sin salario, en Escuinapa. \u2018Cuando el hambre entra, s\u00ed da coraje\u2019 (Sinaloa) Noroeste 02\/06\/16. ASE auditar\u00e1\u2026","rel":"","context":"En &quot;NOTICIAS NACIONALES&quot;","block_context":{"text":"NOTICIAS NACIONALES","link":"http:\/\/www.grieta.org.mx\/index.php\/category\/noticias-nacionales\/"},"img":{"alt_text":"","src":"https:\/\/i0.wp.com\/www.grieta.org.mx\/wp-content\/uploads\/2018\/03\/14524434_1106112876131411_958039263622046936_o.jpg?resize=350%2C200","width":350,"height":200,"srcset":"https:\/\/i0.wp.com\/www.grieta.org.mx\/wp-content\/uploads\/2018\/03\/14524434_1106112876131411_958039263622046936_o.jpg?resize=350%2C200 1x, https:\/\/i0.wp.com\/www.grieta.org.mx\/wp-content\/uploads\/2018\/03\/14524434_1106112876131411_958039263622046936_o.jpg?resize=525%2C300 1.5x, https:\/\/i0.wp.com\/www.grieta.org.mx\/wp-content\/uploads\/2018\/03\/14524434_1106112876131411_958039263622046936_o.jpg?resize=700%2C400 2x"},"classes":[]},{"id":20896,"url":"http:\/\/www.grieta.org.mx\/index.php\/2016\/09\/05\/reclaman-falta-de-pago-de-fondos-de-retiro-yucatan\/","url_meta":{"origin":21043,"position":3},"title":"Reclaman falta de pago de fondos de retiro (Yucat\u00e1n)","author":"grieta","date":"5 septiembre, 2016","format":false,"excerpt":"(Jes\u00fas Mej\u00eda) M\u00e9rida, Yucat\u00e1n.- Un grupo de jubilados y pensionados reclam\u00f3 a la instituci\u00f3n bancaria Banorte de esta ciudad la falta de pago y\/o devoluci\u00f3n de los ahorros generados durante su vida laboral mediante el sistema de Afore (Administradora de Fondo para el Retiro). Unas 50 personas, la mayor\u00eda ex\u2026","rel":"","context":"En &quot;CINTILLO&quot;","block_context":{"text":"CINTILLO","link":"http:\/\/www.grieta.org.mx\/index.php\/category\/cintillo\/"},"img":{"alt_text":"","src":"https:\/\/i0.wp.com\/www.grieta.org.mx\/wp-content\/uploads\/2018\/03\/14524434_1106112876131411_958039263622046936_o.jpg?resize=350%2C200","width":350,"height":200,"srcset":"https:\/\/i0.wp.com\/www.grieta.org.mx\/wp-content\/uploads\/2018\/03\/14524434_1106112876131411_958039263622046936_o.jpg?resize=350%2C200 1x, https:\/\/i0.wp.com\/www.grieta.org.mx\/wp-content\/uploads\/2018\/03\/14524434_1106112876131411_958039263622046936_o.jpg?resize=525%2C300 1.5x, https:\/\/i0.wp.com\/www.grieta.org.mx\/wp-content\/uploads\/2018\/03\/14524434_1106112876131411_958039263622046936_o.jpg?resize=700%2C400 2x"},"classes":[]},{"id":59627,"url":"http:\/\/www.grieta.org.mx\/index.php\/2021\/05\/29\/jubilados-del-imss-exigen-pago-de-afore-nayarit\/","url_meta":{"origin":21043,"position":4},"title":"Jubilados del IMSS exigen pago de Afore (Nayarit)","author":"grieta","date":"29 mayo, 2021","format":false,"excerpt":"Foto: Realidades de Nayarit 80 mil trabajadores jubilados y pensionados del pa\u00eds que a\u00fan no\u00a0 pueden recuperar ese dinero Ver\u00f3nica Ram\u00edrez \/ Realidades de Nayarit Tepic, Nayarit.- S\u00e1bado 29 de mayo del 2021.- Trabajadores jubilados y pensionados del IMSS exigen al Gobierno Federal,\u00a0 les pague lo correspondiente al\u00a0 \u00a0Afore\u00a0 que\u2026","rel":"","context":"En &quot;CINTILLO&quot;","block_context":{"text":"CINTILLO","link":"http:\/\/www.grieta.org.mx\/index.php\/category\/cintillo\/"},"img":{"alt_text":"","src":"https:\/\/i0.wp.com\/www.grieta.org.mx\/wp-content\/uploads\/2021\/05\/jubilados-768x479-1.jpg?resize=350%2C200","width":350,"height":200,"srcset":"https:\/\/i0.wp.com\/www.grieta.org.mx\/wp-content\/uploads\/2021\/05\/jubilados-768x479-1.jpg?resize=350%2C200 1x, https:\/\/i0.wp.com\/www.grieta.org.mx\/wp-content\/uploads\/2021\/05\/jubilados-768x479-1.jpg?resize=525%2C300 1.5x, https:\/\/i0.wp.com\/www.grieta.org.mx\/wp-content\/uploads\/2021\/05\/jubilados-768x479-1.jpg?resize=700%2C400 2x"},"classes":[]},{"id":58835,"url":"http:\/\/www.grieta.org.mx\/index.php\/2021\/04\/13\/exigen-jubilados-y-trabajadores-en-activo-del-imss-que-se-les-regrese-el-ahorro-de-cesantia-y-vejez-jalisco\/","url_meta":{"origin":21043,"position":5},"title":"Exigen jubilados y trabajadores en activo del IMSS que se les regrese el ahorro de cesant\u00eda y vejez (Jalisco)","author":"grieta","date":"13 abril, 2021","format":false,"excerpt":"Foto: Aurelio Maga\u00f1a Rosario Bare\u00f1o \/ El Occidental Trabajadores en activo y jubilados del Instituto Mexicano del Seguro Social (IMSS) se manifestaron frente a Expo Guadalajara. En el lugar, se desarrolla la reuni\u00f3n del Consejo Nacional del Sindicato de Trabajadores del IMSS y l\u00edderes sindicales de seccionales, en la que\u2026","rel":"","context":"En &quot;CINTILLO&quot;","block_context":{"text":"CINTILLO","link":"http:\/\/www.grieta.org.mx\/index.php\/category\/cintillo\/"},"img":{"alt_text":"","src":"https:\/\/i0.wp.com\/www.grieta.org.mx\/wp-content\/uploads\/2021\/04\/Jubilados.jpeg?resize=350%2C200","width":350,"height":200,"srcset":"https:\/\/i0.wp.com\/www.grieta.org.mx\/wp-content\/uploads\/2021\/04\/Jubilados.jpeg?resize=350%2C200 1x, https:\/\/i0.wp.com\/www.grieta.org.mx\/wp-content\/uploads\/2021\/04\/Jubilados.jpeg?resize=525%2C300 1.5x, https:\/\/i0.wp.com\/www.grieta.org.mx\/wp-content\/uploads\/2021\/04\/Jubilados.jpeg?resize=700%2C400 2x"},"classes":[]}],"_links":{"self":[{"href":"http:\/\/www.grieta.org.mx\/index.php\/wp-json\/wp\/v2\/posts\/21043","targetHints":{"allow":["GET"]}}],"collection":[{"href":"http:\/\/www.grieta.org.mx\/index.php\/wp-json\/wp\/v2\/posts"}],"about":[{"href":"http:\/\/www.grieta.org.mx\/index.php\/wp-json\/wp\/v2\/types\/post"}],"author":[{"embeddable":true,"href":"http:\/\/www.grieta.org.mx\/index.php\/wp-json\/wp\/v2\/users\/2"}],"replies":[{"embeddable":true,"href":"http:\/\/www.grieta.org.mx\/index.php\/wp-json\/wp\/v2\/comments?post=21043"}],"version-history":[{"count":1,"href":"http:\/\/www.grieta.org.mx\/index.php\/wp-json\/wp\/v2\/posts\/21043\/revisions"}],"predecessor-version":[{"id":21046,"href":"http:\/\/www.grieta.org.mx\/index.php\/wp-json\/wp\/v2\/posts\/21043\/revisions\/21046"}],"wp:featuredmedia":[{"embeddable":true,"href":"http:\/\/www.grieta.org.mx\/index.php\/wp-json\/wp\/v2\/media\/21928"}],"wp:attachment":[{"href":"http:\/\/www.grieta.org.mx\/index.php\/wp-json\/wp\/v2\/media?parent=21043"}],"wp:term":[{"taxonomy":"category","embeddable":true,"href":"http:\/\/www.grieta.org.mx\/index.php\/wp-json\/wp\/v2\/categories?post=21043"},{"taxonomy":"post_tag","embeddable":true,"href":"http:\/\/www.grieta.org.mx\/index.php\/wp-json\/wp\/v2\/tags?post=21043"}],"curies":[{"name":"wp","href":"https:\/\/api.w.org\/{rel}","templated":true}]}}