{"id":21038,"date":"2016-09-06T12:11:11","date_gmt":"2016-09-06T17:11:11","guid":{"rendered":"http:\/\/www.grieta.org.mx\/?p=21038"},"modified":"2018-04-11T12:20:53","modified_gmt":"2018-04-11T17:20:53","slug":"paran-otra-vez-los-policias-sin-bono-campeche","status":"publish","type":"post","link":"http:\/\/www.grieta.org.mx\/index.php\/2016\/09\/06\/paran-otra-vez-los-policias-sin-bono-campeche\/","title":{"rendered":"Paran otra vez los polic\u00edas; sin bono  (Campeche)"},"content":{"rendered":"<p>Por falta de pago del bono escolar anual, los 90 polic\u00edas municipales que iniciaban guardia \u2014secundados por los otros 90 que terminaban turno\u2014, pararon labores a las 8 de la ma\u00f1ana, pero una hora despu\u00e9s se vieron obligados a trabajar ante la amenaza de castigo. Hoy les aclarar\u00edan dudas.<\/p>\n<p>Exigieron que el subdirector operativo Jonny Alberto Morales Le\u00f3n y la subdirectora administrativa Ada Patricia Duque Far\u00edas, les explicaran por qu\u00e9 a\u00fan no reciben el apoyo.<\/p>\n<p>Tambi\u00e9n, saber por qu\u00e9 el tesorero Carlos Flores Ol\u00e1n no se present\u00f3 para explicarles sobre el recurso que necesitan para el regreso a clases de hijos y nietos.<\/p>\n<p>Cabe se\u00f1alar que es el segundo paro de labores por el mismo motivo, pues el 31 de agosto pasado los gendarmes protestaron y les prometieron que el 2 de este mes les explicar\u00edan el motivo. Hasta ayer no les cumpl\u00edan.<\/p>\n<p>LA NUEVA PROTESTA<\/p>\n<p>Los uniformados que iniciar\u00edan guardia a las 8 de la ma\u00f1ana se negaron a salir de las instalaciones de la corporaci\u00f3n, ubicadas en la esquina de las calles 19 y 42-D, en la colonia Tacubaya.<\/p>\n<p>Se les unieron los compa\u00f1eros que terminaban jornada laboral, sin embargo, una hora despu\u00e9s, bajo amenazas de sanci\u00f3n, iniciaron labores.<\/p>\n<p>Los elementos que iban de salida esperaban que les informaran cu\u00e1ndo les entregar\u00e1n el bono. Nadie les indic\u00f3. Duque Far\u00edas solo defini\u00f3 qui\u00e9nes asistir\u00edan a los ex\u00e1menes antidoping y a otros tr\u00e1mites. Tampoco dio la cara.<\/p>\n<p>Molestos, los 180 gen\u00edzaros decidieron permanecer en el estacionamiento de la corporaci\u00f3n, en espera de respuesta a su reclamo. Los que iniciaban guardia no sacaron patrullas, ni motos.<\/p>\n<p>Ni Duque Far\u00edas, ni Morales Le\u00f3n, les dieron la cara, pero un subordinado les comunic\u00f3 que el tesorero Flores Ol\u00e1n aclarar\u00eda hoy lo del bono.<\/p>\n<p>Surgieron gritos de inconformidad, y en respuesta recibieron la amenaza de sanci\u00f3n si no laboraban. A las 9 acordaron cumplir sus labores, y advirtieron de medidas de presi\u00f3n m\u00e1s severas si hoy no recib\u00edan respuesta.<\/p>\n<p>El Ayuntamiento \u2014recalcaron\u2014 no puede argumentar falta de dinero para no pagarles el bono, ya que la corporaci\u00f3n registra ingresos mensuales superiores a los seis millones de pesos, por multas, infracciones, licencias y otros servicios.<\/p>\n<p>Dinero hay, por eso es injusto que no quieran pagarnos lo que por derecho nos corresponde, recalcaron.<\/p>\n<p><a href=\"http:\/\/tribunacampeche.com\/carmen\/2016\/09\/06\/paran-otra-vez-los-policias-sin-bono\/\" target=\"_blank\">http:\/\/tribunacampeche.com\/carmen\/2016\/09\/06\/paran-otra-vez-los-policias-sin-bono\/<\/a><\/p>\n","protected":false},"excerpt":{"rendered":"<p>Por falta de pago del bono escolar anual, los 90 polic\u00edas municipales que iniciaban guardia \u2014secundados por los otros 90 que terminaban turno\u2014, pararon labores a las 8 de la &hellip; <a href=\"http:\/\/www.grieta.org.mx\/index.php\/2016\/09\/06\/paran-otra-vez-los-policias-sin-bono-campeche\/\" class=\"more-link\">Leer m\u00e1s<\/a><\/p>\n","protected":false},"author":2,"featured_media":21928,"comment_status":"closed","ping_status":"closed","sticky":false,"template":"","format":"standard","meta":{"ngg_post_thumbnail":0,"_jetpack_newsletter_access":"","_jetpack_dont_email_post_to_subs":false,"_jetpack_newsletter_tier_id":0,"_jetpack_memberships_contains_paywalled_content":false,"_jetpack_memberships_contains_paid_content":false,"footnotes":""},"categories":[11,80,1040],"tags":[113,241,246],"class_list":["post-21038","post","type-post","status-publish","format-standard","has-post-thumbnail","hentry","category-campeche","category-cintillo","category-conflictos-laborales-en-campeche","tag-conflictos-laborales","tag-paro","tag-policia","entry"],"jetpack_featured_media_url":"http:\/\/www.grieta.org.mx\/wp-content\/uploads\/2018\/03\/14524434_1106112876131411_958039263622046936_o.jpg","jetpack_sharing_enabled":true,"jetpack_shortlink":"https:\/\/wp.me\/p7ZJR4-5tk","jetpack_likes_enabled":false,"jetpack-related-posts":[{"id":9598,"url":"http:\/\/www.grieta.org.mx\/index.php\/2016\/09\/10\/conflictos-laborales-en-campeche\/","url_meta":{"origin":21038,"position":0},"title":"Conflictos laborales en Campeche","author":"grieta","date":"10 septiembre, 2016","format":false,"excerpt":"10\/09\/16. Despiden a obreros de PASA por protestar (Campeche) Tribuna 09\/09\/16. Jubilados exigen pago de bonos (Campeche) Tribuna 06\/09\/16. Paran otra vez los polic\u00edas; sin bono (Campeche) Tribuna 30\/08\/16. Bloquean Planta de Nitr\u00f3geno Cantarell (Campeche) Tribuna 20\/08\/16. Paralizan labores en Cobacam (Campeche) Tribuna 12\/08\/16. Plantean demandas empleados del INAH (Campeche)\u2026","rel":"","context":"En &quot;Campeche&quot;","block_context":{"text":"Campeche","link":"http:\/\/www.grieta.org.mx\/index.php\/category\/noticias-nacionales\/campeche\/"},"img":{"alt_text":"","src":"https:\/\/i0.wp.com\/www.grieta.org.mx\/wp-content\/uploads\/2018\/03\/14524434_1106112876131411_958039263622046936_o.jpg?resize=350%2C200","width":350,"height":200,"srcset":"https:\/\/i0.wp.com\/www.grieta.org.mx\/wp-content\/uploads\/2018\/03\/14524434_1106112876131411_958039263622046936_o.jpg?resize=350%2C200 1x, https:\/\/i0.wp.com\/www.grieta.org.mx\/wp-content\/uploads\/2018\/03\/14524434_1106112876131411_958039263622046936_o.jpg?resize=525%2C300 1.5x, https:\/\/i0.wp.com\/www.grieta.org.mx\/wp-content\/uploads\/2018\/03\/14524434_1106112876131411_958039263622046936_o.jpg?resize=700%2C400 2x"},"classes":[]},{"id":65931,"url":"http:\/\/www.grieta.org.mx\/index.php\/2022\/12\/14\/sindicalizados-de-semarnat-realizan-paro-de-labores-por-retraso-de-pagos-en-campeche\/","url_meta":{"origin":21038,"position":1},"title":"Sindicalizados de Semarnat realizan paro de labores por retraso de pagos en Campeche","author":"grieta","date":"14 diciembre, 2022","format":false,"excerpt":"Wilbert Casanova \/ Foto: Lucio Blanco \/ Por Esto! Ante el retraso en el pago de prestaciones por 2 millones 500 mil 672 pesos, los empleados de cinco dependencias federales suspendieron labores este d\u00eda en demanda de que les cubran este monto, exigi\u00f3 la secretaria general del Sindicato de Trabajadores\u2026","rel":"","context":"En &quot;Campeche&quot;","block_context":{"text":"Campeche","link":"http:\/\/www.grieta.org.mx\/index.php\/category\/noticias-nacionales\/campeche\/"},"img":{"alt_text":"","src":"https:\/\/i0.wp.com\/www.grieta.org.mx\/wp-content\/uploads\/2022\/12\/ParoSemarnat-e1671122428106.jpg?resize=350%2C200","width":350,"height":200,"srcset":"https:\/\/i0.wp.com\/www.grieta.org.mx\/wp-content\/uploads\/2022\/12\/ParoSemarnat-e1671122428106.jpg?resize=350%2C200 1x, https:\/\/i0.wp.com\/www.grieta.org.mx\/wp-content\/uploads\/2022\/12\/ParoSemarnat-e1671122428106.jpg?resize=525%2C300 1.5x, https:\/\/i0.wp.com\/www.grieta.org.mx\/wp-content\/uploads\/2022\/12\/ParoSemarnat-e1671122428106.jpg?resize=700%2C400 2x"},"classes":[]},{"id":23903,"url":"http:\/\/www.grieta.org.mx\/index.php\/2018\/06\/20\/personal-subrogado-organiza-planton-en-hospital-de-xpujil\/","url_meta":{"origin":21038,"position":2},"title":"Personal subrogado organiza plant\u00f3n en Hospital de Xpujil","author":"grieta","date":"20 junio, 2018","format":false,"excerpt":"CALAKMUL.\u2014 Nueve trabajadores de seguridad privada y limpieza de la empresa Limpro, que prestan servicios en el Hospital de Xpujil, siguen sin recibir sus sueldos, por lo que ayer desde las 8:00 horas suspendieron labores para plantarse frente al hospital. Los quejosos manifestaron que son casi dos quincenas que les\u2026","rel":"","context":"En &quot;Campeche&quot;","block_context":{"text":"Campeche","link":"http:\/\/www.grieta.org.mx\/index.php\/category\/noticias-nacionales\/campeche\/"},"img":{"alt_text":"","src":"https:\/\/i0.wp.com\/www.grieta.org.mx\/wp-content\/uploads\/2018\/06\/XpujilJunio.png?resize=350%2C200","width":350,"height":200,"srcset":"https:\/\/i0.wp.com\/www.grieta.org.mx\/wp-content\/uploads\/2018\/06\/XpujilJunio.png?resize=350%2C200 1x, https:\/\/i0.wp.com\/www.grieta.org.mx\/wp-content\/uploads\/2018\/06\/XpujilJunio.png?resize=525%2C300 1.5x"},"classes":[]},{"id":65696,"url":"http:\/\/www.grieta.org.mx\/index.php\/2022\/11\/07\/sindicalizados-de-la-universidad-autonoma-del-carmen-se-van-a-paro-indefinido-campeche\/","url_meta":{"origin":21038,"position":3},"title":"Sindicalizados de la Universidad Aut\u00f3noma del Carmen se van a paro indefinido (Campeche)","author":"grieta","date":"7 noviembre, 2022","format":false,"excerpt":"Gerardo Can \/ Por Esto! Por falta de pago de sueldos de un mes, los jubilados y pensionados sindicalizados de la Universidad Aut\u00f3noma del Carmen (Unacar), se manifestaron sobre la calle 31 y 22, adem\u00e1s de irse al paro indefinido de actividades en la m\u00e1xima casa de estudios carmelita o\u2026","rel":"","context":"En &quot;Campeche&quot;","block_context":{"text":"Campeche","link":"http:\/\/www.grieta.org.mx\/index.php\/category\/noticias-nacionales\/campeche\/"},"img":{"alt_text":"","src":"https:\/\/i0.wp.com\/www.grieta.org.mx\/wp-content\/uploads\/2022\/11\/Unacar-e1668709961820.jpg?resize=350%2C200","width":350,"height":200,"srcset":"https:\/\/i0.wp.com\/www.grieta.org.mx\/wp-content\/uploads\/2022\/11\/Unacar-e1668709961820.jpg?resize=350%2C200 1x, https:\/\/i0.wp.com\/www.grieta.org.mx\/wp-content\/uploads\/2022\/11\/Unacar-e1668709961820.jpg?resize=525%2C300 1.5x, https:\/\/i0.wp.com\/www.grieta.org.mx\/wp-content\/uploads\/2022\/11\/Unacar-e1668709961820.jpg?resize=700%2C400 2x"},"classes":[]},{"id":29902,"url":"http:\/\/www.grieta.org.mx\/index.php\/2019\/03\/02\/planteles-del-cobacam-del-camino-real-se-unen-al-paro-nacional-campeche\/","url_meta":{"origin":21038,"position":4},"title":"Planteles del Cobacam del Camino Real se unen al paro nacional (Campeche)","author":"grieta","date":"2 marzo, 2019","format":false,"excerpt":"Redacci\u00f3n \/ El Sur de Campeche CAMINO REAL.- Trabajadores y profesores de los diferentes planteles del Colegio de Bachilleres en el estado de Campeche (Cobacam) que se encuentran en el Camino Real se sumaron al paro nacional de labores este jueves y viernes como manera de protesta ante el recorte\u2026","rel":"","context":"En &quot;Campeche&quot;","block_context":{"text":"Campeche","link":"http:\/\/www.grieta.org.mx\/index.php\/category\/noticias-nacionales\/campeche\/"},"img":{"alt_text":"","src":"https:\/\/i0.wp.com\/www.grieta.org.mx\/wp-content\/uploads\/2018\/03\/14524434_1106112876131411_958039263622046936_o.jpg?resize=350%2C200","width":350,"height":200,"srcset":"https:\/\/i0.wp.com\/www.grieta.org.mx\/wp-content\/uploads\/2018\/03\/14524434_1106112876131411_958039263622046936_o.jpg?resize=350%2C200 1x, https:\/\/i0.wp.com\/www.grieta.org.mx\/wp-content\/uploads\/2018\/03\/14524434_1106112876131411_958039263622046936_o.jpg?resize=525%2C300 1.5x, https:\/\/i0.wp.com\/www.grieta.org.mx\/wp-content\/uploads\/2018\/03\/14524434_1106112876131411_958039263622046936_o.jpg?resize=700%2C400 2x"},"classes":[]},{"id":20314,"url":"http:\/\/www.grieta.org.mx\/index.php\/2016\/08\/20\/paralizan-labores-en-cobacam-campeche\/","url_meta":{"origin":21038,"position":5},"title":"Paralizan labores en Cobacam  (Campeche)","author":"grieta","date":"20 agosto, 2016","format":false,"excerpt":"CALKIN\u00cd.- Docentes del Colegio de Bachilleres del Estado de Campeche (Cobacam) plantel 13, se declararon en paro de labores de 07:00 a 20:00 horas de ayer como medida de presi\u00f3n contra la Direcci\u00f3n General, al no cumplir con acuerdos ni respetar los contratos de los trabajadores. Por tal motivo los\u2026","rel":"","context":"En &quot;Campeche&quot;","block_context":{"text":"Campeche","link":"http:\/\/www.grieta.org.mx\/index.php\/category\/noticias-nacionales\/campeche\/"},"img":{"alt_text":"","src":"https:\/\/i0.wp.com\/www.grieta.org.mx\/wp-content\/uploads\/2018\/03\/14524434_1106112876131411_958039263622046936_o.jpg?resize=350%2C200","width":350,"height":200,"srcset":"https:\/\/i0.wp.com\/www.grieta.org.mx\/wp-content\/uploads\/2018\/03\/14524434_1106112876131411_958039263622046936_o.jpg?resize=350%2C200 1x, https:\/\/i0.wp.com\/www.grieta.org.mx\/wp-content\/uploads\/2018\/03\/14524434_1106112876131411_958039263622046936_o.jpg?resize=525%2C300 1.5x, https:\/\/i0.wp.com\/www.grieta.org.mx\/wp-content\/uploads\/2018\/03\/14524434_1106112876131411_958039263622046936_o.jpg?resize=700%2C400 2x"},"classes":[]}],"_links":{"self":[{"href":"http:\/\/www.grieta.org.mx\/index.php\/wp-json\/wp\/v2\/posts\/21038","targetHints":{"allow":["GET"]}}],"collection":[{"href":"http:\/\/www.grieta.org.mx\/index.php\/wp-json\/wp\/v2\/posts"}],"about":[{"href":"http:\/\/www.grieta.org.mx\/index.php\/wp-json\/wp\/v2\/types\/post"}],"author":[{"embeddable":true,"href":"http:\/\/www.grieta.org.mx\/index.php\/wp-json\/wp\/v2\/users\/2"}],"replies":[{"embeddable":true,"href":"http:\/\/www.grieta.org.mx\/index.php\/wp-json\/wp\/v2\/comments?post=21038"}],"version-history":[{"count":1,"href":"http:\/\/www.grieta.org.mx\/index.php\/wp-json\/wp\/v2\/posts\/21038\/revisions"}],"predecessor-version":[{"id":21041,"href":"http:\/\/www.grieta.org.mx\/index.php\/wp-json\/wp\/v2\/posts\/21038\/revisions\/21041"}],"wp:featuredmedia":[{"embeddable":true,"href":"http:\/\/www.grieta.org.mx\/index.php\/wp-json\/wp\/v2\/media\/21928"}],"wp:attachment":[{"href":"http:\/\/www.grieta.org.mx\/index.php\/wp-json\/wp\/v2\/media?parent=21038"}],"wp:term":[{"taxonomy":"category","embeddable":true,"href":"http:\/\/www.grieta.org.mx\/index.php\/wp-json\/wp\/v2\/categories?post=21038"},{"taxonomy":"post_tag","embeddable":true,"href":"http:\/\/www.grieta.org.mx\/index.php\/wp-json\/wp\/v2\/tags?post=21038"}],"curies":[{"name":"wp","href":"https:\/\/api.w.org\/{rel}","templated":true}]}}