{"id":20896,"date":"2016-09-05T10:40:13","date_gmt":"2016-09-05T15:40:13","guid":{"rendered":"http:\/\/www.grieta.org.mx\/?p=20896"},"modified":"2018-05-24T13:54:38","modified_gmt":"2018-05-24T18:54:38","slug":"reclaman-falta-de-pago-de-fondos-de-retiro-yucatan","status":"publish","type":"post","link":"http:\/\/www.grieta.org.mx\/index.php\/2016\/09\/05\/reclaman-falta-de-pago-de-fondos-de-retiro-yucatan\/","title":{"rendered":"Reclaman falta de pago de fondos de retiro (Yucat\u00e1n)"},"content":{"rendered":"<p><img loading=\"lazy\" decoding=\"async\" data-attachment-id=\"20897\" data-permalink=\"http:\/\/www.grieta.org.mx\/index.php\/2016\/09\/05\/reclaman-falta-de-pago-de-fondos-de-retiro-yucatan\/afore_reclaman-831x392\/\" data-orig-file=\"http:\/\/www.grieta.org.mx\/wp-content\/uploads\/2016\/09\/afore_reclaman-831x392.jpg\" data-orig-size=\"831,392\" data-comments-opened=\"0\" data-image-meta=\"{&quot;aperture&quot;:&quot;0&quot;,&quot;credit&quot;:&quot;&quot;,&quot;camera&quot;:&quot;&quot;,&quot;caption&quot;:&quot;&quot;,&quot;created_timestamp&quot;:&quot;0&quot;,&quot;copyright&quot;:&quot;&quot;,&quot;focal_length&quot;:&quot;0&quot;,&quot;iso&quot;:&quot;0&quot;,&quot;shutter_speed&quot;:&quot;0&quot;,&quot;title&quot;:&quot;&quot;,&quot;orientation&quot;:&quot;0&quot;}\" data-image-title=\"afore_reclaman-831&amp;#215;392\" data-image-description=\"\" data-image-caption=\"\" data-medium-file=\"http:\/\/www.grieta.org.mx\/wp-content\/uploads\/2016\/09\/afore_reclaman-831x392-300x142.jpg\" data-large-file=\"http:\/\/www.grieta.org.mx\/wp-content\/uploads\/2016\/09\/afore_reclaman-831x392.jpg\" src=\"http:\/\/www.grieta.org.mx\/wp-content\/uploads\/2016\/09\/afore_reclaman-831x392.jpg\" alt=\"afore_reclaman-831x392\" width=\"831\" height=\"392\" class=\"aligncenter size-full wp-image-20897\" srcset=\"http:\/\/www.grieta.org.mx\/wp-content\/uploads\/2016\/09\/afore_reclaman-831x392.jpg 831w, http:\/\/www.grieta.org.mx\/wp-content\/uploads\/2016\/09\/afore_reclaman-831x392-300x142.jpg 300w, http:\/\/www.grieta.org.mx\/wp-content\/uploads\/2016\/09\/afore_reclaman-831x392-768x362.jpg 768w\" sizes=\"auto, (max-width: 831px) 100vw, 831px\" \/><\/p>\n<p>(Jes\u00fas Mej\u00eda)<br \/>\nM\u00e9rida, Yucat\u00e1n.- Un grupo de jubilados y pensionados reclam\u00f3 a la instituci\u00f3n bancaria Banorte de esta ciudad la falta de pago y\/o devoluci\u00f3n de los ahorros generados durante su vida laboral mediante el sistema de Afore (Administradora de Fondo para el Retiro).<\/p>\n<p>Unas 50 personas, la mayor\u00eda ex trabajadores del Instituto Mexicano del Seguro Social, realizaron una manifestaci\u00f3n p\u00fablica de inconformidad con carteles, mantas y consignas en contra de la instituci\u00f3n bancaria, la cual, subrayaron, ha cometido una estafa con sus ahorros pues se niegan a devolverlos.<\/p>\n<p>Wilebaldo Tovar y Dor\u00eds Rub\u00ed Pech Canch\u00e9 indicaron haber obtenido un laudo favorable de la Procuradur\u00eda Federal de la Defensa del Trabajo, sin embargo, Banorte se niega a devolverles lo que consideran son sus ahorros, m\u00e1s los intereses devengados en el tiempo de dep\u00f3sito.<\/p>\n<p>El se\u00f1or Wilebaldo Tovar expuso que su caso es a\u00fan \u201cm\u00e1s cr\u00edtico\u201d porque, dijo, \u201cdesaparecieron\u201d de su cuenta de Afore cerca de 400 mil pesos y su reclamo asciende a 626 mil pesos m\u00e1s intereses generados.<\/p>\n<p>\u201cEsto es un atraco y exijo devuelvan mis ahorros generados durante mi vida como trabajador\u201d, recalc\u00f3.<\/p>\n<p>Pech Canch\u00e9 critic\u00f3 la pasividad del Sindicato de Trabajadores del IMSS ya que, indic\u00f3, carece de su apoyo para dar continuidad a estas demandas que afectan, dijo, a unos 200 mil trabajadores a nivel nacional que tienen sus cuentas con las Afores de Banorte.<\/p>\n<p>Mencion\u00f3 que a principios de a\u00f1o convinieron con la responsable jur\u00eddico de Banorte a nivel nacional, Gabriela Carrasco, que en cuanto obtuvieran el laudo favorable, la instituci\u00f3n pagar\u00eda lo correspondiente, sin embargo, a\u00f1adi\u00f3, esto no ha sido as\u00ed.<\/p>\n<p>\u201cSe trata del ahorro de toda nuestra vida y no es justo que se queden con nuestro dinero porque eso se llama atraco, un fraude\u201d, subray\u00f3 la se\u00f1ora Dor\u00eds Rub\u00ed Pech, en medio de las reclamaciones de los inconformes frente a la sede de la instituci\u00f3n Banorte situada en Paseo de Montejo de esta ciudad.<\/p>\n<p>La inconformidad del grupo de jubilados se suma a las quejas de diversos cuentahabientes de Afore Banorte por la falta de respuesta efectiva e inmediata a sus fondos de ahorro para el retiro.<\/p>\n<p><a href=\"http:\/\/lectormx.com\/2016\/09\/05\/reclaman-falta-de-pago-de-fondos-de-retiro\/\" target=\"_blank\">http:\/\/lectormx.com\/2016\/09\/05\/reclaman-falta-de-pago-de-fondos-de-retiro\/<\/a><\/p>\n","protected":false},"excerpt":{"rendered":"<p>(Jes\u00fas Mej\u00eda) M\u00e9rida, Yucat\u00e1n.- Un grupo de jubilados y pensionados reclam\u00f3 a la instituci\u00f3n bancaria Banorte de esta ciudad la falta de pago y\/o devoluci\u00f3n de los ahorros generados durante &hellip; <a href=\"http:\/\/www.grieta.org.mx\/index.php\/2016\/09\/05\/reclaman-falta-de-pago-de-fondos-de-retiro-yucatan\/\" class=\"more-link\">Leer m\u00e1s<\/a><\/p>\n","protected":false},"author":2,"featured_media":21928,"comment_status":"closed","ping_status":"closed","sticky":false,"template":"","format":"standard","meta":{"ngg_post_thumbnail":0,"_jetpack_newsletter_access":"","_jetpack_dont_email_post_to_subs":false,"_jetpack_newsletter_tier_id":0,"_jetpack_memberships_contains_paywalled_content":false,"_jetpack_memberships_contains_paid_content":false,"footnotes":""},"categories":[80,2,1174,36],"tags":[892,310,203],"class_list":["post-20896","post","type-post","status-publish","format-standard","has-post-thumbnail","hentry","category-cintillo","category-noticias-nacionales","category-protestas-de-jubilados-en-yucatan","category-yucatan","tag-afores","tag-jubilados","tag-pensionados","entry"],"jetpack_featured_media_url":"http:\/\/www.grieta.org.mx\/wp-content\/uploads\/2018\/03\/14524434_1106112876131411_958039263622046936_o.jpg","jetpack_sharing_enabled":true,"jetpack_shortlink":"https:\/\/wp.me\/p7ZJR4-5r2","jetpack_likes_enabled":false,"jetpack-related-posts":[{"id":21043,"url":"http:\/\/www.grieta.org.mx\/index.php\/2016\/09\/05\/jubilados-exigen-sus-ahorros-a-afore-xxi-sinaloa\/","url_meta":{"origin":20896,"position":0},"title":"Jubilados exigen sus ahorros a Afore XXI (Sinaloa)","author":"grieta","date":"5 septiembre, 2016","format":false,"excerpt":"Los Mochis, Sinaloa.- Jubilados del IMSS toman de nueva cuenta las instalaciones de Afores XXI Banorte con la finalidad de exigir sus ahorros. En noviembre del 2015 y por seis meses mantuvieron tomadas las instalaciones en espera de un resultado favorable. La junta de conciliaci\u00f3n y arbitraje #35 les otorg\u00f3\u2026","rel":"","context":"En &quot;CINTILLO&quot;","block_context":{"text":"CINTILLO","link":"http:\/\/www.grieta.org.mx\/index.php\/category\/cintillo\/"},"img":{"alt_text":"","src":"https:\/\/i0.wp.com\/www.grieta.org.mx\/wp-content\/uploads\/2018\/03\/14524434_1106112876131411_958039263622046936_o.jpg?resize=350%2C200","width":350,"height":200,"srcset":"https:\/\/i0.wp.com\/www.grieta.org.mx\/wp-content\/uploads\/2018\/03\/14524434_1106112876131411_958039263622046936_o.jpg?resize=350%2C200 1x, https:\/\/i0.wp.com\/www.grieta.org.mx\/wp-content\/uploads\/2018\/03\/14524434_1106112876131411_958039263622046936_o.jpg?resize=525%2C300 1.5x, https:\/\/i0.wp.com\/www.grieta.org.mx\/wp-content\/uploads\/2018\/03\/14524434_1106112876131411_958039263622046936_o.jpg?resize=700%2C400 2x"},"classes":[]},{"id":1045,"url":"http:\/\/www.grieta.org.mx\/index.php\/2015\/12\/08\/exigen-jubilados-del-imss-pago-de-sus-ahorros-a-afore-siglo-xxi\/","url_meta":{"origin":20896,"position":1},"title":"Exigen jubilados del IMSS pago de sus ahorros a Afore siglo XXI","author":"grieta","date":"8 diciembre, 2015","format":false,"excerpt":"Rogelio F\u00e9lix, Sinaloa Por tercera ocasi\u00f3n, jubilados y pensionados del Instituto Mexicano del Seguro Social se manifestaron en las oficinas de Afore Banorte Siglo XXI para exigir el pago de sus ahorros que les corresponden y que demandan desde hace varios a\u00f1os. Los inconformes pidieron la intervenci\u00f3n de su dirigente\u2026","rel":"","context":"En &quot;CINTILLO&quot;","block_context":{"text":"CINTILLO","link":"http:\/\/www.grieta.org.mx\/index.php\/category\/cintillo\/"},"img":{"alt_text":"","src":"https:\/\/i0.wp.com\/www.grieta.org.mx\/wp-content\/uploads\/2018\/03\/14524434_1106112876131411_958039263622046936_o.jpg?resize=350%2C200","width":350,"height":200,"srcset":"https:\/\/i0.wp.com\/www.grieta.org.mx\/wp-content\/uploads\/2018\/03\/14524434_1106112876131411_958039263622046936_o.jpg?resize=350%2C200 1x, https:\/\/i0.wp.com\/www.grieta.org.mx\/wp-content\/uploads\/2018\/03\/14524434_1106112876131411_958039263622046936_o.jpg?resize=525%2C300 1.5x, https:\/\/i0.wp.com\/www.grieta.org.mx\/wp-content\/uploads\/2018\/03\/14524434_1106112876131411_958039263622046936_o.jpg?resize=700%2C400 2x"},"classes":[]},{"id":65458,"url":"http:\/\/www.grieta.org.mx\/index.php\/2022\/10\/04\/exigen-jubilados-del-imss-que-gobierno-federal-les-regrese-ahorros-del-afore\/","url_meta":{"origin":20896,"position":2},"title":"Exigen jubilados del IMSS que Gobierno federal les regrese ahorros del Afore","author":"grieta","date":"4 octubre, 2022","format":false,"excerpt":"imagen: El Comentario Jubilados del\u00a0Instituto Mexicano del Seguro Social\u00a0(IMSS) se manifestaron en contra de la Afore Siglo XXI de Banorte, a quien acusan de no entregarles sus ahorros del rubro de \u201cCesant\u00eda y vejez\u201d, afectando a m\u00e1s de mil\u00a0trabajadores colimenses, aunque a nivel nacional ser\u00edan m\u00e1s de 90 mil. Los\u2026","rel":"","context":"En &quot;CINTILLO&quot;","block_context":{"text":"CINTILLO","link":"http:\/\/www.grieta.org.mx\/index.php\/category\/cintillo\/"},"img":{"alt_text":"","src":"https:\/\/i0.wp.com\/www.grieta.org.mx\/wp-content\/uploads\/2022\/10\/LOCAL-8-780x470-1.jpg?resize=350%2C200","width":350,"height":200,"srcset":"https:\/\/i0.wp.com\/www.grieta.org.mx\/wp-content\/uploads\/2022\/10\/LOCAL-8-780x470-1.jpg?resize=350%2C200 1x, https:\/\/i0.wp.com\/www.grieta.org.mx\/wp-content\/uploads\/2022\/10\/LOCAL-8-780x470-1.jpg?resize=525%2C300 1.5x, https:\/\/i0.wp.com\/www.grieta.org.mx\/wp-content\/uploads\/2022\/10\/LOCAL-8-780x470-1.jpg?resize=700%2C400 2x"},"classes":[]},{"id":1049,"url":"http:\/\/www.grieta.org.mx\/index.php\/2015\/12\/07\/jubilados-y-pensionados-del-imss-se-manifiestan\/","url_meta":{"origin":20896,"position":3},"title":"Jubilados y pensionados del IMSS se manifiestan","author":"grieta","date":"7 diciembre, 2015","format":false,"excerpt":"Redacci\u00f3n El Debate, Sinaloa Culiac\u00e1n.- Jubilados y pensionados del IMSS tomaron las oficinas de la dependencia Afore 21 del banco Banorte manifestando su inconformidad del pago de los laudos condenatorios que por ley les pertenece. Los manifestantes aseguran, tienen alrededor de 3 a\u00f1os sin recibir este monto y dicen, la\u2026","rel":"","context":"En &quot;CINTILLO&quot;","block_context":{"text":"CINTILLO","link":"http:\/\/www.grieta.org.mx\/index.php\/category\/cintillo\/"},"img":{"alt_text":"","src":"https:\/\/i0.wp.com\/www.grieta.org.mx\/wp-content\/uploads\/2018\/03\/14524434_1106112876131411_958039263622046936_o.jpg?resize=350%2C200","width":350,"height":200,"srcset":"https:\/\/i0.wp.com\/www.grieta.org.mx\/wp-content\/uploads\/2018\/03\/14524434_1106112876131411_958039263622046936_o.jpg?resize=350%2C200 1x, https:\/\/i0.wp.com\/www.grieta.org.mx\/wp-content\/uploads\/2018\/03\/14524434_1106112876131411_958039263622046936_o.jpg?resize=525%2C300 1.5x, https:\/\/i0.wp.com\/www.grieta.org.mx\/wp-content\/uploads\/2018\/03\/14524434_1106112876131411_958039263622046936_o.jpg?resize=700%2C400 2x"},"classes":[]},{"id":54692,"url":"http:\/\/www.grieta.org.mx\/index.php\/2020\/11\/02\/cumple-un-ano-que-mauricio-vila-mocha-pensiones-a-jubilados-del-isstey\/","url_meta":{"origin":20896,"position":4},"title":"Cumple un a\u00f1o que Mauricio Vila &#8216;mocha&#8217; pensiones a jubilados del Isstey","author":"grieta","date":"2 noviembre, 2020","format":false,"excerpt":"La Verdad Los jubilados y pensionados del Isstey cumplen un a\u00f1o sin pago completo; siguen buscando justicia Se cumpli\u00f3 un a\u00f1o desde que el \u00faltimo d\u00eda de octubre de 2019, el gobierno de Mauricio Vila empez\u00f3 a recortar sin justificaci\u00f3n el pago a jubilados y pensionados. Se trata de una\u2026","rel":"","context":"En &quot;CINTILLO&quot;","block_context":{"text":"CINTILLO","link":"http:\/\/www.grieta.org.mx\/index.php\/category\/cintillo\/"},"img":{"alt_text":"","src":"https:\/\/i0.wp.com\/www.grieta.org.mx\/wp-content\/uploads\/2020\/11\/MochesPensionessVila.png?resize=350%2C200","width":350,"height":200,"srcset":"https:\/\/i0.wp.com\/www.grieta.org.mx\/wp-content\/uploads\/2020\/11\/MochesPensionessVila.png?resize=350%2C200 1x, https:\/\/i0.wp.com\/www.grieta.org.mx\/wp-content\/uploads\/2020\/11\/MochesPensionessVila.png?resize=525%2C300 1.5x"},"classes":[]},{"id":21184,"url":"http:\/\/www.grieta.org.mx\/index.php\/2016\/09\/05\/se-manifiestan-jubilados-imss-contra-afore-banorte-colima\/","url_meta":{"origin":20896,"position":5},"title":"Se manifiestan jubilados IMSS contra Afore Banorte (Colima)","author":"grieta","date":"5 septiembre, 2016","format":false,"excerpt":"*No quiere seguir pagando el concepto de cesant\u00eda y vejez a 500 personas que tienen tambi\u00e9n cuentas desde 70 mil a 600 mil pesos por a\u00f1os de servicio. Oscar Cervantes|COLIMANOTICIAS Colima, Col.- M\u00e1s de cien jubilados del Instituto Mexicano del Seguro Social se manifestaron est\u00e1 ma\u00f1ana en las oficinas de\u2026","rel":"","context":"En &quot;CINTILLO&quot;","block_context":{"text":"CINTILLO","link":"http:\/\/www.grieta.org.mx\/index.php\/category\/cintillo\/"},"img":{"alt_text":"","src":"https:\/\/i0.wp.com\/www.grieta.org.mx\/wp-content\/uploads\/2018\/03\/14524434_1106112876131411_958039263622046936_o.jpg?resize=350%2C200","width":350,"height":200,"srcset":"https:\/\/i0.wp.com\/www.grieta.org.mx\/wp-content\/uploads\/2018\/03\/14524434_1106112876131411_958039263622046936_o.jpg?resize=350%2C200 1x, https:\/\/i0.wp.com\/www.grieta.org.mx\/wp-content\/uploads\/2018\/03\/14524434_1106112876131411_958039263622046936_o.jpg?resize=525%2C300 1.5x, https:\/\/i0.wp.com\/www.grieta.org.mx\/wp-content\/uploads\/2018\/03\/14524434_1106112876131411_958039263622046936_o.jpg?resize=700%2C400 2x"},"classes":[]}],"_links":{"self":[{"href":"http:\/\/www.grieta.org.mx\/index.php\/wp-json\/wp\/v2\/posts\/20896","targetHints":{"allow":["GET"]}}],"collection":[{"href":"http:\/\/www.grieta.org.mx\/index.php\/wp-json\/wp\/v2\/posts"}],"about":[{"href":"http:\/\/www.grieta.org.mx\/index.php\/wp-json\/wp\/v2\/types\/post"}],"author":[{"embeddable":true,"href":"http:\/\/www.grieta.org.mx\/index.php\/wp-json\/wp\/v2\/users\/2"}],"replies":[{"embeddable":true,"href":"http:\/\/www.grieta.org.mx\/index.php\/wp-json\/wp\/v2\/comments?post=20896"}],"version-history":[{"count":1,"href":"http:\/\/www.grieta.org.mx\/index.php\/wp-json\/wp\/v2\/posts\/20896\/revisions"}],"predecessor-version":[{"id":20898,"href":"http:\/\/www.grieta.org.mx\/index.php\/wp-json\/wp\/v2\/posts\/20896\/revisions\/20898"}],"wp:featuredmedia":[{"embeddable":true,"href":"http:\/\/www.grieta.org.mx\/index.php\/wp-json\/wp\/v2\/media\/21928"}],"wp:attachment":[{"href":"http:\/\/www.grieta.org.mx\/index.php\/wp-json\/wp\/v2\/media?parent=20896"}],"wp:term":[{"taxonomy":"category","embeddable":true,"href":"http:\/\/www.grieta.org.mx\/index.php\/wp-json\/wp\/v2\/categories?post=20896"},{"taxonomy":"post_tag","embeddable":true,"href":"http:\/\/www.grieta.org.mx\/index.php\/wp-json\/wp\/v2\/tags?post=20896"}],"curies":[{"name":"wp","href":"https:\/\/api.w.org\/{rel}","templated":true}]}}