{"id":2087,"date":"2015-11-21T03:37:03","date_gmt":"2015-11-21T03:37:03","guid":{"rendered":"http:\/\/50.22.11.12\/~grietaor\/?p=2087"},"modified":"2016-03-12T16:50:59","modified_gmt":"2016-03-12T16:50:59","slug":"noalamina-resuena-en-el-istmo","status":"publish","type":"post","link":"http:\/\/www.grieta.org.mx\/index.php\/2015\/11\/21\/noalamina-resuena-en-el-istmo\/","title":{"rendered":"#NoALaMina resuena en el istmo"},"content":{"rendered":"<p>Diana Manzo, Oaxaca<\/p>\n<p>noviembre 21, 2015 (#istmopress).- Unos 500 comuneros y comuneras as\u00ed como ejidatarios y ejidatarias que pertenecen al municipio de Santo Domingo Zanatepec, marcharon en rechazo a las concesiones mineras que pretenden instalarse en el Istmo de Tehuantepec.<\/p>\n<p>En el marco del desfile c\u00edvico de los 105 aniversario de la Revoluci\u00f3n Mexicana, con pancartas y lonas expresaron que ninguna minera se instalar\u00e1 en su territorio, a pesar de que existen cinco concesiones otorgadas en el a\u00f1o 2012, por el entonces presidente de la rep\u00fablica Felipe Calder\u00f3n Hinojosa.<\/p>\n<p>Campesinos y ganaderos de los ejidos Zanatepec, Ostuta, Pascual Fuentes, R\u00edo Manzo e Ixtatal as\u00ed como de los bienes comunales de Zanatepec, puntualizaron que fue a trav\u00e9s de la Secretaria de Econom\u00eda se enteraron que se hab\u00edan otorgado cinco concesiones en la zona de la Cristalina, San Antonio Sol y Luna en Chimalapas.<\/p>\n<p>En las cinco concesiones otorgadas (Mar de cobre, Jackita, Maya Fac2, Maya Fac1 y Tapanatepec 2), se pretende extraer Cobre, Oro y Plata a cielo abierto, lo cual da\u00f1ar\u00eda afluentes naturales como r\u00edos y lagunas as\u00ed como cultivos de ma\u00edz, ajonjol\u00ed y mango.<\/p>\n<p>Gonzalo L\u00f3pez cabrera, comisariado del ejido Zanatepec detall\u00f3 que en una asamblea todos los ejidos y los bienes comunales acordaron manifestarse en el marco del aniversario de la Revoluci\u00f3n Mexicana.<\/p>\n<p>\u201cSomos campesinos y ganaderos, este d\u00eda es hist\u00f3rico para todos y todas los que amamos el campo, por eso salimos a las calles a expresar nuestro repudio e indignaci\u00f3n por las mineras; hasta el momento sabemos est\u00e1n concesionadas para empresas canadienses y estadounidenses, pero nosotros somos un municipio aut\u00f3nomo, nadie nos vendr\u00e1 a imponer una muerte lenta, como lo es la Miner\u00eda a cielo abierto, porque no habr\u00e1 progreso y al contrario aumentaran los males sociales\u201d, relat\u00f3.<\/p>\n<p>Roberto Gamboa V\u00e1zquez, secretario de la organizaci\u00f3n Procesos Integrales para la Autogesti\u00f3n de los Pueblos (PIAP) y comunero, relat\u00f3 que la situaci\u00f3n actual es de resistencia social en cuanto a la Miner\u00eda.<\/p>\n<p>Expres\u00f3 que se ha comenzado en los ejidos y localidades procesos de consulta interna a fin de exponerles la problem\u00e1tica de la Miner\u00eda, en el ejercicio de la defensa a su derecho a la vida y al territorio.<\/p>\n<p>Dijo que son pueblos del Istmo y en especial Zanatepec, es una localidad que se dedica a producir vida a trav\u00e9s de las cosechas de frutos y tambi\u00e9n el cuidado del ganado.<\/p>\n<p>\u201cSomos un pueblo alegre, que le gusta la fiesta, est\u00e1 en contacto con el bosque y los animales, consideramos que estos proyectos mineros, son proyectos de muerte y que a mediano y largo plazo nos van a destruir, tenemos ejemplos en otros estados y pa\u00edses y no queremos ser as\u00ed, queremos convivir con nuestra naturaleza\u201d, sostuvo.<\/p>\n<p>Gamboa V\u00e1zquez reconoci\u00f3 que la Miner\u00eda no construye la naturaleza, sino la destruye, raz\u00f3n por la cual se han organizado y est\u00e1n fortalecidos todos en la comunidad de que la Miner\u00eda no pasar\u00e1 en esta zona oaxaque\u00f1a.<\/p>\n<p>Por su parte, el alcalde de Santo Domingo Zanatepec, Ricardo Hern\u00e1ndez Rodr\u00edguez expres\u00f3 que como municipio est\u00e1n en contra de la Miner\u00eda y que existe una unidad total con los comuneros y ejidatarios.<\/p>\n<p>Resalt\u00f3 que oficialmente ninguna empresa los ha visitado, sin embargo a trav\u00e9s de la delegaci\u00f3n Oaxaca de la secretar\u00eda de econom\u00eda le informaron que en el internet ven\u00edan las concesiones y que no se pod\u00eda hacer nada, sino respetar.<\/p>\n<p>\u201cNinguna autoridad consult\u00f3 al pueblo y tampoco a la autoridad municipal de que hab\u00edan otorgado concesiones a las mineras, se viol\u00f3 el principio aut\u00f3nomo, estamos en contra de la minera, sabemos de los efectos negativos en el ser humano y tambi\u00e9n en el ambiente\u201d, dijo.<\/p>\n<p>El mun\u00edcipe abund\u00f3 que no hubo consulta ind\u00edgena para otorgar concesiones y que oficialmente no sabe nada, todo ha sido por medio del internet y de las organizaciones sociales.<\/p>\n<p>\u201cEstamos en unidad, por eso este 20 de Noviembre marchamos en rechazo a la Miner\u00eda, no podemos poner en juego nuestra vida por intereses externos, lamentablemente las familias no son beneficiadas econ\u00f3micamente\u201d, expres\u00f3.<\/p>\n<p>Al termino del desfile c\u00edvico, los comuneros se reunieron en la Casa Comunal y realizaron una reuni\u00f3n para acordar nuevos encuentros donde se discuta las acciones a seguir contra las mineras en la zona oriente del Istmo de Tehuantepec.<\/p>\n<p><a href=\"http:\/\/www.istmopress.com.mx\/istmo\/3101\/\" target=\"_blank\">www.istmopress.com.mx\/istmo\/3101\/<\/a><\/p>\n","protected":false},"excerpt":{"rendered":"<p>Diana Manzo, Oaxaca noviembre 21, 2015 (#istmopress).- Unos 500 comuneros y comuneras as\u00ed como ejidatarios y ejidatarias que pertenecen al municipio de Santo Domingo Zanatepec, marcharon en rechazo a las &hellip; <a href=\"http:\/\/www.grieta.org.mx\/index.php\/2015\/11\/21\/noalamina-resuena-en-el-istmo\/\" class=\"more-link\">Leer m\u00e1s<\/a><\/p>\n","protected":false},"author":2,"featured_media":21928,"comment_status":"closed","ping_status":"open","sticky":false,"template":"","format":"standard","meta":{"ngg_post_thumbnail":0,"_jetpack_newsletter_access":"","_jetpack_dont_email_post_to_subs":false,"_jetpack_newsletter_tier_id":0,"_jetpack_memberships_contains_paywalled_content":false,"_jetpack_memberships_contains_paid_content":false,"footnotes":""},"categories":[80],"tags":[184,109,93],"class_list":["post-2087","post","type-post","status-publish","format-standard","has-post-thumbnail","hentry","category-cintillo","tag-despojo","tag-mineria","tag-oaxaca","entry"],"jetpack_featured_media_url":"http:\/\/www.grieta.org.mx\/wp-content\/uploads\/2018\/03\/14524434_1106112876131411_958039263622046936_o.jpg","jetpack_sharing_enabled":true,"jetpack_shortlink":"https:\/\/wp.me\/p7ZJR4-xF","jetpack_likes_enabled":false,"jetpack-related-posts":[{"id":5525,"url":"http:\/\/www.grieta.org.mx\/index.php\/2016\/01\/23\/ni-un-pago-mas-a-la-cfe-suman-500-firmas-en-zanatepec\/","url_meta":{"origin":2087,"position":0},"title":"Ni un pago m\u00e1s a la CFE, suman 500 firmas en Zanatepec","author":"grieta","date":"23 enero, 2016","format":false,"excerpt":"Mart\u00edn Vargas, Oaxaca. #Zanatepec 23 ene #istmopress.- Unos 500 usuarios de la zona oriente del istmo firmaron un oficio dirigido al titular de la Comisi\u00f3n Federal de Electricidad (CFE) en la regi\u00f3n, para manifestar su inconformidad por las altas tarifas del servicio, espec\u00edficamente en el bimestre noviembre \u2013 diciembre de\u2026","rel":"","context":"En &quot;CINTILLO&quot;","block_context":{"text":"CINTILLO","link":"http:\/\/www.grieta.org.mx\/index.php\/category\/cintillo\/"},"img":{"alt_text":"","src":"https:\/\/i0.wp.com\/www.grieta.org.mx\/wp-content\/uploads\/2018\/03\/14524434_1106112876131411_958039263622046936_o.jpg?resize=350%2C200","width":350,"height":200,"srcset":"https:\/\/i0.wp.com\/www.grieta.org.mx\/wp-content\/uploads\/2018\/03\/14524434_1106112876131411_958039263622046936_o.jpg?resize=350%2C200 1x, https:\/\/i0.wp.com\/www.grieta.org.mx\/wp-content\/uploads\/2018\/03\/14524434_1106112876131411_958039263622046936_o.jpg?resize=525%2C300 1.5x, https:\/\/i0.wp.com\/www.grieta.org.mx\/wp-content\/uploads\/2018\/03\/14524434_1106112876131411_958039263622046936_o.jpg?resize=700%2C400 2x"},"classes":[]},{"id":5519,"url":"http:\/\/www.grieta.org.mx\/index.php\/2016\/09\/01\/conflictos-con-la-cfe-en-oaxaca\/","url_meta":{"origin":2087,"position":1},"title":"Conflictos con la CFE en Oaxaca","author":"grieta","date":"1 septiembre, 2016","format":false,"excerpt":"01\/09\/16. Piden a CFE conecte la energ\u00eda el\u00e9ctrica en colonias de Juchit\u00e1n Quadrat\u00edn 17\/02\/16. Contin\u00faa resistencia en Zanatepec ante altas tarifas de CFE Istmo Press 23\/01\/16. Ni un pago m\u00e1s a la CFE, suman 500 firmas en Zanatepec Istmo Press 07\/03\/15. Dictan formal prisi\u00f3n contra integrantes de la UCIZONI en\u2026","rel":"","context":"En &quot;NOTICIAS NACIONALES&quot;","block_context":{"text":"NOTICIAS NACIONALES","link":"http:\/\/www.grieta.org.mx\/index.php\/category\/noticias-nacionales\/"},"img":{"alt_text":"","src":"https:\/\/i0.wp.com\/www.grieta.org.mx\/wp-content\/uploads\/2018\/03\/14524434_1106112876131411_958039263622046936_o.jpg?resize=350%2C200","width":350,"height":200,"srcset":"https:\/\/i0.wp.com\/www.grieta.org.mx\/wp-content\/uploads\/2018\/03\/14524434_1106112876131411_958039263622046936_o.jpg?resize=350%2C200 1x, https:\/\/i0.wp.com\/www.grieta.org.mx\/wp-content\/uploads\/2018\/03\/14524434_1106112876131411_958039263622046936_o.jpg?resize=525%2C300 1.5x, https:\/\/i0.wp.com\/www.grieta.org.mx\/wp-content\/uploads\/2018\/03\/14524434_1106112876131411_958039263622046936_o.jpg?resize=700%2C400 2x"},"classes":[]},{"id":26570,"url":"http:\/\/www.grieta.org.mx\/index.php\/2018\/09\/17\/comunidades-del-istmo-se-suman-al-juicio-popular-contra-el-estado-y-empresas-mineras-por-depredadoras-oaxaca\/","url_meta":{"origin":2087,"position":2},"title":"Comunidades del Istmo se suman al juicio popular contra el Estado y empresas mineras por depredadoras (Oaxaca)","author":"grieta","date":"17 septiembre, 2018","format":false,"excerpt":"P\u00e1gina 3. Pedro Mat\u00edas, Oaxaca.- Comunidades, ejidos, organizaciones y colectivos en lucha contra concesiones mineras en el Istmo de Tehuantepec se sumaron al proceso de Juicio Popular comunitario contra el Estado y las empresas mineras en Oaxaca programado para el 11 y 12 de octubre del 2018. Durante el encuentro\u2026","rel":"","context":"En &quot;CINTILLO&quot;","block_context":{"text":"CINTILLO","link":"http:\/\/www.grieta.org.mx\/index.php\/category\/cintillo\/"},"img":{"alt_text":"","src":"https:\/\/i0.wp.com\/www.grieta.org.mx\/wp-content\/uploads\/2018\/09\/Juicio-Popular-comunitario.jpg?resize=350%2C200","width":350,"height":200,"srcset":"https:\/\/i0.wp.com\/www.grieta.org.mx\/wp-content\/uploads\/2018\/09\/Juicio-Popular-comunitario.jpg?resize=350%2C200 1x, https:\/\/i0.wp.com\/www.grieta.org.mx\/wp-content\/uploads\/2018\/09\/Juicio-Popular-comunitario.jpg?resize=525%2C300 1.5x, https:\/\/i0.wp.com\/www.grieta.org.mx\/wp-content\/uploads\/2018\/09\/Juicio-Popular-comunitario.jpg?resize=700%2C400 2x"},"classes":[]},{"id":17516,"url":"http:\/\/www.grieta.org.mx\/index.php\/2016\/07\/23\/concesiones-mineras-acaparan-47-mil-hectareas-en-el-istmo\/","url_meta":{"origin":2087,"position":3},"title":"Concesiones mineras acaparan 47 mil hect\u00e1reas en el istmo","author":"grieta","date":"23 julio, 2016","format":false,"excerpt":"Redacci\u00f3n Istmo Press #Ixtepec 23 julio (#istmopress).- En el marco del D\u00eda Mundial Contra la Megaminer\u00eda, celebrado cada 22 de julio, colectivos del Istmo de Tehuantepec participaron en el foro \u201cEstrategias de lucha para la defensa de la Madre Tierra y el territorio\u201d en la capital de Oaxaca, como parte\u2026","rel":"","context":"En &quot;CINTILLO&quot;","block_context":{"text":"CINTILLO","link":"http:\/\/www.grieta.org.mx\/index.php\/category\/cintillo\/"},"img":{"alt_text":"","src":"https:\/\/i0.wp.com\/www.grieta.org.mx\/wp-content\/uploads\/2018\/03\/14524434_1106112876131411_958039263622046936_o.jpg?resize=350%2C200","width":350,"height":200,"srcset":"https:\/\/i0.wp.com\/www.grieta.org.mx\/wp-content\/uploads\/2018\/03\/14524434_1106112876131411_958039263622046936_o.jpg?resize=350%2C200 1x, https:\/\/i0.wp.com\/www.grieta.org.mx\/wp-content\/uploads\/2018\/03\/14524434_1106112876131411_958039263622046936_o.jpg?resize=525%2C300 1.5x, https:\/\/i0.wp.com\/www.grieta.org.mx\/wp-content\/uploads\/2018\/03\/14524434_1106112876131411_958039263622046936_o.jpg?resize=700%2C400 2x"},"classes":[]},{"id":11784,"url":"http:\/\/www.grieta.org.mx\/index.php\/2016\/05\/05\/realizan-3er-foro-contra-la-mineria-en-ixhuatan\/","url_meta":{"origin":2087,"position":4},"title":"Realizan 3er Foro Contra la Miner\u00eda en Ixhuat\u00e1n","author":"grieta","date":"5 mayo, 2016","format":false,"excerpt":"Diana Manzo, Oaxaca JUCHIT\u00c1N, OAX (#pagina3.mx).- Integrantes de diversos colectivos y organizaciones de la localidad de Zanatepec que se han manifestado contra la expropiaci\u00f3n minera en esa localidad, realizaron el tercer foro denominado \u201cDefender el r\u00edo Ostuta, es salvar nuestra comida\u201d que se realiz\u00f3 en las instalaciones de la escuela\u2026","rel":"","context":"En &quot;CINTILLO&quot;","block_context":{"text":"CINTILLO","link":"http:\/\/www.grieta.org.mx\/index.php\/category\/cintillo\/"},"img":{"alt_text":"","src":"https:\/\/i0.wp.com\/www.grieta.org.mx\/wp-content\/uploads\/2018\/03\/14524434_1106112876131411_958039263622046936_o.jpg?resize=350%2C200","width":350,"height":200,"srcset":"https:\/\/i0.wp.com\/www.grieta.org.mx\/wp-content\/uploads\/2018\/03\/14524434_1106112876131411_958039263622046936_o.jpg?resize=350%2C200 1x, https:\/\/i0.wp.com\/www.grieta.org.mx\/wp-content\/uploads\/2018\/03\/14524434_1106112876131411_958039263622046936_o.jpg?resize=525%2C300 1.5x, https:\/\/i0.wp.com\/www.grieta.org.mx\/wp-content\/uploads\/2018\/03\/14524434_1106112876131411_958039263622046936_o.jpg?resize=700%2C400 2x"},"classes":[]},{"id":5527,"url":"http:\/\/www.grieta.org.mx\/index.php\/2016\/02\/17\/continua-resistencia-en-zanatepec-ante-altas-tarifas-de-cfe\/","url_meta":{"origin":2087,"position":5},"title":"Contin\u00faa resistencia en Zanatepec ante altas tarifas de CFE","author":"grieta","date":"17 febrero, 2016","format":false,"excerpt":"Mart\u00edn Vargas, Oaxaca. #Zanatepec 17 feb (#Istmopress) .- Con una marcha pac\u00edfica, pobladores de Zanatepec se manifestaron en contra de la Comisi\u00f3n Federal de Electricidad (CFE) debido al incremento de la tarifa en el \u00faltimo bimestre. De acuerdo a los m\u00e1s de 800 casos documentados por la agrupaci\u00f3n denominada \u201cPueblo\u2026","rel":"","context":"En &quot;CINTILLO&quot;","block_context":{"text":"CINTILLO","link":"http:\/\/www.grieta.org.mx\/index.php\/category\/cintillo\/"},"img":{"alt_text":"","src":"https:\/\/i0.wp.com\/www.grieta.org.mx\/wp-content\/uploads\/2018\/03\/14524434_1106112876131411_958039263622046936_o.jpg?resize=350%2C200","width":350,"height":200,"srcset":"https:\/\/i0.wp.com\/www.grieta.org.mx\/wp-content\/uploads\/2018\/03\/14524434_1106112876131411_958039263622046936_o.jpg?resize=350%2C200 1x, https:\/\/i0.wp.com\/www.grieta.org.mx\/wp-content\/uploads\/2018\/03\/14524434_1106112876131411_958039263622046936_o.jpg?resize=525%2C300 1.5x, https:\/\/i0.wp.com\/www.grieta.org.mx\/wp-content\/uploads\/2018\/03\/14524434_1106112876131411_958039263622046936_o.jpg?resize=700%2C400 2x"},"classes":[]}],"_links":{"self":[{"href":"http:\/\/www.grieta.org.mx\/index.php\/wp-json\/wp\/v2\/posts\/2087","targetHints":{"allow":["GET"]}}],"collection":[{"href":"http:\/\/www.grieta.org.mx\/index.php\/wp-json\/wp\/v2\/posts"}],"about":[{"href":"http:\/\/www.grieta.org.mx\/index.php\/wp-json\/wp\/v2\/types\/post"}],"author":[{"embeddable":true,"href":"http:\/\/www.grieta.org.mx\/index.php\/wp-json\/wp\/v2\/users\/2"}],"replies":[{"embeddable":true,"href":"http:\/\/www.grieta.org.mx\/index.php\/wp-json\/wp\/v2\/comments?post=2087"}],"version-history":[{"count":1,"href":"http:\/\/www.grieta.org.mx\/index.php\/wp-json\/wp\/v2\/posts\/2087\/revisions"}],"predecessor-version":[{"id":2088,"href":"http:\/\/www.grieta.org.mx\/index.php\/wp-json\/wp\/v2\/posts\/2087\/revisions\/2088"}],"wp:featuredmedia":[{"embeddable":true,"href":"http:\/\/www.grieta.org.mx\/index.php\/wp-json\/wp\/v2\/media\/21928"}],"wp:attachment":[{"href":"http:\/\/www.grieta.org.mx\/index.php\/wp-json\/wp\/v2\/media?parent=2087"}],"wp:term":[{"taxonomy":"category","embeddable":true,"href":"http:\/\/www.grieta.org.mx\/index.php\/wp-json\/wp\/v2\/categories?post=2087"},{"taxonomy":"post_tag","embeddable":true,"href":"http:\/\/www.grieta.org.mx\/index.php\/wp-json\/wp\/v2\/tags?post=2087"}],"curies":[{"name":"wp","href":"https:\/\/api.w.org\/{rel}","templated":true}]}}