{"id":20864,"date":"2016-09-03T23:55:56","date_gmt":"2016-09-04T04:55:56","guid":{"rendered":"http:\/\/www.grieta.org.mx\/?p=20864"},"modified":"2018-09-26T22:20:21","modified_gmt":"2018-09-27T03:20:21","slug":"habitantes-de-cuautla-amenazan-con-hacer-justicia-por-mano-propia-ante-inseguridad","status":"publish","type":"post","link":"http:\/\/www.grieta.org.mx\/index.php\/2016\/09\/03\/habitantes-de-cuautla-amenazan-con-hacer-justicia-por-mano-propia-ante-inseguridad\/","title":{"rendered":"Habitantes de Cuautla amenazan con hacer justicia por mano propia ante inseguridad"},"content":{"rendered":"<p>Mario Vega, Morelos.<\/p>\n<p>Los vecinos denunciaron que todos los d\u00edas son v\u00edctimas de asaltos y saqueos a casas habitaci\u00f3n, sin que la polic\u00eda del Mando \u00danico tenga capacidad para contener a las bandas delincuenciales que act\u00faan a cualquier hora, sin importar si es de d\u00eda.<br \/>\nSe\u00f1alaron que tan solo en una semana, la mayor\u00eda de casas y negocios de una cuadra fueron atracadas por las bandas de delincuentes, lo que despert\u00f3 el malestar de los vecinos, quienes se organizaron para tomar medidas por cuenta propia, ante la falta de respuesta de parte de la Comisi\u00f3n Estatal de Seguridad P\u00fablica (CESP), a la que le pidieron ayuda en reiteradas ocasiones.<br \/>\nEn consecuencia, se organizaron en guardias vecinales para implementar diversas acciones, entre estas el programa Vecino Vigilante, mediante el cual utilizar\u00e1n mecanismos de aviso para poner en alerta a los vecinos ante la presencia de los delincuentes.<br \/>\nLa desesperaci\u00f3n -ante falta de apoyo de las autoridades- ha llevado a los habitantes de la colonia Otilio E. Monta\u00f1o, tambi\u00e9n conocida como Amilcingo, a advertir mediante la colocaci\u00f3n de mantas, que se har\u00e1n justicia por mano propia en caso de detener a alg\u00fan delincuente.<br \/>\nDerivado de esta organizaci\u00f3n vecinal, la Polic\u00eda del Mando \u00danico les ofreci\u00f3 aumentar los patrullajes, sin embargo s\u00f3lo se ha destinado una unidad, la cual recorre la colonia cada tercer d\u00eda, mientras tanto tienen que ser los habitantes quienes vigilen las calles de su colonia.<\/p>\n<p><a href=\"https:\/\/www.launion.com.mx\/morelos\/cuautla\/noticias\/94886-habitantes-de-cuautla-amenazan-con-hacer-justicia-por-mano-propia-ante-inseguridad.html\" target=\"_blank\">https:\/\/www.launion.com.mx\/morelos\/cuautla\/noticias\/94886-habitantes-de-cuautla-amenazan-con-hacer-justicia-por-mano-propia-ante-inseguridad.html<\/a><\/p>\n","protected":false},"excerpt":{"rendered":"<p>Mario Vega, Morelos. Los vecinos denunciaron que todos los d\u00edas son v\u00edctimas de asaltos y saqueos a casas habitaci\u00f3n, sin que la polic\u00eda del Mando \u00danico tenga capacidad para contener &hellip; <a href=\"http:\/\/www.grieta.org.mx\/index.php\/2016\/09\/03\/habitantes-de-cuautla-amenazan-con-hacer-justicia-por-mano-propia-ante-inseguridad\/\" class=\"more-link\">Leer m\u00e1s<\/a><\/p>\n","protected":false},"author":2,"featured_media":21928,"comment_status":"closed","ping_status":"closed","sticky":false,"template":"","format":"standard","meta":{"ngg_post_thumbnail":0,"_jetpack_newsletter_access":"","_jetpack_dont_email_post_to_subs":false,"_jetpack_newsletter_tier_id":0,"_jetpack_memberships_contains_paywalled_content":false,"_jetpack_memberships_contains_paid_content":false,"footnotes":""},"categories":[80,1759,22,2],"tags":[101,99,644,880,746],"class_list":["post-20864","post","type-post","status-publish","format-standard","has-post-thumbnail","hentry","category-cintillo","category-descontento-social-por-violencia-e-inseguridad-en-morelos","category-morelos","category-noticias-nacionales","tag-delincuencia","tag-inseguridad","tag-justicia","tag-protestas","tag-violencia","entry"],"jetpack_featured_media_url":"http:\/\/www.grieta.org.mx\/wp-content\/uploads\/2018\/03\/14524434_1106112876131411_958039263622046936_o.jpg","jetpack_sharing_enabled":true,"jetpack_shortlink":"https:\/\/wp.me\/p7ZJR4-5qw","jetpack_likes_enabled":false,"jetpack-related-posts":[{"id":20856,"url":"http:\/\/www.grieta.org.mx\/index.php\/2016\/09\/04\/descontento-social-por-violencia-e-inseguridad-en-morelos\/","url_meta":{"origin":20864,"position":0},"title":"Descontento social por violencia e inseguridad en Morelos","author":"grieta","date":"4 septiembre, 2016","format":false,"excerpt":"04\/09\/16. Alzan la voz universitarios contra la delincuencia El Sol de Cuautla 03\/09\/16. Habitantes de Cuautla amenazan con hacer justicia por mano propia ante inseguridad La Uni\u00f3n de Morelos 31\/08\/16. Escuela en Sat\u00e9lite, a merced de los ladrones La Uni\u00f3n de Morelos","rel":"","context":"En &quot;Morelos&quot;","block_context":{"text":"Morelos","link":"http:\/\/www.grieta.org.mx\/index.php\/category\/noticias-nacionales\/morelos\/"},"img":{"alt_text":"","src":"https:\/\/i0.wp.com\/www.grieta.org.mx\/wp-content\/uploads\/2018\/03\/14524434_1106112876131411_958039263622046936_o.jpg?resize=350%2C200","width":350,"height":200,"srcset":"https:\/\/i0.wp.com\/www.grieta.org.mx\/wp-content\/uploads\/2018\/03\/14524434_1106112876131411_958039263622046936_o.jpg?resize=350%2C200 1x, https:\/\/i0.wp.com\/www.grieta.org.mx\/wp-content\/uploads\/2018\/03\/14524434_1106112876131411_958039263622046936_o.jpg?resize=525%2C300 1.5x, https:\/\/i0.wp.com\/www.grieta.org.mx\/wp-content\/uploads\/2018\/03\/14524434_1106112876131411_958039263622046936_o.jpg?resize=700%2C400 2x"},"classes":[]},{"id":34591,"url":"http:\/\/www.grieta.org.mx\/index.php\/2019\/05\/27\/exigen-en-la-uaem-justicia-para-mariana-morelos\/","url_meta":{"origin":20864,"position":1},"title":"Exigen en la UAEM, justicia para Mariana (Morelos)","author":"grieta","date":"27 mayo, 2019","format":false,"excerpt":"Redacci\u00f3n\/Quadrat\u00edn Morelos CUERNAVACA, Mor., 27 de mayo 2019.- En demanda de justicia para Mariana, activistas, estudiantes y catedr\u00e1ticas de la Universidad Aut\u00f3noma del Estado de Morelos (UAEM) protestaron en el edificio principal de la M\u00e1xima Casa de Estudios y exigieron al rector, Gustavo Urquiza Beltr\u00e1n, que deje de defender a\u2026","rel":"","context":"En &quot;CINTILLO&quot;","block_context":{"text":"CINTILLO","link":"http:\/\/www.grieta.org.mx\/index.php\/category\/cintillo\/"},"img":{"alt_text":"","src":"https:\/\/i0.wp.com\/www.grieta.org.mx\/wp-content\/uploads\/2019\/06\/05D0870F-3A75-4D1C-9C97-F8B11EFD80E1-1160x700.jpeg?resize=350%2C200","width":350,"height":200,"srcset":"https:\/\/i0.wp.com\/www.grieta.org.mx\/wp-content\/uploads\/2019\/06\/05D0870F-3A75-4D1C-9C97-F8B11EFD80E1-1160x700.jpeg?resize=350%2C200 1x, https:\/\/i0.wp.com\/www.grieta.org.mx\/wp-content\/uploads\/2019\/06\/05D0870F-3A75-4D1C-9C97-F8B11EFD80E1-1160x700.jpeg?resize=525%2C300 1.5x, https:\/\/i0.wp.com\/www.grieta.org.mx\/wp-content\/uploads\/2019\/06\/05D0870F-3A75-4D1C-9C97-F8B11EFD80E1-1160x700.jpeg?resize=700%2C400 2x, https:\/\/i0.wp.com\/www.grieta.org.mx\/wp-content\/uploads\/2019\/06\/05D0870F-3A75-4D1C-9C97-F8B11EFD80E1-1160x700.jpeg?resize=1050%2C600 3x"},"classes":[]},{"id":174,"url":"http:\/\/www.grieta.org.mx\/index.php\/2016\/01\/12\/ante-la-inseguridad-vecinos-conforman-policias-seccionales\/","url_meta":{"origin":20864,"position":2},"title":"Ante la inseguridad vecinos conforman \u201cpolic\u00edas seccionales\u201d","author":"grieta","date":"12 enero, 2016","format":false,"excerpt":"P\u00e1gina 3. Diana Manzo, Juchit\u00e1n, Oaxaca.- Vecinos de la primera y segunda secci\u00f3n de Juchit\u00e1n a trav\u00e9s del proyecto \u201cCuida tu secci\u00f3n\u201d conformaron dos grupos de ciudadanos voluntarios con cincuenta vecinos cada uno, y que recibir\u00e1n en los pr\u00f3ximos d\u00edas capacitaci\u00f3n de parte de la Secretaria de Seguridad P\u00fablica de\u2026","rel":"","context":"En &quot;CINTILLO&quot;","block_context":{"text":"CINTILLO","link":"http:\/\/www.grieta.org.mx\/index.php\/category\/cintillo\/"},"img":{"alt_text":"","src":"https:\/\/i0.wp.com\/www.grieta.org.mx\/wp-content\/uploads\/2018\/03\/14524434_1106112876131411_958039263622046936_o.jpg?resize=350%2C200","width":350,"height":200,"srcset":"https:\/\/i0.wp.com\/www.grieta.org.mx\/wp-content\/uploads\/2018\/03\/14524434_1106112876131411_958039263622046936_o.jpg?resize=350%2C200 1x, https:\/\/i0.wp.com\/www.grieta.org.mx\/wp-content\/uploads\/2018\/03\/14524434_1106112876131411_958039263622046936_o.jpg?resize=525%2C300 1.5x, https:\/\/i0.wp.com\/www.grieta.org.mx\/wp-content\/uploads\/2018\/03\/14524434_1106112876131411_958039263622046936_o.jpg?resize=700%2C400 2x"},"classes":[]},{"id":19740,"url":"http:\/\/www.grieta.org.mx\/index.php\/2016\/08\/29\/contra-la-inseguridad-el-despojo-la-corrupcion-la-injusticia-se-movilizan-en-morelos\/","url_meta":{"origin":20864,"position":3},"title":"Movilizaciones contra la inseguridad, el despojo, la corrupci\u00f3n, la injusticia, en Morelos","author":"grieta","date":"29 agosto, 2016","format":false,"excerpt":"29\/08\/16. Polic\u00eda de Morelos golpea a Sicilia La Jornada San Luis 17\/08\/16. Se unen a protesta pueblos originarios El Sol de Cuernavaca 16\/08\/16. Se movilizan 100 mil en Morelos; piden renuncia de Graco y no m\u00e1s impunidad Proceso","rel":"","context":"En &quot;Morelos&quot;","block_context":{"text":"Morelos","link":"http:\/\/www.grieta.org.mx\/index.php\/category\/noticias-nacionales\/morelos\/"},"img":{"alt_text":"","src":"https:\/\/i0.wp.com\/www.grieta.org.mx\/wp-content\/uploads\/2018\/03\/14524434_1106112876131411_958039263622046936_o.jpg?resize=350%2C200","width":350,"height":200,"srcset":"https:\/\/i0.wp.com\/www.grieta.org.mx\/wp-content\/uploads\/2018\/03\/14524434_1106112876131411_958039263622046936_o.jpg?resize=350%2C200 1x, https:\/\/i0.wp.com\/www.grieta.org.mx\/wp-content\/uploads\/2018\/03\/14524434_1106112876131411_958039263622046936_o.jpg?resize=525%2C300 1.5x, https:\/\/i0.wp.com\/www.grieta.org.mx\/wp-content\/uploads\/2018\/03\/14524434_1106112876131411_958039263622046936_o.jpg?resize=700%2C400 2x"},"classes":[]},{"id":20860,"url":"http:\/\/www.grieta.org.mx\/index.php\/2016\/08\/31\/escuela-en-satelite-a-merced-de-los-ladrones-morelos\/","url_meta":{"origin":20864,"position":4},"title":"Escuela en Sat\u00e9lite, a merced de los ladrones (MORELOS)","author":"grieta","date":"31 agosto, 2016","format":false,"excerpt":"Tlaulli Preciado, Morelos. Cuernavaca, Morelos.- Padres de familia y estudiantes de la escuela \"Jos\u00e9 Vasconcelos\", ubicada en la colonia Sat\u00e9lite de esta ciudad, bloquearon la calle Felipe Rivera Crespo para protestar porque en menos de cuatro meses el plantel ha sido robado en siete ocasiones. Los manifestantes se apostaron con\u2026","rel":"","context":"En &quot;CINTILLO&quot;","block_context":{"text":"CINTILLO","link":"http:\/\/www.grieta.org.mx\/index.php\/category\/cintillo\/"},"img":{"alt_text":"","src":"https:\/\/i0.wp.com\/www.grieta.org.mx\/wp-content\/uploads\/2018\/03\/14524434_1106112876131411_958039263622046936_o.jpg?resize=350%2C200","width":350,"height":200,"srcset":"https:\/\/i0.wp.com\/www.grieta.org.mx\/wp-content\/uploads\/2018\/03\/14524434_1106112876131411_958039263622046936_o.jpg?resize=350%2C200 1x, https:\/\/i0.wp.com\/www.grieta.org.mx\/wp-content\/uploads\/2018\/03\/14524434_1106112876131411_958039263622046936_o.jpg?resize=525%2C300 1.5x, https:\/\/i0.wp.com\/www.grieta.org.mx\/wp-content\/uploads\/2018\/03\/14524434_1106112876131411_958039263622046936_o.jpg?resize=700%2C400 2x"},"classes":[]},{"id":36114,"url":"http:\/\/www.grieta.org.mx\/index.php\/2019\/07\/08\/la-inseguridad-abruma-a-los-culiacanenses-sinaloa\/","url_meta":{"origin":20864,"position":5},"title":"La inseguridad abruma a los culiacanenses (Sinaloa)","author":"grieta","date":"8 julio, 2019","format":false,"excerpt":"Foto: EL Debate La inseguridad abruma a los culiacanenses, ya que 6 de cada 10 ha sido victima de la violencia en los \u00faltimos seis meses Mar\u00eda ELizalde \/ EL Debate Culiac\u00e1n, Sinaloa.- En los \u00faltimos seis meses, seis de cada diez culiacanenses dijeron haber tenido problemas de inseguridad en\u2026","rel":"","context":"En &quot;CINTILLO&quot;","block_context":{"text":"CINTILLO","link":"http:\/\/www.grieta.org.mx\/index.php\/category\/cintillo\/"},"img":{"alt_text":"","src":"https:\/\/i0.wp.com\/www.grieta.org.mx\/wp-content\/uploads\/2019\/07\/la_inseguridad_abruma_a_los_culiacanenses_1.jpg_219914347.jpg?resize=350%2C200","width":350,"height":200,"srcset":"https:\/\/i0.wp.com\/www.grieta.org.mx\/wp-content\/uploads\/2019\/07\/la_inseguridad_abruma_a_los_culiacanenses_1.jpg_219914347.jpg?resize=350%2C200 1x, https:\/\/i0.wp.com\/www.grieta.org.mx\/wp-content\/uploads\/2019\/07\/la_inseguridad_abruma_a_los_culiacanenses_1.jpg_219914347.jpg?resize=525%2C300 1.5x, https:\/\/i0.wp.com\/www.grieta.org.mx\/wp-content\/uploads\/2019\/07\/la_inseguridad_abruma_a_los_culiacanenses_1.jpg_219914347.jpg?resize=700%2C400 2x"},"classes":[]}],"_links":{"self":[{"href":"http:\/\/www.grieta.org.mx\/index.php\/wp-json\/wp\/v2\/posts\/20864","targetHints":{"allow":["GET"]}}],"collection":[{"href":"http:\/\/www.grieta.org.mx\/index.php\/wp-json\/wp\/v2\/posts"}],"about":[{"href":"http:\/\/www.grieta.org.mx\/index.php\/wp-json\/wp\/v2\/types\/post"}],"author":[{"embeddable":true,"href":"http:\/\/www.grieta.org.mx\/index.php\/wp-json\/wp\/v2\/users\/2"}],"replies":[{"embeddable":true,"href":"http:\/\/www.grieta.org.mx\/index.php\/wp-json\/wp\/v2\/comments?post=20864"}],"version-history":[{"count":1,"href":"http:\/\/www.grieta.org.mx\/index.php\/wp-json\/wp\/v2\/posts\/20864\/revisions"}],"predecessor-version":[{"id":20865,"href":"http:\/\/www.grieta.org.mx\/index.php\/wp-json\/wp\/v2\/posts\/20864\/revisions\/20865"}],"wp:featuredmedia":[{"embeddable":true,"href":"http:\/\/www.grieta.org.mx\/index.php\/wp-json\/wp\/v2\/media\/21928"}],"wp:attachment":[{"href":"http:\/\/www.grieta.org.mx\/index.php\/wp-json\/wp\/v2\/media?parent=20864"}],"wp:term":[{"taxonomy":"category","embeddable":true,"href":"http:\/\/www.grieta.org.mx\/index.php\/wp-json\/wp\/v2\/categories?post=20864"},{"taxonomy":"post_tag","embeddable":true,"href":"http:\/\/www.grieta.org.mx\/index.php\/wp-json\/wp\/v2\/tags?post=20864"}],"curies":[{"name":"wp","href":"https:\/\/api.w.org\/{rel}","templated":true}]}}