{"id":20857,"date":"2016-09-04T23:54:52","date_gmt":"2016-09-05T04:54:52","guid":{"rendered":"http:\/\/www.grieta.org.mx\/?p=20857"},"modified":"2018-09-26T22:19:05","modified_gmt":"2018-09-27T03:19:05","slug":"alzan-la-voz-universitarios-contra-la-delincuencia-morelos","status":"publish","type":"post","link":"http:\/\/www.grieta.org.mx\/index.php\/2016\/09\/04\/alzan-la-voz-universitarios-contra-la-delincuencia-morelos\/","title":{"rendered":"Alzan la voz universitarios contra la delincuencia (MORELOS)"},"content":{"rendered":"<p>Emmanuel Ruiz, Morelos.<\/p>\n<p>Cuautla est\u00e1 lejos de ser un lugar donde los estudiantes se sientan seguros. Tras los impactos de bala que recibi\u00f3 un alumno del Centro Educativo &#8220;F\u00e9nix&#8221; en la colonia Emiliano Zapata, al haber estado en el lugar y momento equivocado, el miedo parece acrecentarse entre los j\u00f3venes, quienes se han manifestado contra la violencia y exigido mayor seguridad en las calles.<\/p>\n<p>Al tener la oportunidad de hablar con el secretario de Seguridad P\u00fablica en la ciudad, el vicepresidente del Comit\u00e9 Ejecutivo de la Sociedad de Alumnos del Instituto Tecnol\u00f3gico de Cuautla (ITC), Jorge Alexis Negrete Torres, extern\u00f3 ese temor y pidi\u00f3 a Jes\u00fas P\u00e9rez Abarca garantizar la tranquilidad de la comunidad estudiantil, pues constantemente se registran asaltos en los que sus compa\u00f1eros pierden sus pertenencias:<\/p>\n<p>&#8220;Muchos salimos de la escuela y nos vamos al trabajo con nuestras computadoras, y ha habido casos de asaltos que son lamentables, porque esos equipos se adquieren con mucho esfuerzo&#8221;, extern\u00f3.<\/p>\n<p>El joven consider\u00f3 que la labor de los elementos policiacos no debe enfocarse s\u00f3lo en proteger el Centro Hist\u00f3rico, sino todas las zonas de riesgo.<\/p>\n<p>&#8220;Muchos estudiantes somos trabajadores y eso puede conllevar tener que regresar a casa por la noche, ya muy tarde, cuando los riesgos aumentan&#8221;, dijo.<\/p>\n<p>Entre los j\u00f3venes, las quejas m\u00e1s frecuentes en temas de seguridad tienen que ver con los asaltos registrados en pleno Centro Hist\u00f3rico, particularmente al momento de realizar un retiro bancario, debido al esquema del programa estatal &#8220;Beca Salario&#8221;, que exige a los alumnos retirar dinero en fechas programadas.<\/p>\n<p><a href=\"http:\/\/www.oem.com.mx\/elsoldecuautla\/notas\/n4273770.htm\" target=\"_blank\">http:\/\/www.oem.com.mx\/elsoldecuautla\/notas\/n4273770.htm<\/a><\/p>\n","protected":false},"excerpt":{"rendered":"<p>Emmanuel Ruiz, Morelos. Cuautla est\u00e1 lejos de ser un lugar donde los estudiantes se sientan seguros. Tras los impactos de bala que recibi\u00f3 un alumno del Centro Educativo &#8220;F\u00e9nix&#8221; en &hellip; <a href=\"http:\/\/www.grieta.org.mx\/index.php\/2016\/09\/04\/alzan-la-voz-universitarios-contra-la-delincuencia-morelos\/\" class=\"more-link\">Leer m\u00e1s<\/a><\/p>\n","protected":false},"author":2,"featured_media":21928,"comment_status":"closed","ping_status":"closed","sticky":false,"template":"","format":"standard","meta":{"ngg_post_thumbnail":0,"_jetpack_newsletter_access":"","_jetpack_dont_email_post_to_subs":false,"_jetpack_newsletter_tier_id":0,"_jetpack_memberships_contains_paywalled_content":false,"_jetpack_memberships_contains_paid_content":false,"footnotes":""},"categories":[80,1759,22,2],"tags":[101,174,99,746],"class_list":["post-20857","post","type-post","status-publish","format-standard","has-post-thumbnail","hentry","category-cintillo","category-descontento-social-por-violencia-e-inseguridad-en-morelos","category-morelos","category-noticias-nacionales","tag-delincuencia","tag-derechos-humanos","tag-inseguridad","tag-violencia","entry"],"jetpack_featured_media_url":"http:\/\/www.grieta.org.mx\/wp-content\/uploads\/2018\/03\/14524434_1106112876131411_958039263622046936_o.jpg","jetpack_sharing_enabled":true,"jetpack_shortlink":"https:\/\/wp.me\/p7ZJR4-5qp","jetpack_likes_enabled":false,"jetpack-related-posts":[{"id":20856,"url":"http:\/\/www.grieta.org.mx\/index.php\/2016\/09\/04\/descontento-social-por-violencia-e-inseguridad-en-morelos\/","url_meta":{"origin":20857,"position":0},"title":"Descontento social por violencia e inseguridad en Morelos","author":"grieta","date":"4 septiembre, 2016","format":false,"excerpt":"04\/09\/16. Alzan la voz universitarios contra la delincuencia El Sol de Cuautla 03\/09\/16. Habitantes de Cuautla amenazan con hacer justicia por mano propia ante inseguridad La Uni\u00f3n de Morelos 31\/08\/16. Escuela en Sat\u00e9lite, a merced de los ladrones La Uni\u00f3n de Morelos","rel":"","context":"En &quot;Morelos&quot;","block_context":{"text":"Morelos","link":"http:\/\/www.grieta.org.mx\/index.php\/category\/noticias-nacionales\/morelos\/"},"img":{"alt_text":"","src":"https:\/\/i0.wp.com\/www.grieta.org.mx\/wp-content\/uploads\/2018\/03\/14524434_1106112876131411_958039263622046936_o.jpg?resize=350%2C200","width":350,"height":200,"srcset":"https:\/\/i0.wp.com\/www.grieta.org.mx\/wp-content\/uploads\/2018\/03\/14524434_1106112876131411_958039263622046936_o.jpg?resize=350%2C200 1x, https:\/\/i0.wp.com\/www.grieta.org.mx\/wp-content\/uploads\/2018\/03\/14524434_1106112876131411_958039263622046936_o.jpg?resize=525%2C300 1.5x, https:\/\/i0.wp.com\/www.grieta.org.mx\/wp-content\/uploads\/2018\/03\/14524434_1106112876131411_958039263622046936_o.jpg?resize=700%2C400 2x"},"classes":[]},{"id":20864,"url":"http:\/\/www.grieta.org.mx\/index.php\/2016\/09\/03\/habitantes-de-cuautla-amenazan-con-hacer-justicia-por-mano-propia-ante-inseguridad\/","url_meta":{"origin":20857,"position":1},"title":"Habitantes de Cuautla amenazan con hacer justicia por mano propia ante inseguridad","author":"grieta","date":"3 septiembre, 2016","format":false,"excerpt":"Mario Vega, Morelos. Los vecinos denunciaron que todos los d\u00edas son v\u00edctimas de asaltos y saqueos a casas habitaci\u00f3n, sin que la polic\u00eda del Mando \u00danico tenga capacidad para contener a las bandas delincuenciales que act\u00faan a cualquier hora, sin importar si es de d\u00eda. Se\u00f1alaron que tan solo en\u2026","rel":"","context":"En &quot;CINTILLO&quot;","block_context":{"text":"CINTILLO","link":"http:\/\/www.grieta.org.mx\/index.php\/category\/cintillo\/"},"img":{"alt_text":"","src":"https:\/\/i0.wp.com\/www.grieta.org.mx\/wp-content\/uploads\/2018\/03\/14524434_1106112876131411_958039263622046936_o.jpg?resize=350%2C200","width":350,"height":200,"srcset":"https:\/\/i0.wp.com\/www.grieta.org.mx\/wp-content\/uploads\/2018\/03\/14524434_1106112876131411_958039263622046936_o.jpg?resize=350%2C200 1x, https:\/\/i0.wp.com\/www.grieta.org.mx\/wp-content\/uploads\/2018\/03\/14524434_1106112876131411_958039263622046936_o.jpg?resize=525%2C300 1.5x, https:\/\/i0.wp.com\/www.grieta.org.mx\/wp-content\/uploads\/2018\/03\/14524434_1106112876131411_958039263622046936_o.jpg?resize=700%2C400 2x"},"classes":[]},{"id":38373,"url":"http:\/\/www.grieta.org.mx\/index.php\/2019\/07\/26\/morelos-en-segundo-lugar-en-feminicidios-semaforo-delictivo\/","url_meta":{"origin":20857,"position":2},"title":"Morelos, en segundo lugar en feminicidios: Sem\u00e1foro Delictivo","author":"grieta","date":"26 julio, 2019","format":false,"excerpt":"Dulce Valdepe\u00f1a \/ Quadrat\u00edn Morelos CUAUTLA, Mor., 26 de julio del 2019.- De acuerdo al los resultados que arroj\u00f3 el proyecto social \u201cSem\u00e1foro Delictivo\u201d, el estado de Morelos se encuentra en el segundo lugar a nivel nacional en feminicidios seguido de Veracruz. El estado de Morelos tiene ocho municipios con\u2026","rel":"","context":"En &quot;CINTILLO&quot;","block_context":{"text":"CINTILLO","link":"http:\/\/www.grieta.org.mx\/index.php\/category\/cintillo\/"},"img":{"alt_text":"","src":"https:\/\/i0.wp.com\/www.grieta.org.mx\/wp-content\/uploads\/2019\/08\/04CA5DC0-5C28-45B9-9483-C2E274BBECF2-1160x700.jpeg?resize=350%2C200","width":350,"height":200,"srcset":"https:\/\/i0.wp.com\/www.grieta.org.mx\/wp-content\/uploads\/2019\/08\/04CA5DC0-5C28-45B9-9483-C2E274BBECF2-1160x700.jpeg?resize=350%2C200 1x, https:\/\/i0.wp.com\/www.grieta.org.mx\/wp-content\/uploads\/2019\/08\/04CA5DC0-5C28-45B9-9483-C2E274BBECF2-1160x700.jpeg?resize=525%2C300 1.5x, https:\/\/i0.wp.com\/www.grieta.org.mx\/wp-content\/uploads\/2019\/08\/04CA5DC0-5C28-45B9-9483-C2E274BBECF2-1160x700.jpeg?resize=700%2C400 2x, https:\/\/i0.wp.com\/www.grieta.org.mx\/wp-content\/uploads\/2019\/08\/04CA5DC0-5C28-45B9-9483-C2E274BBECF2-1160x700.jpeg?resize=1050%2C600 3x"},"classes":[]},{"id":19722,"url":"http:\/\/www.grieta.org.mx\/index.php\/2016\/08\/11\/feminicidios-imparables-a-pesar-de-alerta-de-genero-en-morelos\/","url_meta":{"origin":20857,"position":3},"title":"Feminicidios, imparables a pesar de Alerta de G\u00e9nero en Morelos","author":"grieta","date":"11 agosto, 2016","format":false,"excerpt":"Paris Alejandro Salazar y Estrella Pedroza, Morelos. MORELOS (La Silla Rota).- A un a\u00f1o de que la Secretar\u00eda de Gobernaci\u00f3n (Segob) emiti\u00f3 la Alerta de Violencia de G\u00e9nero (AVG) para ocho municipios de Morelos, los feminicidios lejos de disminuir van en aumento y se han extendido en la entidad. Desde\u2026","rel":"","context":"En &quot;CINTILLO&quot;","block_context":{"text":"CINTILLO","link":"http:\/\/www.grieta.org.mx\/index.php\/category\/cintillo\/"},"img":{"alt_text":"","src":"https:\/\/i0.wp.com\/www.grieta.org.mx\/wp-content\/uploads\/2018\/03\/14524434_1106112876131411_958039263622046936_o.jpg?resize=350%2C200","width":350,"height":200,"srcset":"https:\/\/i0.wp.com\/www.grieta.org.mx\/wp-content\/uploads\/2018\/03\/14524434_1106112876131411_958039263622046936_o.jpg?resize=350%2C200 1x, https:\/\/i0.wp.com\/www.grieta.org.mx\/wp-content\/uploads\/2018\/03\/14524434_1106112876131411_958039263622046936_o.jpg?resize=525%2C300 1.5x, https:\/\/i0.wp.com\/www.grieta.org.mx\/wp-content\/uploads\/2018\/03\/14524434_1106112876131411_958039263622046936_o.jpg?resize=700%2C400 2x"},"classes":[]},{"id":32513,"url":"http:\/\/www.grieta.org.mx\/index.php\/2019\/04\/25\/marinos-regresan-a-morelos-10-anos-despues-del-operativo-donde-murio-arturo-beltran-leyva\/","url_meta":{"origin":20857,"position":4},"title":"Marinos regresan a Morelos 10 a\u00f1os despu\u00e9s del operativo donde muri\u00f3 Arturo Beltr\u00e1n Leyva","author":"grieta","date":"25 abril, 2019","format":false,"excerpt":"Ver\u00f3nica Bcaz \/ El Financiero El Gobierno de Morelos confirm\u00f3, sin especificar el n\u00famero, la llegada de elementos de la Marina tras hechos violentos en el estado. El Gobierno de Morelos confirm\u00f3 este jueves el arribo de elementos de la Secretar\u00eda de Marina (Semar) al estado, tras los hechos violentos\u2026","rel":"","context":"En &quot;CINTILLO&quot;","block_context":{"text":"CINTILLO","link":"http:\/\/www.grieta.org.mx\/index.php\/category\/cintillo\/"},"img":{"alt_text":"","src":"https:\/\/i0.wp.com\/www.grieta.org.mx\/wp-content\/uploads\/2019\/04\/116ce3668c1556216983_standard_desktop_medium_retina.jpeg?resize=350%2C200","width":350,"height":200,"srcset":"https:\/\/i0.wp.com\/www.grieta.org.mx\/wp-content\/uploads\/2019\/04\/116ce3668c1556216983_standard_desktop_medium_retina.jpeg?resize=350%2C200 1x, https:\/\/i0.wp.com\/www.grieta.org.mx\/wp-content\/uploads\/2019\/04\/116ce3668c1556216983_standard_desktop_medium_retina.jpeg?resize=525%2C300 1.5x, https:\/\/i0.wp.com\/www.grieta.org.mx\/wp-content\/uploads\/2019\/04\/116ce3668c1556216983_standard_desktop_medium_retina.jpeg?resize=700%2C400 2x, https:\/\/i0.wp.com\/www.grieta.org.mx\/wp-content\/uploads\/2019\/04\/116ce3668c1556216983_standard_desktop_medium_retina.jpeg?resize=1050%2C600 3x"},"classes":[]},{"id":10338,"url":"http:\/\/www.grieta.org.mx\/index.php\/2016\/04\/11\/protestas-contra-relleno-sanitario-en-cuautla-morelos\/","url_meta":{"origin":20857,"position":5},"title":"Protestas contra relleno sanitario en Cuautla, Morelos","author":"grieta","date":"11 abril, 2016","format":false,"excerpt":"11\/04\/16. Enmedio de protestas al gobernador, se realiz\u00f3 el 97 aniversario luctuoso del Caudillo del Sur El Sol de Cuautla 18\/03\/16. Incumple con norma ambiental relleno sanitario que Morelos ofreci\u00f3 a la CDMX Proceso","rel":"","context":"En &quot;Morelos&quot;","block_context":{"text":"Morelos","link":"http:\/\/www.grieta.org.mx\/index.php\/category\/noticias-nacionales\/morelos\/"},"img":{"alt_text":"","src":"https:\/\/i0.wp.com\/www.grieta.org.mx\/wp-content\/uploads\/2018\/03\/14524434_1106112876131411_958039263622046936_o.jpg?resize=350%2C200","width":350,"height":200,"srcset":"https:\/\/i0.wp.com\/www.grieta.org.mx\/wp-content\/uploads\/2018\/03\/14524434_1106112876131411_958039263622046936_o.jpg?resize=350%2C200 1x, https:\/\/i0.wp.com\/www.grieta.org.mx\/wp-content\/uploads\/2018\/03\/14524434_1106112876131411_958039263622046936_o.jpg?resize=525%2C300 1.5x, https:\/\/i0.wp.com\/www.grieta.org.mx\/wp-content\/uploads\/2018\/03\/14524434_1106112876131411_958039263622046936_o.jpg?resize=700%2C400 2x"},"classes":[]}],"_links":{"self":[{"href":"http:\/\/www.grieta.org.mx\/index.php\/wp-json\/wp\/v2\/posts\/20857","targetHints":{"allow":["GET"]}}],"collection":[{"href":"http:\/\/www.grieta.org.mx\/index.php\/wp-json\/wp\/v2\/posts"}],"about":[{"href":"http:\/\/www.grieta.org.mx\/index.php\/wp-json\/wp\/v2\/types\/post"}],"author":[{"embeddable":true,"href":"http:\/\/www.grieta.org.mx\/index.php\/wp-json\/wp\/v2\/users\/2"}],"replies":[{"embeddable":true,"href":"http:\/\/www.grieta.org.mx\/index.php\/wp-json\/wp\/v2\/comments?post=20857"}],"version-history":[{"count":1,"href":"http:\/\/www.grieta.org.mx\/index.php\/wp-json\/wp\/v2\/posts\/20857\/revisions"}],"predecessor-version":[{"id":20858,"href":"http:\/\/www.grieta.org.mx\/index.php\/wp-json\/wp\/v2\/posts\/20857\/revisions\/20858"}],"wp:featuredmedia":[{"embeddable":true,"href":"http:\/\/www.grieta.org.mx\/index.php\/wp-json\/wp\/v2\/media\/21928"}],"wp:attachment":[{"href":"http:\/\/www.grieta.org.mx\/index.php\/wp-json\/wp\/v2\/media?parent=20857"}],"wp:term":[{"taxonomy":"category","embeddable":true,"href":"http:\/\/www.grieta.org.mx\/index.php\/wp-json\/wp\/v2\/categories?post=20857"},{"taxonomy":"post_tag","embeddable":true,"href":"http:\/\/www.grieta.org.mx\/index.php\/wp-json\/wp\/v2\/tags?post=20857"}],"curies":[{"name":"wp","href":"https:\/\/api.w.org\/{rel}","templated":true}]}}