{"id":20856,"date":"2016-09-04T23:55:05","date_gmt":"2016-09-05T04:55:05","guid":{"rendered":"http:\/\/www.grieta.org.mx\/?p=20856"},"modified":"2016-09-05T12:24:31","modified_gmt":"2016-09-05T17:24:31","slug":"descontento-social-por-violencia-e-inseguridad-en-morelos","status":"publish","type":"post","link":"http:\/\/www.grieta.org.mx\/index.php\/2016\/09\/04\/descontento-social-por-violencia-e-inseguridad-en-morelos\/","title":{"rendered":"Descontento social por violencia e inseguridad en Morelos"},"content":{"rendered":"<p><strong>04\/09\/16. <\/strong><a href=\"http:\/\/www.grieta.org.mx\/index.php\/2016\/09\/04\/alzan-la-voz-universitarios-contra-la-delincuencia-morelos\/\">Alzan la voz universitarios contra la delincuencia<\/a><br \/>\n<em>El Sol de Cuautla<\/em><\/p>\n<p><strong>03\/09\/16. <\/strong><a href=\"http:\/\/www.grieta.org.mx\/index.php\/2016\/09\/03\/habitantes-de-cuautla-amenazan-con-hacer-justicia-por-mano-propia-ante-inseguridad\/\">Habitantes de Cuautla amenazan con hacer justicia por mano propia ante inseguridad<\/a><br \/>\n<em>La Uni\u00f3n de Morelos<\/em><\/p>\n<p><strong>31\/08\/16. <\/strong><a href=\"http:\/\/www.grieta.org.mx\/index.php\/2016\/08\/31\/escuela-en-satelite-a-merced-de-los-ladrones-morelos\/\">Escuela en Sat\u00e9lite, a merced de los ladrones <\/a><br \/>\n<em>La Uni\u00f3n de Morelos<\/em><\/p>\n","protected":false},"excerpt":{"rendered":"<p>04\/09\/16. Alzan la voz universitarios contra la delincuencia El Sol de Cuautla 03\/09\/16. Habitantes de Cuautla amenazan con hacer justicia por mano propia ante inseguridad La Uni\u00f3n de Morelos 31\/08\/16. &hellip; <a href=\"http:\/\/www.grieta.org.mx\/index.php\/2016\/09\/04\/descontento-social-por-violencia-e-inseguridad-en-morelos\/\" class=\"more-link\">Leer m\u00e1s<\/a><\/p>\n","protected":false},"author":2,"featured_media":21928,"comment_status":"closed","ping_status":"closed","sticky":false,"template":"","format":"standard","meta":{"ngg_post_thumbnail":0,"_jetpack_newsletter_access":"","_jetpack_dont_email_post_to_subs":false,"_jetpack_newsletter_tier_id":0,"_jetpack_memberships_contains_paywalled_content":false,"_jetpack_memberships_contains_paid_content":false,"footnotes":""},"categories":[22,2],"tags":[],"class_list":["post-20856","post","type-post","status-publish","format-standard","has-post-thumbnail","hentry","category-morelos","category-noticias-nacionales","entry"],"jetpack_featured_media_url":"http:\/\/www.grieta.org.mx\/wp-content\/uploads\/2018\/03\/14524434_1106112876131411_958039263622046936_o.jpg","jetpack_sharing_enabled":true,"jetpack_shortlink":"https:\/\/wp.me\/p7ZJR4-5qo","jetpack_likes_enabled":false,"jetpack-related-posts":[{"id":8594,"url":"http:\/\/www.grieta.org.mx\/index.php\/2016\/09\/04\/organizacion-contra-proyecto-integral-morelos\/","url_meta":{"origin":20856,"position":0},"title":"Rechazo al Proyecto Integral Morelos (PIM) en Morelos","author":"grieta","date":"4 septiembre, 2016","format":false,"excerpt":"04\/09\/16. Estancado, el conflicto por el acueducto en San Pedro Apatlaco La Uni\u00f3n de Morelos 01\/09\/16. Cierran filas ejidatarios para impedir infiltraci\u00f3n de agitadores La Uni\u00f3n de Morelos 31\/08\/16. Ofrece el FAM rueda de prensa; Frente de Pueblos refiere que hay 20 detenidos por hechos ocurridos en Apatlaco La Uni\u00f3n\u2026","rel":"","context":"En &quot;Morelos&quot;","block_context":{"text":"Morelos","link":"http:\/\/www.grieta.org.mx\/index.php\/category\/noticias-nacionales\/morelos\/"},"img":{"alt_text":"","src":"https:\/\/i0.wp.com\/www.grieta.org.mx\/wp-content\/uploads\/2018\/03\/14524434_1106112876131411_958039263622046936_o.jpg?resize=350%2C200","width":350,"height":200,"srcset":"https:\/\/i0.wp.com\/www.grieta.org.mx\/wp-content\/uploads\/2018\/03\/14524434_1106112876131411_958039263622046936_o.jpg?resize=350%2C200 1x, https:\/\/i0.wp.com\/www.grieta.org.mx\/wp-content\/uploads\/2018\/03\/14524434_1106112876131411_958039263622046936_o.jpg?resize=525%2C300 1.5x, https:\/\/i0.wp.com\/www.grieta.org.mx\/wp-content\/uploads\/2018\/03\/14524434_1106112876131411_958039263622046936_o.jpg?resize=700%2C400 2x"},"classes":[]},{"id":20864,"url":"http:\/\/www.grieta.org.mx\/index.php\/2016\/09\/03\/habitantes-de-cuautla-amenazan-con-hacer-justicia-por-mano-propia-ante-inseguridad\/","url_meta":{"origin":20856,"position":1},"title":"Habitantes de Cuautla amenazan con hacer justicia por mano propia ante inseguridad","author":"grieta","date":"3 septiembre, 2016","format":false,"excerpt":"Mario Vega, Morelos. Los vecinos denunciaron que todos los d\u00edas son v\u00edctimas de asaltos y saqueos a casas habitaci\u00f3n, sin que la polic\u00eda del Mando \u00danico tenga capacidad para contener a las bandas delincuenciales que act\u00faan a cualquier hora, sin importar si es de d\u00eda. Se\u00f1alaron que tan solo en\u2026","rel":"","context":"En &quot;CINTILLO&quot;","block_context":{"text":"CINTILLO","link":"http:\/\/www.grieta.org.mx\/index.php\/category\/cintillo\/"},"img":{"alt_text":"","src":"https:\/\/i0.wp.com\/www.grieta.org.mx\/wp-content\/uploads\/2018\/03\/14524434_1106112876131411_958039263622046936_o.jpg?resize=350%2C200","width":350,"height":200,"srcset":"https:\/\/i0.wp.com\/www.grieta.org.mx\/wp-content\/uploads\/2018\/03\/14524434_1106112876131411_958039263622046936_o.jpg?resize=350%2C200 1x, https:\/\/i0.wp.com\/www.grieta.org.mx\/wp-content\/uploads\/2018\/03\/14524434_1106112876131411_958039263622046936_o.jpg?resize=525%2C300 1.5x, https:\/\/i0.wp.com\/www.grieta.org.mx\/wp-content\/uploads\/2018\/03\/14524434_1106112876131411_958039263622046936_o.jpg?resize=700%2C400 2x"},"classes":[]},{"id":40943,"url":"http:\/\/www.grieta.org.mx\/index.php\/2019\/10\/22\/detenida-ampliacion-de-autopista-la-pera-cuautla-a-la-altura-de-tepoztlan-rogelio-torres-morelos\/","url_meta":{"origin":20856,"position":2},"title":"Detenida, ampliaci\u00f3n de autopista La Pera-Cuautla a la altura de Tepoztl\u00e1n: Rogelio Torres  (Morelos)","author":"grieta","date":"22 octubre, 2019","format":false,"excerpt":"Tlaulli Preciado \/ La Uni\u00f3n El presidente municipal de Tepoztl\u00e1n, Rogelio Torres Ortega, apunt\u00f3 que los trabajos de la ampliaci\u00f3n de la autopista La Pera-Cuautla, a la altura de dicho municipio, est\u00e1n detenidos. Al respecto, el edil refiri\u00f3 que se trata de un asunto de la empresa que, hasta donde\u2026","rel":"","context":"En &quot;12. Tepoztl\u00e1n&quot;","block_context":{"text":"12. Tepoztl\u00e1n","link":"http:\/\/www.grieta.org.mx\/index.php\/category\/espejos-de-la-resistencia\/12-tepoztlan\/"},"img":{"alt_text":"","src":"https:\/\/i0.wp.com\/www.grieta.org.mx\/wp-content\/uploads\/2019\/11\/7ec3f57bf0375813c33a6d37e68ca2f0_L.jpg?resize=350%2C200","width":350,"height":200,"srcset":"https:\/\/i0.wp.com\/www.grieta.org.mx\/wp-content\/uploads\/2019\/11\/7ec3f57bf0375813c33a6d37e68ca2f0_L.jpg?resize=350%2C200 1x, https:\/\/i0.wp.com\/www.grieta.org.mx\/wp-content\/uploads\/2019\/11\/7ec3f57bf0375813c33a6d37e68ca2f0_L.jpg?resize=525%2C300 1.5x, https:\/\/i0.wp.com\/www.grieta.org.mx\/wp-content\/uploads\/2019\/11\/7ec3f57bf0375813c33a6d37e68ca2f0_L.jpg?resize=700%2C400 2x, https:\/\/i0.wp.com\/www.grieta.org.mx\/wp-content\/uploads\/2019\/11\/7ec3f57bf0375813c33a6d37e68ca2f0_L.jpg?resize=1050%2C600 3x"},"classes":[]},{"id":11359,"url":"http:\/\/www.grieta.org.mx\/index.php\/2016\/07\/19\/protestas-por-la-construccion-de-la-autopista-siglo-xxi-en-morelos\/","url_meta":{"origin":20856,"position":3},"title":"Protestas por la construcci\u00f3n de la Autopista siglo XXI en Morelos","author":"grieta","date":"19 julio, 2016","format":false,"excerpt":"19\/07\/16. Nuevo bloqueo en la autopista \"Siglo XXI\" El Sol de Cuautla 06\/07\/16. Vecinos persiguieron a arque\u00f3logo del INAH porque se neg\u00f3 a explicar qu\u00e9 pasar\u00e1 con vestigios localizados en el trazo de la autopista Siglo XXIPunto por punto 17\/05\/16. Bloquean obras de la Siglo XXI en San Rafael -\u2026","rel":"","context":"En &quot;Morelos&quot;","block_context":{"text":"Morelos","link":"http:\/\/www.grieta.org.mx\/index.php\/category\/noticias-nacionales\/morelos\/"},"img":{"alt_text":"","src":"https:\/\/i0.wp.com\/www.grieta.org.mx\/wp-content\/uploads\/2018\/03\/14524434_1106112876131411_958039263622046936_o.jpg?resize=350%2C200","width":350,"height":200,"srcset":"https:\/\/i0.wp.com\/www.grieta.org.mx\/wp-content\/uploads\/2018\/03\/14524434_1106112876131411_958039263622046936_o.jpg?resize=350%2C200 1x, https:\/\/i0.wp.com\/www.grieta.org.mx\/wp-content\/uploads\/2018\/03\/14524434_1106112876131411_958039263622046936_o.jpg?resize=525%2C300 1.5x, https:\/\/i0.wp.com\/www.grieta.org.mx\/wp-content\/uploads\/2018\/03\/14524434_1106112876131411_958039263622046936_o.jpg?resize=700%2C400 2x"},"classes":[]},{"id":17529,"url":"http:\/\/www.grieta.org.mx\/index.php\/2016\/08\/03\/explotacion-y-abuso-infantil-en-morelos\/","url_meta":{"origin":20856,"position":4},"title":"Explotaci\u00f3n y abuso infantil en Morelos","author":"grieta","date":"3 agosto, 2016","format":false,"excerpt":"03\/08\/16. M\u00e1s de mil ni\u00f1as y adolescentes son explotadas sexualmente en Morelos: Coalici\u00f3n contra el Tr\u00e1fico de Mujeres La Uni\u00f3n de Morelos 12\/06\/16. La explotaci\u00f3n de menores de edad en Cuautla es un \u201cfoco rojo\u201d: DIF municipal La Uni\u00f3n de Morelos 12\/06\/16. A la baja trabajo infantil (MORELOS) Diario de\u2026","rel":"","context":"En &quot;Morelos&quot;","block_context":{"text":"Morelos","link":"http:\/\/www.grieta.org.mx\/index.php\/category\/noticias-nacionales\/morelos\/"},"img":{"alt_text":"","src":"https:\/\/i0.wp.com\/www.grieta.org.mx\/wp-content\/uploads\/2018\/03\/14524434_1106112876131411_958039263622046936_o.jpg?resize=350%2C200","width":350,"height":200,"srcset":"https:\/\/i0.wp.com\/www.grieta.org.mx\/wp-content\/uploads\/2018\/03\/14524434_1106112876131411_958039263622046936_o.jpg?resize=350%2C200 1x, https:\/\/i0.wp.com\/www.grieta.org.mx\/wp-content\/uploads\/2018\/03\/14524434_1106112876131411_958039263622046936_o.jpg?resize=525%2C300 1.5x, https:\/\/i0.wp.com\/www.grieta.org.mx\/wp-content\/uploads\/2018\/03\/14524434_1106112876131411_958039263622046936_o.jpg?resize=700%2C400 2x"},"classes":[]},{"id":10338,"url":"http:\/\/www.grieta.org.mx\/index.php\/2016\/04\/11\/protestas-contra-relleno-sanitario-en-cuautla-morelos\/","url_meta":{"origin":20856,"position":5},"title":"Protestas contra relleno sanitario en Cuautla, Morelos","author":"grieta","date":"11 abril, 2016","format":false,"excerpt":"11\/04\/16. Enmedio de protestas al gobernador, se realiz\u00f3 el 97 aniversario luctuoso del Caudillo del Sur El Sol de Cuautla 18\/03\/16. Incumple con norma ambiental relleno sanitario que Morelos ofreci\u00f3 a la CDMX Proceso","rel":"","context":"En &quot;Morelos&quot;","block_context":{"text":"Morelos","link":"http:\/\/www.grieta.org.mx\/index.php\/category\/noticias-nacionales\/morelos\/"},"img":{"alt_text":"","src":"https:\/\/i0.wp.com\/www.grieta.org.mx\/wp-content\/uploads\/2018\/03\/14524434_1106112876131411_958039263622046936_o.jpg?resize=350%2C200","width":350,"height":200,"srcset":"https:\/\/i0.wp.com\/www.grieta.org.mx\/wp-content\/uploads\/2018\/03\/14524434_1106112876131411_958039263622046936_o.jpg?resize=350%2C200 1x, https:\/\/i0.wp.com\/www.grieta.org.mx\/wp-content\/uploads\/2018\/03\/14524434_1106112876131411_958039263622046936_o.jpg?resize=525%2C300 1.5x, https:\/\/i0.wp.com\/www.grieta.org.mx\/wp-content\/uploads\/2018\/03\/14524434_1106112876131411_958039263622046936_o.jpg?resize=700%2C400 2x"},"classes":[]}],"_links":{"self":[{"href":"http:\/\/www.grieta.org.mx\/index.php\/wp-json\/wp\/v2\/posts\/20856","targetHints":{"allow":["GET"]}}],"collection":[{"href":"http:\/\/www.grieta.org.mx\/index.php\/wp-json\/wp\/v2\/posts"}],"about":[{"href":"http:\/\/www.grieta.org.mx\/index.php\/wp-json\/wp\/v2\/types\/post"}],"author":[{"embeddable":true,"href":"http:\/\/www.grieta.org.mx\/index.php\/wp-json\/wp\/v2\/users\/2"}],"replies":[{"embeddable":true,"href":"http:\/\/www.grieta.org.mx\/index.php\/wp-json\/wp\/v2\/comments?post=20856"}],"version-history":[{"count":1,"href":"http:\/\/www.grieta.org.mx\/index.php\/wp-json\/wp\/v2\/posts\/20856\/revisions"}],"predecessor-version":[{"id":20866,"href":"http:\/\/www.grieta.org.mx\/index.php\/wp-json\/wp\/v2\/posts\/20856\/revisions\/20866"}],"wp:featuredmedia":[{"embeddable":true,"href":"http:\/\/www.grieta.org.mx\/index.php\/wp-json\/wp\/v2\/media\/21928"}],"wp:attachment":[{"href":"http:\/\/www.grieta.org.mx\/index.php\/wp-json\/wp\/v2\/media?parent=20856"}],"wp:term":[{"taxonomy":"category","embeddable":true,"href":"http:\/\/www.grieta.org.mx\/index.php\/wp-json\/wp\/v2\/categories?post=20856"},{"taxonomy":"post_tag","embeddable":true,"href":"http:\/\/www.grieta.org.mx\/index.php\/wp-json\/wp\/v2\/tags?post=20856"}],"curies":[{"name":"wp","href":"https:\/\/api.w.org\/{rel}","templated":true}]}}