{"id":20802,"date":"2016-09-03T14:57:26","date_gmt":"2016-09-03T19:57:26","guid":{"rendered":"http:\/\/www.grieta.org.mx\/?p=20802"},"modified":"2016-09-03T14:57:26","modified_gmt":"2016-09-03T19:57:26","slug":"envenenan-salamanca","status":"publish","type":"post","link":"http:\/\/www.grieta.org.mx\/index.php\/2016\/09\/03\/envenenan-salamanca\/","title":{"rendered":"Envenenan Salamanca"},"content":{"rendered":"<p>LUZ ELENA ESCOBAR y JES\u00daS GARC\u00cdA<\/p>\n<p>En casi diez a\u00f1os ninguna autoridad ha resuelto la contaminaci\u00f3n de Salamanca provocada por la empresa de insecticidas Tekchem. <\/p>\n<p>En el 2007 la compa\u00f1\u00eda vendi\u00f3 el terreno al Gobierno Estatal pero dej\u00f3 a cielo abierto 28 mil toneladas de polisulfuro de calcio, adem\u00e1s de 7 mil 429 tambos con sustancias t\u00f3xicas para producir malathi\u00f3n, usado como insecticida.<\/p>\n<p>El argumento de los due\u00f1os de Tekchem para no retirar los desechos t\u00f3xicos, antes y ahora, es culpar al anterior propietario, Fertimex, de no confinar los materiales contaminantes antes de vender la planta.<\/p>\n<p>Hoy todav\u00eda hay contaminantes de Fertimex a unos 30 metros de las instalaciones, a un lado de la v\u00eda de ferrocarril en lo que fuera un canal de descargas pluviales que desemboca en el R\u00edo Lerma cerca de la colonia El Ranchito.<\/p>\n<p>Fertimex al igual que Guanomex y Velpo, pertenecieron al Gobierno Federal. Las tres antecedieron a Tekchem en el mismo sitio y produjeron insecticidas. Cada una en su \u00e9poca contamin\u00f3 Salamanca sin control. <\/p>\n<p>Como una empresa privada, Tekchem funcion\u00f3 15 a\u00f1os hasta que finalmente no pudo trabajar m\u00e1s ante la oposici\u00f3n de la poblaci\u00f3n y la difusi\u00f3n del hecho de que en otros pa\u00edses se prohibi\u00f3 la producci\u00f3n de insecticidas similares al malathi\u00f3n. <\/p>\n<p>Los inversionistas vendieron los  terrenos al Gobierno de Guanajuato y algunos pasivos como las indemnizaciones pendientes de los trabajadores.<\/p>\n<p>A cambio, Tekchem se comprometi\u00f3 a limpiar el sitio para que el Estado construyera un parque p\u00fablico.<\/p>\n<p>Un informe de la Bolsa Mexicana de Valores precisa las cantidades de contaminantes que Tekchem abandon\u00f3 en Salamanca al dejar de cotizar.<\/p>\n<p>El da\u00f1o ya causado al medio ambiente y salud de los habitantes de Salamanca qued\u00f3 registrado en el libro \u201cAgua Subterr\u00e1nea, Gesti\u00f3n y Participaci\u00f3n Social en Guanajuato\u201d, escrito por Boris Mara\u00f1on Pimentel, investigador de la UNAM. <\/p>\n<p>\u201cLas repercusiones se hicieron patentes en la salud de los vecinos de la planta a quienes les ha afectado el contacto con el qu\u00edmico\u201d, asegura.<\/p>\n<p>Hace unos d\u00edas, am estuvo en la planta que parece cementerio de fierros. Parte de los muros que rodean el pol\u00edgono de 25 hect\u00e1reas est\u00e1n por derrumbarse y a simple vista se encuentran los desechos t\u00f3xicos.<\/p>\n<p>El olor a pesticida se percibe a unos 400 metros del tiradero pero resulta insoportable a menos de 50 metros.<\/p>\n<p>A 200 metros de Tekchem hay al menos seis colonias. La m\u00e1s cercana es La Cruz, seguida de El Pitayo, San Juan de la Presa, Jardines del Sol, Obrera y Ampliaci\u00f3n Obrera. <\/p>\n<p>Juntas tienen unos 11 mil 500 habitantes de escasos recursos, informa el Municipio.<\/p>\n<p>Ocultan investigaciones sobre desechos t\u00f3xicos<\/p>\n<p>Al menos los resultados de dos investigaciones sobre las consecuencias contaminantes de los desechos de Tekchem, est\u00e1n reservados. Las autoridades se niegan a darlos a conocer.<\/p>\n<p>La investigadora de la UNAM Letizia Odeth Silva Ontiveros, en el libro de su colega Boris Mara\u00f1on Pimentel, precisa que la C\u00e1mara de Diputados present\u00f3 un informe sobre Tekchem en diciembre de 2006.<\/p>\n<p>El estudio demostr\u00f3 la contaminaci\u00f3n de 114 mil toneladas de suelo con desechos peligrosos de insecticidas y la generaci\u00f3n de 20 mil toneladas de lodos \u00e1cidos y residuos da\u00f1inos que se encuentran al aire libre.<\/p>\n<p>Adem\u00e1s la empresa fabricaba, precisa la investigadora,  plaguicidas como DDT, hexaclorobenceno, toxafeno y endr\u00edn, prohibidos en muchos pa\u00edses.<\/p>\n<p>El estudio no volvi\u00f3 a tocarse desde 2007 y qued\u00f3 archivado como \u201cinformaci\u00f3n reservada\u201d.<\/p>\n<p>El otro estudio fue realizado a instancias del Municipio. Los resultados se entregaron a la Agencia Alemana de Cooperaci\u00f3n T\u00e9cnica GIZ y se firm\u00f3 un convenio para revisar Tekchem.<\/p>\n<p>A la par, Cofepris hizo un diagn\u00f3stico de enfermedades que padecen los salmantinos a consecuencia de la contaminaci\u00f3n, pero las autoridades se niegan a mostrar los resultados.<\/p>\n<p>Mar\u00eda del Carmen Mej\u00eda Alba, titular de Medio Ambiente de Salamanca, inform\u00f3 que el Municipio elabor\u00f3 una demanda contra quien resulte responsable del da\u00f1o ambiental ocasionado por la productora de insecticidas, pero no la presentaron para no detener el proyecto de limpiar Salamanca, iniciado este a\u00f1o por Estado, Federaci\u00f3n y Municipio.   <\/p>\n<p>El tema compete a la Federaci\u00f3n y al Estado, precis\u00f3 Mej\u00eda Alba, pero \u201ccomo Municipio presionamos para que no se olvide el problema\u201d.<\/p>\n<p>\u201cEl conflicto legal ha sido un nudo muy complicado al pasar de paraestatal a privada; nadie se hace responsable\u201d, afirm\u00f3.<\/p>\n<p>Ooootra vez: prometen soluci\u00f3n en tres a\u00f1os <\/p>\n<p>La Federaci\u00f3n a trav\u00e9s de la Secretar\u00eda del Medio Ambiente y Recursos Naturales (Semarnat), acord\u00f3 con el gobernador Miguel M\u00e1rquez, en febrero de 2016,  remediar el problema Tekchem a trav\u00e9s del llamado \u201cPlan Salamanca\u201d.<\/p>\n<p>La Semarnat anunci\u00f3 que iniciar\u00edan con la primera de cuatro etapas que resolver\u00e1 el 30% de la contaminaci\u00f3n ocasionada por los t\u00f3xicos.<\/p>\n<p>Rafael Pacchiano Alam\u00e1n, titular de la Semarnat, orden\u00f3 a sus colaboradores que garanticen mejor calidad del aire de Salamanca en dos a\u00f1os.<\/p>\n<p>Para el alcalde salmantino, Antonio Arredondo Mu\u00f1oz, este acuerdo es uno de los m\u00e1s importantes en beneficio de la poblaci\u00f3n.<\/p>\n<p>Sin embargo \u201cel avance ha sido lento\u201d, a pesar de que \u201ces uno de los pasivos ambientales, si no es que el m\u00e1s fuerte que tiene el Estado\u201d.<\/p>\n<p>Agreg\u00f3 que la presi\u00f3n de los salmantinos fue un factor fundamental para que el Gobierno Estatal interviniera.<\/p>\n<p>\u201cNo se hac\u00eda el ruido necesario hasta que interviene directamente el Gobernador, quien se preocup\u00f3 porque aqu\u00ed vivimos una situaci\u00f3n muy fuerte\u201d.<\/p>\n<p>Arredondo conf\u00eda que a fines de 2018 la zona est\u00e9 completamente limpia.<\/p>\n<p>Por lo pronto se destinaron 140 millones de pesos para una primera etapa.<\/p>\n<p>El 38% de la poblaci\u00f3n de Salamanca se ubica en la zona oriente, donde se localizan Tekchem y otras industrias.<\/p>\n<p>En las reuniones del Plan Salamanca participan: Semarnat, Conagua, Profepa y Cofepris por parte del Gobierno Federal, as\u00ed como el Instituto de Ecolog\u00eda, la Procuradur\u00eda Ambiental, el Gobernador y el Alcalde de Salamanca.<\/p>\n<p>\u201cLa pelota est\u00e1 en la cancha del Instituto de Ecolog\u00eda para iniciar con el retiro y la Secretar\u00eda de Medio Ambiente aportar\u00e1 el recurso\u201d, dijo Arredondo.<\/p>\n<p>Una primera limpieza de residuos t\u00f3xicos se hizo hace 9 a\u00f1os, \u00e9stos fueron llevados a Monterrey a un planta de confinamiento. Desde entonces todo sigue igual.<\/p>\n<p>Dijo que cuatro colonias son el foco de prioridad, pues est\u00e1n alrededor de Tekchem.<\/p>\n<p>La explosi\u00f3n del 2000<\/p>\n<p>En 2000 se registr\u00f3 una fuga de malathion que provoc\u00f3 una explosi\u00f3n en el interior de la planta de Tekchem. Cientos de personas sufrieron intoxicaci\u00f3n.<\/p>\n<p>En esa ocasi\u00f3n,  la Procuradur\u00eda de Federal de Protecci\u00f3n Ambiental (Profepa) orden\u00f3 la clausura temporal de la empresa.<\/p>\n<p>Los habitantes m\u00e1s afectados fueron los de San Juan de la Presa, ubicada a 300 metros de la planta. Los mayores recuerdan el d\u00eda de la explosi\u00f3n como si fuera ayer.<\/p>\n<p>En una de las calles de terracer\u00eda habita desde hace 45 a\u00f1os Virginia Ram\u00edrez, a quien le toc\u00f3 el estallido.<\/p>\n<p>Entre 5 y 6 de la tarde se escuch\u00f3 la detonaci\u00f3n. Virginia, quien estaba en su casa, comenz\u00f3 a notar la movilizaci\u00f3n de la colonia y al salir observ\u00f3 que una nube gris\u00e1cea cubr\u00eda la ciudad, por lo que ella y sus vecinos fueron evacuados.<\/p>\n<p>Describe aquel olor como \u201cajo podrido\u201d que se le qued\u00f3 impregnado en la nariz.<\/p>\n<p>Desde el estallido qu\u00edmico Virginia Ram\u00edrez sufre dolores de cabeza constantes al igual que su hija, pero los m\u00e9dicos le aseguran que no tiene nada, que es solo \u201cestr\u00e9s\u201d.<\/p>\n<p>Algo similar le ocurre a Natalia, de dos a\u00f1os de edad, hija de Juana Pizano Gonz\u00e1lez, habitantes de Las Cruces. Su casa tambi\u00e9n se ubica en el per\u00edmetro de los desechos t\u00f3xicos.<\/p>\n<p>\u201cSe me enferma bien seguido del est\u00f3mago y de las v\u00edas respiratorias, sobre todo en \u00e9poca de calor. Y s\u00ed nos preocupa porque dicen que estos residuos nos van a hacer da\u00f1o con el tiempo\u201d, coment\u00f3 Juana Pizano.<\/p>\n<p>A pesar que el olor es m\u00e1s intenso al medio d\u00eda, Juana y sus vecinos ya se acostumbraron al aroma a plaguicidas.<\/p>\n<p>Miguel \u00c1ngel Mart\u00ednez, otro de los habitantes del lugar, platic\u00f3 que su vecino Jos\u00e9 Concepci\u00f3n durante la fuga de malathion comenz\u00f3 a sangrar de la nariz, meses despu\u00e9s le detectaron c\u00e1ncer y falleci\u00f3 dos a\u00f1os m\u00e1s tarde.<\/p>\n<p>\u201cEl muchacho ten\u00eda unos 25 a\u00f1os y se dedicaba a arreglar el sonido de los coches, pero dej\u00f3 de hacerlo porque se la pasaba malo, le detectaron c\u00e1ncer y nom\u00e1s dur\u00f3 dos a\u00f1os y se nos fue\u201d.<\/p>\n<p>A Miguel \u00c1ngel tambi\u00e9n le toc\u00f3 estar presente en el sepelio de su vecina Modesta, una se\u00f1ora de la tercera edad que no soport\u00f3 la inhalaci\u00f3n del malathi\u00f3n.<\/p>\n<p>Do\u00f1a Modesta muri\u00f3 dos meses despu\u00e9s de la explosi\u00f3n.<\/p>\n<p>Las colonias que sufrieron las consecuencias fueron Jardines del Sol, Reforma, Nuevo M\u00e9xico, Nativitas, El Pitayo, Las Cruces y Obrera.<\/p>\n<p><a href=\"http:\/\/www.am.com.mx\/2016\/09\/03\/leon\/local\/envenenan-salamanca-310469\" target=\"_blank\">http:\/\/www.am.com.mx\/2016\/09\/03\/leon\/local\/envenenan-salamanca-310469<\/a><\/p>\n","protected":false},"excerpt":{"rendered":"<p>LUZ ELENA ESCOBAR y JES\u00daS GARC\u00cdA En casi diez a\u00f1os ninguna autoridad ha resuelto la contaminaci\u00f3n de Salamanca provocada por la empresa de insecticidas Tekchem. En el 2007 la compa\u00f1\u00eda &hellip; <a href=\"http:\/\/www.grieta.org.mx\/index.php\/2016\/09\/03\/envenenan-salamanca\/\" class=\"more-link\">Leer m\u00e1s<\/a><\/p>\n","protected":false},"author":2,"featured_media":21928,"comment_status":"closed","ping_status":"closed","sticky":false,"template":"","format":"standard","meta":{"ngg_post_thumbnail":0,"_jetpack_newsletter_access":"","_jetpack_dont_email_post_to_subs":false,"_jetpack_newsletter_tier_id":0,"_jetpack_memberships_contains_paywalled_content":false,"_jetpack_memberships_contains_paid_content":false,"footnotes":""},"categories":[80,471],"tags":[91],"class_list":["post-20802","post","type-post","status-publish","format-standard","has-post-thumbnail","hentry","category-cintillo","category-guanajuato","tag-contaminacion-ambiental","entry"],"jetpack_featured_media_url":"http:\/\/www.grieta.org.mx\/wp-content\/uploads\/2018\/03\/14524434_1106112876131411_958039263622046936_o.jpg","jetpack_sharing_enabled":true,"jetpack_shortlink":"https:\/\/wp.me\/p7ZJR4-5pw","jetpack_likes_enabled":false,"jetpack-related-posts":[{"id":5930,"url":"http:\/\/www.grieta.org.mx\/index.php\/2016\/02\/02\/empresa-suspende-limpieza-de-miles-de-toneladas-de-contaminantes-en-salamanca\/","url_meta":{"origin":20802,"position":0},"title":"Empresa suspende limpieza de miles de toneladas de contaminantes en Salamanca","author":"grieta","date":"2 febrero, 2016","format":false,"excerpt":"Cuca Dom\u00ednguez, Salamanca, Gto. Quidesa, la empresa responsable de desechar miles de toneladas de contaminantes en el Cerro de la Cruz, dif\u00edcilmente volver\u00e1 a funcionar, dijo Arturo Rodr\u00edguez Abitia, subprocurador de Inspecci\u00f3n Industrial de la Procuradur\u00eda Federal de Protecci\u00f3n al Ambiente (Profepa), y reiter\u00f3 que la dependencia a su cargo\u2026","rel":"","context":"En &quot;CINTILLO&quot;","block_context":{"text":"CINTILLO","link":"http:\/\/www.grieta.org.mx\/index.php\/category\/cintillo\/"},"img":{"alt_text":"","src":"https:\/\/i0.wp.com\/www.grieta.org.mx\/wp-content\/uploads\/2018\/03\/14524434_1106112876131411_958039263622046936_o.jpg?resize=350%2C200","width":350,"height":200,"srcset":"https:\/\/i0.wp.com\/www.grieta.org.mx\/wp-content\/uploads\/2018\/03\/14524434_1106112876131411_958039263622046936_o.jpg?resize=350%2C200 1x, https:\/\/i0.wp.com\/www.grieta.org.mx\/wp-content\/uploads\/2018\/03\/14524434_1106112876131411_958039263622046936_o.jpg?resize=525%2C300 1.5x, https:\/\/i0.wp.com\/www.grieta.org.mx\/wp-content\/uploads\/2018\/03\/14524434_1106112876131411_958039263622046936_o.jpg?resize=700%2C400 2x"},"classes":[]},{"id":33947,"url":"http:\/\/www.grieta.org.mx\/index.php\/2019\/04\/04\/el-40-del-ano-el-corredor-industrial-rebasa-limites-de-contaminantes-atmosfericos-guanajuato\/","url_meta":{"origin":20802,"position":1},"title":"El 40% del a\u00f1o el corredor industrial rebasa l\u00edmites de contaminantes atmosf\u00e9ricos (Guanajuato)","author":"grieta","date":"4 abril, 2019","format":false,"excerpt":"En las ciudades del corredor industrial se muestra un alza en los contaminantes Fernando Vel\u00e1zquez, Noticieros en L\u00ednea, 04 de abril de 2019 Todos los municipios del corredor industrial de Guanajuato rebasaron los l\u00edmites de part\u00edculas contaminantes establecidos por normas oficiales mexicanas, y el problema no marca una tendencia a\u2026","rel":"","context":"En &quot;CINTILLO&quot;","block_context":{"text":"CINTILLO","link":"http:\/\/www.grieta.org.mx\/index.php\/category\/cintillo\/"},"img":{"alt_text":"","src":"https:\/\/i0.wp.com\/www.grieta.org.mx\/wp-content\/uploads\/2019\/05\/contaminacion-leon-dic-2018.jpg?resize=350%2C200","width":350,"height":200,"srcset":"https:\/\/i0.wp.com\/www.grieta.org.mx\/wp-content\/uploads\/2019\/05\/contaminacion-leon-dic-2018.jpg?resize=350%2C200 1x, https:\/\/i0.wp.com\/www.grieta.org.mx\/wp-content\/uploads\/2019\/05\/contaminacion-leon-dic-2018.jpg?resize=525%2C300 1.5x, https:\/\/i0.wp.com\/www.grieta.org.mx\/wp-content\/uploads\/2019\/05\/contaminacion-leon-dic-2018.jpg?resize=700%2C400 2x"},"classes":[]},{"id":14518,"url":"http:\/\/www.grieta.org.mx\/index.php\/2016\/06\/16\/el-gobierno-pone-en-peligro-la-vida-de-60-mil-personas-por-su-complicidad-con-empresas-altamente-contaminantes\/","url_meta":{"origin":20802,"position":2},"title":"El gobierno pone en peligro la vida de 60 mil personas por su complicidad con empresas altamente contaminantes","author":"grieta","date":"16 junio, 2016","format":false,"excerpt":"Mart\u00edn Flores Pachuca, Hgo.- Luego de hacer un recorrido por la cuenca cementera de los municipios de Atotonilco y Tula de la entidad y Apaxco del Estado de M\u00e9xico; el Doctor Ra\u00fal Montenegro, premio Nobel Alternativo y profesor titular de la c\u00e1tedra de biolog\u00eda evolutiva en la Universidad de C\u00f3rdoba,\u2026","rel":"","context":"En &quot;CINTILLO&quot;","block_context":{"text":"CINTILLO","link":"http:\/\/www.grieta.org.mx\/index.php\/category\/cintillo\/"},"img":{"alt_text":"","src":"https:\/\/i0.wp.com\/www.grieta.org.mx\/wp-content\/uploads\/2018\/03\/14524434_1106112876131411_958039263622046936_o.jpg?resize=350%2C200","width":350,"height":200,"srcset":"https:\/\/i0.wp.com\/www.grieta.org.mx\/wp-content\/uploads\/2018\/03\/14524434_1106112876131411_958039263622046936_o.jpg?resize=350%2C200 1x, https:\/\/i0.wp.com\/www.grieta.org.mx\/wp-content\/uploads\/2018\/03\/14524434_1106112876131411_958039263622046936_o.jpg?resize=525%2C300 1.5x, https:\/\/i0.wp.com\/www.grieta.org.mx\/wp-content\/uploads\/2018\/03\/14524434_1106112876131411_958039263622046936_o.jpg?resize=700%2C400 2x"},"classes":[]},{"id":46920,"url":"http:\/\/www.grieta.org.mx\/index.php\/2019\/12\/16\/tlaxcala-entre-la-entidades-que-mas-sobrexplotacion-y-contaminacion-del-agua\/","url_meta":{"origin":20802,"position":3},"title":"Tlaxcala entre la entidades que m\u00e1s sobrexplotaci\u00f3n y contaminaci\u00f3n del agua","author":"Admin","date":"16 diciembre, 2019","format":false,"excerpt":"Redacci\u00f3n \/ Escenario Tlaxcala Tlaxcala, Tlax. De acuerdo con informaci\u00f3n emitida por la Comisi\u00f3n Nacional de Agua (Conagua) el centro y norte del pa\u00eds son las regiones que m\u00e1s utilizan de forma irracional el agua de sus entidades. Sobresaliendo Tlaxcala como el 13 con m\u00e1s contaminaci\u00f3n y el 16 con\u2026","rel":"","context":"En &quot;CINTILLO&quot;","block_context":{"text":"CINTILLO","link":"http:\/\/www.grieta.org.mx\/index.php\/category\/cintillo\/"},"img":{"alt_text":"","src":"https:\/\/i0.wp.com\/www.grieta.org.mx\/wp-content\/uploads\/2020\/03\/sobrexplotacion-rio-atoyac.jpg?resize=350%2C200","width":350,"height":200,"srcset":"https:\/\/i0.wp.com\/www.grieta.org.mx\/wp-content\/uploads\/2020\/03\/sobrexplotacion-rio-atoyac.jpg?resize=350%2C200 1x, https:\/\/i0.wp.com\/www.grieta.org.mx\/wp-content\/uploads\/2020\/03\/sobrexplotacion-rio-atoyac.jpg?resize=525%2C300 1.5x, https:\/\/i0.wp.com\/www.grieta.org.mx\/wp-content\/uploads\/2020\/03\/sobrexplotacion-rio-atoyac.jpg?resize=700%2C400 2x"},"classes":[]},{"id":20814,"url":"http:\/\/www.grieta.org.mx\/index.php\/2016\/09\/03\/contaminacion-ambiental-en-guanajuato\/","url_meta":{"origin":20802,"position":4},"title":"Contaminaci\u00f3n ambiental en Guanajuato","author":"grieta","date":"3 septiembre, 2016","format":false,"excerpt":"03\/09\/16. Envenenan Salamanca Peri\u00f3dico am","rel":"","context":"En &quot;CINTILLO&quot;","block_context":{"text":"CINTILLO","link":"http:\/\/www.grieta.org.mx\/index.php\/category\/cintillo\/"},"img":{"alt_text":"","src":"https:\/\/i0.wp.com\/www.grieta.org.mx\/wp-content\/uploads\/2018\/03\/14524434_1106112876131411_958039263622046936_o.jpg?resize=350%2C200","width":350,"height":200,"srcset":"https:\/\/i0.wp.com\/www.grieta.org.mx\/wp-content\/uploads\/2018\/03\/14524434_1106112876131411_958039263622046936_o.jpg?resize=350%2C200 1x, https:\/\/i0.wp.com\/www.grieta.org.mx\/wp-content\/uploads\/2018\/03\/14524434_1106112876131411_958039263622046936_o.jpg?resize=525%2C300 1.5x, https:\/\/i0.wp.com\/www.grieta.org.mx\/wp-content\/uploads\/2018\/03\/14524434_1106112876131411_958039263622046936_o.jpg?resize=700%2C400 2x"},"classes":[]},{"id":52190,"url":"http:\/\/www.grieta.org.mx\/index.php\/2020\/07\/23\/vecinos-realizan-protesta-por-aguas-contaminantes-yucatan\/","url_meta":{"origin":20802,"position":5},"title":"Vecinos realizan protesta por aguas contaminantes (Yucat\u00e1n)","author":"grieta","date":"23 julio, 2020","format":false,"excerpt":"Darinka Ruiz \/ Diario de Yucat\u00e1n En Kanas\u00edn una planta ser\u00eda un foco de infecci\u00f3n Vecinos del fraccionamiento \u201cCielo Alto\u201d en Kanas\u00edn se organizaron para manifestarse la ma\u00f1ana de ayer sobre un serio problema que, aseguran, est\u00e1 afectando a las familias que ah\u00ed habitan. La planta de aguas residuales de\u2026","rel":"","context":"En &quot;CINTILLO&quot;","block_context":{"text":"CINTILLO","link":"http:\/\/www.grieta.org.mx\/index.php\/category\/cintillo\/"},"img":{"alt_text":"","src":"https:\/\/i0.wp.com\/www.grieta.org.mx\/wp-content\/uploads\/2020\/08\/CieloAlto.png?resize=350%2C200","width":350,"height":200,"srcset":"https:\/\/i0.wp.com\/www.grieta.org.mx\/wp-content\/uploads\/2020\/08\/CieloAlto.png?resize=350%2C200 1x, https:\/\/i0.wp.com\/www.grieta.org.mx\/wp-content\/uploads\/2020\/08\/CieloAlto.png?resize=525%2C300 1.5x, https:\/\/i0.wp.com\/www.grieta.org.mx\/wp-content\/uploads\/2020\/08\/CieloAlto.png?resize=700%2C400 2x"},"classes":[]}],"_links":{"self":[{"href":"http:\/\/www.grieta.org.mx\/index.php\/wp-json\/wp\/v2\/posts\/20802","targetHints":{"allow":["GET"]}}],"collection":[{"href":"http:\/\/www.grieta.org.mx\/index.php\/wp-json\/wp\/v2\/posts"}],"about":[{"href":"http:\/\/www.grieta.org.mx\/index.php\/wp-json\/wp\/v2\/types\/post"}],"author":[{"embeddable":true,"href":"http:\/\/www.grieta.org.mx\/index.php\/wp-json\/wp\/v2\/users\/2"}],"replies":[{"embeddable":true,"href":"http:\/\/www.grieta.org.mx\/index.php\/wp-json\/wp\/v2\/comments?post=20802"}],"version-history":[{"count":1,"href":"http:\/\/www.grieta.org.mx\/index.php\/wp-json\/wp\/v2\/posts\/20802\/revisions"}],"predecessor-version":[{"id":20805,"href":"http:\/\/www.grieta.org.mx\/index.php\/wp-json\/wp\/v2\/posts\/20802\/revisions\/20805"}],"wp:featuredmedia":[{"embeddable":true,"href":"http:\/\/www.grieta.org.mx\/index.php\/wp-json\/wp\/v2\/media\/21928"}],"wp:attachment":[{"href":"http:\/\/www.grieta.org.mx\/index.php\/wp-json\/wp\/v2\/media?parent=20802"}],"wp:term":[{"taxonomy":"category","embeddable":true,"href":"http:\/\/www.grieta.org.mx\/index.php\/wp-json\/wp\/v2\/categories?post=20802"},{"taxonomy":"post_tag","embeddable":true,"href":"http:\/\/www.grieta.org.mx\/index.php\/wp-json\/wp\/v2\/tags?post=20802"}],"curies":[{"name":"wp","href":"https:\/\/api.w.org\/{rel}","templated":true}]}}