{"id":2079,"date":"2015-12-12T03:17:44","date_gmt":"2015-12-12T03:17:44","guid":{"rendered":"http:\/\/50.22.11.12\/~grietaor\/?p=2079"},"modified":"2016-03-11T03:19:33","modified_gmt":"2016-03-11T03:19:33","slug":"recibe-malos-tratos-en-penales-del-istmo-caravana-de-madres-de-migrantes","status":"publish","type":"post","link":"http:\/\/www.grieta.org.mx\/index.php\/2015\/12\/12\/recibe-malos-tratos-en-penales-del-istmo-caravana-de-madres-de-migrantes\/","title":{"rendered":"Recibe malos tratos en penales del Istmo caravana de madres de migrantes"},"content":{"rendered":"<p>Roselia Cha\u00b4ca, Oaxaca<\/p>\n<p>JUCHIT\u00c1N, Oax. 12 de diciembre de 2015.- En el Istmo de Tehuantepec, las 38 integrantes de la 11 Caravana de Madres Centroamericanas \u201c Una madre nunca se cansa de buscar\u201d recorrieron este s\u00e1bado los penales de Mat\u00edas Romero, Juchit\u00e1n y Tehuantepec, en el Istmo de Oaxaca. Marta S\u00e1nchez Soler, representante del Movimiento Migrante Mesoamericano (MMM), inform\u00f3 que a pesar de contar con los respectivos permisos de las autoridades del sistema de penales del estado y el compromiso para que el grupo pudiera ingresar sin problema alguno al interior de los Centros de Reinserci\u00f3n Social (Cereso) de Juchit\u00e1n y Tehuantepec, las visitantes recibieron malos tratos. \u201cEs la primera vez que nos pasa esto, ni siquiera en los penales de alta seguridad como la de Santa Marta Acatitla, nos trataron as\u00ed. En Tehuantepec a tres de las madres, de avanzada edad, las desnudaron, les bajaron los calzones, les tocaron los pechos. Son personas que no est\u00e1n acostumbras a esos tratos. Adem\u00e1s, se pidieron los permisos y nos prometieron el ingreso sin problema alguno, como sucedi\u00f3 el a\u00f1o pasado. No sabemos porque a la mera hora cambiaron de actitud\u201d, explic\u00f3 la activista. Despu\u00e9s de la visita en Tehuantepec, las 36 madres y 2 padres de Honduras, Nicaragua, El Salvador y Guatemala se trasladaron al Cereso de Juchit\u00e1n, donde funcionarios de Reinserci\u00f3n Social de la Secretar\u00eda de Seguridad P\u00fablica, intentaron en un principio s\u00f3lo dejar pasar a la mitad de las visitantes. Despu\u00e9s de una protesta, las autoridades cedieron y entraron casi todos los integrantes de la 11 Caravana, apoyadas por representantes de la Comisi\u00f3n Nacional de Derechos Humanos (CNDH). \u201cNos dijeron que adentro hab\u00eda 5 salvadore\u00f1os, pero luego nos encontramos un guatemalteco. Adem\u00e1s, los migrantes al principio se identificaron como mexicanos, pero lo hicieron porque los oficiales no se despegaban de ellos, as\u00ed no se pod\u00eda platicar. No es justo lo que hacen. Somos de una caravana , buscamos tambi\u00e9n los hijos de otras madres que no pueden venir, pero as\u00ed no se puede \u201d, dijo Iris Rivera, mujer hondure\u00f1a que busca a su hijo desde hace 7 a\u00f1os. Despu\u00e9s del penal, la caravana visit\u00f3 el \u00e1rea utilizada como fosa com\u00fan de la Subprocuradur\u00eda Regional de Justicia, ubicada detr\u00e1s del Pante\u00f3n Municipal \u201cDomingo de Ramos\u201d de Juchit\u00e1n, donde j\u00f3venes grafiteros del Colectivo Bicu Yuba (Perro Rabioso) realizaron un mural sobre la barda perimetral de 18 metros del pante\u00f3n, titulado \u201cQue lejos estoy del lugar de donde soy\u201d, que hace referencia a una frase de la canci\u00f3n mixteca. Los integrantes del Colectivo Bicu Yuba rescataron los legajos de investigaci\u00f3n del Ministerio P\u00fablico y los pintaron en la pared. Asimismo, la Direcci\u00f3n de Vinculaci\u00f3n con Organizaciones Sociales del Ayuntamiento se encarg\u00f3 de limpiar el lugar que era un basurero clandestino. Las madres conmovidas por la transformaci\u00f3n del cementerio de migrantes sembraron plantas y colocaron flores a las tumbas, adem\u00e1s de darle los \u00faltimos toques al mural memorial. Despu\u00e9s de la visita al penal de Mat\u00edas Romero, el sacerdote Alejandro Solalinde, del albergue Hermanos en el Camino, ofici\u00f3 una misa en la parroquia de la Virgen de Guadalupe, en Ciudad Ixtepec. Para este domingo la caravana tienen programada una marcha por las principales calles de Ixtepec y lanzamiento de globos en las v\u00edas del tren. Por la noche, el grupo saldr\u00e1 rumbo a Chiapas.<\/p>\n<p><a href=\"http:\/\/oaxaca.quadratin.com.mx\/Recibe-malos-tratos-en-penales-del-Istmo-caravana-de-madres-de-migrantes\/\" target=\"_blank\">oaxaca.quadratin.com.mx\/Recibe-malos-tratos-en-penales-del-Istmo-caravana-de-madres-de-migrantes\/<\/a><\/p>\n","protected":false},"excerpt":{"rendered":"<p>Roselia Cha\u00b4ca, Oaxaca JUCHIT\u00c1N, Oax. 12 de diciembre de 2015.- En el Istmo de Tehuantepec, las 38 integrantes de la 11 Caravana de Madres Centroamericanas \u201c Una madre nunca se &hellip; <a href=\"http:\/\/www.grieta.org.mx\/index.php\/2015\/12\/12\/recibe-malos-tratos-en-penales-del-istmo-caravana-de-madres-de-migrantes\/\" class=\"more-link\">Leer m\u00e1s<\/a><\/p>\n","protected":false},"author":2,"featured_media":21928,"comment_status":"closed","ping_status":"open","sticky":false,"template":"","format":"standard","meta":{"ngg_post_thumbnail":0,"_jetpack_newsletter_access":"","_jetpack_dont_email_post_to_subs":false,"_jetpack_newsletter_tier_id":0,"_jetpack_memberships_contains_paywalled_content":false,"_jetpack_memberships_contains_paid_content":false,"footnotes":""},"categories":[80],"tags":[121,158,93],"class_list":["post-2079","post","type-post","status-publish","format-standard","has-post-thumbnail","hentry","category-cintillo","tag-desaparecidos","tag-migrantes","tag-oaxaca","entry"],"jetpack_featured_media_url":"http:\/\/www.grieta.org.mx\/wp-content\/uploads\/2018\/03\/14524434_1106112876131411_958039263622046936_o.jpg","jetpack_sharing_enabled":true,"jetpack_shortlink":"https:\/\/wp.me\/p7ZJR4-xx","jetpack_likes_enabled":false,"jetpack-related-posts":[{"id":2081,"url":"http:\/\/www.grieta.org.mx\/index.php\/2015\/12\/12\/llega-al-istmo-de-tehuantepec-la-11-caravana-de-madres-migrantes\/","url_meta":{"origin":2079,"position":0},"title":"Llega al Istmo de Tehuantepec la 11 Caravana de Madres Migrantes","author":"grieta","date":"12 diciembre, 2015","format":false,"excerpt":"Quadrat\u00edn, Oaxaca OAXACA, Oax., 12 de diciembre de 2015.- La madrugada de este s\u00e1bado llegaron a Ciudad Ixtepec, en la regi\u00f3n del Istmo de Tehuantepec, las integrantes de la 11 Caravana de Madres Migrantes en Busca de sus Desaparecidos. Provenientes de Honduras, Nicaragua, El Salvador y Guatemala fueron recibidas por\u2026","rel":"","context":"En &quot;CINTILLO&quot;","block_context":{"text":"CINTILLO","link":"http:\/\/www.grieta.org.mx\/index.php\/category\/cintillo\/"},"img":{"alt_text":"","src":"https:\/\/i0.wp.com\/www.grieta.org.mx\/wp-content\/uploads\/2018\/03\/14524434_1106112876131411_958039263622046936_o.jpg?resize=350%2C200","width":350,"height":200,"srcset":"https:\/\/i0.wp.com\/www.grieta.org.mx\/wp-content\/uploads\/2018\/03\/14524434_1106112876131411_958039263622046936_o.jpg?resize=350%2C200 1x, https:\/\/i0.wp.com\/www.grieta.org.mx\/wp-content\/uploads\/2018\/03\/14524434_1106112876131411_958039263622046936_o.jpg?resize=525%2C300 1.5x, https:\/\/i0.wp.com\/www.grieta.org.mx\/wp-content\/uploads\/2018\/03\/14524434_1106112876131411_958039263622046936_o.jpg?resize=700%2C400 2x"},"classes":[]},{"id":9391,"url":"http:\/\/www.grieta.org.mx\/index.php\/2016\/03\/10\/desaparecidos-en-oaxaca\/","url_meta":{"origin":2079,"position":1},"title":"Desaparecidos en Oaxaca","author":"grieta","date":"10 marzo, 2016","format":false,"excerpt":"03\/03\/16. Mujeres desaparecidas en M\u00e9xico; van 99 en Oaxaca Noticias net 15\/12\/15. Intentan desnudar a madres de migrantes en reclusorios de Oaxaca Noticias net 14\/12\/15. La b\u00fasqueda de Clementina, 28 a\u00f1os en espera de sus hijos Istmo Press 13\/12\/15. Caravana de madres de migrantes concluye ruta en Oaxaca Quadrat\u00edn 12\/12\/15.\u2026","rel":"","context":"En &quot;Desaparecidos&quot;","block_context":{"text":"Desaparecidos","link":"http:\/\/www.grieta.org.mx\/index.php\/category\/temas-nacionales\/desaparecidos\/"},"img":{"alt_text":"","src":"https:\/\/i0.wp.com\/www.grieta.org.mx\/wp-content\/uploads\/2018\/03\/14524434_1106112876131411_958039263622046936_o.jpg?resize=350%2C200","width":350,"height":200,"srcset":"https:\/\/i0.wp.com\/www.grieta.org.mx\/wp-content\/uploads\/2018\/03\/14524434_1106112876131411_958039263622046936_o.jpg?resize=350%2C200 1x, https:\/\/i0.wp.com\/www.grieta.org.mx\/wp-content\/uploads\/2018\/03\/14524434_1106112876131411_958039263622046936_o.jpg?resize=525%2C300 1.5x, https:\/\/i0.wp.com\/www.grieta.org.mx\/wp-content\/uploads\/2018\/03\/14524434_1106112876131411_958039263622046936_o.jpg?resize=700%2C400 2x"},"classes":[]},{"id":2077,"url":"http:\/\/www.grieta.org.mx\/index.php\/2015\/12\/13\/caravana-de-madres-de-migrantes-concluye-ruta-en-oaxaca\/","url_meta":{"origin":2079,"position":2},"title":"Caravana de madres de migrantes concluye ruta en Oaxaca","author":"grieta","date":"13 diciembre, 2015","format":false,"excerpt":"Quadratin, Oaxaca CIUDAD IXTEPEC, Oax., 13 de diciembre de 2015.- Las 38 madres y padres que integran la 11 Caravana de Madres Centroamericanas \u201cUna madre nunca se cansa de buscar\u201d realizaron este domingo su \u00faltima actividad en el Istmo de Tehuantepec. El grupo, que coordina el Movimiento Migrante Mesoamericano (MMM)\u2026","rel":"","context":"En &quot;CINTILLO&quot;","block_context":{"text":"CINTILLO","link":"http:\/\/www.grieta.org.mx\/index.php\/category\/cintillo\/"},"img":{"alt_text":"","src":"https:\/\/i0.wp.com\/www.grieta.org.mx\/wp-content\/uploads\/2018\/03\/14524434_1106112876131411_958039263622046936_o.jpg?resize=350%2C200","width":350,"height":200,"srcset":"https:\/\/i0.wp.com\/www.grieta.org.mx\/wp-content\/uploads\/2018\/03\/14524434_1106112876131411_958039263622046936_o.jpg?resize=350%2C200 1x, https:\/\/i0.wp.com\/www.grieta.org.mx\/wp-content\/uploads\/2018\/03\/14524434_1106112876131411_958039263622046936_o.jpg?resize=525%2C300 1.5x, https:\/\/i0.wp.com\/www.grieta.org.mx\/wp-content\/uploads\/2018\/03\/14524434_1106112876131411_958039263622046936_o.jpg?resize=700%2C400 2x"},"classes":[]},{"id":2073,"url":"http:\/\/www.grieta.org.mx\/index.php\/2015\/12\/15\/intentan-desnudar-a-madres-de-migrantes-en-reclusorios-de-oaxaca\/","url_meta":{"origin":2079,"position":3},"title":"Intentan desnudar a madres de migrantes en reclusorios de Oaxaca","author":"grieta","date":"15 diciembre, 2015","format":false,"excerpt":"Agencia Notimex Juchit\u00e1n, Oaxaca.- En su primer d\u00eda de estancia en el Istmo de Tehuantepec, las madres migrantes centroamericanas, integradas en la und\u00e9cima Caravana \u201cUna madre nunca se cansa de buscar\u201d, de visita el territorio mexicano, denunciaron la falta de sensibilidad de los servidores p\u00fablicos en las c\u00e1rceles de esta\u2026","rel":"","context":"En &quot;CINTILLO&quot;","block_context":{"text":"CINTILLO","link":"http:\/\/www.grieta.org.mx\/index.php\/category\/cintillo\/"},"img":{"alt_text":"","src":"https:\/\/i0.wp.com\/www.grieta.org.mx\/wp-content\/uploads\/2018\/03\/14524434_1106112876131411_958039263622046936_o.jpg?resize=350%2C200","width":350,"height":200,"srcset":"https:\/\/i0.wp.com\/www.grieta.org.mx\/wp-content\/uploads\/2018\/03\/14524434_1106112876131411_958039263622046936_o.jpg?resize=350%2C200 1x, https:\/\/i0.wp.com\/www.grieta.org.mx\/wp-content\/uploads\/2018\/03\/14524434_1106112876131411_958039263622046936_o.jpg?resize=525%2C300 1.5x, https:\/\/i0.wp.com\/www.grieta.org.mx\/wp-content\/uploads\/2018\/03\/14524434_1106112876131411_958039263622046936_o.jpg?resize=700%2C400 2x"},"classes":[]},{"id":68820,"url":"http:\/\/www.grieta.org.mx\/index.php\/2024\/04\/16\/caravana-migrante-2024-llega-a-juchitan-oaxaca-con-2-mil-500-personas-nadie-nos-detendra-por-nuestros-suenos\/","url_meta":{"origin":2079,"position":4},"title":"\u201cCaravana Migrante 2024\u201d llega a Juchit\u00e1n, Oaxaca con 2 mil 500 personas: \u201cNadie nos detendr\u00e1 por nuestros sue\u00f1os\u201d","author":"grieta","date":"16 abril, 2024","format":false,"excerpt":"Imagen: Itsmo Press Diana Manzo \/ Agencia de Noticias IstmoPress #Juchit\u00e1n 16 Abr (#Istmopress) \u2013 La \u201cCaravana de migrantes 2024\u201d como se han denominado los m\u00e1s de 2 mil 500 personas migrantes que la conforman lleg\u00f3 a esta ciudad oaxaque\u00f1a con la esperanza de descansar y retomar las fuerzas para\u2026","rel":"","context":"En &quot;Caravanas de poblaciones migrantes en Oaxaca&quot;","block_context":{"text":"Caravanas de poblaciones migrantes en Oaxaca","link":"http:\/\/www.grieta.org.mx\/index.php\/category\/noticias-nacionales\/oaxaca\/caravanas-de-poblaciones-migrantes-en-oaxaca\/"},"img":{"alt_text":"","src":"https:\/\/i0.wp.com\/www.grieta.org.mx\/wp-content\/uploads\/2024\/04\/1713314087477-800x445-1.jpg?resize=350%2C200","width":350,"height":200,"srcset":"https:\/\/i0.wp.com\/www.grieta.org.mx\/wp-content\/uploads\/2024\/04\/1713314087477-800x445-1.jpg?resize=350%2C200 1x, https:\/\/i0.wp.com\/www.grieta.org.mx\/wp-content\/uploads\/2024\/04\/1713314087477-800x445-1.jpg?resize=525%2C300 1.5x, https:\/\/i0.wp.com\/www.grieta.org.mx\/wp-content\/uploads\/2024\/04\/1713314087477-800x445-1.jpg?resize=700%2C400 2x"},"classes":[]},{"id":45853,"url":"http:\/\/www.grieta.org.mx\/index.php\/2020\/03\/08\/marchan-zapotecas-para-exigir-niunamas-en-juchitan-oaxaca\/","url_meta":{"origin":2079,"position":5},"title":"Marchan zapotecas para exigir #NiUnaMas en Juchit\u00e1n (Oaxaca)","author":"grieta","date":"8 marzo, 2020","format":false,"excerpt":"P\u00e1gina 3 \/ Diana Manzo. Aspecto de la marcha feminista. Imagen: Diana Manzo. Juchit\u00e1n, Oax.- Zapotecas, mixes e Ikoots as\u00ed como j\u00f3venes feministas del Istmo de Tehuantepec marcharon para exigir un alto a los feminicidios y violencia que viven las mujeres de esta regi\u00f3n de Oaxaca, considerada la m\u00e1s violenta\u2026","rel":"","context":"En &quot;CINTILLO&quot;","block_context":{"text":"CINTILLO","link":"http:\/\/www.grieta.org.mx\/index.php\/category\/cintillo\/"},"img":{"alt_text":"","src":"https:\/\/i0.wp.com\/www.grieta.org.mx\/wp-content\/uploads\/2020\/03\/Marcha-mujeres-Istmo-696x357.jpeg?resize=350%2C200","width":350,"height":200,"srcset":"https:\/\/i0.wp.com\/www.grieta.org.mx\/wp-content\/uploads\/2020\/03\/Marcha-mujeres-Istmo-696x357.jpeg?resize=350%2C200 1x, https:\/\/i0.wp.com\/www.grieta.org.mx\/wp-content\/uploads\/2020\/03\/Marcha-mujeres-Istmo-696x357.jpeg?resize=525%2C300 1.5x"},"classes":[]}],"_links":{"self":[{"href":"http:\/\/www.grieta.org.mx\/index.php\/wp-json\/wp\/v2\/posts\/2079","targetHints":{"allow":["GET"]}}],"collection":[{"href":"http:\/\/www.grieta.org.mx\/index.php\/wp-json\/wp\/v2\/posts"}],"about":[{"href":"http:\/\/www.grieta.org.mx\/index.php\/wp-json\/wp\/v2\/types\/post"}],"author":[{"embeddable":true,"href":"http:\/\/www.grieta.org.mx\/index.php\/wp-json\/wp\/v2\/users\/2"}],"replies":[{"embeddable":true,"href":"http:\/\/www.grieta.org.mx\/index.php\/wp-json\/wp\/v2\/comments?post=2079"}],"version-history":[{"count":1,"href":"http:\/\/www.grieta.org.mx\/index.php\/wp-json\/wp\/v2\/posts\/2079\/revisions"}],"predecessor-version":[{"id":2080,"href":"http:\/\/www.grieta.org.mx\/index.php\/wp-json\/wp\/v2\/posts\/2079\/revisions\/2080"}],"wp:featuredmedia":[{"embeddable":true,"href":"http:\/\/www.grieta.org.mx\/index.php\/wp-json\/wp\/v2\/media\/21928"}],"wp:attachment":[{"href":"http:\/\/www.grieta.org.mx\/index.php\/wp-json\/wp\/v2\/media?parent=2079"}],"wp:term":[{"taxonomy":"category","embeddable":true,"href":"http:\/\/www.grieta.org.mx\/index.php\/wp-json\/wp\/v2\/categories?post=2079"},{"taxonomy":"post_tag","embeddable":true,"href":"http:\/\/www.grieta.org.mx\/index.php\/wp-json\/wp\/v2\/tags?post=2079"}],"curies":[{"name":"wp","href":"https:\/\/api.w.org\/{rel}","templated":true}]}}