{"id":2077,"date":"2015-12-13T03:13:02","date_gmt":"2015-12-13T03:13:02","guid":{"rendered":"http:\/\/50.22.11.12\/~grietaor\/?p=2077"},"modified":"2016-03-11T03:15:17","modified_gmt":"2016-03-11T03:15:17","slug":"caravana-de-madres-de-migrantes-concluye-ruta-en-oaxaca","status":"publish","type":"post","link":"http:\/\/www.grieta.org.mx\/index.php\/2015\/12\/13\/caravana-de-madres-de-migrantes-concluye-ruta-en-oaxaca\/","title":{"rendered":"Caravana de madres de migrantes concluye ruta en Oaxaca"},"content":{"rendered":"<p>Quadratin, Oaxaca<\/p>\n<p>CIUDAD IXTEPEC, Oax., 13 de diciembre de 2015.- Las 38 madres y padres que integran la 11 Caravana de Madres Centroamericanas \u201cUna madre nunca se cansa de buscar\u201d realizaron este domingo su \u00faltima actividad en el Istmo de Tehuantepec. El grupo, que coordina el Movimiento Migrante Mesoamericano (MMM) realiz\u00f3 una marcha por las principales calles de Ciudad Ixtepec, partiendo del albergue Hermanos en el camino y acompa\u00f1ados por el sacerdote Alejandro Solalinde Guerra y miembros de iglesias evang\u00e9licas de este municipio. Las participantes llegaron hasta la estaci\u00f3n ferroviaria donde realizaron un peque\u00f1o acto religioso, cat\u00f3lico y evang\u00e9lico, para luego lanzar globos amarillos en se\u00f1al de esperanza. Por dos d\u00edas, la caravana visit\u00f3 los penales de Juchit\u00e1n, Tehuantepec y Mat\u00edas Romero, as\u00ed como la fosa com\u00fan de la Subprocuradur\u00eda Regional de Juchit\u00e1n, detr\u00e1s del pante\u00f3n municipal de Juchit\u00e1n Domingo de Ramos.<\/p>\n<p>Despu\u00e9s de realizar las actividades en Ixtepec, el autob\u00fas que los transporta parti\u00f3 hacia la poblaci\u00f3n de Chahuites, donde visitaron el refugio \u201cCentro de Ayuda Humanitaria a Migrantes\u201d extensi\u00f3n del albergue \u201cHermanos en el camino\u201d, y el primer lugar en Oaxaca donde llegan los migrantes despu\u00e9s de cruzar a pie los l\u00edmites con Chiapas. Despu\u00e9s de la parada no programada oficialmente en el recorrido, la 11 Caravana parti\u00f3 hacia la ciudad de Arriaga, Chiapas, otro punto que concentra gran n\u00famero de centroamericanos. En 11 a\u00f1os la actividad del MMM ha localizado 250 desaparecidos en M\u00e9xico, m\u00e1s otras 6 personas en este \u00faltimo recorrido.<\/p>\n<p><a href=\"http:\/\/mexico.quadratin.com.mx\/Caravana-de-madres-de-migrantes-concluye-ruta-en-Oaxaca\/\" target=\"_blank\">mexico.quadratin.com.mx\/Caravana-de-madres-de-migrantes-concluye-ruta-en-Oaxaca\/<\/a><\/p>\n","protected":false},"excerpt":{"rendered":"<p>Quadratin, Oaxaca CIUDAD IXTEPEC, Oax., 13 de diciembre de 2015.- Las 38 madres y padres que integran la 11 Caravana de Madres Centroamericanas \u201cUna madre nunca se cansa de buscar\u201d &hellip; <a href=\"http:\/\/www.grieta.org.mx\/index.php\/2015\/12\/13\/caravana-de-madres-de-migrantes-concluye-ruta-en-oaxaca\/\" class=\"more-link\">Leer m\u00e1s<\/a><\/p>\n","protected":false},"author":2,"featured_media":21928,"comment_status":"closed","ping_status":"open","sticky":false,"template":"","format":"standard","meta":{"ngg_post_thumbnail":0,"_jetpack_newsletter_access":"","_jetpack_dont_email_post_to_subs":false,"_jetpack_newsletter_tier_id":0,"_jetpack_memberships_contains_paywalled_content":false,"_jetpack_memberships_contains_paid_content":false,"footnotes":""},"categories":[80],"tags":[121,158,93],"class_list":["post-2077","post","type-post","status-publish","format-standard","has-post-thumbnail","hentry","category-cintillo","tag-desaparecidos","tag-migrantes","tag-oaxaca","entry"],"jetpack_featured_media_url":"http:\/\/www.grieta.org.mx\/wp-content\/uploads\/2018\/03\/14524434_1106112876131411_958039263622046936_o.jpg","jetpack_sharing_enabled":true,"jetpack_shortlink":"https:\/\/wp.me\/p7ZJR4-xv","jetpack_likes_enabled":false,"jetpack-related-posts":[{"id":2081,"url":"http:\/\/www.grieta.org.mx\/index.php\/2015\/12\/12\/llega-al-istmo-de-tehuantepec-la-11-caravana-de-madres-migrantes\/","url_meta":{"origin":2077,"position":0},"title":"Llega al Istmo de Tehuantepec la 11 Caravana de Madres Migrantes","author":"grieta","date":"12 diciembre, 2015","format":false,"excerpt":"Quadrat\u00edn, Oaxaca OAXACA, Oax., 12 de diciembre de 2015.- La madrugada de este s\u00e1bado llegaron a Ciudad Ixtepec, en la regi\u00f3n del Istmo de Tehuantepec, las integrantes de la 11 Caravana de Madres Migrantes en Busca de sus Desaparecidos. Provenientes de Honduras, Nicaragua, El Salvador y Guatemala fueron recibidas por\u2026","rel":"","context":"En &quot;CINTILLO&quot;","block_context":{"text":"CINTILLO","link":"http:\/\/www.grieta.org.mx\/index.php\/category\/cintillo\/"},"img":{"alt_text":"","src":"https:\/\/i0.wp.com\/www.grieta.org.mx\/wp-content\/uploads\/2018\/03\/14524434_1106112876131411_958039263622046936_o.jpg?resize=350%2C200","width":350,"height":200,"srcset":"https:\/\/i0.wp.com\/www.grieta.org.mx\/wp-content\/uploads\/2018\/03\/14524434_1106112876131411_958039263622046936_o.jpg?resize=350%2C200 1x, https:\/\/i0.wp.com\/www.grieta.org.mx\/wp-content\/uploads\/2018\/03\/14524434_1106112876131411_958039263622046936_o.jpg?resize=525%2C300 1.5x, https:\/\/i0.wp.com\/www.grieta.org.mx\/wp-content\/uploads\/2018\/03\/14524434_1106112876131411_958039263622046936_o.jpg?resize=700%2C400 2x"},"classes":[]},{"id":2079,"url":"http:\/\/www.grieta.org.mx\/index.php\/2015\/12\/12\/recibe-malos-tratos-en-penales-del-istmo-caravana-de-madres-de-migrantes\/","url_meta":{"origin":2077,"position":1},"title":"Recibe malos tratos en penales del Istmo caravana de madres de migrantes","author":"grieta","date":"12 diciembre, 2015","format":false,"excerpt":"Roselia Cha\u00b4ca, Oaxaca JUCHIT\u00c1N, Oax. 12 de diciembre de 2015.- En el Istmo de Tehuantepec, las 38 integrantes de la 11 Caravana de Madres Centroamericanas \u201c Una madre nunca se cansa de buscar\u201d recorrieron este s\u00e1bado los penales de Mat\u00edas Romero, Juchit\u00e1n y Tehuantepec, en el Istmo de Oaxaca. Marta\u2026","rel":"","context":"En &quot;CINTILLO&quot;","block_context":{"text":"CINTILLO","link":"http:\/\/www.grieta.org.mx\/index.php\/category\/cintillo\/"},"img":{"alt_text":"","src":"https:\/\/i0.wp.com\/www.grieta.org.mx\/wp-content\/uploads\/2018\/03\/14524434_1106112876131411_958039263622046936_o.jpg?resize=350%2C200","width":350,"height":200,"srcset":"https:\/\/i0.wp.com\/www.grieta.org.mx\/wp-content\/uploads\/2018\/03\/14524434_1106112876131411_958039263622046936_o.jpg?resize=350%2C200 1x, https:\/\/i0.wp.com\/www.grieta.org.mx\/wp-content\/uploads\/2018\/03\/14524434_1106112876131411_958039263622046936_o.jpg?resize=525%2C300 1.5x, https:\/\/i0.wp.com\/www.grieta.org.mx\/wp-content\/uploads\/2018\/03\/14524434_1106112876131411_958039263622046936_o.jpg?resize=700%2C400 2x"},"classes":[]},{"id":9391,"url":"http:\/\/www.grieta.org.mx\/index.php\/2016\/03\/10\/desaparecidos-en-oaxaca\/","url_meta":{"origin":2077,"position":2},"title":"Desaparecidos en Oaxaca","author":"grieta","date":"10 marzo, 2016","format":false,"excerpt":"03\/03\/16. Mujeres desaparecidas en M\u00e9xico; van 99 en Oaxaca Noticias net 15\/12\/15. Intentan desnudar a madres de migrantes en reclusorios de Oaxaca Noticias net 14\/12\/15. La b\u00fasqueda de Clementina, 28 a\u00f1os en espera de sus hijos Istmo Press 13\/12\/15. Caravana de madres de migrantes concluye ruta en Oaxaca Quadrat\u00edn 12\/12\/15.\u2026","rel":"","context":"En &quot;Desaparecidos&quot;","block_context":{"text":"Desaparecidos","link":"http:\/\/www.grieta.org.mx\/index.php\/category\/temas-nacionales\/desaparecidos\/"},"img":{"alt_text":"","src":"https:\/\/i0.wp.com\/www.grieta.org.mx\/wp-content\/uploads\/2018\/03\/14524434_1106112876131411_958039263622046936_o.jpg?resize=350%2C200","width":350,"height":200,"srcset":"https:\/\/i0.wp.com\/www.grieta.org.mx\/wp-content\/uploads\/2018\/03\/14524434_1106112876131411_958039263622046936_o.jpg?resize=350%2C200 1x, https:\/\/i0.wp.com\/www.grieta.org.mx\/wp-content\/uploads\/2018\/03\/14524434_1106112876131411_958039263622046936_o.jpg?resize=525%2C300 1.5x, https:\/\/i0.wp.com\/www.grieta.org.mx\/wp-content\/uploads\/2018\/03\/14524434_1106112876131411_958039263622046936_o.jpg?resize=700%2C400 2x"},"classes":[]},{"id":2073,"url":"http:\/\/www.grieta.org.mx\/index.php\/2015\/12\/15\/intentan-desnudar-a-madres-de-migrantes-en-reclusorios-de-oaxaca\/","url_meta":{"origin":2077,"position":3},"title":"Intentan desnudar a madres de migrantes en reclusorios de Oaxaca","author":"grieta","date":"15 diciembre, 2015","format":false,"excerpt":"Agencia Notimex Juchit\u00e1n, Oaxaca.- En su primer d\u00eda de estancia en el Istmo de Tehuantepec, las madres migrantes centroamericanas, integradas en la und\u00e9cima Caravana \u201cUna madre nunca se cansa de buscar\u201d, de visita el territorio mexicano, denunciaron la falta de sensibilidad de los servidores p\u00fablicos en las c\u00e1rceles de esta\u2026","rel":"","context":"En &quot;CINTILLO&quot;","block_context":{"text":"CINTILLO","link":"http:\/\/www.grieta.org.mx\/index.php\/category\/cintillo\/"},"img":{"alt_text":"","src":"https:\/\/i0.wp.com\/www.grieta.org.mx\/wp-content\/uploads\/2018\/03\/14524434_1106112876131411_958039263622046936_o.jpg?resize=350%2C200","width":350,"height":200,"srcset":"https:\/\/i0.wp.com\/www.grieta.org.mx\/wp-content\/uploads\/2018\/03\/14524434_1106112876131411_958039263622046936_o.jpg?resize=350%2C200 1x, https:\/\/i0.wp.com\/www.grieta.org.mx\/wp-content\/uploads\/2018\/03\/14524434_1106112876131411_958039263622046936_o.jpg?resize=525%2C300 1.5x, https:\/\/i0.wp.com\/www.grieta.org.mx\/wp-content\/uploads\/2018\/03\/14524434_1106112876131411_958039263622046936_o.jpg?resize=700%2C400 2x"},"classes":[]},{"id":27552,"url":"http:\/\/www.grieta.org.mx\/index.php\/2018\/11\/06\/pisa-oaxaca-segunda-caravana-de-migrantes\/","url_meta":{"origin":2077,"position":4},"title":"Pisa Oaxaca segunda caravana de migrantes","author":"grieta","date":"6 noviembre, 2018","format":false,"excerpt":"Noticias. Miguel Angel, Un grupo de mil 500 migrantes centroamericanos ingres\u00f3 ayer a territorio oaxaque\u00f1o, pasando la noche en San Pedro Tapanatepec, de acuerdo a Francisco Garc\u00eda L\u00f3pez, representante de la Secretar\u00eda General de Gobierno (Segego) en el Istmo de Tehuantepec. Se espera que hoy se trasladen rumbo a la\u2026","rel":"","context":"En &quot;Caravanas de poblaciones migrantes en Oaxaca&quot;","block_context":{"text":"Caravanas de poblaciones migrantes en Oaxaca","link":"http:\/\/www.grieta.org.mx\/index.php\/category\/noticias-nacionales\/oaxaca\/caravanas-de-poblaciones-migrantes-en-oaxaca\/"},"img":{"alt_text":"","src":"https:\/\/i0.wp.com\/www.grieta.org.mx\/wp-content\/uploads\/2018\/11\/image_24_246.jpg?resize=350%2C200","width":350,"height":200,"srcset":"https:\/\/i0.wp.com\/www.grieta.org.mx\/wp-content\/uploads\/2018\/11\/image_24_246.jpg?resize=350%2C200 1x, https:\/\/i0.wp.com\/www.grieta.org.mx\/wp-content\/uploads\/2018\/11\/image_24_246.jpg?resize=525%2C300 1.5x, https:\/\/i0.wp.com\/www.grieta.org.mx\/wp-content\/uploads\/2018\/11\/image_24_246.jpg?resize=700%2C400 2x, https:\/\/i0.wp.com\/www.grieta.org.mx\/wp-content\/uploads\/2018\/11\/image_24_246.jpg?resize=1050%2C600 3x"},"classes":[]},{"id":68820,"url":"http:\/\/www.grieta.org.mx\/index.php\/2024\/04\/16\/caravana-migrante-2024-llega-a-juchitan-oaxaca-con-2-mil-500-personas-nadie-nos-detendra-por-nuestros-suenos\/","url_meta":{"origin":2077,"position":5},"title":"\u201cCaravana Migrante 2024\u201d llega a Juchit\u00e1n, Oaxaca con 2 mil 500 personas: \u201cNadie nos detendr\u00e1 por nuestros sue\u00f1os\u201d","author":"grieta","date":"16 abril, 2024","format":false,"excerpt":"Imagen: Itsmo Press Diana Manzo \/ Agencia de Noticias IstmoPress #Juchit\u00e1n 16 Abr (#Istmopress) \u2013 La \u201cCaravana de migrantes 2024\u201d como se han denominado los m\u00e1s de 2 mil 500 personas migrantes que la conforman lleg\u00f3 a esta ciudad oaxaque\u00f1a con la esperanza de descansar y retomar las fuerzas para\u2026","rel":"","context":"En &quot;Caravanas de poblaciones migrantes en Oaxaca&quot;","block_context":{"text":"Caravanas de poblaciones migrantes en Oaxaca","link":"http:\/\/www.grieta.org.mx\/index.php\/category\/noticias-nacionales\/oaxaca\/caravanas-de-poblaciones-migrantes-en-oaxaca\/"},"img":{"alt_text":"","src":"https:\/\/i0.wp.com\/www.grieta.org.mx\/wp-content\/uploads\/2024\/04\/1713314087477-800x445-1.jpg?resize=350%2C200","width":350,"height":200,"srcset":"https:\/\/i0.wp.com\/www.grieta.org.mx\/wp-content\/uploads\/2024\/04\/1713314087477-800x445-1.jpg?resize=350%2C200 1x, https:\/\/i0.wp.com\/www.grieta.org.mx\/wp-content\/uploads\/2024\/04\/1713314087477-800x445-1.jpg?resize=525%2C300 1.5x, https:\/\/i0.wp.com\/www.grieta.org.mx\/wp-content\/uploads\/2024\/04\/1713314087477-800x445-1.jpg?resize=700%2C400 2x"},"classes":[]}],"_links":{"self":[{"href":"http:\/\/www.grieta.org.mx\/index.php\/wp-json\/wp\/v2\/posts\/2077","targetHints":{"allow":["GET"]}}],"collection":[{"href":"http:\/\/www.grieta.org.mx\/index.php\/wp-json\/wp\/v2\/posts"}],"about":[{"href":"http:\/\/www.grieta.org.mx\/index.php\/wp-json\/wp\/v2\/types\/post"}],"author":[{"embeddable":true,"href":"http:\/\/www.grieta.org.mx\/index.php\/wp-json\/wp\/v2\/users\/2"}],"replies":[{"embeddable":true,"href":"http:\/\/www.grieta.org.mx\/index.php\/wp-json\/wp\/v2\/comments?post=2077"}],"version-history":[{"count":1,"href":"http:\/\/www.grieta.org.mx\/index.php\/wp-json\/wp\/v2\/posts\/2077\/revisions"}],"predecessor-version":[{"id":2078,"href":"http:\/\/www.grieta.org.mx\/index.php\/wp-json\/wp\/v2\/posts\/2077\/revisions\/2078"}],"wp:featuredmedia":[{"embeddable":true,"href":"http:\/\/www.grieta.org.mx\/index.php\/wp-json\/wp\/v2\/media\/21928"}],"wp:attachment":[{"href":"http:\/\/www.grieta.org.mx\/index.php\/wp-json\/wp\/v2\/media?parent=2077"}],"wp:term":[{"taxonomy":"category","embeddable":true,"href":"http:\/\/www.grieta.org.mx\/index.php\/wp-json\/wp\/v2\/categories?post=2077"},{"taxonomy":"post_tag","embeddable":true,"href":"http:\/\/www.grieta.org.mx\/index.php\/wp-json\/wp\/v2\/tags?post=2077"}],"curies":[{"name":"wp","href":"https:\/\/api.w.org\/{rel}","templated":true}]}}