{"id":2075,"date":"2015-12-14T03:11:05","date_gmt":"2015-12-14T03:11:05","guid":{"rendered":"http:\/\/50.22.11.12\/~grietaor\/?p=2075"},"modified":"2016-03-11T03:12:23","modified_gmt":"2016-03-11T03:12:23","slug":"la-busqueda-de-clementina-28-anos-en-espera-de-sus-hijos","status":"publish","type":"post","link":"http:\/\/www.grieta.org.mx\/index.php\/2015\/12\/14\/la-busqueda-de-clementina-28-anos-en-espera-de-sus-hijos\/","title":{"rendered":"La b\u00fasqueda de Clementina, 28 a\u00f1os en espera de sus hijos"},"content":{"rendered":"<p>Diana Manzo, Oaxaca<\/p>\n<p>#Istmopress.- Jorge y Mabro Orlando Funes desaparecieron hace 28 y 13 a\u00f1os respectivamente, su madres Clementina Murcio Gonz\u00e1lez, hondure\u00f1a de 74 a\u00f1os de edad los ha buscado en cuatro ocasiones en la Caravana de Madres Migrantes, es una mujer que aprendi\u00f3 a la fuerza a vivir con el dolor de no saber donde est\u00e1n sus hijos y al mismo tiempo vive con una luz de esperanza de que alg\u00fan d\u00eda sabr\u00e1 de ellos, no sabe si vivos o muertos, pero los volver\u00e1 a ver.<\/p>\n<p>A la vida no le lamenta su desgracia, pero s\u00ed al gobierno de M\u00e9xico, en donde dijo es un territorio que el sue\u00f1o lo convierte en cenizas porque del llamado \u201csue\u00f1o americano\u201d, al menos para Clementina, solo ha sido un camino de muerte, desde hace m\u00e1s de una d\u00e9cada no sabe nada de sus dos \u00fanicos hijos varones.<\/p>\n<p>Sus manos delicadas y suaves como de la palma de un bebe, pero el rostro firme como de una guerrera, han sido la fuerza para el caminar de Clementina, qui\u00e9n en cuatro ocasiones ha visitado con la caravana de madres el territorio mexicano.<\/p>\n<p>\u201cUna madre nunca se cansa de buscar a su hijo, no perdemos la esperanza de ver a nuestros hijos vivos, no somos 39 sino m\u00e1s de 70 mil madres que buscan a sus hijos e hijas desesperadamente en M\u00e9xico, mis hijos huyeron para mejorar sus condiciones de vida, no para ser asesinados y tampoco desaparecidos\u201d, expres\u00f3.<\/p>\n<p>A pesar de llamarse clementina, lo menos que busca es clemencia, al contrario busca el apoyo de los defensores sociales y organismos para encontrar a sus dos \u00fanicos varones, quienes se dedicaban a la mec\u00e1nica automotriz en su natal Honduras.<\/p>\n<p>Asegura que para ser participe de esta undecima Caravana las cosas son cada vez m\u00e1s dif\u00edciles, desde los tramites hasta el miedo de vivir violencia a su llegada a M\u00e9xico.<\/p>\n<p>\u201cCada vez somos m\u00e1s las madres que nos sumamos a esta caravana, somos uno sola, lloramos, gritamos, pataleamos, nos abrazamos, pero lo m\u00e1s sorprendente es que seguimos caminando, en mi caso no llevo once a\u00f1os, sino 28 de buscar, pero gracias al Movimiento del Migrante Mesoamericano, todo esto ha sido realidad; cada que una mam\u00e1 encuentra a un ser querido, la alegr\u00eda es para todas, estamos conectadas con el mismo dolor y la misma satisfacci\u00f3n\u201d, expres\u00f3.<\/p>\n<p>Su hijo Jorge Orlando Funes desapareci\u00f3 hace 28 a\u00f1os en Guadalajara Jalisco y el segundo (Mabro Orlando Funes) hace trece a\u00f1os en Tuxtla Guti\u00e9rrez Chiapas.<\/p>\n<p>\u201cDe mi segundo hijo, recib\u00ed la ultima llamada en el mes de Abril de hace 13 a\u00f1os, me dijo que estaba en una localidad llamada Agua Azul, que ah\u00ed trabajaba y que estaba bien, pero tambi\u00e9n coment\u00f3 que hab\u00eda mucha violencia y discriminaci\u00f3n contra los migrantes, de ah\u00ed no supe m\u00e1s de \u00e9l, por eso considero que para los migrantes el sue\u00f1o americano ya se termin\u00f3, ahora lo que atraviesan es el camino de la muerte\u201d.<\/p>\n<p>La madre centroamericana expres\u00f3 que la migraci\u00f3n en centroamerica no es por gusto, antes era por el sue\u00f1o americano, por mejorar ingresos, actualmente es por la violencia de las pandillas, que intentan desaparecer la libertad del joven, reclut\u00e1ndolo.<\/p>\n<p>\u201cMucha gente migra, familias completas, y no lo hacen por gusto, la pobreza y la violencia han invadido pa\u00edses de centroamerica, es triste saberlo pero nos pone m\u00e1s triste saber que llegan a _M\u00e9xico y son desaparecidos, por eso esta caravana 11 est\u00e1 denunciando penalmente, no podemos ser m\u00e1s, no podemos sumar m\u00e1s desaparecidos, no queremos ser estad\u00edsticas\u201d, abund\u00f3.<\/p>\n<p>Para poder seguir viviendo, Clementina vive fortalecida con Dios, es evang\u00e9lica de una secta religiosa adem\u00e1s acude a terapias psicol\u00f3gicas y lo m\u00e1s triste como ella lo define \u201cSe ha acostumbrado a vivir con dolor\u201d.<\/p>\n<p><a href=\"http:\/\/www.istmopress.com.mx\/especiales\/clementina-la-madre-migrante-que-no-pierde-la-fe-por-sus-dos-hijos\/\" target=\"_blank\">www.istmopress.com.mx\/especiales\/clementina-la-madre-migrante-que-no-pierde-la-fe-por-sus-dos-hijos\/<\/a><\/p>\n","protected":false},"excerpt":{"rendered":"<p>Diana Manzo, Oaxaca #Istmopress.- Jorge y Mabro Orlando Funes desaparecieron hace 28 y 13 a\u00f1os respectivamente, su madres Clementina Murcio Gonz\u00e1lez, hondure\u00f1a de 74 a\u00f1os de edad los ha buscado &hellip; <a href=\"http:\/\/www.grieta.org.mx\/index.php\/2015\/12\/14\/la-busqueda-de-clementina-28-anos-en-espera-de-sus-hijos\/\" class=\"more-link\">Leer m\u00e1s<\/a><\/p>\n","protected":false},"author":2,"featured_media":21928,"comment_status":"closed","ping_status":"open","sticky":false,"template":"","format":"standard","meta":{"ngg_post_thumbnail":0,"_jetpack_newsletter_access":"","_jetpack_dont_email_post_to_subs":false,"_jetpack_newsletter_tier_id":0,"_jetpack_memberships_contains_paywalled_content":false,"_jetpack_memberships_contains_paid_content":false,"footnotes":""},"categories":[80],"tags":[121,158,93],"class_list":["post-2075","post","type-post","status-publish","format-standard","has-post-thumbnail","hentry","category-cintillo","tag-desaparecidos","tag-migrantes","tag-oaxaca","entry"],"jetpack_featured_media_url":"http:\/\/www.grieta.org.mx\/wp-content\/uploads\/2018\/03\/14524434_1106112876131411_958039263622046936_o.jpg","jetpack_sharing_enabled":true,"jetpack_shortlink":"https:\/\/wp.me\/p7ZJR4-xt","jetpack_likes_enabled":false,"jetpack-related-posts":[{"id":9391,"url":"http:\/\/www.grieta.org.mx\/index.php\/2016\/03\/10\/desaparecidos-en-oaxaca\/","url_meta":{"origin":2075,"position":0},"title":"Desaparecidos en Oaxaca","author":"grieta","date":"10 marzo, 2016","format":false,"excerpt":"03\/03\/16. Mujeres desaparecidas en M\u00e9xico; van 99 en Oaxaca Noticias net 15\/12\/15. Intentan desnudar a madres de migrantes en reclusorios de Oaxaca Noticias net 14\/12\/15. La b\u00fasqueda de Clementina, 28 a\u00f1os en espera de sus hijos Istmo Press 13\/12\/15. Caravana de madres de migrantes concluye ruta en Oaxaca Quadrat\u00edn 12\/12\/15.\u2026","rel":"","context":"En &quot;Desaparecidos&quot;","block_context":{"text":"Desaparecidos","link":"http:\/\/www.grieta.org.mx\/index.php\/category\/temas-nacionales\/desaparecidos\/"},"img":{"alt_text":"","src":"https:\/\/i0.wp.com\/www.grieta.org.mx\/wp-content\/uploads\/2018\/03\/14524434_1106112876131411_958039263622046936_o.jpg?resize=350%2C200","width":350,"height":200,"srcset":"https:\/\/i0.wp.com\/www.grieta.org.mx\/wp-content\/uploads\/2018\/03\/14524434_1106112876131411_958039263622046936_o.jpg?resize=350%2C200 1x, https:\/\/i0.wp.com\/www.grieta.org.mx\/wp-content\/uploads\/2018\/03\/14524434_1106112876131411_958039263622046936_o.jpg?resize=525%2C300 1.5x, https:\/\/i0.wp.com\/www.grieta.org.mx\/wp-content\/uploads\/2018\/03\/14524434_1106112876131411_958039263622046936_o.jpg?resize=700%2C400 2x"},"classes":[]},{"id":2073,"url":"http:\/\/www.grieta.org.mx\/index.php\/2015\/12\/15\/intentan-desnudar-a-madres-de-migrantes-en-reclusorios-de-oaxaca\/","url_meta":{"origin":2075,"position":1},"title":"Intentan desnudar a madres de migrantes en reclusorios de Oaxaca","author":"grieta","date":"15 diciembre, 2015","format":false,"excerpt":"Agencia Notimex Juchit\u00e1n, Oaxaca.- En su primer d\u00eda de estancia en el Istmo de Tehuantepec, las madres migrantes centroamericanas, integradas en la und\u00e9cima Caravana \u201cUna madre nunca se cansa de buscar\u201d, de visita el territorio mexicano, denunciaron la falta de sensibilidad de los servidores p\u00fablicos en las c\u00e1rceles de esta\u2026","rel":"","context":"En &quot;CINTILLO&quot;","block_context":{"text":"CINTILLO","link":"http:\/\/www.grieta.org.mx\/index.php\/category\/cintillo\/"},"img":{"alt_text":"","src":"https:\/\/i0.wp.com\/www.grieta.org.mx\/wp-content\/uploads\/2018\/03\/14524434_1106112876131411_958039263622046936_o.jpg?resize=350%2C200","width":350,"height":200,"srcset":"https:\/\/i0.wp.com\/www.grieta.org.mx\/wp-content\/uploads\/2018\/03\/14524434_1106112876131411_958039263622046936_o.jpg?resize=350%2C200 1x, https:\/\/i0.wp.com\/www.grieta.org.mx\/wp-content\/uploads\/2018\/03\/14524434_1106112876131411_958039263622046936_o.jpg?resize=525%2C300 1.5x, https:\/\/i0.wp.com\/www.grieta.org.mx\/wp-content\/uploads\/2018\/03\/14524434_1106112876131411_958039263622046936_o.jpg?resize=700%2C400 2x"},"classes":[]},{"id":41798,"url":"http:\/\/www.grieta.org.mx\/index.php\/2019\/11\/23\/caravana-de-madres-migrantes-arribo-a-san-luis-potosi\/","url_meta":{"origin":2075,"position":2},"title":"Caravana de Madres Migrantes arrib\u00f3 a San Luis Potos\u00ed","author":"grieta","date":"23 noviembre, 2019","format":false,"excerpt":"Juan Hern\u00e1ndez\/Quadrat\u00edn San Luis Potos\u00ed SAN LUIS POTOS\u00cd, SLP., 23 de noviembre 2019.- A ocho a\u00f1os de recibir la caravana de mujeres migrantes que buscan a sus hijos, esposos y padres desaparecidos en M\u00e9xico, lleg\u00f3 una vez m\u00e1s con 45 personas que se alojaron en la Casa del Migrante para\u2026","rel":"","context":"En &quot;CINTILLO&quot;","block_context":{"text":"CINTILLO","link":"http:\/\/www.grieta.org.mx\/index.php\/category\/cintillo\/"},"img":{"alt_text":"","src":"https:\/\/i0.wp.com\/www.grieta.org.mx\/wp-content\/uploads\/2019\/12\/mig1-1160x700.jpg?resize=350%2C200","width":350,"height":200,"srcset":"https:\/\/i0.wp.com\/www.grieta.org.mx\/wp-content\/uploads\/2019\/12\/mig1-1160x700.jpg?resize=350%2C200 1x, https:\/\/i0.wp.com\/www.grieta.org.mx\/wp-content\/uploads\/2019\/12\/mig1-1160x700.jpg?resize=525%2C300 1.5x, https:\/\/i0.wp.com\/www.grieta.org.mx\/wp-content\/uploads\/2019\/12\/mig1-1160x700.jpg?resize=700%2C400 2x, https:\/\/i0.wp.com\/www.grieta.org.mx\/wp-content\/uploads\/2019\/12\/mig1-1160x700.jpg?resize=1050%2C600 3x"},"classes":[]},{"id":2467,"url":"http:\/\/www.grieta.org.mx\/index.php\/2015\/12\/07\/fueron-policias-quienes-desaparecieron-a-mi-hijo-acusa-madre-de-migrante\/","url_meta":{"origin":2075,"position":3},"title":"\u201cFueron polic\u00edas quienes desaparecieron a mi hijo\u201d, acusa madre de migrante","author":"grieta","date":"7 diciembre, 2015","format":false,"excerpt":"Escrito por Mathieu Tourliere M\u00c9XICO, DF (apro).- A ocho d\u00edas de arrancar su recorrido por el pa\u00eds, la XI Caravana de Madres Centroamericanas exigi\u00f3 a las autoridades mexicanas que cumplan con sus obligaciones de buscar a sus seres queridos y pidi\u00f3 que la futura ley sobre desapariciones forzadas ponga un\u2026","rel":"","context":"En &quot;CINTILLO&quot;","block_context":{"text":"CINTILLO","link":"http:\/\/www.grieta.org.mx\/index.php\/category\/cintillo\/"},"img":{"alt_text":"","src":"https:\/\/i0.wp.com\/www.grieta.org.mx\/wp-content\/uploads\/2018\/03\/14524434_1106112876131411_958039263622046936_o.jpg?resize=350%2C200","width":350,"height":200,"srcset":"https:\/\/i0.wp.com\/www.grieta.org.mx\/wp-content\/uploads\/2018\/03\/14524434_1106112876131411_958039263622046936_o.jpg?resize=350%2C200 1x, https:\/\/i0.wp.com\/www.grieta.org.mx\/wp-content\/uploads\/2018\/03\/14524434_1106112876131411_958039263622046936_o.jpg?resize=525%2C300 1.5x, https:\/\/i0.wp.com\/www.grieta.org.mx\/wp-content\/uploads\/2018\/03\/14524434_1106112876131411_958039263622046936_o.jpg?resize=700%2C400 2x"},"classes":[]},{"id":33370,"url":"http:\/\/www.grieta.org.mx\/index.php\/2019\/05\/11\/retumba-en-tamaulipas-y-en-todo-mexico-el-clamor-de-las-madres-que-buscan-a-sus-hijos\/","url_meta":{"origin":2075,"position":4},"title":"Retumba en Tamaulipas y en todo M\u00e9xico el clamor de las madres que buscan a sus hijos","author":"grieta","date":"11 mayo, 2019","format":false,"excerpt":"Gaceta Ciudad de M\u00e9xico.- Miles de madres de v\u00edctimas de desaparici\u00f3n forzada se reunieron este viernes las calles de esta ciudad y de varios estados del pa\u00eds para exigir que las autoridades act\u00faen para encontrar a sus seres queridos y sancionen a los responsables de estos delitos, pues de lo\u2026","rel":"","context":"En &quot;CINTILLO&quot;","block_context":{"text":"CINTILLO","link":"http:\/\/www.grieta.org.mx\/index.php\/category\/cintillo\/"},"img":{"alt_text":"","src":"https:\/\/i0.wp.com\/www.grieta.org.mx\/wp-content\/uploads\/2019\/05\/Retumba-en-Tamaulipas-y-en-todo-M%C3%A9xico-el-clamor-de-las-madres-que-buscan-a-sus-hijos-tama-may.jpg?resize=350%2C200","width":350,"height":200},"classes":[]},{"id":48897,"url":"http:\/\/www.grieta.org.mx\/index.php\/2020\/05\/10\/triste-10-de-mayo-para-las-madres-buscadoras-sufren-la-ausencia-de-sus-hijos-sonora\/","url_meta":{"origin":2075,"position":5},"title":"Triste 10 de mayo para las Madres Buscadoras; sufren la ausencia de sus hijos (Sonora)","author":"grieta","date":"10 mayo, 2020","format":false,"excerpt":"Mar\u00eda Jos\u00e9 L\u00f3pez | El Sol de Hermosillo Foto: El Sol de Hermosillo Para las Madres Buscadoras de Sonora el D\u00eda de las Madres no ser\u00e1 una fecha para celebrar, pues optaron por alzar sus voces a las afueras de la Comisi\u00f3n Estatal de Derechos Humanos (CEDH). Desde las 19:30\u2026","rel":"","context":"En &quot;CINTILLO&quot;","block_context":{"text":"CINTILLO","link":"http:\/\/www.grieta.org.mx\/index.php\/category\/cintillo\/"},"img":{"alt_text":"","src":"https:\/\/i0.wp.com\/www.grieta.org.mx\/wp-content\/uploads\/2020\/05\/Vigilia-Madres-buscadoras.jpeg?resize=350%2C200","width":350,"height":200,"srcset":"https:\/\/i0.wp.com\/www.grieta.org.mx\/wp-content\/uploads\/2020\/05\/Vigilia-Madres-buscadoras.jpeg?resize=350%2C200 1x, https:\/\/i0.wp.com\/www.grieta.org.mx\/wp-content\/uploads\/2020\/05\/Vigilia-Madres-buscadoras.jpeg?resize=525%2C300 1.5x, https:\/\/i0.wp.com\/www.grieta.org.mx\/wp-content\/uploads\/2020\/05\/Vigilia-Madres-buscadoras.jpeg?resize=700%2C400 2x"},"classes":[]}],"_links":{"self":[{"href":"http:\/\/www.grieta.org.mx\/index.php\/wp-json\/wp\/v2\/posts\/2075","targetHints":{"allow":["GET"]}}],"collection":[{"href":"http:\/\/www.grieta.org.mx\/index.php\/wp-json\/wp\/v2\/posts"}],"about":[{"href":"http:\/\/www.grieta.org.mx\/index.php\/wp-json\/wp\/v2\/types\/post"}],"author":[{"embeddable":true,"href":"http:\/\/www.grieta.org.mx\/index.php\/wp-json\/wp\/v2\/users\/2"}],"replies":[{"embeddable":true,"href":"http:\/\/www.grieta.org.mx\/index.php\/wp-json\/wp\/v2\/comments?post=2075"}],"version-history":[{"count":1,"href":"http:\/\/www.grieta.org.mx\/index.php\/wp-json\/wp\/v2\/posts\/2075\/revisions"}],"predecessor-version":[{"id":2076,"href":"http:\/\/www.grieta.org.mx\/index.php\/wp-json\/wp\/v2\/posts\/2075\/revisions\/2076"}],"wp:featuredmedia":[{"embeddable":true,"href":"http:\/\/www.grieta.org.mx\/index.php\/wp-json\/wp\/v2\/media\/21928"}],"wp:attachment":[{"href":"http:\/\/www.grieta.org.mx\/index.php\/wp-json\/wp\/v2\/media?parent=2075"}],"wp:term":[{"taxonomy":"category","embeddable":true,"href":"http:\/\/www.grieta.org.mx\/index.php\/wp-json\/wp\/v2\/categories?post=2075"},{"taxonomy":"post_tag","embeddable":true,"href":"http:\/\/www.grieta.org.mx\/index.php\/wp-json\/wp\/v2\/tags?post=2075"}],"curies":[{"name":"wp","href":"https:\/\/api.w.org\/{rel}","templated":true}]}}