{"id":2073,"date":"2015-12-15T03:07:17","date_gmt":"2015-12-15T03:07:17","guid":{"rendered":"http:\/\/50.22.11.12\/~grietaor\/?p=2073"},"modified":"2016-03-11T03:10:24","modified_gmt":"2016-03-11T03:10:24","slug":"intentan-desnudar-a-madres-de-migrantes-en-reclusorios-de-oaxaca","status":"publish","type":"post","link":"http:\/\/www.grieta.org.mx\/index.php\/2015\/12\/15\/intentan-desnudar-a-madres-de-migrantes-en-reclusorios-de-oaxaca\/","title":{"rendered":"Intentan desnudar a madres de migrantes en reclusorios de Oaxaca"},"content":{"rendered":"<p>Agencia Notimex<\/p>\n<p>Juchit\u00e1n, Oaxaca.- En su primer d\u00eda de estancia en el Istmo de Tehuantepec, las madres migrantes centroamericanas, integradas en la und\u00e9cima Caravana \u201cUna madre nunca se cansa de buscar\u201d, de visita el territorio mexicano, denunciaron la falta de sensibilidad de los servidores p\u00fablicos en las c\u00e1rceles de esta regi\u00f3n oaxaque\u00f1a.<\/p>\n<p>Las 39 mujeres, quienes buscan desde hace 11 a\u00f1os a sus hijos e hijas en territorio mexicano, llegaron la madrugada del s\u00e1bado, acompa\u00f1adas de defensores de derechos humanos, al Albergue Hermanos del Camino, que se ubica en Ciudad Ixtepec, fundado hace m\u00e1s de una d\u00e9cada por el sacerdote Alejandro Solalinde Guerra.<\/p>\n<p>Tras su visita al penal de Ixtepec, a donde fueron vestidas con playeras que identifican la Caravana y portando im\u00e1genes de sus familiares en sus pechos, se\u00f1alaron que recibieron un trato discriminatorio al momento de ingresar a los penales y manifestaron su tristeza ante el comportamiento insensible que reflejaron los custodios cuando ingresaron a los penales de Tehuantepec y Juchit\u00e1n.<\/p>\n<p>\u201cA tres de nosotras estuvieron a punto de desnudarnos en el filtro para poder ingresar, cuando lo \u00fanico de lo que vivimos es de la esperanza de encontrar a nuestro ser querido. Notamos mucha discriminaci\u00f3n de parte de los encargados de los penales y de los custodios principalmente\u201d, abundaron.<\/p>\n<p>Martha S\u00e1nchez Soler, coordinadora del Movimiento Migrante Mesoamericano y de la Caravana, expres\u00f3 su indignaci\u00f3n porque la o el migrante llega a M\u00e9xico y desaparece, es decir \u201cAqu\u00ed no pasa nada\u201d, por lo que parece que en este pa\u00eds son parte del \u201ccrimen perfecto\u201d.<\/p>\n<p>\u201cEn el Distrito Federal, interpusimos denuncias por desaparici\u00f3n forzada contra el Estado mexicano\u201d, dijo, e inform\u00f3 que esta Caravana ha dado frutos, ya que ha habido reencuentros \u201cy eso nos da mucha satisfacci\u00f3n. De esta und\u00e9cima nos sentimos orgullosas porque en Tabasco una madre se encontr\u00f3 con su hijo, son experiencias \u00fanicas que nos\u201d, refiri\u00f3.<\/p>\n<p>Mural y m\u00fasica ante una fosa com\u00fan<\/p>\n<p>Despu\u00e9s de abandonar el penal de Juchit\u00e1n, la Caravana se dirigi\u00f3 en la parte trasera del pante\u00f3n municipal, en un espacio utilizado como fosa com\u00fan por la Subprocuradur\u00eda de Justicia en el Istmo, y del cual apenas el a\u00f1o pasado ellas tuvieron noticias. Se sabe que ah\u00ed est\u00e1n al menos diez migrantes sepultados en estado de No identificado.<\/p>\n<p>La m\u00fasica de la banda envolvi\u00f3 el momento y de inmediato las l\u00e1grimas corrieron por el rostro de las mujeres, quienes cantaron, aplaudieron y colocaron flores y velas que tra\u00edan para sus compatriotas difuntos. Tambi\u00e9n sembraron plantas en se\u00f1al de que la esperanza no ha muerto y que mientras tengan la oportunidad visitar\u00e1n el sitio en posteriores caravanas.<\/p>\n<p>Isis Rivera y Sandra P\u00e9rez, ambas de nacionalidad hondure\u00f1a, reprobaron el trato que da el Estado mexicano a los migrantes porque, dijeron, son tratados como mercanc\u00eda. \u201cSi un migrante muere, simplemente lo entierran o lo tiran, qui\u00e9n sabe, en M\u00e9xico se olvida que es ser humano y que merece un trato justo\u201d. Se habla de que en este pa\u00eds existen m\u00e1s de 70 mil migrantes centroamericanos desaparecidos\u201d.<\/p>\n<p>Ah\u00ed mismo, integrantes del colectivo Bicu Yuba (Perro Rabioso) y de la Galer\u00eda El Ocote presentaron como homenaje un mural de 18 metros, sobre la barda del camposanto, titulado \u201cQue lejos estoy del lugar de donde soy\u201d, como dice la canci\u00f3n mixteca oaxaque\u00f1a.<\/p>\n<p>A este encuentro tambi\u00e9n asisti\u00f3 el titular de la Direcci\u00f3n de Vinculaci\u00f3n del Ayuntamiento de Juchit\u00e1n, Humberto L\u00f3pez G\u00f3mez, qui\u00e9n encarg\u00f3 de la limpieza del sitio y dijo que ser\u00e1 un espacio digno con vigilancia permanente.<\/p>\n<p><a href=\"http:\/\/www.noticiasnet.mx\/portal\/oaxaca\/general\/agropecuarias\/318473-intentan-desnudar-madres-migrantes-reclusorios-oaxaca\" target=\"_blank\">www.noticiasnet.mx\/portal\/oaxaca\/general\/agropecuarias\/318473-intentan-desnudar-madres-migrantes-reclusorios-oaxaca<\/a><\/p>\n","protected":false},"excerpt":{"rendered":"<p>Agencia Notimex Juchit\u00e1n, Oaxaca.- En su primer d\u00eda de estancia en el Istmo de Tehuantepec, las madres migrantes centroamericanas, integradas en la und\u00e9cima Caravana \u201cUna madre nunca se cansa de &hellip; <a href=\"http:\/\/www.grieta.org.mx\/index.php\/2015\/12\/15\/intentan-desnudar-a-madres-de-migrantes-en-reclusorios-de-oaxaca\/\" class=\"more-link\">Leer m\u00e1s<\/a><\/p>\n","protected":false},"author":2,"featured_media":21928,"comment_status":"closed","ping_status":"open","sticky":false,"template":"","format":"standard","meta":{"ngg_post_thumbnail":0,"_jetpack_newsletter_access":"","_jetpack_dont_email_post_to_subs":false,"_jetpack_newsletter_tier_id":0,"_jetpack_memberships_contains_paywalled_content":false,"_jetpack_memberships_contains_paid_content":false,"footnotes":""},"categories":[80],"tags":[121,158,93],"class_list":["post-2073","post","type-post","status-publish","format-standard","has-post-thumbnail","hentry","category-cintillo","tag-desaparecidos","tag-migrantes","tag-oaxaca","entry"],"jetpack_featured_media_url":"http:\/\/www.grieta.org.mx\/wp-content\/uploads\/2018\/03\/14524434_1106112876131411_958039263622046936_o.jpg","jetpack_sharing_enabled":true,"jetpack_shortlink":"https:\/\/wp.me\/p7ZJR4-xr","jetpack_likes_enabled":false,"jetpack-related-posts":[{"id":2077,"url":"http:\/\/www.grieta.org.mx\/index.php\/2015\/12\/13\/caravana-de-madres-de-migrantes-concluye-ruta-en-oaxaca\/","url_meta":{"origin":2073,"position":0},"title":"Caravana de madres de migrantes concluye ruta en Oaxaca","author":"grieta","date":"13 diciembre, 2015","format":false,"excerpt":"Quadratin, Oaxaca CIUDAD IXTEPEC, Oax., 13 de diciembre de 2015.- Las 38 madres y padres que integran la 11 Caravana de Madres Centroamericanas \u201cUna madre nunca se cansa de buscar\u201d realizaron este domingo su \u00faltima actividad en el Istmo de Tehuantepec. El grupo, que coordina el Movimiento Migrante Mesoamericano (MMM)\u2026","rel":"","context":"En &quot;CINTILLO&quot;","block_context":{"text":"CINTILLO","link":"http:\/\/www.grieta.org.mx\/index.php\/category\/cintillo\/"},"img":{"alt_text":"","src":"https:\/\/i0.wp.com\/www.grieta.org.mx\/wp-content\/uploads\/2018\/03\/14524434_1106112876131411_958039263622046936_o.jpg?resize=350%2C200","width":350,"height":200,"srcset":"https:\/\/i0.wp.com\/www.grieta.org.mx\/wp-content\/uploads\/2018\/03\/14524434_1106112876131411_958039263622046936_o.jpg?resize=350%2C200 1x, https:\/\/i0.wp.com\/www.grieta.org.mx\/wp-content\/uploads\/2018\/03\/14524434_1106112876131411_958039263622046936_o.jpg?resize=525%2C300 1.5x, https:\/\/i0.wp.com\/www.grieta.org.mx\/wp-content\/uploads\/2018\/03\/14524434_1106112876131411_958039263622046936_o.jpg?resize=700%2C400 2x"},"classes":[]},{"id":2081,"url":"http:\/\/www.grieta.org.mx\/index.php\/2015\/12\/12\/llega-al-istmo-de-tehuantepec-la-11-caravana-de-madres-migrantes\/","url_meta":{"origin":2073,"position":1},"title":"Llega al Istmo de Tehuantepec la 11 Caravana de Madres Migrantes","author":"grieta","date":"12 diciembre, 2015","format":false,"excerpt":"Quadrat\u00edn, Oaxaca OAXACA, Oax., 12 de diciembre de 2015.- La madrugada de este s\u00e1bado llegaron a Ciudad Ixtepec, en la regi\u00f3n del Istmo de Tehuantepec, las integrantes de la 11 Caravana de Madres Migrantes en Busca de sus Desaparecidos. Provenientes de Honduras, Nicaragua, El Salvador y Guatemala fueron recibidas por\u2026","rel":"","context":"En &quot;CINTILLO&quot;","block_context":{"text":"CINTILLO","link":"http:\/\/www.grieta.org.mx\/index.php\/category\/cintillo\/"},"img":{"alt_text":"","src":"https:\/\/i0.wp.com\/www.grieta.org.mx\/wp-content\/uploads\/2018\/03\/14524434_1106112876131411_958039263622046936_o.jpg?resize=350%2C200","width":350,"height":200,"srcset":"https:\/\/i0.wp.com\/www.grieta.org.mx\/wp-content\/uploads\/2018\/03\/14524434_1106112876131411_958039263622046936_o.jpg?resize=350%2C200 1x, https:\/\/i0.wp.com\/www.grieta.org.mx\/wp-content\/uploads\/2018\/03\/14524434_1106112876131411_958039263622046936_o.jpg?resize=525%2C300 1.5x, https:\/\/i0.wp.com\/www.grieta.org.mx\/wp-content\/uploads\/2018\/03\/14524434_1106112876131411_958039263622046936_o.jpg?resize=700%2C400 2x"},"classes":[]},{"id":2079,"url":"http:\/\/www.grieta.org.mx\/index.php\/2015\/12\/12\/recibe-malos-tratos-en-penales-del-istmo-caravana-de-madres-de-migrantes\/","url_meta":{"origin":2073,"position":2},"title":"Recibe malos tratos en penales del Istmo caravana de madres de migrantes","author":"grieta","date":"12 diciembre, 2015","format":false,"excerpt":"Roselia Cha\u00b4ca, Oaxaca JUCHIT\u00c1N, Oax. 12 de diciembre de 2015.- En el Istmo de Tehuantepec, las 38 integrantes de la 11 Caravana de Madres Centroamericanas \u201c Una madre nunca se cansa de buscar\u201d recorrieron este s\u00e1bado los penales de Mat\u00edas Romero, Juchit\u00e1n y Tehuantepec, en el Istmo de Oaxaca. Marta\u2026","rel":"","context":"En &quot;CINTILLO&quot;","block_context":{"text":"CINTILLO","link":"http:\/\/www.grieta.org.mx\/index.php\/category\/cintillo\/"},"img":{"alt_text":"","src":"https:\/\/i0.wp.com\/www.grieta.org.mx\/wp-content\/uploads\/2018\/03\/14524434_1106112876131411_958039263622046936_o.jpg?resize=350%2C200","width":350,"height":200,"srcset":"https:\/\/i0.wp.com\/www.grieta.org.mx\/wp-content\/uploads\/2018\/03\/14524434_1106112876131411_958039263622046936_o.jpg?resize=350%2C200 1x, https:\/\/i0.wp.com\/www.grieta.org.mx\/wp-content\/uploads\/2018\/03\/14524434_1106112876131411_958039263622046936_o.jpg?resize=525%2C300 1.5x, https:\/\/i0.wp.com\/www.grieta.org.mx\/wp-content\/uploads\/2018\/03\/14524434_1106112876131411_958039263622046936_o.jpg?resize=700%2C400 2x"},"classes":[]},{"id":9391,"url":"http:\/\/www.grieta.org.mx\/index.php\/2016\/03\/10\/desaparecidos-en-oaxaca\/","url_meta":{"origin":2073,"position":3},"title":"Desaparecidos en Oaxaca","author":"grieta","date":"10 marzo, 2016","format":false,"excerpt":"03\/03\/16. Mujeres desaparecidas en M\u00e9xico; van 99 en Oaxaca Noticias net 15\/12\/15. Intentan desnudar a madres de migrantes en reclusorios de Oaxaca Noticias net 14\/12\/15. La b\u00fasqueda de Clementina, 28 a\u00f1os en espera de sus hijos Istmo Press 13\/12\/15. Caravana de madres de migrantes concluye ruta en Oaxaca Quadrat\u00edn 12\/12\/15.\u2026","rel":"","context":"En &quot;Desaparecidos&quot;","block_context":{"text":"Desaparecidos","link":"http:\/\/www.grieta.org.mx\/index.php\/category\/temas-nacionales\/desaparecidos\/"},"img":{"alt_text":"","src":"https:\/\/i0.wp.com\/www.grieta.org.mx\/wp-content\/uploads\/2018\/03\/14524434_1106112876131411_958039263622046936_o.jpg?resize=350%2C200","width":350,"height":200,"srcset":"https:\/\/i0.wp.com\/www.grieta.org.mx\/wp-content\/uploads\/2018\/03\/14524434_1106112876131411_958039263622046936_o.jpg?resize=350%2C200 1x, https:\/\/i0.wp.com\/www.grieta.org.mx\/wp-content\/uploads\/2018\/03\/14524434_1106112876131411_958039263622046936_o.jpg?resize=525%2C300 1.5x, https:\/\/i0.wp.com\/www.grieta.org.mx\/wp-content\/uploads\/2018\/03\/14524434_1106112876131411_958039263622046936_o.jpg?resize=700%2C400 2x"},"classes":[]},{"id":27521,"url":"http:\/\/www.grieta.org.mx\/index.php\/2018\/11\/03\/una-semana-para-cruzar-oaxaca\/","url_meta":{"origin":2073,"position":4},"title":"Una semana para cruzar Oaxaca","author":"grieta","date":"3 noviembre, 2018","format":false,"excerpt":"??Pie de P\u00e1gina \/ En el camino, migraci\u00f3n m\u00e1s all\u00e1 de las v\u00edas. Texto Diana Manzo (P\u00e1gina 3), Fotos: Ximena Natera, Javier Garc\u00eda y Pedro Mat\u00edas (P\u00e1gina 3), Durante una semana el \u00e9xodo centroamericano cruz\u00f3 suelo oaxaque\u00f1o. Este es el resumen de ese recorrido. Donaj\u00ed, Oaxaca.- Despu\u00e9s de permanecer 7\u2026","rel":"","context":"En &quot;Caravanas de poblaciones migrantes en Oaxaca&quot;","block_context":{"text":"Caravanas de poblaciones migrantes en Oaxaca","link":"http:\/\/www.grieta.org.mx\/index.php\/category\/noticias-nacionales\/oaxaca\/caravanas-de-poblaciones-migrantes-en-oaxaca\/"},"img":{"alt_text":"","src":"https:\/\/i0.wp.com\/www.grieta.org.mx\/wp-content\/uploads\/2018\/11\/1.jpeg?resize=350%2C200","width":350,"height":200,"srcset":"https:\/\/i0.wp.com\/www.grieta.org.mx\/wp-content\/uploads\/2018\/11\/1.jpeg?resize=350%2C200 1x, https:\/\/i0.wp.com\/www.grieta.org.mx\/wp-content\/uploads\/2018\/11\/1.jpeg?resize=525%2C300 1.5x, https:\/\/i0.wp.com\/www.grieta.org.mx\/wp-content\/uploads\/2018\/11\/1.jpeg?resize=700%2C400 2x"},"classes":[]},{"id":32769,"url":"http:\/\/www.grieta.org.mx\/index.php\/2019\/04\/30\/unos-mil-migrantes-avanzan-su-camino-por-tren-a-veracruz-oaxaca\/","url_meta":{"origin":2073,"position":5},"title":"Unos mil migrantes avanzan su camino por tren a Veracruz (Oaxaca)","author":"grieta","date":"30 abril, 2019","format":false,"excerpt":"P\u00e1gina 3. Diana Manzo (Corresponsal), Ixtepec, Oaxaca.- Unas mil personas de origen centroamericano montados al lomo de \u201cla bestia\u201d como se le conoce al tren carguero, partieron la tarde de este martes a Medias Aguas Veracruz despu\u00e9s de permanecer durante dos d\u00edas en Ciudad Ixtepec. Yadira viaja con su bebe\u2026","rel":"","context":"En &quot;CINTILLO&quot;","block_context":{"text":"CINTILLO","link":"http:\/\/www.grieta.org.mx\/index.php\/category\/cintillo\/"},"img":{"alt_text":"","src":"https:\/\/i0.wp.com\/www.grieta.org.mx\/wp-content\/uploads\/2019\/04\/migrantes-la-bestia.jpg?resize=350%2C200","width":350,"height":200,"srcset":"https:\/\/i0.wp.com\/www.grieta.org.mx\/wp-content\/uploads\/2019\/04\/migrantes-la-bestia.jpg?resize=350%2C200 1x, https:\/\/i0.wp.com\/www.grieta.org.mx\/wp-content\/uploads\/2019\/04\/migrantes-la-bestia.jpg?resize=525%2C300 1.5x, https:\/\/i0.wp.com\/www.grieta.org.mx\/wp-content\/uploads\/2019\/04\/migrantes-la-bestia.jpg?resize=700%2C400 2x"},"classes":[]}],"_links":{"self":[{"href":"http:\/\/www.grieta.org.mx\/index.php\/wp-json\/wp\/v2\/posts\/2073","targetHints":{"allow":["GET"]}}],"collection":[{"href":"http:\/\/www.grieta.org.mx\/index.php\/wp-json\/wp\/v2\/posts"}],"about":[{"href":"http:\/\/www.grieta.org.mx\/index.php\/wp-json\/wp\/v2\/types\/post"}],"author":[{"embeddable":true,"href":"http:\/\/www.grieta.org.mx\/index.php\/wp-json\/wp\/v2\/users\/2"}],"replies":[{"embeddable":true,"href":"http:\/\/www.grieta.org.mx\/index.php\/wp-json\/wp\/v2\/comments?post=2073"}],"version-history":[{"count":1,"href":"http:\/\/www.grieta.org.mx\/index.php\/wp-json\/wp\/v2\/posts\/2073\/revisions"}],"predecessor-version":[{"id":2074,"href":"http:\/\/www.grieta.org.mx\/index.php\/wp-json\/wp\/v2\/posts\/2073\/revisions\/2074"}],"wp:featuredmedia":[{"embeddable":true,"href":"http:\/\/www.grieta.org.mx\/index.php\/wp-json\/wp\/v2\/media\/21928"}],"wp:attachment":[{"href":"http:\/\/www.grieta.org.mx\/index.php\/wp-json\/wp\/v2\/media?parent=2073"}],"wp:term":[{"taxonomy":"category","embeddable":true,"href":"http:\/\/www.grieta.org.mx\/index.php\/wp-json\/wp\/v2\/categories?post=2073"},{"taxonomy":"post_tag","embeddable":true,"href":"http:\/\/www.grieta.org.mx\/index.php\/wp-json\/wp\/v2\/tags?post=2073"}],"curies":[{"name":"wp","href":"https:\/\/api.w.org\/{rel}","templated":true}]}}