{"id":20706,"date":"2016-06-24T13:16:08","date_gmt":"2016-06-24T18:16:08","guid":{"rendered":"http:\/\/www.grieta.org.mx\/?p=20706"},"modified":"2018-04-11T12:14:33","modified_gmt":"2018-04-11T17:14:33","slug":"paran-siete-horas-obreros-de-la-cotemar-campeche","status":"publish","type":"post","link":"http:\/\/www.grieta.org.mx\/index.php\/2016\/06\/24\/paran-siete-horas-obreros-de-la-cotemar-campeche\/","title":{"rendered":"Paran siete horas obreros de la Cotemar (Campeche)"},"content":{"rendered":"<p>Al menos 300 trabajadores de la Cotemar pararon labores durante siete horas, tras ser informados de que sus salarios ser\u00edan reducidos en un 40 por ciento. La noticia fue filtrada por familiares de los obreros que laboran en las plataformas del complejo Akal C2.<\/p>\n<p>Los trabajadores que laboran en la prestaci\u00f3n de servicios diversos a Petr\u00f3leos Mexicanos (Pemex) \u2014desde lavander\u00eda hasta mantenimiento\u2014 habr\u00edan recibido la noticia alrededor de las 9:00 horas de ayer de parte de un supervisor de la compa\u00f1\u00eda.<\/p>\n<p>A las 10:00 horas, empleados tomaron la determinaci\u00f3n de parar labores y emplazaron a los directivos a negociar.<\/p>\n<p>Finalmente, con la intermediaci\u00f3n de Pemex, a las 16:00 horas, los empleados fueron informados de que no se les aplicar\u00eda en esta ocasi\u00f3n el descuento, a las 17:00 horas todo volvi\u00f3 a la normalidad.<\/p>\n<p>RECORTES DE PERSONAL<\/p>\n<p>Apenas el pasado nueve de marzo, la compa\u00f1\u00eda Cotemar, una de las m\u00e1s favorecidas con contratos por parte de Pemex durante la era foxista, anunci\u00f3 el despido de dos mil 300 trabajadores, luego de que le cancelara varios contratos para operar plataformas en la Sonda de Campeche.<\/p>\n<p>De acuerdo con personal, la anulaci\u00f3n de los convenios con Pemex ocasion\u00f3 que la empresa suspendiera la actividad en tres de sus plataformas: Safe Britannia, Safe Lancia y Safe Regency, aumentando con ello las cifras de desempleo en la Isla que ya ascienden a m\u00e1s de 30 mil personas.<\/p>\n<p>Cotemar, ten\u00eda contratos de servicios con Pemex por todo el 2016, pero tras el anuncio del recorte presupuestal de 100 mil millones de pesos, en febrero del presente a\u00f1o, le cancelaron los proyectos de este a\u00f1o, por ello se vio obligada a detener sus actividades en esas tres plataformas que son propiedad de la empresa Prosafe, la cual ya se llev\u00f3 de M\u00e9xico a la Safe Britannia, y a mediados de marzo sacar\u00e1 a aguas nacionales a la Safe Regency y Safe Lancia, las cuales se almacenar\u00e1n en Estados Unidos.<\/p>\n<p>La subcontratista Prosafe es una empresa que se dedica a la renta de plataformas semi-sumergibles que tiene sus oficinas centrales en Chipre y esta listada en la Bolsa de Oslo.<\/p>\n<p>Respecto al paro de este jueves, ni Cotemar ni Petr\u00f3leos Mexicanos no hizo mayores precisiones, sin embargo, es muy probable que sea el pre\u00e1mbulo de una nueva serie de recortes de personal.<\/p>\n<p><a href=\"http:\/\/tribunacampeche.com\/carmen\/2016\/06\/24\/paran-siete-horas-obreros-la-cotemar\/\" target=\"_blank\">http:\/\/tribunacampeche.com\/carmen\/2016\/06\/24\/paran-siete-horas-obreros-la-cotemar\/<\/a><\/p>\n","protected":false},"excerpt":{"rendered":"<p>Al menos 300 trabajadores de la Cotemar pararon labores durante siete horas, tras ser informados de que sus salarios ser\u00edan reducidos en un 40 por ciento. La noticia fue filtrada &hellip; <a href=\"http:\/\/www.grieta.org.mx\/index.php\/2016\/06\/24\/paran-siete-horas-obreros-de-la-cotemar-campeche\/\" class=\"more-link\">Leer m\u00e1s<\/a><\/p>\n","protected":false},"author":2,"featured_media":21928,"comment_status":"closed","ping_status":"closed","sticky":false,"template":"","format":"standard","meta":{"ngg_post_thumbnail":0,"_jetpack_newsletter_access":"","_jetpack_dont_email_post_to_subs":false,"_jetpack_newsletter_tier_id":0,"_jetpack_memberships_contains_paywalled_content":false,"_jetpack_memberships_contains_paid_content":false,"footnotes":""},"categories":[11,80,1040],"tags":[163,125,286],"class_list":["post-20706","post","type-post","status-publish","format-standard","has-post-thumbnail","hentry","category-campeche","category-cintillo","category-conflictos-laborales-en-campeche","tag-despidos","tag-pemex","tag-reforma-energetica","entry"],"jetpack_featured_media_url":"http:\/\/www.grieta.org.mx\/wp-content\/uploads\/2018\/03\/14524434_1106112876131411_958039263622046936_o.jpg","jetpack_sharing_enabled":true,"jetpack_shortlink":"https:\/\/wp.me\/p7ZJR4-5nY","jetpack_likes_enabled":false,"jetpack-related-posts":[{"id":9598,"url":"http:\/\/www.grieta.org.mx\/index.php\/2016\/09\/10\/conflictos-laborales-en-campeche\/","url_meta":{"origin":20706,"position":0},"title":"Conflictos laborales en Campeche","author":"grieta","date":"10 septiembre, 2016","format":false,"excerpt":"10\/09\/16. Despiden a obreros de PASA por protestar (Campeche) Tribuna 09\/09\/16. Jubilados exigen pago de bonos (Campeche) Tribuna 06\/09\/16. Paran otra vez los polic\u00edas; sin bono (Campeche) Tribuna 30\/08\/16. Bloquean Planta de Nitr\u00f3geno Cantarell (Campeche) Tribuna 20\/08\/16. Paralizan labores en Cobacam (Campeche) Tribuna 12\/08\/16. Plantean demandas empleados del INAH (Campeche)\u2026","rel":"","context":"En &quot;Campeche&quot;","block_context":{"text":"Campeche","link":"http:\/\/www.grieta.org.mx\/index.php\/category\/noticias-nacionales\/campeche\/"},"img":{"alt_text":"","src":"https:\/\/i0.wp.com\/www.grieta.org.mx\/wp-content\/uploads\/2018\/03\/14524434_1106112876131411_958039263622046936_o.jpg?resize=350%2C200","width":350,"height":200,"srcset":"https:\/\/i0.wp.com\/www.grieta.org.mx\/wp-content\/uploads\/2018\/03\/14524434_1106112876131411_958039263622046936_o.jpg?resize=350%2C200 1x, https:\/\/i0.wp.com\/www.grieta.org.mx\/wp-content\/uploads\/2018\/03\/14524434_1106112876131411_958039263622046936_o.jpg?resize=525%2C300 1.5x, https:\/\/i0.wp.com\/www.grieta.org.mx\/wp-content\/uploads\/2018\/03\/14524434_1106112876131411_958039263622046936_o.jpg?resize=700%2C400 2x"},"classes":[]},{"id":1746,"url":"http:\/\/www.grieta.org.mx\/index.php\/2015\/04\/01\/arde-plataforma-en-la-sonda-de-campeche\/","url_meta":{"origin":20706,"position":1},"title":"Arde plataforma en la Sonda de Campeche","author":"grieta","date":"1 abril, 2015","format":false,"excerpt":"Petr\u00f3leos Mexicanos (Pemex) inform\u00f3 que cuatro trabajadores murieron al estallar un incendio en la madrugada del mi\u00e9rcoles en la plataforma Abkatun Permanente, en la Sonda de Campeche. Previamente, hab\u00eda confirmado solo un fallecimiento \u2013empleado de la compa\u00f1\u00eda Cotemar\u2013 y 16 heridos. Luego la cifra de heridos subi\u00f3 a 39. Dos\u2026","rel":"","context":"En &quot;campeche&quot;","block_context":{"text":"campeche","link":"http:\/\/www.grieta.org.mx\/index.php\/category\/campeche\/"},"img":{"alt_text":"","src":"https:\/\/i0.wp.com\/www.grieta.org.mx\/wp-content\/uploads\/2018\/03\/14524434_1106112876131411_958039263622046936_o.jpg?resize=350%2C200","width":350,"height":200,"srcset":"https:\/\/i0.wp.com\/www.grieta.org.mx\/wp-content\/uploads\/2018\/03\/14524434_1106112876131411_958039263622046936_o.jpg?resize=350%2C200 1x, https:\/\/i0.wp.com\/www.grieta.org.mx\/wp-content\/uploads\/2018\/03\/14524434_1106112876131411_958039263622046936_o.jpg?resize=525%2C300 1.5x, https:\/\/i0.wp.com\/www.grieta.org.mx\/wp-content\/uploads\/2018\/03\/14524434_1106112876131411_958039263622046936_o.jpg?resize=700%2C400 2x"},"classes":[]},{"id":1761,"url":"http:\/\/www.grieta.org.mx\/index.php\/2016\/02\/07\/incendio-en-plataforma-de-pemex-de-abkatun-deja-tres-muertos\/","url_meta":{"origin":20706,"position":2},"title":"Incendio en plataforma de Pemex de Abkat\u00fan deja tres muertos","author":"grieta","date":"7 febrero, 2016","format":false,"excerpt":"Un incendio registrado en el \u00e1rea de comprensi\u00f3n de la plataforma de Petr\u00f3leos Mexicanos de Abkat\u00fan A, en el Golfo de M\u00e9xico, cobr\u00f3 la vida de tres trabajadores. CIUDAD DE M\u00c9XICO.- Petr\u00f3leos Mexicanos dio a conocer que tres trabajadores fallecieron y al menos siete m\u00e1s resultaron heridos en un incendio\u2026","rel":"","context":"En &quot;campeche&quot;","block_context":{"text":"campeche","link":"http:\/\/www.grieta.org.mx\/index.php\/category\/campeche\/"},"img":{"alt_text":"","src":"https:\/\/i0.wp.com\/www.grieta.org.mx\/wp-content\/uploads\/2018\/03\/14524434_1106112876131411_958039263622046936_o.jpg?resize=350%2C200","width":350,"height":200,"srcset":"https:\/\/i0.wp.com\/www.grieta.org.mx\/wp-content\/uploads\/2018\/03\/14524434_1106112876131411_958039263622046936_o.jpg?resize=350%2C200 1x, https:\/\/i0.wp.com\/www.grieta.org.mx\/wp-content\/uploads\/2018\/03\/14524434_1106112876131411_958039263622046936_o.jpg?resize=525%2C300 1.5x, https:\/\/i0.wp.com\/www.grieta.org.mx\/wp-content\/uploads\/2018\/03\/14524434_1106112876131411_958039263622046936_o.jpg?resize=700%2C400 2x"},"classes":[]},{"id":1750,"url":"http:\/\/www.grieta.org.mx\/index.php\/2015\/04\/01\/explota-plataforma-abkatun-a-en-campeche\/","url_meta":{"origin":20706,"position":3},"title":"Explota plataforma Abkatun-A en Campeche","author":"grieta","date":"1 abril, 2015","format":false,"excerpt":"Aproximadamente a las 2:30 de la ma\u00f1ana de este mi\u00e9rcoles, se suscit\u00f3 una explosi\u00f3n en la plataforma ABKATUN-ALFA ubicada en el \u00e1rea de los ABKATUNES, en la sonda de Campeche, a 80 kil\u00f3metros de Ciudad del Carmen, cuyo saldo hasta el momento es de una persona fallecida, un desaparecido y\u2026","rel":"","context":"En &quot;campeche&quot;","block_context":{"text":"campeche","link":"http:\/\/www.grieta.org.mx\/index.php\/category\/campeche\/"},"img":{"alt_text":"","src":"https:\/\/i0.wp.com\/www.grieta.org.mx\/wp-content\/uploads\/2018\/03\/14524434_1106112876131411_958039263622046936_o.jpg?resize=350%2C200","width":350,"height":200,"srcset":"https:\/\/i0.wp.com\/www.grieta.org.mx\/wp-content\/uploads\/2018\/03\/14524434_1106112876131411_958039263622046936_o.jpg?resize=350%2C200 1x, https:\/\/i0.wp.com\/www.grieta.org.mx\/wp-content\/uploads\/2018\/03\/14524434_1106112876131411_958039263622046936_o.jpg?resize=525%2C300 1.5x, https:\/\/i0.wp.com\/www.grieta.org.mx\/wp-content\/uploads\/2018\/03\/14524434_1106112876131411_958039263622046936_o.jpg?resize=700%2C400 2x"},"classes":[]},{"id":42966,"url":"http:\/\/www.grieta.org.mx\/index.php\/2020\/01\/07\/un-incendio-en-una-plataforma-de-pemex-en-campeche-deja-tres-heridos\/","url_meta":{"origin":20706,"position":4},"title":"Un incendio en una plataforma de Pemex en Campeche deja tres heridos","author":"grieta","date":"7 enero, 2020","format":false,"excerpt":"Rosa Santana \/ Proceso CIUDAD DEL CARMEN, Cam. (apro). \u2013 Un incendio registrado esta ma\u00f1ana en la plataforma Akal-C 6 de Pemex, ubicada en la Sonda de Campeche, dej\u00f3 un saldo de tres trabajadores lesionados. El incidente ocurri\u00f3 aproximadamente a las 10:00 horas de este martes en el lado oeste\u2026","rel":"","context":"En &quot;Campeche&quot;","block_context":{"text":"Campeche","link":"http:\/\/www.grieta.org.mx\/index.php\/category\/noticias-nacionales\/campeche\/"},"img":{"alt_text":"","src":"https:\/\/i0.wp.com\/www.grieta.org.mx\/wp-content\/uploads\/2020\/01\/Pemex_Campeche-870x522-e1578770327600.jpg?resize=350%2C200","width":350,"height":200,"srcset":"https:\/\/i0.wp.com\/www.grieta.org.mx\/wp-content\/uploads\/2020\/01\/Pemex_Campeche-870x522-e1578770327600.jpg?resize=350%2C200 1x, https:\/\/i0.wp.com\/www.grieta.org.mx\/wp-content\/uploads\/2020\/01\/Pemex_Campeche-870x522-e1578770327600.jpg?resize=525%2C300 1.5x, https:\/\/i0.wp.com\/www.grieta.org.mx\/wp-content\/uploads\/2020\/01\/Pemex_Campeche-870x522-e1578770327600.jpg?resize=700%2C400 2x"},"classes":[]},{"id":13461,"url":"http:\/\/www.grieta.org.mx\/index.php\/2016\/05\/28\/paran-labores-los-obreros-de-pasa-campeche\/","url_meta":{"origin":20706,"position":5},"title":"Paran labores los obreros de PASA (Campeche)","author":"grieta","date":"28 mayo, 2016","format":false,"excerpt":"M\u00e1s de 50 trabajadores de la empresa Promotora Ambiental de la Laguna (PASA) pararon labores en las primeras horas de la ma\u00f1ana de ayer, tras el cese injustificado de 16 de sus compa\u00f1eros, y dejaron sin servicio de recoja de basura a la Isla. Al mismo tiempo demandaron la renuncia\u2026","rel":"","context":"En &quot;Campeche&quot;","block_context":{"text":"Campeche","link":"http:\/\/www.grieta.org.mx\/index.php\/category\/noticias-nacionales\/campeche\/"},"img":{"alt_text":"","src":"https:\/\/i0.wp.com\/www.grieta.org.mx\/wp-content\/uploads\/2018\/03\/14524434_1106112876131411_958039263622046936_o.jpg?resize=350%2C200","width":350,"height":200,"srcset":"https:\/\/i0.wp.com\/www.grieta.org.mx\/wp-content\/uploads\/2018\/03\/14524434_1106112876131411_958039263622046936_o.jpg?resize=350%2C200 1x, https:\/\/i0.wp.com\/www.grieta.org.mx\/wp-content\/uploads\/2018\/03\/14524434_1106112876131411_958039263622046936_o.jpg?resize=525%2C300 1.5x, https:\/\/i0.wp.com\/www.grieta.org.mx\/wp-content\/uploads\/2018\/03\/14524434_1106112876131411_958039263622046936_o.jpg?resize=700%2C400 2x"},"classes":[]}],"_links":{"self":[{"href":"http:\/\/www.grieta.org.mx\/index.php\/wp-json\/wp\/v2\/posts\/20706","targetHints":{"allow":["GET"]}}],"collection":[{"href":"http:\/\/www.grieta.org.mx\/index.php\/wp-json\/wp\/v2\/posts"}],"about":[{"href":"http:\/\/www.grieta.org.mx\/index.php\/wp-json\/wp\/v2\/types\/post"}],"author":[{"embeddable":true,"href":"http:\/\/www.grieta.org.mx\/index.php\/wp-json\/wp\/v2\/users\/2"}],"replies":[{"embeddable":true,"href":"http:\/\/www.grieta.org.mx\/index.php\/wp-json\/wp\/v2\/comments?post=20706"}],"version-history":[{"count":1,"href":"http:\/\/www.grieta.org.mx\/index.php\/wp-json\/wp\/v2\/posts\/20706\/revisions"}],"predecessor-version":[{"id":20741,"href":"http:\/\/www.grieta.org.mx\/index.php\/wp-json\/wp\/v2\/posts\/20706\/revisions\/20741"}],"wp:featuredmedia":[{"embeddable":true,"href":"http:\/\/www.grieta.org.mx\/index.php\/wp-json\/wp\/v2\/media\/21928"}],"wp:attachment":[{"href":"http:\/\/www.grieta.org.mx\/index.php\/wp-json\/wp\/v2\/media?parent=20706"}],"wp:term":[{"taxonomy":"category","embeddable":true,"href":"http:\/\/www.grieta.org.mx\/index.php\/wp-json\/wp\/v2\/categories?post=20706"},{"taxonomy":"post_tag","embeddable":true,"href":"http:\/\/www.grieta.org.mx\/index.php\/wp-json\/wp\/v2\/tags?post=20706"}],"curies":[{"name":"wp","href":"https:\/\/api.w.org\/{rel}","templated":true}]}}