{"id":20641,"date":"2016-02-09T22:02:10","date_gmt":"2016-02-10T04:02:10","guid":{"rendered":"http:\/\/www.grieta.org.mx\/?p=20641"},"modified":"2016-08-31T22:07:05","modified_gmt":"2016-09-01T03:07:05","slug":"paralizan-obra-de-fabrica-a-proteak-2","status":"publish","type":"post","link":"http:\/\/www.grieta.org.mx\/index.php\/2016\/02\/09\/paralizan-obra-de-fabrica-a-proteak-2\/","title":{"rendered":"Paralizan obra de f\u00e1brica a Proteak"},"content":{"rendered":"<p>300 obreros de C\u00e1rdenas y Huimanguillo exigen a la empresa alemana \u201cDieffenbacher\u201d les liquide seis meses de salario<\/p>\n<p>Rebeca Gonz\u00e1lez L\u00f3pez <\/p>\n<figure id=\"attachment_20642\" aria-describedby=\"caption-attachment-20642\" style=\"width: 702px\" class=\"wp-caption aligncenter\"><img loading=\"lazy\" decoding=\"async\" data-attachment-id=\"20642\" data-permalink=\"http:\/\/www.grieta.org.mx\/index.php\/2016\/02\/09\/paralizan-obra-de-fabrica-a-proteak-2\/295833_grande_wytod4gj\/\" data-orig-file=\"http:\/\/www.grieta.org.mx\/wp-content\/uploads\/2016\/08\/295833_grande_wyToD4gj.jpg\" data-orig-size=\"702,439\" data-comments-opened=\"0\" data-image-meta=\"{&quot;aperture&quot;:&quot;0&quot;,&quot;credit&quot;:&quot;&quot;,&quot;camera&quot;:&quot;&quot;,&quot;caption&quot;:&quot;&quot;,&quot;created_timestamp&quot;:&quot;0&quot;,&quot;copyright&quot;:&quot;&quot;,&quot;focal_length&quot;:&quot;0&quot;,&quot;iso&quot;:&quot;0&quot;,&quot;shutter_speed&quot;:&quot;0&quot;,&quot;title&quot;:&quot;&quot;,&quot;orientation&quot;:&quot;0&quot;}\" data-image-title=\"295833_grande_wyToD4gj\" data-image-description=\"\" data-image-caption=\"&lt;p&gt;(Rebeca Gonz\u00e1lez L\u00f3pez)&lt;\/p&gt;\n&lt;p&gt;Quemaron palos y llantas en se\u00f1al de protesta y mostrarle a los extranjeros c\u00f3mo se manifiestan en Tabasco quienes se sienten agredidos en sus derechos.&lt;\/p&gt;\n\" data-medium-file=\"http:\/\/www.grieta.org.mx\/wp-content\/uploads\/2016\/08\/295833_grande_wyToD4gj-300x188.jpg\" data-large-file=\"http:\/\/www.grieta.org.mx\/wp-content\/uploads\/2016\/08\/295833_grande_wyToD4gj.jpg\" src=\"http:\/\/www.grieta.org.mx\/wp-content\/uploads\/2016\/08\/295833_grande_wyToD4gj.jpg\" alt=\"(Rebeca Gonz\u00e1lez L\u00f3pez) Quemaron palos y llantas en se\u00f1al de protesta y mostrarle a los extranjeros c\u00f3mo se manifiestan en Tabasco quienes se sienten agredidos en sus derechos. \" width=\"702\" height=\"439\" class=\"size-full wp-image-20642\" srcset=\"http:\/\/www.grieta.org.mx\/wp-content\/uploads\/2016\/08\/295833_grande_wyToD4gj.jpg 702w, http:\/\/www.grieta.org.mx\/wp-content\/uploads\/2016\/08\/295833_grande_wyToD4gj-300x188.jpg 300w\" sizes=\"auto, (max-width: 702px) 100vw, 702px\" \/><figcaption id=\"caption-attachment-20642\" class=\"wp-caption-text\">(Rebeca Gonz\u00e1lez L\u00f3pez)<br \/>Quemaron palos y llantas en se\u00f1al de protesta y mostrarle a los extranjeros c\u00f3mo se manifiestan en Tabasco quienes se sienten agredidos en sus derechos.<br \/><\/figcaption><\/figure>\n<p>09\/02\/2016 09:50 \/ Huimanguillo, Tabasco<\/p>\n<p>\u201cSi queremos que nos paguen nos dicen que debemos ir a los juzgados de Suiza y Alemania, el contrato que firmamos est\u00e1 en ingl\u00e9s y la mayor\u00eda aqu\u00ed no sabemos ingl\u00e9s y tampoco nos tradujeron al espa\u00f1ol dicho contrato\u201d, explicaron trabajadores de la obra civil en la planta de celulosa Proteak que se construye en la rancher\u00eda Los Naranjos de Huimanguillo, la cual qued\u00f3 suspendida.<\/p>\n<p>En las afueras de la edificaci\u00f3n, unos 300 obreros esperaban la respuesta concretamente de la compa\u00f1\u00eda constructora alemana \u201cDieffenbacher\u201d, la cual contrat\u00f3 a personal de C\u00e1rdenas y Huimanguillo como obreros de la construcci\u00f3n para levantar el emporio de Proteak.<\/p>\n<p>Pero desde agosto del a\u00f1o pasado dej\u00f3 de cumplir con los salarios prometidos, al punto que este d\u00eda y al no tener respuesta de los alemanes, quienes en un mal espa\u00f1ol, la \u00faltima vez que les vieron la cara, le dijeron a los obreros de La Chontalpa que mejor fueran a los tribunales de Suiza a cobrar salarios.<\/p>\n<p>\u201cNosotros somos gente necesitada de las fuentes de empleo y ya son varios meses que nos han pagado parcialmente y en el \u00faltimo mes ya nada, as\u00ed que decidimos suspender la obra hasta que las autoridades laborales mexicanas y del estado, intervengan para salvaguardar el producto de nuestro trabajo\u201d, explic\u00f3 Maximino P\u00e9rez, en representaci\u00f3n de los 300 obreros en paro.<\/p>\n<p>Imponen lideresa<\/p>\n<p>Sin asamblea de por medio, la representante del Ramo 033, Guadalupe Fern\u00e1ndez, en el ejido Zapotal tercera secci\u00f3n de C\u00e1rdenas, consigui\u00f3 reelegirse apenas con la aprobaci\u00f3n de 30 personas que en el 2015 resultaron beneficiadas con la entrega de Piso Firme en el marco de este programa federal.<\/p>\n<p>La reelecci\u00f3n de la mujer caus\u00f3 la molestia del resto de los 400 ciudadanos que viven en el ejido, por lo que con pancartas acudieron al palacio municipal a pedirle a las autoridades su intervenci\u00f3n para revocar el nombramiento de la representante del Ramo 033.<\/p>\n<p>POR QU\u00c9<br \/>\nLa planta est\u00e1 en la rancher\u00eda Los Naranjos, donde los obreros inconformes colocaron varias mantas rojinegras con leyendas contra la empresa \u201cDieffenbacher\u201d.<\/p>\n<p><a href=\"http:\/\/104.236.136.17\/nota\/295833\/minus\" target=\"_blank\">http:\/\/104.236.136.17\/nota\/295833\/minus<\/a><\/p>\n","protected":false},"excerpt":{"rendered":"<p>300 obreros de C\u00e1rdenas y Huimanguillo exigen a la empresa alemana \u201cDieffenbacher\u201d les liquide seis meses de salario Rebeca Gonz\u00e1lez L\u00f3pez 09\/02\/2016 09:50 \/ Huimanguillo, Tabasco \u201cSi queremos que nos &hellip; <a href=\"http:\/\/www.grieta.org.mx\/index.php\/2016\/02\/09\/paralizan-obra-de-fabrica-a-proteak-2\/\" class=\"more-link\">Leer m\u00e1s<\/a><\/p>\n","protected":false},"author":2,"featured_media":21928,"comment_status":"closed","ping_status":"closed","sticky":false,"template":"","format":"standard","meta":{"ngg_post_thumbnail":0,"_jetpack_newsletter_access":"","_jetpack_dont_email_post_to_subs":false,"_jetpack_newsletter_tier_id":0,"_jetpack_memberships_contains_paywalled_content":false,"_jetpack_memberships_contains_paid_content":false,"footnotes":""},"categories":[80,415],"tags":[105,147],"class_list":["post-20641","post","type-post","status-publish","format-standard","has-post-thumbnail","hentry","category-cintillo","category-tabasco","tag-derechos-laborales","tag-trabajo","entry"],"jetpack_featured_media_url":"http:\/\/www.grieta.org.mx\/wp-content\/uploads\/2018\/03\/14524434_1106112876131411_958039263622046936_o.jpg","jetpack_sharing_enabled":true,"jetpack_shortlink":"https:\/\/wp.me\/p7ZJR4-5mV","jetpack_likes_enabled":false,"jetpack-related-posts":[{"id":16745,"url":"http:\/\/www.grieta.org.mx\/index.php\/2016\/02\/09\/paralizan-obra-de-fabrica-a-proteak\/","url_meta":{"origin":20641,"position":0},"title":"Paralizan obra de f\u00e1brica a Proteak","author":"grieta","date":"9 febrero, 2016","format":false,"excerpt":"Rebeca Gonz\u00e1lez L\u00f3pez 300 obreros de C\u00e1rdenas y Huimanguillo exigen a la empresa alemana \u201cDieffenbacher\u201d les liquide seis meses de salario \u201cSi queremos que nos paguen nos dicen que debemos ir a los juzgados de Suiza y Alemania, el contrato que firmamos est\u00e1 en ingl\u00e9s y la mayor\u00eda aqu\u00ed no\u2026","rel":"","context":"En &quot;CINTILLO&quot;","block_context":{"text":"CINTILLO","link":"http:\/\/www.grieta.org.mx\/index.php\/category\/cintillo\/"},"img":{"alt_text":"","src":"https:\/\/i0.wp.com\/www.grieta.org.mx\/wp-content\/uploads\/2018\/03\/14524434_1106112876131411_958039263622046936_o.jpg?resize=350%2C200","width":350,"height":200,"srcset":"https:\/\/i0.wp.com\/www.grieta.org.mx\/wp-content\/uploads\/2018\/03\/14524434_1106112876131411_958039263622046936_o.jpg?resize=350%2C200 1x, https:\/\/i0.wp.com\/www.grieta.org.mx\/wp-content\/uploads\/2018\/03\/14524434_1106112876131411_958039263622046936_o.jpg?resize=525%2C300 1.5x, https:\/\/i0.wp.com\/www.grieta.org.mx\/wp-content\/uploads\/2018\/03\/14524434_1106112876131411_958039263622046936_o.jpg?resize=700%2C400 2x"},"classes":[]},{"id":45255,"url":"http:\/\/www.grieta.org.mx\/index.php\/2020\/02\/10\/campesinos-bloquean-complejo-de-pemex-en-huimanguillo-tabasco\/","url_meta":{"origin":20641,"position":1},"title":"Campesinos bloquean Complejo de Pemex en Huimanguillo (Tabasco)","author":"Admin","date":"10 febrero, 2020","format":false,"excerpt":"Abel Gonz\u00e1lez Su\u00e1rez \/ Tabasco HOY Ejidatarios reclaman que el paso de un gasoducto de 48 pulgadas de di\u00e1metro, obstruye los escurrimientos naturales. 10\/02\/2020 19:03 \/ La Venta, Huimanguillo Desde las 07:00 horas de este lunes, campesinos de los ejidos Tres Bocas, Zanapa, El Chapo y Francisco Trujillo cierran el\u2026","rel":"","context":"En &quot;CINTILLO&quot;","block_context":{"text":"CINTILLO","link":"http:\/\/www.grieta.org.mx\/index.php\/category\/cintillo\/"},"img":{"alt_text":"","src":"https:\/\/i0.wp.com\/www.grieta.org.mx\/wp-content\/uploads\/2020\/02\/500606_grande_0u9G1m2v.jpg?resize=350%2C200","width":350,"height":200,"srcset":"https:\/\/i0.wp.com\/www.grieta.org.mx\/wp-content\/uploads\/2020\/02\/500606_grande_0u9G1m2v.jpg?resize=350%2C200 1x, https:\/\/i0.wp.com\/www.grieta.org.mx\/wp-content\/uploads\/2020\/02\/500606_grande_0u9G1m2v.jpg?resize=525%2C300 1.5x, https:\/\/i0.wp.com\/www.grieta.org.mx\/wp-content\/uploads\/2020\/02\/500606_grande_0u9G1m2v.jpg?resize=700%2C400 2x"},"classes":[]},{"id":6335,"url":"http:\/\/www.grieta.org.mx\/index.php\/2015\/12\/13\/sitian-palacio-por-aguinaldos\/","url_meta":{"origin":20641,"position":2},"title":"Sitian Palacio por aguinaldos","author":"grieta","date":"13 diciembre, 2015","format":false,"excerpt":"Rebeca Gonz\u00e1lez L\u00f3pez Trabajadores de lista de raya, de n\u00f3mina y de confianza sitiaron ayer s\u00e1bado el palacio municipal de Huimanguillo, en demanda que el alcalde Limbert L\u00f3pez Castillejos les pague 85 d\u00edas de aguinaldos, al igual que los sindicalizados; \u00e9stos \u00faltimos tienen garantizados el pago de estos emolumentos para\u2026","rel":"","context":"En &quot;CINTILLO&quot;","block_context":{"text":"CINTILLO","link":"http:\/\/www.grieta.org.mx\/index.php\/category\/cintillo\/"},"img":{"alt_text":"","src":"https:\/\/i0.wp.com\/www.grieta.org.mx\/wp-content\/uploads\/2018\/03\/14524434_1106112876131411_958039263622046936_o.jpg?resize=350%2C200","width":350,"height":200,"srcset":"https:\/\/i0.wp.com\/www.grieta.org.mx\/wp-content\/uploads\/2018\/03\/14524434_1106112876131411_958039263622046936_o.jpg?resize=350%2C200 1x, https:\/\/i0.wp.com\/www.grieta.org.mx\/wp-content\/uploads\/2018\/03\/14524434_1106112876131411_958039263622046936_o.jpg?resize=525%2C300 1.5x, https:\/\/i0.wp.com\/www.grieta.org.mx\/wp-content\/uploads\/2018\/03\/14524434_1106112876131411_958039263622046936_o.jpg?resize=700%2C400 2x"},"classes":[]},{"id":62148,"url":"http:\/\/www.grieta.org.mx\/index.php\/2021\/09\/25\/mas-31-mil-migrantes-fueron-detenidos-en-tabasco\/","url_meta":{"origin":20641,"position":3},"title":"M\u00e1s 31 mil migrantes fueron detenidos en Tabasco","author":"grieta","date":"25 septiembre, 2021","format":false,"excerpt":"Nicasio Arias | El Heraldo de Tabasco De acuerdo a los datos de la Unidad de Pol\u00edtica Migratoria de la Secretar\u00eda de Gobernaci\u00f3n, en Tabasco, durante 2019 y 2020, un total de 31 mil 335 migrantes fueron detenidos por la autoridad Del 2019 a julio del 2021, un total de\u2026","rel":"","context":"En &quot;CINTILLO&quot;","block_context":{"text":"CINTILLO","link":"http:\/\/www.grieta.org.mx\/index.php\/category\/cintillo\/"},"img":{"alt_text":"","src":"https:\/\/i0.wp.com\/www.grieta.org.mx\/wp-content\/uploads\/2021\/10\/migrantes.jpeg?resize=350%2C200","width":350,"height":200,"srcset":"https:\/\/i0.wp.com\/www.grieta.org.mx\/wp-content\/uploads\/2021\/10\/migrantes.jpeg?resize=350%2C200 1x, https:\/\/i0.wp.com\/www.grieta.org.mx\/wp-content\/uploads\/2021\/10\/migrantes.jpeg?resize=525%2C300 1.5x, https:\/\/i0.wp.com\/www.grieta.org.mx\/wp-content\/uploads\/2021\/10\/migrantes.jpeg?resize=700%2C400 2x"},"classes":[]},{"id":6370,"url":"http:\/\/www.grieta.org.mx\/index.php\/2016\/01\/23\/cangrejera-y-aquiles-serdan-vertederos-de-crudo\/","url_meta":{"origin":20641,"position":4},"title":"Cangrejera y Aquiles Serd\u00e1n vertederos de crudo","author":"grieta","date":"23 enero, 2016","format":false,"excerpt":"Rebeca Gonz\u00e1lez L\u00f3pez Aunque los manglares son capaces de adaptarse a distintos grados de salinidad, en dos comunidades de Huimanguillo, este ecosistema ha sido arrasado por el descuido de Petr\u00f3leos Mexicanos en el aseguramiento de sus ductos \u201cfuera de l\u00ednea\u201d. Y con esta devastaci\u00f3n, destruidas cientos de especies. Una amplia\u2026","rel":"","context":"En &quot;CINTILLO&quot;","block_context":{"text":"CINTILLO","link":"http:\/\/www.grieta.org.mx\/index.php\/category\/cintillo\/"},"img":{"alt_text":"","src":"https:\/\/i0.wp.com\/www.grieta.org.mx\/wp-content\/uploads\/2018\/03\/14524434_1106112876131411_958039263622046936_o.jpg?resize=350%2C200","width":350,"height":200,"srcset":"https:\/\/i0.wp.com\/www.grieta.org.mx\/wp-content\/uploads\/2018\/03\/14524434_1106112876131411_958039263622046936_o.jpg?resize=350%2C200 1x, https:\/\/i0.wp.com\/www.grieta.org.mx\/wp-content\/uploads\/2018\/03\/14524434_1106112876131411_958039263622046936_o.jpg?resize=525%2C300 1.5x, https:\/\/i0.wp.com\/www.grieta.org.mx\/wp-content\/uploads\/2018\/03\/14524434_1106112876131411_958039263622046936_o.jpg?resize=700%2C400 2x"},"classes":[]},{"id":20328,"url":"http:\/\/www.grieta.org.mx\/index.php\/2016\/08\/16\/cumple-itslv-16-dias-de-bloqueo-tabasco\/","url_meta":{"origin":20641,"position":5},"title":"Cumple ITSLV 16 d\u00edas de bloqueo (Tabasco)","author":"grieta","date":"16 agosto, 2016","format":false,"excerpt":"Abel Gonz\u00e1lez Su\u00e1rez Huimanguillo, Tabasco Se han cumplido 16 d\u00edas del cierre del Instituto Tecnol\u00f3gico Superior de villa La Venta (ITSLV), y el grupo de estudiantes que se mantiene en protesta inform\u00f3 que no han recibido ninguna propuesta de di\u00e1logo por parte de las autoridades, s\u00f3lo amenazas de ser expulsados.\u2026","rel":"","context":"En &quot;CINTILLO&quot;","block_context":{"text":"CINTILLO","link":"http:\/\/www.grieta.org.mx\/index.php\/category\/cintillo\/"},"img":{"alt_text":"","src":"https:\/\/i0.wp.com\/www.grieta.org.mx\/wp-content\/uploads\/2018\/03\/14524434_1106112876131411_958039263622046936_o.jpg?resize=350%2C200","width":350,"height":200,"srcset":"https:\/\/i0.wp.com\/www.grieta.org.mx\/wp-content\/uploads\/2018\/03\/14524434_1106112876131411_958039263622046936_o.jpg?resize=350%2C200 1x, https:\/\/i0.wp.com\/www.grieta.org.mx\/wp-content\/uploads\/2018\/03\/14524434_1106112876131411_958039263622046936_o.jpg?resize=525%2C300 1.5x, https:\/\/i0.wp.com\/www.grieta.org.mx\/wp-content\/uploads\/2018\/03\/14524434_1106112876131411_958039263622046936_o.jpg?resize=700%2C400 2x"},"classes":[]}],"_links":{"self":[{"href":"http:\/\/www.grieta.org.mx\/index.php\/wp-json\/wp\/v2\/posts\/20641","targetHints":{"allow":["GET"]}}],"collection":[{"href":"http:\/\/www.grieta.org.mx\/index.php\/wp-json\/wp\/v2\/posts"}],"about":[{"href":"http:\/\/www.grieta.org.mx\/index.php\/wp-json\/wp\/v2\/types\/post"}],"author":[{"embeddable":true,"href":"http:\/\/www.grieta.org.mx\/index.php\/wp-json\/wp\/v2\/users\/2"}],"replies":[{"embeddable":true,"href":"http:\/\/www.grieta.org.mx\/index.php\/wp-json\/wp\/v2\/comments?post=20641"}],"version-history":[{"count":1,"href":"http:\/\/www.grieta.org.mx\/index.php\/wp-json\/wp\/v2\/posts\/20641\/revisions"}],"predecessor-version":[{"id":20644,"href":"http:\/\/www.grieta.org.mx\/index.php\/wp-json\/wp\/v2\/posts\/20641\/revisions\/20644"}],"wp:featuredmedia":[{"embeddable":true,"href":"http:\/\/www.grieta.org.mx\/index.php\/wp-json\/wp\/v2\/media\/21928"}],"wp:attachment":[{"href":"http:\/\/www.grieta.org.mx\/index.php\/wp-json\/wp\/v2\/media?parent=20641"}],"wp:term":[{"taxonomy":"category","embeddable":true,"href":"http:\/\/www.grieta.org.mx\/index.php\/wp-json\/wp\/v2\/categories?post=20641"},{"taxonomy":"post_tag","embeddable":true,"href":"http:\/\/www.grieta.org.mx\/index.php\/wp-json\/wp\/v2\/tags?post=20641"}],"curies":[{"name":"wp","href":"https:\/\/api.w.org\/{rel}","templated":true}]}}