{"id":20639,"date":"2016-02-09T21:54:48","date_gmt":"2016-02-10T03:54:48","guid":{"rendered":"http:\/\/www.grieta.org.mx\/?p=20639"},"modified":"2016-08-31T22:07:00","modified_gmt":"2016-09-01T03:07:00","slug":"en-humanguillo-trabajadores-paran-obra-empresa-alemana-dieffenbacher-les-debe-6-meses-de-salario","status":"publish","type":"post","link":"http:\/\/www.grieta.org.mx\/index.php\/2016\/02\/09\/en-humanguillo-trabajadores-paran-obra-empresa-alemana-dieffenbacher-les-debe-6-meses-de-salario\/","title":{"rendered":"En Humanguillo, trabajadores paran obra, empresa alemana \u201cDieffenbacher\u201d les debe 6 meses de salario."},"content":{"rendered":"<p><strong>09\/02\/16. <\/strong><a href=\"http:\/\/www.grieta.org.mx\/?p=20641&#038;preview=true\" >Paralizan obra de f\u00e1brica a Proteak<\/a><br \/><em>Tabasco Hoy<\/em><\/p>\n","protected":false},"excerpt":{"rendered":"<p>09\/02\/16. Paralizan obra de f\u00e1brica a ProteakTabasco Hoy<\/p>\n","protected":false},"author":2,"featured_media":21928,"comment_status":"closed","ping_status":"closed","sticky":false,"template":"","format":"standard","meta":{"ngg_post_thumbnail":0,"_jetpack_newsletter_access":"","_jetpack_dont_email_post_to_subs":false,"_jetpack_newsletter_tier_id":0,"_jetpack_memberships_contains_paywalled_content":false,"_jetpack_memberships_contains_paid_content":false,"footnotes":""},"categories":[2,32],"tags":[],"class_list":["post-20639","post","type-post","status-publish","format-standard","has-post-thumbnail","hentry","category-noticias-nacionales","category-tabasco","entry"],"jetpack_featured_media_url":"http:\/\/www.grieta.org.mx\/wp-content\/uploads\/2018\/03\/14524434_1106112876131411_958039263622046936_o.jpg","jetpack_sharing_enabled":true,"jetpack_shortlink":"https:\/\/wp.me\/p7ZJR4-5mT","jetpack_likes_enabled":false,"jetpack-related-posts":[{"id":20223,"url":"http:\/\/www.grieta.org.mx\/index.php\/2016\/08\/21\/trabajadores-paran-obra-del-tren-interurbano-exigen-pago-de-salarios\/","url_meta":{"origin":20639,"position":0},"title":"Trabajadores paran obra del tren interurbano, exigen pago de salarios","author":"grieta","date":"21 agosto, 2016","format":false,"excerpt":"21\/08\/16. \u201cOHL y DAMO s\u00f3lo se echan la bolita\u201d; trabajadores exigen pago de salariosRevoluci\u00f3n 3.0 21\/08\/16. Desaparecen trabajadores obra de tren, s\u00f3lo maquinaria sin actividadTres PM","rel":"","context":"En &quot;Estado de M\u00e9xico&quot;","block_context":{"text":"Estado de M\u00e9xico","link":"http:\/\/www.grieta.org.mx\/index.php\/category\/noticias-nacionales\/estado-de-mexico\/"},"img":{"alt_text":"","src":"https:\/\/i0.wp.com\/www.grieta.org.mx\/wp-content\/uploads\/2018\/03\/14524434_1106112876131411_958039263622046936_o.jpg?resize=350%2C200","width":350,"height":200,"srcset":"https:\/\/i0.wp.com\/www.grieta.org.mx\/wp-content\/uploads\/2018\/03\/14524434_1106112876131411_958039263622046936_o.jpg?resize=350%2C200 1x, https:\/\/i0.wp.com\/www.grieta.org.mx\/wp-content\/uploads\/2018\/03\/14524434_1106112876131411_958039263622046936_o.jpg?resize=525%2C300 1.5x, https:\/\/i0.wp.com\/www.grieta.org.mx\/wp-content\/uploads\/2018\/03\/14524434_1106112876131411_958039263622046936_o.jpg?resize=700%2C400 2x"},"classes":[]},{"id":1162,"url":"http:\/\/www.grieta.org.mx\/index.php\/2016\/01\/22\/campesinos-de-4-ejidos-bloquearon-la-obra-del-gasoducto-ramal-tula-para-exigir-trabajo\/","url_meta":{"origin":20639,"position":1},"title":"Campesinos de 4 ejidos bloquearon la obra del gasoducto Ramal Tula para exigir trabajo","author":"grieta","date":"22 enero, 2016","format":false,"excerpt":"Atotonilco de Tula.- El pasado mi\u00e9rcoles pasado el medio d\u00eda, comuneros de por lo menos cuatro ejidos ubicados en territorio de la demarcaci\u00f3n, se manifestaron e impidieron las labores de trabajo en la obra federal del gasoducto ramal Tula de la Comisi\u00f3n Federal de Electricidad (CFE), desarrollado en la comunidad\u2026","rel":"","context":"En &quot;CINTILLO&quot;","block_context":{"text":"CINTILLO","link":"http:\/\/www.grieta.org.mx\/index.php\/category\/cintillo\/"},"img":{"alt_text":"","src":"https:\/\/i0.wp.com\/www.grieta.org.mx\/wp-content\/uploads\/2018\/03\/14524434_1106112876131411_958039263622046936_o.jpg?resize=350%2C200","width":350,"height":200,"srcset":"https:\/\/i0.wp.com\/www.grieta.org.mx\/wp-content\/uploads\/2018\/03\/14524434_1106112876131411_958039263622046936_o.jpg?resize=350%2C200 1x, https:\/\/i0.wp.com\/www.grieta.org.mx\/wp-content\/uploads\/2018\/03\/14524434_1106112876131411_958039263622046936_o.jpg?resize=525%2C300 1.5x, https:\/\/i0.wp.com\/www.grieta.org.mx\/wp-content\/uploads\/2018\/03\/14524434_1106112876131411_958039263622046936_o.jpg?resize=700%2C400 2x"},"classes":[]},{"id":24446,"url":"http:\/\/www.grieta.org.mx\/index.php\/2018\/06\/15\/sin-permisos-reanudan-obra-en-zona-prehispanica-de-xiutetelco-puebla\/","url_meta":{"origin":20639,"position":2},"title":"Sin permisos, reanudan obra en zona prehisp\u00e1nica de Xiutetelco (Puebla)","author":"grieta","date":"15 junio, 2018","format":false,"excerpt":"Por Ale Cabrera A pesar de las denuncias interpuestas por el Museo de Arqueolog\u00eda, adem\u00e1s de carecer de los permisos correspondientes, autoridades del municipio de Xiutetelco contin\u00faan con la construcci\u00f3n del centro recreativo en los manantiales \u201cLas Pilas\u201d. En el art\u00edculo 27 Constitucional estipula que dicho terreno es considerado patrimonio\u2026","rel":"","context":"En &quot;CINTILLO&quot;","block_context":{"text":"CINTILLO","link":"http:\/\/www.grieta.org.mx\/index.php\/category\/cintillo\/"},"img":{"alt_text":"","src":"https:\/\/i0.wp.com\/www.grieta.org.mx\/wp-content\/uploads\/2018\/07\/inah.jpg?resize=350%2C200","width":350,"height":200,"srcset":"https:\/\/i0.wp.com\/www.grieta.org.mx\/wp-content\/uploads\/2018\/07\/inah.jpg?resize=350%2C200 1x, https:\/\/i0.wp.com\/www.grieta.org.mx\/wp-content\/uploads\/2018\/07\/inah.jpg?resize=525%2C300 1.5x, https:\/\/i0.wp.com\/www.grieta.org.mx\/wp-content\/uploads\/2018\/07\/inah.jpg?resize=700%2C400 2x"},"classes":[]},{"id":44186,"url":"http:\/\/www.grieta.org.mx\/index.php\/2020\/02\/04\/obra-inconclusa-foco-de-contaminacion-en-papantla-veracruz\/","url_meta":{"origin":20639,"position":3},"title":"Obra inconclusa, foco de contaminaci\u00f3n, en Papantla (Veracruz)","author":"grieta","date":"4 febrero, 2020","format":false,"excerpt":"Juan Olmedo \/ Vanguardia Papantla, Ver.- Desde agosto de 2018, vecinos de la ampliaci\u00f3n de la colonia Emiliano Zapata 2, han denunciado que una obra de drenaje no fue concluida, por lo que ahora se ha convertido en una pestilente fuente de contaminaci\u00f3n y enfermedades por la exposici\u00f3n a heces\u2026","rel":"","context":"En &quot;CINTILLO&quot;","block_context":{"text":"CINTILLO","link":"http:\/\/www.grieta.org.mx\/index.php\/category\/cintillo\/"},"img":{"alt_text":"","src":"https:\/\/i0.wp.com\/www.grieta.org.mx\/wp-content\/uploads\/2020\/02\/https-_www.vanguardiaveracruz.mx_wp-content_uploads_2020_02_AA2-2.jpg?resize=350%2C200","width":350,"height":200,"srcset":"https:\/\/i0.wp.com\/www.grieta.org.mx\/wp-content\/uploads\/2020\/02\/https-_www.vanguardiaveracruz.mx_wp-content_uploads_2020_02_AA2-2.jpg?resize=350%2C200 1x, https:\/\/i0.wp.com\/www.grieta.org.mx\/wp-content\/uploads\/2020\/02\/https-_www.vanguardiaveracruz.mx_wp-content_uploads_2020_02_AA2-2.jpg?resize=525%2C300 1.5x, https:\/\/i0.wp.com\/www.grieta.org.mx\/wp-content\/uploads\/2020\/02\/https-_www.vanguardiaveracruz.mx_wp-content_uploads_2020_02_AA2-2.jpg?resize=700%2C400 2x, https:\/\/i0.wp.com\/www.grieta.org.mx\/wp-content\/uploads\/2020\/02\/https-_www.vanguardiaveracruz.mx_wp-content_uploads_2020_02_AA2-2.jpg?resize=1050%2C600 3x"},"classes":[]},{"id":65648,"url":"http:\/\/www.grieta.org.mx\/index.php\/2022\/11\/02\/por-el-tren-maya-hay-extorsiones-asaltos-y-ventas-de-sustancias-acusan-en-izamal-yucatan\/","url_meta":{"origin":20639,"position":4},"title":"Por el Tren Maya hay extorsiones, asaltos y ventas de sustancias; acusan en Izamal (Yucat\u00e1n)","author":"grieta","date":"2 noviembre, 2022","format":false,"excerpt":"Diario de Yucat\u00e1n IZAMAL.\u2014 Personas de Izamal y otras partes del pa\u00eds que trabajan como obreros en la construcci\u00f3n del Tren Maya en esta regi\u00f3n afirmaron que esta obra ya causa problemas de narcomenudeo, delincuencia organizada e inseguridad p\u00fablica. Indicaron que independientemente de los beneficios econ\u00f3micos que traer\u00e1 el Tren\u2026","rel":"","context":"En &quot;Campeche&quot;","block_context":{"text":"Campeche","link":"http:\/\/www.grieta.org.mx\/index.php\/category\/noticias-nacionales\/campeche\/"},"img":{"alt_text":"","src":"https:\/\/i0.wp.com\/www.grieta.org.mx\/wp-content\/uploads\/2022\/11\/IzamalExtorsion-e1667417904244.jpg?resize=350%2C200","width":350,"height":200,"srcset":"https:\/\/i0.wp.com\/www.grieta.org.mx\/wp-content\/uploads\/2022\/11\/IzamalExtorsion-e1667417904244.jpg?resize=350%2C200 1x, https:\/\/i0.wp.com\/www.grieta.org.mx\/wp-content\/uploads\/2022\/11\/IzamalExtorsion-e1667417904244.jpg?resize=525%2C300 1.5x, https:\/\/i0.wp.com\/www.grieta.org.mx\/wp-content\/uploads\/2022\/11\/IzamalExtorsion-e1667417904244.jpg?resize=700%2C400 2x"},"classes":[]},{"id":12823,"url":"http:\/\/www.grieta.org.mx\/index.php\/2016\/05\/19\/vecinos-del-fracc-lagunas-clausuran-obra-realizada-en-vaso-regulador-tabasco\/","url_meta":{"origin":20639,"position":5},"title":"Vecinos del Fracc. Lagunas clausuran obra realizada en vaso regulador (Tabasco)","author":"grieta","date":"19 mayo, 2016","format":false,"excerpt":"Fernando Chabl\u00e9 Habitantes del fraccionamiento Lagunas, clausuraron simb\u00f3licamente la obra que se realiza sobre el vaso regulador que capta los escurrimientos de las lluvias y que las autoridades permiten esa irregularidad. Esta tarde los vecinos inconformes colocaron cartulinas con frases de protesta por todo el per\u00edmetro del predio ubicado en\u2026","rel":"","context":"En &quot;CINTILLO&quot;","block_context":{"text":"CINTILLO","link":"http:\/\/www.grieta.org.mx\/index.php\/category\/cintillo\/"},"img":{"alt_text":"","src":"https:\/\/i0.wp.com\/www.grieta.org.mx\/wp-content\/uploads\/2018\/03\/14524434_1106112876131411_958039263622046936_o.jpg?resize=350%2C200","width":350,"height":200,"srcset":"https:\/\/i0.wp.com\/www.grieta.org.mx\/wp-content\/uploads\/2018\/03\/14524434_1106112876131411_958039263622046936_o.jpg?resize=350%2C200 1x, https:\/\/i0.wp.com\/www.grieta.org.mx\/wp-content\/uploads\/2018\/03\/14524434_1106112876131411_958039263622046936_o.jpg?resize=525%2C300 1.5x, https:\/\/i0.wp.com\/www.grieta.org.mx\/wp-content\/uploads\/2018\/03\/14524434_1106112876131411_958039263622046936_o.jpg?resize=700%2C400 2x"},"classes":[]}],"_links":{"self":[{"href":"http:\/\/www.grieta.org.mx\/index.php\/wp-json\/wp\/v2\/posts\/20639","targetHints":{"allow":["GET"]}}],"collection":[{"href":"http:\/\/www.grieta.org.mx\/index.php\/wp-json\/wp\/v2\/posts"}],"about":[{"href":"http:\/\/www.grieta.org.mx\/index.php\/wp-json\/wp\/v2\/types\/post"}],"author":[{"embeddable":true,"href":"http:\/\/www.grieta.org.mx\/index.php\/wp-json\/wp\/v2\/users\/2"}],"replies":[{"embeddable":true,"href":"http:\/\/www.grieta.org.mx\/index.php\/wp-json\/wp\/v2\/comments?post=20639"}],"version-history":[{"count":1,"href":"http:\/\/www.grieta.org.mx\/index.php\/wp-json\/wp\/v2\/posts\/20639\/revisions"}],"predecessor-version":[{"id":20643,"href":"http:\/\/www.grieta.org.mx\/index.php\/wp-json\/wp\/v2\/posts\/20639\/revisions\/20643"}],"wp:featuredmedia":[{"embeddable":true,"href":"http:\/\/www.grieta.org.mx\/index.php\/wp-json\/wp\/v2\/media\/21928"}],"wp:attachment":[{"href":"http:\/\/www.grieta.org.mx\/index.php\/wp-json\/wp\/v2\/media?parent=20639"}],"wp:term":[{"taxonomy":"category","embeddable":true,"href":"http:\/\/www.grieta.org.mx\/index.php\/wp-json\/wp\/v2\/categories?post=20639"},{"taxonomy":"post_tag","embeddable":true,"href":"http:\/\/www.grieta.org.mx\/index.php\/wp-json\/wp\/v2\/tags?post=20639"}],"curies":[{"name":"wp","href":"https:\/\/api.w.org\/{rel}","templated":true}]}}