{"id":2057,"date":"2016-03-08T21:27:38","date_gmt":"2016-03-09T03:27:38","guid":{"rendered":"http:\/\/50.22.11.12\/~grietaor\/?p=2057"},"modified":"2019-02-14T15:10:50","modified_gmt":"2019-02-14T21:10:50","slug":"no-son-muertas-son-asesinadas","status":"publish","type":"post","link":"http:\/\/www.grieta.org.mx\/index.php\/2016\/03\/08\/no-son-muertas-son-asesinadas\/","title":{"rendered":"No son muertas \u00a1Son asesinadas!"},"content":{"rendered":"<p>Por Elizabeth Salander<\/p>\n<p>Este s\u00e1bado 5 de marzo, marcharon por las calles del centro de Guadalajara cientos de mujeres trabajadoras de la maquila, de las f\u00e1bricas, de las aulas, del hogar y de la calle, por el rechazo al trabajo jer\u00e1rquico, al acoso, la violencia y el feminicidio.<\/p>\n<p>La iniciativa lleva 2 a\u00f1os en curso: salir a las calles para levantar la voz contra la violencia de g\u00e9nero y especialmente contra las mujeres. La marcha conmemorativa del D\u00eda de la Mujer, a celebrarse el 8 de marzo, ha sido reivindicada como una estrategia para para exigir seguridad y alto a los feminicidios, ya que hay una violencia sistem\u00e1tica que se ha reforzado desde 2012, cuando se registraron 154 feminicidios en el estado, desde entonces las cifras no son menores de 130 asesinatos de compa\u00f1eras cada a\u00f1o. De acuerdo con los datos del Instituto Jalisciense de Ciencias Forenses, en 2015, perdieron la vida de manera violenta 150 mujeres en todo el estado, 62 asesinatos ocurrieron del 20 de agosto de 2015 al 3 de febrero de 2016.<\/p>\n<p>Bajo este clima, las colectivas como Calle sin acoso, Cuerpos parlantes, Dedesser, Cladem Femibici y Batukada Feminista, han denunciado las desapariciones, el acoso, la violencia en las calles, la casa y lugares de trabajo y los asesinatos de compa\u00f1eras, por lo que, han exigido la activaci\u00f3n de la Alerta de G\u00e9nero en el estado de Jalisco. No obstante, quienes han llevado la negociaci\u00f3n a nivel gubernamental han sido \u00abexpertos\u00bb e instituciones en lo que se denomin\u00f3 el Grupo Interinstitucional y Multidisciplinario (GIM), dependiente del Consejo Estatal para Prevenir, Atender y Erradicar la Violencia contra las Mujeres (CAPAEVIM).<\/p>\n<p>La Alerta de Violencia Contra las Mujeres para Jalisco fue emitida el 8 de febrero de 2016, para los municipios de Guadalajara, Zapopan, San Pedro Tlaquepaque, Tonal\u00e1, Tlajomulco de Z\u00fa\u00f1iga, El Salto, Puerto Vallarta y Ameca. El paquete de medidas de seguridad consta de 15 acciones concretas, con un presupuesto etiquetado por 25.6 millones de pesos. Entre las acciones de urgente aplicaci\u00f3n est\u00e1 la implementaci\u00f3n del Protocolo Alba que consiste en crear una unidad de reacci\u00f3n y b\u00fasqueda inmediata de mujeres y ni\u00f1as desaparecidas, fortalecer la vigilancia y patrullaje policial en zonas de riesgo y la generaci\u00f3n de un \u00e1rea especializada en el tel\u00e9fono 066.<\/p>\n<p>Luego de un mes de la emisi\u00f3n de la Alerta, las reacciones y situaci\u00f3n de las mujeres ha sido adversa, pues \u00abcon esta alerta al parecer nos quieren dar un mensaje de que nos van a cuidar y de que somos el coraz\u00f3n de los hogares, pero no somos el coraz\u00f3n de nadie, ni pertenecemos a los hogares, somos personas y somos mujeres que nos organizamos, por eso el hashtag es #YoVoy8DeMarzo #NosotrasPorNosotras, nos explic\u00f3 Citlali en entrevista para SubVersiones Gdl. Los mensajes del gobierno estatal mantienen un lenguaje en el que se sigue tratando a las mujeres como \u00abnuestras\u00bb mujeres y \u00ablas vamos a cuidar\u00bb, que denota el paternalismo y machismo mexicano.<\/p>\n<p>Por est\u00e1s razones, la marcha de este 5 de marzo no fue s\u00f3lo una conmemoraci\u00f3n, sino una reformulaci\u00f3n del mensaje estatal, bajo las consignas \u00ab\u00a1Va a caer, va a caer, el machismo va a caer!\u00bb \u00ab\u00a1No necesitamos un estado paternalista!\u00bb \u00ab\u00a1No necesitamos que nos cuiden, nos tutelen, nos sigan viendo como v\u00edctimas!\u00bb. Reclamos que se suman al enfado y desesperaci\u00f3n nacional por el genocidio y desaparici\u00f3n de nuestra gente, as\u00ed que se sumaron a la marcha familiares de v\u00edctimas de feminicidio y desaparecidas gritando \u00ab\u00a1Justicia para Betzab\u00e9!\u00bb \u00ab\u00a1Justicia para Imelda!\u00bb \u00ab\u00a1Justicia para Gaby!\u00bb \u00ab\u00a1No son muertas, son asesinadas!\u00bb \u00ab\u00a1Ni una m\u00e1s, ni una m\u00e1s, ni una asesinada m\u00e1s!\u00bb.<\/p>\n<p>Esta marcha, acompa\u00f1ada con tambores reciclados, cazuelas, mantas, carteles, disfraces, mariposas y un color morado que sobresal\u00eda en los atuendos femeninos, fue recibida con ojos y o\u00eddos atentos, los turistas y peatones que transitaban por la avenida Ju\u00e1rez se detuvieron con asombro para escuchar las consignas, leer las pancartas y mirar la rabia de nuestras compa\u00f1eras. Al llegar al Parque Revoluci\u00f3n, el contingente realiz\u00f3 un peque\u00f1o mitin en el que se expusieron datos sobre las v\u00edctimas de feminicidio, sobre la Alerta de Violencia contra las Mujeres y el Protocolo Alba, as\u00ed como una menci\u00f3n sobre el asesinato de Berta C\u00e1ceres defensora del territorio y la vida en las comunidades ind\u00edgenas de Honduras.<\/p>\n<p>Las palabras finales, emotivas y llenas de coraje, nos recuerdan que la recuperaci\u00f3n de nuestras corporalidades, nuestras mentes y nuestras afectividades son un trabajo colectivo en el que organizadas podemos seguir luchando. Nosotras por nosotras, con el apoyo y la solidaridad para lxs familiares de las v\u00edctimas y desaparecidxs se refrenda un compromiso por mantenernos juntas, porque no estamos solas y \u00a1vivas nos queremos!<\/p>\n<p><a href=\"http:\/\/subversiones.org\/archivos\/121821\" target=\"_blank\">http:\/\/subversiones.org\/archivos\/121821<\/a><\/p>\n","protected":false},"excerpt":{"rendered":"<p>Por Elizabeth Salander Este s\u00e1bado 5 de marzo, marcharon por las calles del centro de Guadalajara cientos de mujeres trabajadoras de la maquila, de las f\u00e1bricas, de las aulas, del &hellip; <a href=\"http:\/\/www.grieta.org.mx\/index.php\/2016\/03\/08\/no-son-muertas-son-asesinadas\/\" class=\"more-link\">Leer m\u00e1s<\/a><\/p>\n","protected":false},"author":2,"featured_media":21928,"comment_status":"closed","ping_status":"open","sticky":false,"template":"","format":"standard","meta":{"ngg_post_thumbnail":0,"_jetpack_newsletter_access":"","_jetpack_dont_email_post_to_subs":false,"_jetpack_newsletter_tier_id":0,"_jetpack_memberships_contains_paywalled_content":false,"_jetpack_memberships_contains_paid_content":false,"footnotes":""},"categories":[80,84,2107,20,230,2,83],"tags":[81,94],"class_list":{"0":"post-2057","1":"post","2":"type-post","3":"status-publish","4":"format-standard","5":"has-post-thumbnail","6":"hentry","7":"category-cintillo","8":"category-feminicidios","9":"category-feminicidios-en-jalisco","10":"category-jalisco","12":"category-noticias-nacionales","13":"category-temas-nacionales","14":"tag-feminicidios","15":"tag-violencia-contra-mujeres","16":"entry"},"jetpack_featured_media_url":"http:\/\/www.grieta.org.mx\/wp-content\/uploads\/2018\/03\/14524434_1106112876131411_958039263622046936_o.jpg","jetpack_sharing_enabled":true,"jetpack_shortlink":"https:\/\/wp.me\/p7ZJR4-xb","jetpack_likes_enabled":false,"jetpack-related-posts":[{"id":63695,"url":"http:\/\/www.grieta.org.mx\/index.php\/2022\/03\/08\/marchan-mujeres-de-vallarta-para-exigir-respeto-y-seguridad-jalisco\/","url_meta":{"origin":2057,"position":0},"title":"Marchan mujeres de Vallarta para exigir respeto y seguridad (Jalisco)","author":"grieta","date":"8 marzo, 2022","format":false,"excerpt":"Foto: Tribuna de la Bah\u00eda Brenda Beltr\u00e1n \/ Tribuna de la Bah\u00eda Cientos de mujeres, pertenecientes a colectivos de\u00a0Puerto Vallarta, estudiantes, madres de familias y m\u00e1s, salieron a\u00a0marchar este 8 de marzo\u00a0de forma pac\u00edfica, exigiendo a las autoridades que sean escuchadas ante la violencia que se vive en la ciudad.\u2026","rel":"","context":"En &quot;CINTILLO&quot;","block_context":{"text":"CINTILLO","link":"http:\/\/www.grieta.org.mx\/index.php\/category\/cintillo\/"},"img":{"alt_text":"","src":"https:\/\/i0.wp.com\/www.grieta.org.mx\/wp-content\/uploads\/2022\/03\/marcha-8m-cover.jpg?resize=350%2C200","width":350,"height":200,"srcset":"https:\/\/i0.wp.com\/www.grieta.org.mx\/wp-content\/uploads\/2022\/03\/marcha-8m-cover.jpg?resize=350%2C200 1x, https:\/\/i0.wp.com\/www.grieta.org.mx\/wp-content\/uploads\/2022\/03\/marcha-8m-cover.jpg?resize=525%2C300 1.5x, https:\/\/i0.wp.com\/www.grieta.org.mx\/wp-content\/uploads\/2022\/03\/marcha-8m-cover.jpg?resize=700%2C400 2x"},"classes":[]},{"id":62790,"url":"http:\/\/www.grieta.org.mx\/index.php\/2021\/11\/25\/marchan-mujeres-para-exigir-alto-a-la-violencia-en-vallarta-jalisco\/","url_meta":{"origin":2057,"position":1},"title":"Marchan mujeres para exigir alto a la violencia en Vallarta (Jalisco)","author":"grieta","date":"25 noviembre, 2021","format":false,"excerpt":"Foto: Tribuna de la Bah\u00eda Brenda Beltr\u00e1n \/ Tribuna de la Bah\u00eda Este jueves, colectivos de mujeres, hombres y ciudadanos en general, marcharon para exigir un alto a la violencia contra las mujeres de\u00a0Puerto Vallarta, saliendo del parque de\u00a0Las Mujeres hasta llegar a Los Arcos del Malec\u00f3n. Como ya se\u2026","rel":"","context":"En &quot;CINTILLO&quot;","block_context":{"text":"CINTILLO","link":"http:\/\/www.grieta.org.mx\/index.php\/category\/cintillo\/"},"img":{"alt_text":"","src":"https:\/\/i0.wp.com\/www.grieta.org.mx\/wp-content\/uploads\/2021\/11\/marcha-contra-violencia-vallarta-2-cover.jpg?resize=350%2C200","width":350,"height":200,"srcset":"https:\/\/i0.wp.com\/www.grieta.org.mx\/wp-content\/uploads\/2021\/11\/marcha-contra-violencia-vallarta-2-cover.jpg?resize=350%2C200 1x, https:\/\/i0.wp.com\/www.grieta.org.mx\/wp-content\/uploads\/2021\/11\/marcha-contra-violencia-vallarta-2-cover.jpg?resize=525%2C300 1.5x, https:\/\/i0.wp.com\/www.grieta.org.mx\/wp-content\/uploads\/2021\/11\/marcha-contra-violencia-vallarta-2-cover.jpg?resize=700%2C400 2x"},"classes":[]},{"id":65298,"url":"http:\/\/www.grieta.org.mx\/index.php\/2022\/09\/20\/estudiantes-reclaman-por-feminicidios-de-jalisco\/","url_meta":{"origin":2057,"position":2},"title":"Estudiantes reclaman por feminicidios de Jalisco","author":"grieta","date":"20 septiembre, 2022","format":false,"excerpt":"Imagen: JAM Edgar Flores \/ El Diario NTR Alumnos, maestros y personal directivo de la Preparatoria 20 de la Universidad de Guadalajara (UdeG) protestaron ayer a las afueras de Casa Jalisco para exigir al gobernador del estado, Enrique Alfaro Ram\u00edrez, que atienda la ola de feminicidios que aqueja no s\u00f3lo\u2026","rel":"","context":"En &quot;CINTILLO&quot;","block_context":{"text":"CINTILLO","link":"http:\/\/www.grieta.org.mx\/index.php\/category\/cintillo\/"},"img":{"alt_text":"","src":"https:\/\/i0.wp.com\/www.grieta.org.mx\/wp-content\/uploads\/2022\/09\/2022-09-19_10-09-04___1410.jpg?resize=350%2C200","width":350,"height":200,"srcset":"https:\/\/i0.wp.com\/www.grieta.org.mx\/wp-content\/uploads\/2022\/09\/2022-09-19_10-09-04___1410.jpg?resize=350%2C200 1x, https:\/\/i0.wp.com\/www.grieta.org.mx\/wp-content\/uploads\/2022\/09\/2022-09-19_10-09-04___1410.jpg?resize=525%2C300 1.5x, https:\/\/i0.wp.com\/www.grieta.org.mx\/wp-content\/uploads\/2022\/09\/2022-09-19_10-09-04___1410.jpg?resize=700%2C400 2x"},"classes":[]},{"id":7884,"url":"http:\/\/www.grieta.org.mx\/index.php\/2015\/03\/07\/marcha-feminista-8demarzo-gdl\/","url_meta":{"origin":2057,"position":3},"title":"Marcha Feminista #8deMarzo GDL","author":"grieta","date":"7 marzo, 2015","format":false,"excerpt":"Por: M\u00e1s de 131 ITESO (Guadalajara, 7 de marzo 2015) En Jalisco, como en el resto del pa\u00eds, la violencia contra las mujeres es situaci\u00f3n cotidiana, m\u00e1s no tema en la agenda p\u00fablica. Acoso callejero, feminicidios, desigualdades laborales, prejuicios son las redes que nos van aprisionando. Por esto, la red\u2026","rel":"","context":"En &quot;CINTILLO&quot;","block_context":{"text":"CINTILLO","link":"http:\/\/www.grieta.org.mx\/index.php\/category\/cintillo\/"},"img":{"alt_text":"","src":"https:\/\/i0.wp.com\/www.grieta.org.mx\/wp-content\/uploads\/2018\/03\/14524434_1106112876131411_958039263622046936_o.jpg?resize=350%2C200","width":350,"height":200,"srcset":"https:\/\/i0.wp.com\/www.grieta.org.mx\/wp-content\/uploads\/2018\/03\/14524434_1106112876131411_958039263622046936_o.jpg?resize=350%2C200 1x, https:\/\/i0.wp.com\/www.grieta.org.mx\/wp-content\/uploads\/2018\/03\/14524434_1106112876131411_958039263622046936_o.jpg?resize=525%2C300 1.5x, https:\/\/i0.wp.com\/www.grieta.org.mx\/wp-content\/uploads\/2018\/03\/14524434_1106112876131411_958039263622046936_o.jpg?resize=700%2C400 2x"},"classes":[]},{"id":45332,"url":"http:\/\/www.grieta.org.mx\/index.php\/2020\/02\/27\/artistas-hacen-arder-la-frase-mexico-feminicida-frente-al-palacio-de-gobierno-de-jalisco\/","url_meta":{"origin":2057,"position":4},"title":"Artistas hacen arder la frase \u201cM\u00e9xico feminicida\u201d frente al palacio de gobierno de Jalisco","author":"grieta","date":"27 febrero, 2020","format":false,"excerpt":"Foto: Mario Marlo Mario Marlo \/ Zona Docs Hartas de la violencia contra las mujeres, los feminicidios en M\u00e9xico y la poca acci\u00f3n de las autoridades estatales y federales, un colectivo de mujeres artistas realiz\u00f3 un performance frente al Palacio de Gobierno de Jalisco,\u00a0para denunciar y exigir justicia para todas\u2026","rel":"","context":"En &quot;CINTILLO&quot;","block_context":{"text":"CINTILLO","link":"http:\/\/www.grieta.org.mx\/index.php\/category\/cintillo\/"},"img":{"alt_text":"","src":"https:\/\/i0.wp.com\/www.grieta.org.mx\/wp-content\/uploads\/2020\/02\/photo5672429510909339589-1280x640.jpg?resize=350%2C200","width":350,"height":200,"srcset":"https:\/\/i0.wp.com\/www.grieta.org.mx\/wp-content\/uploads\/2020\/02\/photo5672429510909339589-1280x640.jpg?resize=350%2C200 1x, https:\/\/i0.wp.com\/www.grieta.org.mx\/wp-content\/uploads\/2020\/02\/photo5672429510909339589-1280x640.jpg?resize=525%2C300 1.5x, https:\/\/i0.wp.com\/www.grieta.org.mx\/wp-content\/uploads\/2020\/02\/photo5672429510909339589-1280x640.jpg?resize=700%2C400 2x, https:\/\/i0.wp.com\/www.grieta.org.mx\/wp-content\/uploads\/2020\/02\/photo5672429510909339589-1280x640.jpg?resize=1050%2C600 3x"},"classes":[]},{"id":39511,"url":"http:\/\/www.grieta.org.mx\/index.php\/2019\/09\/19\/han-asesinado-a-178-mujeres-en-jalisco-en-2019\/","url_meta":{"origin":2057,"position":5},"title":"Han asesinado a 178 mujeres en Jalisco en 2019","author":"grieta","date":"19 septiembre, 2019","format":false,"excerpt":"Foto: Archivo OEM Al ser considerados s\u00f3lo 20% por feminicidios, el 80% restante se consigna como homicidio o parricidio y esto solo minimiza la violencia en contra de las mujeres, denuncia Cladem V\u00edctor Chavez \/ El Occidental Advierte Cladem sobre un incremento desmedido de violencia hacia la mujer, con 178\u2026","rel":"","context":"En &quot;CINTILLO&quot;","block_context":{"text":"CINTILLO","link":"http:\/\/www.grieta.org.mx\/index.php\/category\/cintillo\/"},"img":{"alt_text":"","src":"https:\/\/i0.wp.com\/www.grieta.org.mx\/wp-content\/uploads\/2019\/09\/feminicidio-1.jpg?resize=350%2C200","width":350,"height":200,"srcset":"https:\/\/i0.wp.com\/www.grieta.org.mx\/wp-content\/uploads\/2019\/09\/feminicidio-1.jpg?resize=350%2C200 1x, https:\/\/i0.wp.com\/www.grieta.org.mx\/wp-content\/uploads\/2019\/09\/feminicidio-1.jpg?resize=525%2C300 1.5x, https:\/\/i0.wp.com\/www.grieta.org.mx\/wp-content\/uploads\/2019\/09\/feminicidio-1.jpg?resize=700%2C400 2x"},"classes":[]}],"_links":{"self":[{"href":"http:\/\/www.grieta.org.mx\/index.php\/wp-json\/wp\/v2\/posts\/2057","targetHints":{"allow":["GET"]}}],"collection":[{"href":"http:\/\/www.grieta.org.mx\/index.php\/wp-json\/wp\/v2\/posts"}],"about":[{"href":"http:\/\/www.grieta.org.mx\/index.php\/wp-json\/wp\/v2\/types\/post"}],"author":[{"embeddable":true,"href":"http:\/\/www.grieta.org.mx\/index.php\/wp-json\/wp\/v2\/users\/2"}],"replies":[{"embeddable":true,"href":"http:\/\/www.grieta.org.mx\/index.php\/wp-json\/wp\/v2\/comments?post=2057"}],"version-history":[{"count":1,"href":"http:\/\/www.grieta.org.mx\/index.php\/wp-json\/wp\/v2\/posts\/2057\/revisions"}],"predecessor-version":[{"id":10815,"href":"http:\/\/www.grieta.org.mx\/index.php\/wp-json\/wp\/v2\/posts\/2057\/revisions\/10815"}],"wp:featuredmedia":[{"embeddable":true,"href":"http:\/\/www.grieta.org.mx\/index.php\/wp-json\/wp\/v2\/media\/21928"}],"wp:attachment":[{"href":"http:\/\/www.grieta.org.mx\/index.php\/wp-json\/wp\/v2\/media?parent=2057"}],"wp:term":[{"taxonomy":"category","embeddable":true,"href":"http:\/\/www.grieta.org.mx\/index.php\/wp-json\/wp\/v2\/categories?post=2057"},{"taxonomy":"post_tag","embeddable":true,"href":"http:\/\/www.grieta.org.mx\/index.php\/wp-json\/wp\/v2\/tags?post=2057"}],"curies":[{"name":"wp","href":"https:\/\/api.w.org\/{rel}","templated":true}]}}