{"id":20472,"date":"2016-08-27T22:28:33","date_gmt":"2016-08-28T03:28:33","guid":{"rendered":"http:\/\/www.grieta.org.mx\/?p=20472"},"modified":"2016-08-28T22:38:23","modified_gmt":"2016-08-29T03:38:23","slug":"detienen-a-manifestante-contra-los-desalojos-en-el-centro-historico-cdmx","status":"publish","type":"post","link":"http:\/\/www.grieta.org.mx\/index.php\/2016\/08\/27\/detienen-a-manifestante-contra-los-desalojos-en-el-centro-historico-cdmx\/","title":{"rendered":"Detienen a manifestante contra los desalojos en el centro hist\u00f3rico (CDMX)"},"content":{"rendered":"<p>Eliana Gilet<\/p>\n<p><img decoding=\"async\" data-attachment-id=\"20473\" data-permalink=\"http:\/\/www.grieta.org.mx\/index.php\/2016\/08\/27\/detienen-a-manifestante-contra-los-desalojos-en-el-centro-historico-cdmx\/img-20160826-wa0024\/\" data-orig-file=\"http:\/\/www.grieta.org.mx\/wp-content\/uploads\/2016\/08\/IMG-20160826-WA0024.jpg\" data-orig-size=\"700,380\" data-comments-opened=\"0\" data-image-meta=\"{&quot;aperture&quot;:&quot;0&quot;,&quot;credit&quot;:&quot;&quot;,&quot;camera&quot;:&quot;&quot;,&quot;caption&quot;:&quot;&quot;,&quot;created_timestamp&quot;:&quot;0&quot;,&quot;copyright&quot;:&quot;&quot;,&quot;focal_length&quot;:&quot;0&quot;,&quot;iso&quot;:&quot;0&quot;,&quot;shutter_speed&quot;:&quot;0&quot;,&quot;title&quot;:&quot;&quot;,&quot;orientation&quot;:&quot;0&quot;}\" data-image-title=\"IMG-20160826-WA0024\" data-image-description=\"\" data-image-caption=\"\" data-medium-file=\"http:\/\/www.grieta.org.mx\/wp-content\/uploads\/2016\/08\/IMG-20160826-WA0024-300x163.jpg\" data-large-file=\"http:\/\/www.grieta.org.mx\/wp-content\/uploads\/2016\/08\/IMG-20160826-WA0024.jpg\" src=\"http:\/\/www.grieta.org.mx\/wp-content\/uploads\/2016\/08\/IMG-20160826-WA0024.jpg\" alt=\"IMG-20160826-WA0024\" width=\"100%\" class=\"aligncenter size-full wp-image-20473\" srcset=\"http:\/\/www.grieta.org.mx\/wp-content\/uploads\/2016\/08\/IMG-20160826-WA0024.jpg 700w, http:\/\/www.grieta.org.mx\/wp-content\/uploads\/2016\/08\/IMG-20160826-WA0024-300x163.jpg 300w\" sizes=\"(max-width: 700px) 100vw, 700px\" \/><br \/>\nManifestaci\u00f3n contra los desalojos frente a la SSP, 26 de agosto de 2016<\/p>\n<p>Cinco horas estuvo retenido uno de los manifestantes que en la ma\u00f1ana del viernes 26 de agosto se concentraron frente a las oficinas de la Secretar\u00eda de Seguridad P\u00fablica, en la calle Liverpool, cerca de la Glorieta de Insurgentes. Desde el \u00c1ngel de la Independencia hasta ah\u00ed hab\u00eda marchado el grupo organizado de vecinos que desde hace dos meses han sido desalojados de sus casas en el centro hist\u00f3rico de la Ciudad de M\u00e9xico.<\/p>\n<p>\u201cEst\u00e1bamos manifest\u00e1ndonos en las oficinas de la Secretar\u00eda de Seguridad P\u00fablica, contra de la violencia policial con la que los desalojos han sido efectuados cuando efectivos del Grupo Especial de Seguridad nos encapsul\u00f3, empujando a las compa\u00f1eras con los escudos. Ah\u00ed detuvieron a uno de nuestros compa\u00f1eros en el momento en que est\u00e1bamos lanzando cohetones. Los polic\u00edas le dijeron que eso era un delito federal y que lo ten\u00edan que llevar a la Procuradur\u00eda General de la Rep\u00fablica\u201d, explic\u00f3 Francisco Alvarado, integrante de la Asamblea de Barrios, organizaci\u00f3n que se moviliza y acompa\u00f1a a los desalojados.<\/p>\n<p>La detenci\u00f3n no s\u00f3lo fue arbitraria sino que la acusaci\u00f3n fue falsa. \u201cExigimos que nos dijeran a d\u00f3nde se lo llevaban detenido. Cerca de las dos de la tarde lo encontramos en el Juzgado C\u00edvico 5\u00b0, en Santa Mar\u00eda de la Ribera. Nos hab\u00edamos comunicado con la Comisi\u00f3n Nacional de Derechos Humanos tambi\u00e9n. En la PGR nos dijeron que es falso que lanzar cohetones pueda caber en un delito federal. Finalmente pagamos una multa de 150 pesos porque le impusieron una falta administrativa.\u201d<\/p>\n<p>Seg\u00fan el conteo de los vecinos y la Asamblea, van 38 edificios en el centro hist\u00f3rico y la Colonia Morelos que han sido desalojados de manera violenta y arbitraria por la gendarmer\u00eda en los \u00faltimos dos meses. El d\u00eda anterior, jueves 25, tambi\u00e9n se manifestaron disparando cohetones en 50 puntos del centro y con un cacerolazo en la sede del gobierno de la ciudad.<\/p>\n<p>\u201cLogramos que por fin nos dieran cita para una Mesa Central Interinstitucional con m\u00e1s de 10 reparticiones de gobierno, el 6 de setiembre al mediod\u00eda, para definir objetivos y criterios generales que permitan frenar los lanzamientos y la violencia con que se han dado; as\u00ed como la creaci\u00f3n de un programa emergente de vivienda y alternativas de vida para la gente del centro hist\u00f3rico. Entre los desalojados hay enfermos terminales, discapacitados, mujeres embarazadas que quedaron en la calle. La situaci\u00f3n es muy complicada\u201d, dijo Alvarado.<\/p>\n<p>La mujer embarazada fue desalojada a sus 8 meses de embarazo, tambi\u00e9n mediante un enorme operativo policial que acordon\u00f3 la zona e invadi\u00f3 las casas del edificio de la calle Jes\u00fas Mar\u00eda #36, a comienzos de junio, junto con otros dos apartamentos de ese mismo edificio. \u201cNo respetan nada, eso fue lo que fuimos a exigir a la Secretar\u00eda de Seguridad P\u00fablica, que autoriza que su fuerza abuse y no respete a poblaci\u00f3n vulnerable, que sea funcional a un proyecto de gentrificaci\u00f3n del centro, que es lo que est\u00e1 de fondo de todo esto. Un proceso que ahora subi\u00f3 de volumen y de velocidad.\u201d<\/p>\n<p><a href=\"http:\/\/www.somoselmedio.org\/article\/detienen-manifestante-contra-los-desalojos-en-el-centro-hist%C3%B3rico\" target=\"_blank\">http:\/\/www.somoselmedio.org\/article\/detienen-manifestante-contra-los-desalojos-en-el-centro-hist%C3%B3rico<\/a><\/p>\n","protected":false},"excerpt":{"rendered":"<p>Eliana Gilet Manifestaci\u00f3n contra los desalojos frente a la SSP, 26 de agosto de 2016 Cinco horas estuvo retenido uno de los manifestantes que en la ma\u00f1ana del viernes 26 &hellip; <a href=\"http:\/\/www.grieta.org.mx\/index.php\/2016\/08\/27\/detienen-a-manifestante-contra-los-desalojos-en-el-centro-historico-cdmx\/\" class=\"more-link\">Leer m\u00e1s<\/a><\/p>\n","protected":false},"author":2,"featured_media":21928,"comment_status":"closed","ping_status":"closed","sticky":false,"template":"","format":"standard","meta":{"ngg_post_thumbnail":0,"_jetpack_newsletter_access":"","_jetpack_dont_email_post_to_subs":false,"_jetpack_newsletter_tier_id":0,"_jetpack_memberships_contains_paywalled_content":false,"_jetpack_memberships_contains_paid_content":false,"footnotes":""},"categories":[598,80],"tags":[248,184,870,130],"class_list":["post-20472","post","type-post","status-publish","format-standard","has-post-thumbnail","hentry","category-cdmx","category-cintillo","tag-desalojo","tag-despojo","tag-gentrificacion","tag-represion","entry"],"jetpack_featured_media_url":"http:\/\/www.grieta.org.mx\/wp-content\/uploads\/2018\/03\/14524434_1106112876131411_958039263622046936_o.jpg","jetpack_sharing_enabled":true,"jetpack_shortlink":"https:\/\/wp.me\/p7ZJR4-5kc","jetpack_likes_enabled":false,"jetpack-related-posts":[{"id":20157,"url":"http:\/\/www.grieta.org.mx\/index.php\/2016\/09\/06\/desalojos-violentos-de-viviendas-en-el-centro-historico-de-la-cdmx\/","url_meta":{"origin":20472,"position":0},"title":"Desalojos violentos de viviendas en el centro hist\u00f3rico de la CDMX","author":"grieta","date":"6 septiembre, 2016","format":false,"excerpt":"04\/09\/16. Granadas #130: o c\u00f3mo Banorte ejecuta desalojos en TepitoSomos el medio 27\/08\/16. Detienen a manifestante contra los desalojos en el centro hist\u00f3rico (CDMX)Somos el medio 25\/08\/16. Nuevo desalojo en el centro hist\u00f3rico: vecinos afectados se movilizan (CDMX)Somos el medio 24\/08\/16. \u00bfPor qu\u00e9 est\u00e1n los granaderos desalojando gente en el\u2026","rel":"","context":"En &quot;Ciudad de M\u00e9xico&quot;","block_context":{"text":"Ciudad de M\u00e9xico","link":"http:\/\/www.grieta.org.mx\/index.php\/category\/noticias-nacionales\/ciudad-de-mexico\/"},"img":{"alt_text":"","src":"https:\/\/i0.wp.com\/www.grieta.org.mx\/wp-content\/uploads\/2018\/03\/14524434_1106112876131411_958039263622046936_o.jpg?resize=350%2C200","width":350,"height":200,"srcset":"https:\/\/i0.wp.com\/www.grieta.org.mx\/wp-content\/uploads\/2018\/03\/14524434_1106112876131411_958039263622046936_o.jpg?resize=350%2C200 1x, https:\/\/i0.wp.com\/www.grieta.org.mx\/wp-content\/uploads\/2018\/03\/14524434_1106112876131411_958039263622046936_o.jpg?resize=525%2C300 1.5x, https:\/\/i0.wp.com\/www.grieta.org.mx\/wp-content\/uploads\/2018\/03\/14524434_1106112876131411_958039263622046936_o.jpg?resize=700%2C400 2x"},"classes":[]},{"id":20158,"url":"http:\/\/www.grieta.org.mx\/index.php\/2016\/08\/20\/sufre-el-centro-historico-de-la-cdmx-ola-de-violentos-desalojos\/","url_meta":{"origin":20472,"position":1},"title":"Sufre el Centro Hist\u00f3rico de la CDMX ola de violentos desalojos","author":"grieta","date":"20 agosto, 2016","format":false,"excerpt":"Roc\u00edo Gonz\u00e1lez Alvarado Suman 38 los lanzamientos efectuados en mes y medio con la participaci\u00f3n de granaderos Desoye la Secretar\u00eda de Gobierno propuesta para hacer un albergue provisional en la calle de Hait\u00ed Postergan autoridades instalar una mesa interinstitucional para revisar cada caso Sin opci\u00f3n para ocupar alguna vivienda, la\u2026","rel":"","context":"En &quot;cdmx&quot;","block_context":{"text":"cdmx","link":"http:\/\/www.grieta.org.mx\/index.php\/category\/cdmx\/"},"img":{"alt_text":"","src":"https:\/\/i0.wp.com\/www.grieta.org.mx\/wp-content\/uploads\/2018\/03\/14524434_1106112876131411_958039263622046936_o.jpg?resize=350%2C200","width":350,"height":200,"srcset":"https:\/\/i0.wp.com\/www.grieta.org.mx\/wp-content\/uploads\/2018\/03\/14524434_1106112876131411_958039263622046936_o.jpg?resize=350%2C200 1x, https:\/\/i0.wp.com\/www.grieta.org.mx\/wp-content\/uploads\/2018\/03\/14524434_1106112876131411_958039263622046936_o.jpg?resize=525%2C300 1.5x, https:\/\/i0.wp.com\/www.grieta.org.mx\/wp-content\/uploads\/2018\/03\/14524434_1106112876131411_958039263622046936_o.jpg?resize=700%2C400 2x"},"classes":[]},{"id":38309,"url":"http:\/\/www.grieta.org.mx\/index.php\/2019\/08\/22\/desalojos-violentos-corrupcion-y-acoso-inmobiliario-dejan-a-familias-sin-casa-en-cdmx\/","url_meta":{"origin":20472,"position":2},"title":"Desalojos violentos, corrupci\u00f3n y acoso inmobiliario dejan a familias sin casa en CDMX","author":"grieta","date":"22 agosto, 2019","format":false,"excerpt":"Tania Casasola\/Animal Pol\u00edtico Supuestos due\u00f1os de departamentos que realizan mobbing (acoso) inmobiliario, juicios simulados, falsificaci\u00f3n de documentos, due\u00f1os que obligan a salir a inquilinos de la noche a la ma\u00f1ana bajo el argumento de que el edificio ser\u00e1 remodelado para convertirse en espacios de oficina o rentarlos en la plataforma\u2026","rel":"","context":"En &quot;CINTILLO&quot;","block_context":{"text":"CINTILLO","link":"http:\/\/www.grieta.org.mx\/index.php\/category\/cintillo\/"},"img":{"alt_text":"","src":"https:\/\/i0.wp.com\/www.grieta.org.mx\/wp-content\/uploads\/2018\/03\/14524434_1106112876131411_958039263622046936_o.jpg?resize=350%2C200","width":350,"height":200,"srcset":"https:\/\/i0.wp.com\/www.grieta.org.mx\/wp-content\/uploads\/2018\/03\/14524434_1106112876131411_958039263622046936_o.jpg?resize=350%2C200 1x, https:\/\/i0.wp.com\/www.grieta.org.mx\/wp-content\/uploads\/2018\/03\/14524434_1106112876131411_958039263622046936_o.jpg?resize=525%2C300 1.5x, https:\/\/i0.wp.com\/www.grieta.org.mx\/wp-content\/uploads\/2018\/03\/14524434_1106112876131411_958039263622046936_o.jpg?resize=700%2C400 2x"},"classes":[]},{"id":36236,"url":"http:\/\/www.grieta.org.mx\/index.php\/2019\/07\/13\/funcionarios-notarios-y-jueces-asi-se-teje-la-trama-que-despoja-a-familias-de-sus-hogares-en-cdmx\/","url_meta":{"origin":20472,"position":3},"title":"Funcionarios, notarios y jueces: As\u00ed se teje la trama que despoja a familias de sus hogares en CdMx","author":"grieta","date":"13 julio, 2019","format":false,"excerpt":"Dulce Olvera\/SinEmbargo En la Ciudad de M\u00e9xico se ejecutan en promedio 3 mil desalojos al a\u00f1o con elementos de la fuerza p\u00fablica, de acuerdo con una solicitud de informaci\u00f3n a la Secretar\u00eda de Seguridad P\u00fablica local realizada por la Coalici\u00f3n Internacional por el H\u00e1bitat en Am\u00e9rica Latina, y la Plataforma\u2026","rel":"","context":"En &quot;CINTILLO&quot;","block_context":{"text":"CINTILLO","link":"http:\/\/www.grieta.org.mx\/index.php\/category\/cintillo\/"},"img":{"alt_text":"","src":"https:\/\/i0.wp.com\/www.grieta.org.mx\/wp-content\/uploads\/2019\/07\/desalojo-chilpa2.jpg?resize=350%2C200","width":350,"height":200,"srcset":"https:\/\/i0.wp.com\/www.grieta.org.mx\/wp-content\/uploads\/2019\/07\/desalojo-chilpa2.jpg?resize=350%2C200 1x, https:\/\/i0.wp.com\/www.grieta.org.mx\/wp-content\/uploads\/2019\/07\/desalojo-chilpa2.jpg?resize=525%2C300 1.5x, https:\/\/i0.wp.com\/www.grieta.org.mx\/wp-content\/uploads\/2019\/07\/desalojo-chilpa2.jpg?resize=700%2C400 2x"},"classes":[]},{"id":20348,"url":"http:\/\/www.grieta.org.mx\/index.php\/2016\/08\/25\/nuevo-desalojo-en-el-centro-historico-vecinos-afectados-se-movilizan-cdmx\/","url_meta":{"origin":20472,"position":4},"title":"Nuevo desalojo en el centro hist\u00f3rico: vecinos afectados se movilizan (CDMX)","author":"grieta","date":"25 agosto, 2016","format":false,"excerpt":"Eliana Gilet Desalojo en Jes\u00fas Mar\u00eda #36, el 9 de junio de 2016 Esta ma\u00f1ana, antes de las siete de la ma\u00f1ana, 200 elementos de la gendarmer\u00eda desalojaron otra persona de su casa, ubicada en la calles Zapata #68. Se trata de una persona mayor de edad que viv\u00eda sola.\u2026","rel":"","context":"En &quot;CINTILLO&quot;","block_context":{"text":"CINTILLO","link":"http:\/\/www.grieta.org.mx\/index.php\/category\/cintillo\/"},"img":{"alt_text":"","src":"https:\/\/i0.wp.com\/www.grieta.org.mx\/wp-content\/uploads\/2018\/03\/14524434_1106112876131411_958039263622046936_o.jpg?resize=350%2C200","width":350,"height":200,"srcset":"https:\/\/i0.wp.com\/www.grieta.org.mx\/wp-content\/uploads\/2018\/03\/14524434_1106112876131411_958039263622046936_o.jpg?resize=350%2C200 1x, https:\/\/i0.wp.com\/www.grieta.org.mx\/wp-content\/uploads\/2018\/03\/14524434_1106112876131411_958039263622046936_o.jpg?resize=525%2C300 1.5x, https:\/\/i0.wp.com\/www.grieta.org.mx\/wp-content\/uploads\/2018\/03\/14524434_1106112876131411_958039263622046936_o.jpg?resize=700%2C400 2x"},"classes":[]},{"id":38061,"url":"http:\/\/www.grieta.org.mx\/index.php\/2019\/08\/19\/desalojos-y-gentrificacion-en-cdmx-asi-crece-el-fenomeno\/","url_meta":{"origin":20472,"position":5},"title":"Desalojos y gentrificaci\u00f3n en CDMX; as\u00ed crece el fen\u00f3meno","author":"grieta","date":"19 agosto, 2019","format":false,"excerpt":"Sharenii Guzm\u00e1n\/La Silla Rota Forman la 06000 Plataforma Vecinal y Observatorio del Centro Hist\u00f3rico que ha documentado diversos tipos de desalojo y ha emprendido una resistencia Alfonsina, Carlos y Emilio no se conoc\u00edan. Los tres habitan en la zona centro de la Ciudad de M\u00e9xico. Hasta hace poco sus vidas\u2026","rel":"","context":"En &quot;CINTILLO&quot;","block_context":{"text":"CINTILLO","link":"http:\/\/www.grieta.org.mx\/index.php\/category\/cintillo\/"},"img":{"alt_text":"","src":"https:\/\/i0.wp.com\/www.grieta.org.mx\/wp-content\/uploads\/2019\/08\/desalojoscdmx1-focus-0-0-983-557.jpg?resize=350%2C200","width":350,"height":200,"srcset":"https:\/\/i0.wp.com\/www.grieta.org.mx\/wp-content\/uploads\/2019\/08\/desalojoscdmx1-focus-0-0-983-557.jpg?resize=350%2C200 1x, https:\/\/i0.wp.com\/www.grieta.org.mx\/wp-content\/uploads\/2019\/08\/desalojoscdmx1-focus-0-0-983-557.jpg?resize=525%2C300 1.5x, https:\/\/i0.wp.com\/www.grieta.org.mx\/wp-content\/uploads\/2019\/08\/desalojoscdmx1-focus-0-0-983-557.jpg?resize=700%2C400 2x"},"classes":[]}],"_links":{"self":[{"href":"http:\/\/www.grieta.org.mx\/index.php\/wp-json\/wp\/v2\/posts\/20472","targetHints":{"allow":["GET"]}}],"collection":[{"href":"http:\/\/www.grieta.org.mx\/index.php\/wp-json\/wp\/v2\/posts"}],"about":[{"href":"http:\/\/www.grieta.org.mx\/index.php\/wp-json\/wp\/v2\/types\/post"}],"author":[{"embeddable":true,"href":"http:\/\/www.grieta.org.mx\/index.php\/wp-json\/wp\/v2\/users\/2"}],"replies":[{"embeddable":true,"href":"http:\/\/www.grieta.org.mx\/index.php\/wp-json\/wp\/v2\/comments?post=20472"}],"version-history":[{"count":1,"href":"http:\/\/www.grieta.org.mx\/index.php\/wp-json\/wp\/v2\/posts\/20472\/revisions"}],"predecessor-version":[{"id":20474,"href":"http:\/\/www.grieta.org.mx\/index.php\/wp-json\/wp\/v2\/posts\/20472\/revisions\/20474"}],"wp:featuredmedia":[{"embeddable":true,"href":"http:\/\/www.grieta.org.mx\/index.php\/wp-json\/wp\/v2\/media\/21928"}],"wp:attachment":[{"href":"http:\/\/www.grieta.org.mx\/index.php\/wp-json\/wp\/v2\/media?parent=20472"}],"wp:term":[{"taxonomy":"category","embeddable":true,"href":"http:\/\/www.grieta.org.mx\/index.php\/wp-json\/wp\/v2\/categories?post=20472"},{"taxonomy":"post_tag","embeddable":true,"href":"http:\/\/www.grieta.org.mx\/index.php\/wp-json\/wp\/v2\/tags?post=20472"}],"curies":[{"name":"wp","href":"https:\/\/api.w.org\/{rel}","templated":true}]}}