{"id":20314,"date":"2016-08-20T20:04:01","date_gmt":"2016-08-21T01:04:01","guid":{"rendered":"http:\/\/www.grieta.org.mx\/?p=20314"},"modified":"2018-04-11T12:18:39","modified_gmt":"2018-04-11T17:18:39","slug":"paralizan-labores-en-cobacam-campeche","status":"publish","type":"post","link":"http:\/\/www.grieta.org.mx\/index.php\/2016\/08\/20\/paralizan-labores-en-cobacam-campeche\/","title":{"rendered":"Paralizan labores en Cobacam  (Campeche)"},"content":{"rendered":"<p><img loading=\"lazy\" decoding=\"async\" data-attachment-id=\"20317\" data-permalink=\"http:\/\/www.grieta.org.mx\/index.php\/2016\/08\/20\/paralizan-labores-en-cobacam-campeche\/protesta-de-maestros-2-editada\/\" data-orig-file=\"http:\/\/www.grieta.org.mx\/wp-content\/uploads\/2016\/08\/PROTESTA-DE-MAESTROS-2-EDITADA.jpg\" data-orig-size=\"1200,900\" data-comments-opened=\"0\" data-image-meta=\"{&quot;aperture&quot;:&quot;0&quot;,&quot;credit&quot;:&quot;&quot;,&quot;camera&quot;:&quot;&quot;,&quot;caption&quot;:&quot;&quot;,&quot;created_timestamp&quot;:&quot;0&quot;,&quot;copyright&quot;:&quot;&quot;,&quot;focal_length&quot;:&quot;0&quot;,&quot;iso&quot;:&quot;0&quot;,&quot;shutter_speed&quot;:&quot;0&quot;,&quot;title&quot;:&quot;&quot;,&quot;orientation&quot;:&quot;0&quot;}\" data-image-title=\"PROTESTA-DE-MAESTROS-2-EDITADA\" data-image-description=\"\" data-image-caption=\"\" data-medium-file=\"http:\/\/www.grieta.org.mx\/wp-content\/uploads\/2016\/08\/PROTESTA-DE-MAESTROS-2-EDITADA-300x225.jpg\" data-large-file=\"http:\/\/www.grieta.org.mx\/wp-content\/uploads\/2016\/08\/PROTESTA-DE-MAESTROS-2-EDITADA-1024x768.jpg\" src=\"http:\/\/www.grieta.org.mx\/wp-content\/uploads\/2016\/08\/PROTESTA-DE-MAESTROS-2-EDITADA-1024x768.jpg\" alt=\"PROTESTA-DE-MAESTROS-2-EDITADA\" width=\"512\" height=\"384\" class=\"aligncenter size-large wp-image-20317\" srcset=\"http:\/\/www.grieta.org.mx\/wp-content\/uploads\/2016\/08\/PROTESTA-DE-MAESTROS-2-EDITADA-1024x768.jpg 1024w, http:\/\/www.grieta.org.mx\/wp-content\/uploads\/2016\/08\/PROTESTA-DE-MAESTROS-2-EDITADA-300x225.jpg 300w, http:\/\/www.grieta.org.mx\/wp-content\/uploads\/2016\/08\/PROTESTA-DE-MAESTROS-2-EDITADA-768x576.jpg 768w, http:\/\/www.grieta.org.mx\/wp-content\/uploads\/2016\/08\/PROTESTA-DE-MAESTROS-2-EDITADA.jpg 1200w\" sizes=\"auto, (max-width: 512px) 100vw, 512px\" \/><\/p>\n<p>CALKIN\u00cd.- Docentes del Colegio de Bachilleres del Estado de Campeche (Cobacam) plantel 13, se declararon en paro de labores de 07:00 a 20:00 horas de ayer como medida de presi\u00f3n contra la Direcci\u00f3n General, al no cumplir con acuerdos ni respetar los contratos de los trabajadores.<\/p>\n<p>Por tal motivo los alumnos se retiraron desde las 09:30 horas, inform\u00f3 Jos\u00e9 Manuel Uc, delegado del Sindicato \u00danico de Trabajadores del Colegio de Bachilleres de Campeche (Sutcobacam) en Calkin\u00ed.<\/p>\n<p>Agreg\u00f3 que hay muchas informidades de la base, pues en la Direcci\u00f3n General que preside Adlemi  Santiago Ram\u00edrez, se toman acuerdos que afectan a los trabajadores. No sabemos porque se est\u00e1 actuando de esta manera.<\/p>\n<p>El delegado dijo que hay compa\u00f1eros que han sido despedidos, no les pagan su liquidaci\u00f3n conforme a la ley, les ofrecen ciertas horas y luego les informan que no existen, as\u00ed como el pago de incrementos, lo que afecta a los maestros y se  refleja en sus familias.<\/p>\n<p>Tenemos compa\u00f1eras que no est\u00e1n basificadas aunque ya tienen muchos a\u00f1os de servicio, sabemos que est\u00e1 cerca el servicio profesional docente y no hay seguridad en el trabajo y eso nos preocupa, especialmente por la actitud de las autoridades educativas. Los a\u00f1os pasan y el d\u00eda menos pensado solo les agradecen su labor y se lavan las manos.<\/p>\n<p>A\u00f1adi\u00f3 que en Calkin\u00ed se necesita personal docente, un responsable de laboratorio de qu\u00edmica, una bibliotecaria y la base de una compa\u00f1era. Hay maestros comisionados  en otros lugares y pertenecen a este plantel.<\/p>\n<p>Esto genera problemas y la Direcci\u00f3n General nunca los ha atendido, por lo que nos manifestamos y pedimos la intervenci\u00f3n del gobernador Rafael Alejandro Moreno C\u00e1rdenas pues confiamos en \u00e9l porque est\u00e1 haciendo un trabajo excelente, ojal\u00e1 lo imiten las autoridades educativas.<\/p>\n<p>Por el plant\u00f3n est\u00e1n siendo afectados 720  alumnos, por lo que pido comprensi\u00f3n a los padres de familia por la lucha del Cobacam en donde laboran cerca de 44 maestros y  personal de apoyo e intendencia.<\/p>\n<p><a href=\"http:\/\/tribunacampeche.com\/municipios\/2016\/08\/20\/paralizan-labores-cobacam\/\" target=\"_blank\">http:\/\/tribunacampeche.com\/municipios\/2016\/08\/20\/paralizan-labores-cobacam\/<\/a><\/p>\n","protected":false},"excerpt":{"rendered":"<p>CALKIN\u00cd.- Docentes del Colegio de Bachilleres del Estado de Campeche (Cobacam) plantel 13, se declararon en paro de labores de 07:00 a 20:00 horas de ayer como medida de presi\u00f3n &hellip; <a href=\"http:\/\/www.grieta.org.mx\/index.php\/2016\/08\/20\/paralizan-labores-en-cobacam-campeche\/\" class=\"more-link\">Leer m\u00e1s<\/a><\/p>\n","protected":false},"author":2,"featured_media":21928,"comment_status":"closed","ping_status":"closed","sticky":false,"template":"","format":"standard","meta":{"ngg_post_thumbnail":0,"_jetpack_newsletter_access":"","_jetpack_dont_email_post_to_subs":false,"_jetpack_newsletter_tier_id":0,"_jetpack_memberships_contains_paywalled_content":false,"_jetpack_memberships_contains_paid_content":false,"footnotes":""},"categories":[11,80,1040],"tags":[872,858,180],"class_list":["post-20314","post","type-post","status-publish","format-standard","has-post-thumbnail","hentry","category-campeche","category-cintillo","category-conflictos-laborales-en-campeche","tag-colegio-de-bachilleres","tag-paro-laboral","tag-protesta","entry"],"jetpack_featured_media_url":"http:\/\/www.grieta.org.mx\/wp-content\/uploads\/2018\/03\/14524434_1106112876131411_958039263622046936_o.jpg","jetpack_sharing_enabled":true,"jetpack_shortlink":"https:\/\/wp.me\/p7ZJR4-5hE","jetpack_likes_enabled":false,"jetpack-related-posts":[{"id":29902,"url":"http:\/\/www.grieta.org.mx\/index.php\/2019\/03\/02\/planteles-del-cobacam-del-camino-real-se-unen-al-paro-nacional-campeche\/","url_meta":{"origin":20314,"position":0},"title":"Planteles del Cobacam del Camino Real se unen al paro nacional (Campeche)","author":"grieta","date":"2 marzo, 2019","format":false,"excerpt":"Redacci\u00f3n \/ El Sur de Campeche CAMINO REAL.- Trabajadores y profesores de los diferentes planteles del Colegio de Bachilleres en el estado de Campeche (Cobacam) que se encuentran en el Camino Real se sumaron al paro nacional de labores este jueves y viernes como manera de protesta ante el recorte\u2026","rel":"","context":"En &quot;Campeche&quot;","block_context":{"text":"Campeche","link":"http:\/\/www.grieta.org.mx\/index.php\/category\/noticias-nacionales\/campeche\/"},"img":{"alt_text":"","src":"https:\/\/i0.wp.com\/www.grieta.org.mx\/wp-content\/uploads\/2018\/03\/14524434_1106112876131411_958039263622046936_o.jpg?resize=350%2C200","width":350,"height":200,"srcset":"https:\/\/i0.wp.com\/www.grieta.org.mx\/wp-content\/uploads\/2018\/03\/14524434_1106112876131411_958039263622046936_o.jpg?resize=350%2C200 1x, https:\/\/i0.wp.com\/www.grieta.org.mx\/wp-content\/uploads\/2018\/03\/14524434_1106112876131411_958039263622046936_o.jpg?resize=525%2C300 1.5x, https:\/\/i0.wp.com\/www.grieta.org.mx\/wp-content\/uploads\/2018\/03\/14524434_1106112876131411_958039263622046936_o.jpg?resize=700%2C400 2x"},"classes":[]},{"id":29858,"url":"http:\/\/www.grieta.org.mx\/index.php\/2019\/03\/01\/paran-labores-en-los-colegios-de-bachilleres-campeche\/","url_meta":{"origin":20314,"position":1},"title":"Paran labores en los Colegios de Bachilleres (Campeche)","author":"grieta","date":"1 marzo, 2019","format":false,"excerpt":"Redacci\u00f3n \/ Diario Independiente Tribuna Como parte de la acci\u00f3n nacional, personal sindicalizado \u2013administrativo y docente- del Colegio de Bachilleres de Campeche (Cobacam), se manifest\u00f3 ayer con paro laboral, en protesta por la decisi\u00f3n del Gobierno Federal de recortar el presupuesto a la educaci\u00f3n media superior. EN ESC\u00c1RCEGA Carlos Enrique\u2026","rel":"","context":"En &quot;Campeche&quot;","block_context":{"text":"Campeche","link":"http:\/\/www.grieta.org.mx\/index.php\/category\/noticias-nacionales\/campeche\/"},"img":{"alt_text":"","src":"https:\/\/i0.wp.com\/www.grieta.org.mx\/wp-content\/uploads\/2019\/03\/Cobacam..jpg?resize=350%2C200","width":350,"height":200,"srcset":"https:\/\/i0.wp.com\/www.grieta.org.mx\/wp-content\/uploads\/2019\/03\/Cobacam..jpg?resize=350%2C200 1x, https:\/\/i0.wp.com\/www.grieta.org.mx\/wp-content\/uploads\/2019\/03\/Cobacam..jpg?resize=525%2C300 1.5x, https:\/\/i0.wp.com\/www.grieta.org.mx\/wp-content\/uploads\/2019\/03\/Cobacam..jpg?resize=700%2C400 2x, https:\/\/i0.wp.com\/www.grieta.org.mx\/wp-content\/uploads\/2019\/03\/Cobacam..jpg?resize=1050%2C600 3x"},"classes":[]},{"id":29528,"url":"http:\/\/www.grieta.org.mx\/index.php\/2019\/02\/23\/sindicatos-de-cecytec-y-cobacam-pararan-campeche\/","url_meta":{"origin":20314,"position":2},"title":"Sindicatos de Cecytec y Cobacam parar\u00e1n (Campeche)","author":"grieta","date":"23 febrero, 2019","format":false,"excerpt":"\u00a0 \u00a0 Redacci\u00f3n \/ El Sur de Campeche \u00a0 Por recorte a sus prestaciones por parte del gobierno federal, los sindicatos del Cecytec y Cobacam anunciaron paros de labores a partir del lunes \u00a0 El gobierno federal sigue demostrando la insensibilidad ante las instituciones educativas, pues ahora con el recorte\u2026","rel":"","context":"En &quot;Campeche&quot;","block_context":{"text":"Campeche","link":"http:\/\/www.grieta.org.mx\/index.php\/category\/noticias-nacionales\/campeche\/"},"img":{"alt_text":"","src":"https:\/\/i0.wp.com\/www.grieta.org.mx\/wp-content\/uploads\/2018\/03\/14524434_1106112876131411_958039263622046936_o.jpg?resize=350%2C200","width":350,"height":200,"srcset":"https:\/\/i0.wp.com\/www.grieta.org.mx\/wp-content\/uploads\/2018\/03\/14524434_1106112876131411_958039263622046936_o.jpg?resize=350%2C200 1x, https:\/\/i0.wp.com\/www.grieta.org.mx\/wp-content\/uploads\/2018\/03\/14524434_1106112876131411_958039263622046936_o.jpg?resize=525%2C300 1.5x, https:\/\/i0.wp.com\/www.grieta.org.mx\/wp-content\/uploads\/2018\/03\/14524434_1106112876131411_958039263622046936_o.jpg?resize=700%2C400 2x"},"classes":[]},{"id":9598,"url":"http:\/\/www.grieta.org.mx\/index.php\/2016\/09\/10\/conflictos-laborales-en-campeche\/","url_meta":{"origin":20314,"position":3},"title":"Conflictos laborales en Campeche","author":"grieta","date":"10 septiembre, 2016","format":false,"excerpt":"10\/09\/16. Despiden a obreros de PASA por protestar (Campeche) Tribuna 09\/09\/16. Jubilados exigen pago de bonos (Campeche) Tribuna 06\/09\/16. Paran otra vez los polic\u00edas; sin bono (Campeche) Tribuna 30\/08\/16. Bloquean Planta de Nitr\u00f3geno Cantarell (Campeche) Tribuna 20\/08\/16. Paralizan labores en Cobacam (Campeche) Tribuna 12\/08\/16. Plantean demandas empleados del INAH (Campeche)\u2026","rel":"","context":"En &quot;Campeche&quot;","block_context":{"text":"Campeche","link":"http:\/\/www.grieta.org.mx\/index.php\/category\/noticias-nacionales\/campeche\/"},"img":{"alt_text":"","src":"https:\/\/i0.wp.com\/www.grieta.org.mx\/wp-content\/uploads\/2018\/03\/14524434_1106112876131411_958039263622046936_o.jpg?resize=350%2C200","width":350,"height":200,"srcset":"https:\/\/i0.wp.com\/www.grieta.org.mx\/wp-content\/uploads\/2018\/03\/14524434_1106112876131411_958039263622046936_o.jpg?resize=350%2C200 1x, https:\/\/i0.wp.com\/www.grieta.org.mx\/wp-content\/uploads\/2018\/03\/14524434_1106112876131411_958039263622046936_o.jpg?resize=525%2C300 1.5x, https:\/\/i0.wp.com\/www.grieta.org.mx\/wp-content\/uploads\/2018\/03\/14524434_1106112876131411_958039263622046936_o.jpg?resize=700%2C400 2x"},"classes":[]},{"id":71292,"url":"http:\/\/www.grieta.org.mx\/index.php\/2025\/03\/10\/resienten-tambien-afectaciones-por-reforma-a-la-ley-del-issste-daran-inicio-en-sistema-bachilleres-paros-escalonados-de-actividades-anuncian-paro-total-de-labores-para-la-proxima-semana-quintana-r\/","url_meta":{"origin":20314,"position":4},"title":"Resienten tambi\u00e9n afectaciones por reforma a la Ley del  ISSSTE: Dar\u00e1n inicio en Sistema Bachilleres paros escalonados de actividades; anuncian paro total de labores para la pr\u00f3xima semana (Quintana Roo)","author":"grieta","date":"10 marzo, 2025","format":false,"excerpt":"Rafael Brice\u00f1o \/ Noticaribe CHETUMAL, MX.- Ante las afectaciones por la propuesta de reforma a la Ley del ISSSTE y al hecho de que no se consideran las necesidades que presenta el sistema educativo de nivel medio superior, el Sistema Bachilleres inici\u00f3 el paro escalonado de actividades en las escuelas\u2026","rel":"","context":"En &quot;CINTILLO&quot;","block_context":{"text":"CINTILLO","link":"http:\/\/www.grieta.org.mx\/index.php\/category\/cintillo\/"},"img":{"alt_text":"","src":"https:\/\/i0.wp.com\/www.grieta.org.mx\/wp-content\/uploads\/2025\/03\/Bachilleres-e1741918081557.jpg?resize=350%2C200","width":350,"height":200,"srcset":"https:\/\/i0.wp.com\/www.grieta.org.mx\/wp-content\/uploads\/2025\/03\/Bachilleres-e1741918081557.jpg?resize=350%2C200 1x, https:\/\/i0.wp.com\/www.grieta.org.mx\/wp-content\/uploads\/2025\/03\/Bachilleres-e1741918081557.jpg?resize=525%2C300 1.5x, https:\/\/i0.wp.com\/www.grieta.org.mx\/wp-content\/uploads\/2025\/03\/Bachilleres-e1741918081557.jpg?resize=700%2C400 2x"},"classes":[]},{"id":30572,"url":"http:\/\/www.grieta.org.mx\/index.php\/2019\/02\/28\/inician-paro-de-labores-en-cobach-san-luis-potosi\/","url_meta":{"origin":20314,"position":5},"title":"Inician paro de labores en Cobach (San Luis Potos\u00ed)","author":"grieta","date":"28 febrero, 2019","format":false,"excerpt":"Rub\u00e9n Pacheco \/ Pulso Con afectaci\u00f3n para m\u00e1s de 33 mil alumnos, desde las 7:00 horas integrantes del Sindicato Independiente de Trabajadores del Colegio de Bachilleres (Cobach), iniciaron este d\u00eda un paro de labores que se extender\u00e1 hasta ma\u00f1ana viernes. La medida sindical se aplica en los 40 planteles del\u2026","rel":"","context":"En &quot;CINTILLO&quot;","block_context":{"text":"CINTILLO","link":"http:\/\/www.grieta.org.mx\/index.php\/category\/cintillo\/"},"img":{"alt_text":"","src":"https:\/\/i0.wp.com\/www.grieta.org.mx\/wp-content\/uploads\/2019\/03\/Inician-paro-de-labores-en-Cobach-slp-mzo.jpeg?resize=350%2C200","width":350,"height":200,"srcset":"https:\/\/i0.wp.com\/www.grieta.org.mx\/wp-content\/uploads\/2019\/03\/Inician-paro-de-labores-en-Cobach-slp-mzo.jpeg?resize=350%2C200 1x, https:\/\/i0.wp.com\/www.grieta.org.mx\/wp-content\/uploads\/2019\/03\/Inician-paro-de-labores-en-Cobach-slp-mzo.jpeg?resize=525%2C300 1.5x, https:\/\/i0.wp.com\/www.grieta.org.mx\/wp-content\/uploads\/2019\/03\/Inician-paro-de-labores-en-Cobach-slp-mzo.jpeg?resize=700%2C400 2x"},"classes":[]}],"_links":{"self":[{"href":"http:\/\/www.grieta.org.mx\/index.php\/wp-json\/wp\/v2\/posts\/20314","targetHints":{"allow":["GET"]}}],"collection":[{"href":"http:\/\/www.grieta.org.mx\/index.php\/wp-json\/wp\/v2\/posts"}],"about":[{"href":"http:\/\/www.grieta.org.mx\/index.php\/wp-json\/wp\/v2\/types\/post"}],"author":[{"embeddable":true,"href":"http:\/\/www.grieta.org.mx\/index.php\/wp-json\/wp\/v2\/users\/2"}],"replies":[{"embeddable":true,"href":"http:\/\/www.grieta.org.mx\/index.php\/wp-json\/wp\/v2\/comments?post=20314"}],"version-history":[{"count":1,"href":"http:\/\/www.grieta.org.mx\/index.php\/wp-json\/wp\/v2\/posts\/20314\/revisions"}],"predecessor-version":[{"id":20319,"href":"http:\/\/www.grieta.org.mx\/index.php\/wp-json\/wp\/v2\/posts\/20314\/revisions\/20319"}],"wp:featuredmedia":[{"embeddable":true,"href":"http:\/\/www.grieta.org.mx\/index.php\/wp-json\/wp\/v2\/media\/21928"}],"wp:attachment":[{"href":"http:\/\/www.grieta.org.mx\/index.php\/wp-json\/wp\/v2\/media?parent=20314"}],"wp:term":[{"taxonomy":"category","embeddable":true,"href":"http:\/\/www.grieta.org.mx\/index.php\/wp-json\/wp\/v2\/categories?post=20314"},{"taxonomy":"post_tag","embeddable":true,"href":"http:\/\/www.grieta.org.mx\/index.php\/wp-json\/wp\/v2\/tags?post=20314"}],"curies":[{"name":"wp","href":"https:\/\/api.w.org\/{rel}","templated":true}]}}