{"id":20278,"date":"2016-08-24T23:47:19","date_gmt":"2016-08-25T04:47:19","guid":{"rendered":"http:\/\/www.grieta.org.mx\/?p=20278"},"modified":"2016-08-25T23:34:30","modified_gmt":"2016-08-26T04:34:30","slug":"amanece-tlahuac-con-despliegue-de-fuerzas-federales-y-militares-inseguridad-en-tlahuac","status":"publish","type":"post","link":"http:\/\/www.grieta.org.mx\/index.php\/2016\/08\/24\/amanece-tlahuac-con-despliegue-de-fuerzas-federales-y-militares-inseguridad-en-tlahuac\/","title":{"rendered":"Amanece Tl\u00e1huac con despliegue de fuerzas federales y militares por inseguridad"},"content":{"rendered":"<p>Daniel Flores<\/p>\n<p><img loading=\"lazy\" decoding=\"async\" data-attachment-id=\"20279\" data-permalink=\"http:\/\/www.grieta.org.mx\/index.php\/2016\/08\/24\/amanece-tlahuac-con-despliegue-de-fuerzas-federales-y-militares-inseguridad-en-tlahuac\/inseguridad-en-tlahuac\/\" data-orig-file=\"http:\/\/www.grieta.org.mx\/wp-content\/uploads\/2016\/08\/inseguridad-en-tlahuac.jpg\" data-orig-size=\"1032,772\" data-comments-opened=\"0\" data-image-meta=\"{&quot;aperture&quot;:&quot;0&quot;,&quot;credit&quot;:&quot;&quot;,&quot;camera&quot;:&quot;&quot;,&quot;caption&quot;:&quot;&quot;,&quot;created_timestamp&quot;:&quot;0&quot;,&quot;copyright&quot;:&quot;&quot;,&quot;focal_length&quot;:&quot;0&quot;,&quot;iso&quot;:&quot;0&quot;,&quot;shutter_speed&quot;:&quot;0&quot;,&quot;title&quot;:&quot;&quot;,&quot;orientation&quot;:&quot;0&quot;}\" data-image-title=\"inseguridad-en-tlahuac\" data-image-description=\"\" data-image-caption=\"\" data-medium-file=\"http:\/\/www.grieta.org.mx\/wp-content\/uploads\/2016\/08\/inseguridad-en-tlahuac-300x224.jpg\" data-large-file=\"http:\/\/www.grieta.org.mx\/wp-content\/uploads\/2016\/08\/inseguridad-en-tlahuac-1024x766.jpg\" src=\"http:\/\/www.grieta.org.mx\/wp-content\/uploads\/2016\/08\/inseguridad-en-tlahuac.jpg\" alt=\"inseguridad-en-tlahuac\" width=\"1032\" height=\"772\" class=\"aligncenter size-full wp-image-20279\" srcset=\"http:\/\/www.grieta.org.mx\/wp-content\/uploads\/2016\/08\/inseguridad-en-tlahuac.jpg 1032w, http:\/\/www.grieta.org.mx\/wp-content\/uploads\/2016\/08\/inseguridad-en-tlahuac-300x224.jpg 300w, http:\/\/www.grieta.org.mx\/wp-content\/uploads\/2016\/08\/inseguridad-en-tlahuac-768x575.jpg 768w, http:\/\/www.grieta.org.mx\/wp-content\/uploads\/2016\/08\/inseguridad-en-tlahuac-1024x766.jpg 1024w\" sizes=\"auto, (max-width: 1032px) 100vw, 1032px\" \/><\/p>\n<p> El operativo se realiza en diferentes vialidades de la demarcaci\u00f3n tras el incremento de violencia en las \u00faltimas semanas<\/p>\n<p>Vecinos de distintas colonias de la delegaci\u00f3n Tl\u00e1huac reportaron desde temprana hora un despliegue de fuerzas federales, elementos de la Secretar\u00eda de Seguridad P\u00fablica capitalina, militares y la Polic\u00eda de Investigaci\u00f3n de la Procuradur\u00eda General de Justicia de la Ciudad de M\u00e9xico en diversas vialidades de la demarcaci\u00f3n.<\/p>\n<p>Lo anterior, argumentaron los residentes tras el repunte de violencia que se ha registrado en la demarcaci\u00f3n en delitos como robo a transporte p\u00fablico, asalto a casa-habitaci\u00f3n, asaltos a transe\u00fantes y presuntas extorsiones a operadores de rutas del transporte concesionado en las \u00faltimas semanas.<\/p>\n<p>    \u201cIba circulando sobre avenida Tl\u00e1huac cuando me percat\u00e9 del ret\u00e9n que de fuerzas federales y militares, a casi todos los automovilistas los est\u00e1n revisando desde las seis de la ma\u00f1ana\u201d, refiri\u00f3 Iv\u00e1n Hern\u00e1ndez, habitante de poblado de Mixquic en entrevista con esta casa editorial.<\/p>\n<p>El operativo se mantiene en colonias como La Turba, La Nopalera, Agr\u00edcola Oriental, San Andr\u00e9s Mixquic y Avenida Tl\u00e1huac de acuerdo con la ciudadan\u00eda.<\/p>\n<p>El Big Data Mx busc\u00f3 la versi\u00f3n del jefe delegacional, Rigoberto Salgado V\u00e1zquez; sin embargo, no emiti\u00f3 ninguna respuesta sobre este tema, al t\u00e9rmino de la reuni\u00f3n semanal con el Gabinete de Seguridad de su administraci\u00f3n delegacional.<\/p>\n<p>Asimismo, la Secretar\u00eda de Seguridad P\u00fablica de la Ciudad de M\u00e9xico ha realizado por lo menos tres operativos m\u00e1s en el \u00faltimo mes con apoyo de polic\u00edas del Estado de M\u00e9xico en la zona lim\u00edtrofe de la capital del pa\u00eds.<\/p>\n<p>Esta casa editorial dio a conocer que ante el alza de incremento de asaltos e incluso la aparici\u00f3n de \u201ccasas de seguridad\u201d y la falta de respuesta de las autoridades locales y federales, deton\u00f3 que pobladores de la demarcaci\u00f3n amaguen con crear el primer grupo de autodefensas de la Ciudad de M\u00e9xico.<\/p>\n<p><a href=\"http:\/\/elbigdata.mx\/city\/amanece-tlahuac-con-despliegue-de-fuerzas-federales-y-militares\/\" target=\"_blank\">http:\/\/elbigdata.mx\/city\/amanece-tlahuac-con-despliegue-de-fuerzas-federales-y-militares\/<\/a><\/p>\n","protected":false},"excerpt":{"rendered":"<p>Daniel Flores El operativo se realiza en diferentes vialidades de la demarcaci\u00f3n tras el incremento de violencia en las \u00faltimas semanas Vecinos de distintas colonias de la delegaci\u00f3n Tl\u00e1huac reportaron &hellip; <a href=\"http:\/\/www.grieta.org.mx\/index.php\/2016\/08\/24\/amanece-tlahuac-con-despliegue-de-fuerzas-federales-y-militares-inseguridad-en-tlahuac\/\" class=\"more-link\">Leer m\u00e1s<\/a><\/p>\n","protected":false},"author":2,"featured_media":21928,"comment_status":"closed","ping_status":"closed","sticky":false,"template":"","format":"standard","meta":{"ngg_post_thumbnail":0,"_jetpack_newsletter_access":"","_jetpack_dont_email_post_to_subs":false,"_jetpack_newsletter_tier_id":0,"_jetpack_memberships_contains_paywalled_content":false,"_jetpack_memberships_contains_paid_content":false,"footnotes":""},"categories":[598,80],"tags":[614,871],"class_list":["post-20278","post","type-post","status-publish","format-standard","has-post-thumbnail","hentry","category-cdmx","category-cintillo","tag-militarizacion","tag-tlahuac","entry"],"jetpack_featured_media_url":"http:\/\/www.grieta.org.mx\/wp-content\/uploads\/2018\/03\/14524434_1106112876131411_958039263622046936_o.jpg","jetpack_sharing_enabled":true,"jetpack_shortlink":"https:\/\/wp.me\/p7ZJR4-5h4","jetpack_likes_enabled":false,"jetpack-related-posts":[{"id":20277,"url":"http:\/\/www.grieta.org.mx\/index.php\/2016\/08\/24\/militarizacion-en-la-ciudad-de-mexico\/","url_meta":{"origin":20278,"position":0},"title":"Militarizaci\u00f3n en la Ciudad de M\u00e9xico","author":"grieta","date":"24 agosto, 2016","format":false,"excerpt":"24\/08\/16. Amanece Tl\u00e1huac con despliegue de fuerzas federales y militares por inseguridadEl Big data","rel":"","context":"En &quot;Ciudad de M\u00e9xico&quot;","block_context":{"text":"Ciudad de M\u00e9xico","link":"http:\/\/www.grieta.org.mx\/index.php\/category\/noticias-nacionales\/ciudad-de-mexico\/"},"img":{"alt_text":"","src":"https:\/\/i0.wp.com\/www.grieta.org.mx\/wp-content\/uploads\/2018\/03\/14524434_1106112876131411_958039263622046936_o.jpg?resize=350%2C200","width":350,"height":200,"srcset":"https:\/\/i0.wp.com\/www.grieta.org.mx\/wp-content\/uploads\/2018\/03\/14524434_1106112876131411_958039263622046936_o.jpg?resize=350%2C200 1x, https:\/\/i0.wp.com\/www.grieta.org.mx\/wp-content\/uploads\/2018\/03\/14524434_1106112876131411_958039263622046936_o.jpg?resize=525%2C300 1.5x, https:\/\/i0.wp.com\/www.grieta.org.mx\/wp-content\/uploads\/2018\/03\/14524434_1106112876131411_958039263622046936_o.jpg?resize=700%2C400 2x"},"classes":[]},{"id":10740,"url":"http:\/\/www.grieta.org.mx\/index.php\/2016\/04\/19\/protestan-locatarios-del-mercado-rio-frio-por-desalojo\/","url_meta":{"origin":20278,"position":1},"title":"Protestan locatarios del mercado R\u00edo Fr\u00edo por desalojo","author":"grieta","date":"19 abril, 2016","format":false,"excerpt":"Daniel Flores Comerciantes del mercado R\u00edo Fr\u00edo en la delegaci\u00f3n Iztacalco bloquearon Eje 4 y Circuito Interior por m\u00e1s de una hora, tras un operativo de la Secretar\u00eda de Seguridad P\u00fablica de la Ciudad de M\u00e9xico (SSPCDMX), donde se retiraron m\u00e1s de 20 puestos del centro de abasto popular. Los\u2026","rel":"","context":"En &quot;CINTILLO&quot;","block_context":{"text":"CINTILLO","link":"http:\/\/www.grieta.org.mx\/index.php\/category\/cintillo\/"},"img":{"alt_text":"","src":"https:\/\/i0.wp.com\/www.grieta.org.mx\/wp-content\/uploads\/2018\/03\/14524434_1106112876131411_958039263622046936_o.jpg?resize=350%2C200","width":350,"height":200,"srcset":"https:\/\/i0.wp.com\/www.grieta.org.mx\/wp-content\/uploads\/2018\/03\/14524434_1106112876131411_958039263622046936_o.jpg?resize=350%2C200 1x, https:\/\/i0.wp.com\/www.grieta.org.mx\/wp-content\/uploads\/2018\/03\/14524434_1106112876131411_958039263622046936_o.jpg?resize=525%2C300 1.5x, https:\/\/i0.wp.com\/www.grieta.org.mx\/wp-content\/uploads\/2018\/03\/14524434_1106112876131411_958039263622046936_o.jpg?resize=700%2C400 2x"},"classes":[]},{"id":32940,"url":"http:\/\/www.grieta.org.mx\/index.php\/2019\/04\/21\/acusan-que-militares-desvian-agua-en-acapulco-guerrero\/","url_meta":{"origin":20278,"position":2},"title":"Acusan que militares desv\u00edan agua en Acapulco (Guerrero)","author":"grieta","date":"21 abril, 2019","format":false,"excerpt":"Habitantes de Cumbres de Llano Largo, de Acapulco acusan a militares de desviar agua del unido tanque de almacenamiento Chilpancingo.-Habitantes de Cumbres de Llano Largo, de Acapulco, Guerrero, llevan m\u00e1s de un mes sin agua debido a que el \u00fanico tanque de almacenamiento del l\u00edquido en la localidad es usado\u2026","rel":"","context":"En &quot;CINTILLO&quot;","block_context":{"text":"CINTILLO","link":"http:\/\/www.grieta.org.mx\/index.php\/category\/cintillo\/"},"img":{"alt_text":"","src":"https:\/\/i0.wp.com\/www.grieta.org.mx\/wp-content\/uploads\/2019\/05\/acusan_que_militares_desvxan_agua_en_acapulco.jpg_219914347.jpg?resize=350%2C200","width":350,"height":200,"srcset":"https:\/\/i0.wp.com\/www.grieta.org.mx\/wp-content\/uploads\/2019\/05\/acusan_que_militares_desvxan_agua_en_acapulco.jpg_219914347.jpg?resize=350%2C200 1x, https:\/\/i0.wp.com\/www.grieta.org.mx\/wp-content\/uploads\/2019\/05\/acusan_que_militares_desvxan_agua_en_acapulco.jpg_219914347.jpg?resize=525%2C300 1.5x, https:\/\/i0.wp.com\/www.grieta.org.mx\/wp-content\/uploads\/2019\/05\/acusan_que_militares_desvxan_agua_en_acapulco.jpg_219914347.jpg?resize=700%2C400 2x"},"classes":[]},{"id":34611,"url":"http:\/\/www.grieta.org.mx\/index.php\/2019\/06\/10\/llegan-tropas-especiales-tamaulipas\/","url_meta":{"origin":20278,"position":3},"title":"Llegan tropas especiales (Tamaulipas)","author":"grieta","date":"10 junio, 2019","format":false,"excerpt":"El Bravo Un contingente de 450 elementos de Fuerzas Especiales del Ej\u00e9rcito entrenados como unidades \u00e9lite de combate a guerrillas urbanas, fue aerotransportado ayer a esta frontera en tres aviones de la Fuerza A\u00e9rea Mexicana para desplegar operativos en Reynosa, R\u00edo Bravo y la regi\u00f3n Ribere\u00f1a. El arribo de las\u2026","rel":"","context":"En &quot;CINTILLO&quot;","block_context":{"text":"CINTILLO","link":"http:\/\/www.grieta.org.mx\/index.php\/category\/cintillo\/"},"img":{"alt_text":"","src":"https:\/\/i0.wp.com\/www.grieta.org.mx\/wp-content\/uploads\/2019\/06\/Llegan-tropas-especiales-tama-jun.jpg?resize=350%2C200","width":350,"height":200,"srcset":"https:\/\/i0.wp.com\/www.grieta.org.mx\/wp-content\/uploads\/2019\/06\/Llegan-tropas-especiales-tama-jun.jpg?resize=350%2C200 1x, https:\/\/i0.wp.com\/www.grieta.org.mx\/wp-content\/uploads\/2019\/06\/Llegan-tropas-especiales-tama-jun.jpg?resize=525%2C300 1.5x"},"classes":[]},{"id":48302,"url":"http:\/\/www.grieta.org.mx\/index.php\/2020\/04\/22\/se-agudizan-rinas-y-secuestro-de-pipas-por-falta-de-agua-en-tlahuac-ciudad-de-mexico\/","url_meta":{"origin":20278,"position":4},"title":"Se agudizan ri\u00f1as y secuestro de pipas por falta de agua en Tl\u00e1huac (Ciudad de M\u00e9xico)","author":"grieta","date":"22 abril, 2020","format":false,"excerpt":"Imagen tomada de: www.imagenradio.com.mx Jon\u00e1s L\u00f3pez \/ Imagen Radio CIUDAD DE M\u00c9XICO. Vecinos de Tl\u00e1huac alertaron que la escasez de agua potable est\u00e1 ocasionando el secuestro de pipas y ri\u00f1as entre colonos. La organizaci\u00f3n vecinal Ciudadanos Organizados de colonia La Estaci\u00f3n indic\u00f3 en un comunicado que en los \u00faltimos d\u00edas\u2026","rel":"","context":"En &quot;CINTILLO&quot;","block_context":{"text":"CINTILLO","link":"http:\/\/www.grieta.org.mx\/index.php\/category\/cintillo\/"},"img":{"alt_text":"","src":"https:\/\/i0.wp.com\/www.grieta.org.mx\/wp-content\/uploads\/2020\/04\/Se-agudizan-ri%C3%B1as-y-secuestro-de-pipas-por-falta-de-agua-en-Tl%C3%A1huac-cdmx-abr.jpg?resize=350%2C200","width":350,"height":200,"srcset":"https:\/\/i0.wp.com\/www.grieta.org.mx\/wp-content\/uploads\/2020\/04\/Se-agudizan-ri%C3%B1as-y-secuestro-de-pipas-por-falta-de-agua-en-Tl%C3%A1huac-cdmx-abr.jpg?resize=350%2C200 1x, https:\/\/i0.wp.com\/www.grieta.org.mx\/wp-content\/uploads\/2020\/04\/Se-agudizan-ri%C3%B1as-y-secuestro-de-pipas-por-falta-de-agua-en-Tl%C3%A1huac-cdmx-abr.jpg?resize=525%2C300 1.5x, https:\/\/i0.wp.com\/www.grieta.org.mx\/wp-content\/uploads\/2020\/04\/Se-agudizan-ri%C3%B1as-y-secuestro-de-pipas-por-falta-de-agua-en-Tl%C3%A1huac-cdmx-abr.jpg?resize=700%2C400 2x"},"classes":[]},{"id":56030,"url":"http:\/\/www.grieta.org.mx\/index.php\/2020\/12\/22\/a-un-dia-de-entrar-en-funciones-denuncian-falta-de-insumos-en-hospital-de-tlahuac-ciudad-de-mexico\/","url_meta":{"origin":20278,"position":5},"title":"A un d\u00eda de entrar en funciones, denuncian falta de insumos en Hospital de Tl\u00e1huac (Ciudad de M\u00e9xico)","author":"grieta","date":"22 diciembre, 2020","format":false,"excerpt":"Foto: Cr\u00f3nica Cr\u00f3nica Usuarios muestran im\u00e1genes de pacientes recostados entre los asientos en el \u00e1rea de espera y aseguran que ellos mismos llevan su propio ox\u00edgeno A tan s\u00f3lo un d\u00eda de haber iniciado funciones, en el Hospital de Tl\u00e1huac del ISSSTE usuarios denuncian en redes sociales que ya no\u2026","rel":"","context":"En &quot;CINTILLO&quot;","block_context":{"text":"CINTILLO","link":"http:\/\/www.grieta.org.mx\/index.php\/category\/cintillo\/"},"img":{"alt_text":"","src":"https:\/\/i0.wp.com\/www.grieta.org.mx\/wp-content\/uploads\/2020\/12\/A-un-dia-de-entrar-en-funciones-denuncian-cdmx-dic.jpg?resize=350%2C200","width":350,"height":200,"srcset":"https:\/\/i0.wp.com\/www.grieta.org.mx\/wp-content\/uploads\/2020\/12\/A-un-dia-de-entrar-en-funciones-denuncian-cdmx-dic.jpg?resize=350%2C200 1x, https:\/\/i0.wp.com\/www.grieta.org.mx\/wp-content\/uploads\/2020\/12\/A-un-dia-de-entrar-en-funciones-denuncian-cdmx-dic.jpg?resize=525%2C300 1.5x, https:\/\/i0.wp.com\/www.grieta.org.mx\/wp-content\/uploads\/2020\/12\/A-un-dia-de-entrar-en-funciones-denuncian-cdmx-dic.jpg?resize=700%2C400 2x, https:\/\/i0.wp.com\/www.grieta.org.mx\/wp-content\/uploads\/2020\/12\/A-un-dia-de-entrar-en-funciones-denuncian-cdmx-dic.jpg?resize=1050%2C600 3x"},"classes":[]}],"_links":{"self":[{"href":"http:\/\/www.grieta.org.mx\/index.php\/wp-json\/wp\/v2\/posts\/20278","targetHints":{"allow":["GET"]}}],"collection":[{"href":"http:\/\/www.grieta.org.mx\/index.php\/wp-json\/wp\/v2\/posts"}],"about":[{"href":"http:\/\/www.grieta.org.mx\/index.php\/wp-json\/wp\/v2\/types\/post"}],"author":[{"embeddable":true,"href":"http:\/\/www.grieta.org.mx\/index.php\/wp-json\/wp\/v2\/users\/2"}],"replies":[{"embeddable":true,"href":"http:\/\/www.grieta.org.mx\/index.php\/wp-json\/wp\/v2\/comments?post=20278"}],"version-history":[{"count":1,"href":"http:\/\/www.grieta.org.mx\/index.php\/wp-json\/wp\/v2\/posts\/20278\/revisions"}],"predecessor-version":[{"id":20353,"href":"http:\/\/www.grieta.org.mx\/index.php\/wp-json\/wp\/v2\/posts\/20278\/revisions\/20353"}],"wp:featuredmedia":[{"embeddable":true,"href":"http:\/\/www.grieta.org.mx\/index.php\/wp-json\/wp\/v2\/media\/21928"}],"wp:attachment":[{"href":"http:\/\/www.grieta.org.mx\/index.php\/wp-json\/wp\/v2\/media?parent=20278"}],"wp:term":[{"taxonomy":"category","embeddable":true,"href":"http:\/\/www.grieta.org.mx\/index.php\/wp-json\/wp\/v2\/categories?post=20278"},{"taxonomy":"post_tag","embeddable":true,"href":"http:\/\/www.grieta.org.mx\/index.php\/wp-json\/wp\/v2\/tags?post=20278"}],"curies":[{"name":"wp","href":"https:\/\/api.w.org\/{rel}","templated":true}]}}