{"id":20273,"date":"2016-08-24T23:28:52","date_gmt":"2016-08-25T04:28:52","guid":{"rendered":"http:\/\/www.grieta.org.mx\/?p=20273"},"modified":"2016-08-24T23:28:52","modified_gmt":"2016-08-25T04:28:52","slug":"por-que-estan-los-granaderos-desalojando-gente-en-el-centro-historico-cdmx","status":"publish","type":"post","link":"http:\/\/www.grieta.org.mx\/index.php\/2016\/08\/24\/por-que-estan-los-granaderos-desalojando-gente-en-el-centro-historico-cdmx\/","title":{"rendered":"\u00bfPor qu\u00e9 est\u00e1n los granaderos desalojando gente en el centro hist\u00f3rico? (CDMX)"},"content":{"rendered":"<div class=\"panel-pane pane-entity-field pane-node-field-op-main-image nota-img\">\n<div class=\"pane-content\">\n<div class=\"field field-name-field-op-main-image field-type-image field-label-hidden\">\n<div class=\"field-items\">\n<div class=\"field-item even\">Eliana Gilet<\/div>\n<div class=\"field-item even\"><\/div>\n<div class=\"field-item even\"><img loading=\"lazy\" decoding=\"async\" class=\"img-responsive\" src=\"http:\/\/www.somoselmedio.org\/sites\/default\/files\/styles\/nota_700x380_\/public\/main\/articles\/1.LUIS0374.jpg?itok=gsFVYM5h\" alt=\"\" width=\"700\" height=\"380\" \/><\/div>\n<\/div>\n<\/div>\n<\/div>\n<\/div>\n<div class=\"panel-pane pane-token pane-node-field-op-caption nota-caption\">\n<div class=\"pane-content\">Polic\u00eda Federal frente al aeropuerto en la ciudad de M\u00e9xico. Fotos: Ernesto Alvarez<\/div>\n<\/div>\n<div class=\"panel-pane pane-block pane-block-41\"><\/div>\n<p>Los muebles rotos que ocupan el centro de la calle Argentina pueden pasar desapercibidos entre el movimiento de los puestos en el d\u00eda, pero no al caer la tarde. Desde el viernes19 de agosto, se sumaron las pertenencias de otras seis familias desalojadas de sus casas en el centro hist\u00f3rico de la Ciudad de M\u00e9xico. Al menos dos de las seis viven en la vereda desde entonces.<\/p>\n<p>Estiman que en los \u00faltimos dos meses, 38 edificios de esa zona y tambi\u00e9n de la Colonia Morelos, sobre todo del barrio de Tepito, la polic\u00eda sac\u00f3 por la fuerza a la gente de sus casas, tuviesen deudas o no, amparos judiciales o contratos vigentes.<\/p>\n<p>A Argentina #99 llegaron temprano, antes de las siete de la ma\u00f1ana, sin aviso previo. Quince minutos m\u00e1s tarde hab\u00edan sacado del edificio a los seis inquilinos que restan en el lugar. El resto son propietarios. Ninguno de los desalojados ten\u00eda deudas con su arrendatario: la polic\u00eda lleg\u00f3 preguntando por el nombre de una inquilina anterior, que antes rentaba todo ese espacio.<\/p>\n<p>El edificio es una vecindad de disposici\u00f3n y tama\u00f1os de otra \u00e9poca: un patio interior al que dan los apartamentos que son tan amplios que los 6 inquilinos, en realidad, se repart\u00edan los cinco cuartos de apenas uno de los que ocupa la primera planta. Los propietarios ocupan departamentos completos.<\/p>\n<div class=\"media media-element-container media-default\">\n<div id=\"file-6116\" class=\"file file-image file-image-jpeg\">\n<div class=\"content\"><img loading=\"lazy\" decoding=\"async\" class=\"media-element file-default\" src=\"http:\/\/somoselmedio.org\/sites\/default\/files\/4.IMG_7288.jpg\" alt=\"desalojo Argentina #99 \/ Ernesto Alvarez \" width=\"1200\" height=\"800\" \/><\/div>\n<\/div>\n<\/div>\n<p>Irene frente al departamento del que fue desalojada en Argentina #99 Col. Centro. Foto: Ernesto Alvarez<\/p>\n<p>Cuando Irene fue desalojada, abri\u00f3 la puerta de su cuarto donde dorm\u00edan su compa\u00f1ero y sus dos hijos y vio el patio interior inundado de granaderos. Calculan que entre 200 y 300 efectivos armados de escudos y palos. Como si fueran a una marcha. No alcanz\u00f3 a hablar cuando la bajaron por las escaleras a la fuerza. Ella reclam\u00f3 que sus hijos dorm\u00edan que la dejaran pasar por los ni\u00f1os, por favor, su beb\u00e9 de siete meses. Las mujeres polic\u00eda le impidieron el paso. El uniformado que recogi\u00f3 al ni\u00f1o no lo entreg\u00f3 a su madre sino que lo deposit\u00f3 en el piso del patio como si fuera un mueble. En realidad a los muebles los aventaban por la escalera. Todo iba a parar a las s\u00e1banas de manera desordenada. Entre la ropa limpia, la comida comprada d\u00edas antes. \u201cA dos se\u00f1oras mayores que no ten\u00edan m\u00e1s familia las sacaron bien feo y dec\u00edan que iban a desalojar a todo el inmueble. Los polic\u00edas iban al frente. Nos sacaron como si fu\u00e9ramos delincuentes.\u201d<\/p>\n<p>Israel tambi\u00e9n fue desalojado. Cuenta que los precios de los cuartos variaban entre $600 y $800 pesos a la semana, por lo que pagaban unos 2500 pesos al mes. Llevaba 18 a\u00f1os viviendo en ese lugar.<\/p>\n<p>Adem\u00e1s de lo que rompieron en el desalojo, hubo mucho que los polic\u00edas no sacaron, pero los cuartos fueron clausurados y los desalojados amenazados con c\u00e1rcel si entran por lo que qued\u00f3 adentro. Las fotos pegadas en la pared. La mercader\u00eda de muchos, que son comerciantes independientes de la zona y que viven al d\u00eda, con lo que ese material les reporta. Eso si no se lo robaron, como s\u00ed pas\u00f3 en el desalojo de Jes\u00fas Mar\u00eda #36.<\/p>\n<p>\u201cUno de los vecinos vio como los polic\u00edas ten\u00edan otro auto en una de las esquinas para llevarse lo que le gustaba de nuestras casas\u201d. Primero desalojaron 2 apartamentos, el 9 de junio y al mes, el 14 de julio, un tercero. Se llevaron su dinero, mercader\u00eda, los tenis de sus ni\u00f1os, chamarras. El refri y la estufa corrieron marat\u00f3n por los escalones de la vecindad empujados por la amabilidad policial. Quedan seis familias viviendo con la amenaza sobre su techo, literalmente.<\/p>\n<div class=\"media media-element-container media-default\">\n<div id=\"file-6117\" class=\"file file-image file-image-jpeg\">\n<div class=\"content\"><img loading=\"lazy\" decoding=\"async\" class=\"media-element file-default\" src=\"http:\/\/somoselmedio.org\/sites\/default\/files\/2.IMG_7269..jpg\" alt=\"desalojo Argentina #99 \/ Ernesto Alvarez\" width=\"1200\" height=\"800\" \/><\/div>\n<\/div>\n<\/div>\n<p>Uno de los ni\u00f1os sin casa despu\u00e9s del desalojo con granaderos en Argentina #99 Col. Centro. Foto: Ernesto Alvarez<\/p>\n<p>&nbsp;<\/p>\n<p>Cuando desalojaron a Marta, en la primera tanda, cuenta que oy\u00f3 que pateaban la puerta de su apartamento y uno de los ni\u00f1os corri\u00f3 a abrir. Cuando quiso acordar una decena de granaderos hab\u00edan invadido su cuarto, d\u00f3nde dorm\u00eda un rato antes. Fue sacada con la misma amabilidad y golpes de escudo en la espalda. La actuaria judicial que particip\u00f3 del desalojo gritaba \u201cS\u00e1quenla, s\u00e1quenla\u201d y la insult\u00f3 diciendo cosas que no quiere repetir. Se cay\u00f3 al piso y uno de los agentes le pis\u00f3 la mano, y as\u00ed\u00a0 siguieron hasta que estuvo en la calle. Ah\u00ed qued\u00f3 con sus tres nietos a cargo. A veces duermen en el altillo de la azotea de un familiar. Los muebles que sobrevivieron a la violencia policial se fueron a un galp\u00f3n en Tacubaya.<\/p>\n<p>Teo, uno de los vecinos desalojados de Argentina #96, el 12 de julio, dice que todo fue muy cruel y que entiende que se violaron los derechos de las personas que viven ah\u00ed. El \u00fanico lugar disponible que encontr\u00f3 para irse a vivir fue en Valle de Chalco, donde le han hecho el paro. Viaja a diario a atender el puesto que antes le quedaba a una cuadra de su casa y no a $50 pesos de distancia en pasajes como ahora.<\/p>\n<p>\u201cPrimero cierran las calles, las cortan para hacer el operativo. Toman por asalto el predio, lo sitian para despu\u00e9s empezar a sacar a la gente de su domicilio. Llegan sin decir agua va, no tienen derecho a tratarnos as\u00ed\u2026&#8221;<\/p>\n<p>En Argentina #96 la polic\u00eda desaloj\u00f3 el edificio completo: 42 viviendas y 4 locales comerciales. No dieron ning\u00fan aviso previo y tampoco le dejaron ver la orden de desalojo a los desalojados. Al final de este art\u00edculo puede encontrarse una liga a uno de los videos tomados por los vecinos durante este desalojo que muestra como la gente fue sacada a rastras de sus casas. Todos los consultados llevaban m\u00e1s de diez a\u00f1os viviendo en esos lugares: Irene alquilaba ahora, pero se cri\u00f3 en el departamento de m\u00e1s arria, donde vive su madre; Marta, 21 a\u00f1os. Teo, 16.<\/p>\n<p>Los desalojados de Argentina #96 fueron uno de los grupos m\u00e1s numerosos y como fue desalojado por completo, los polic\u00edas no necesitaron de usar la intimidaci\u00f3n a los otros vecinos, como si fue manifiesto en el desalojo de Granadas #130.<\/p>\n<p>El pasillo de la vecindad qued\u00f3 tupido de uniformados, quienes para ejecutar el desalojo activaron granadas de humo y seg\u00fan difundi\u00f3 la Secretar\u00eda de Seguridad Publica en un comunicado enviado ese d\u00eda a la prensa: \u201calgunos otros activaron sus armas de fuego, arma que fue activada en dos ocasiones y una de las balas causara la ruptura de una tuber\u00eda de PVC, en tanto otro elemento contaba con canicas y una resortera las cuales fueron lanzadas a una vecina as\u00ed mismo otros uniformados se dieron a la tarea de subir departamento por departamento para amedrentar a los habitantes amenazando que tambi\u00e9n iba a ser desalojados, claro ejemplo de que el Mando no supo controlar a su personal.\u201d<\/p>\n<p>La historia de los intentos de desalojo es algo m\u00e1s larga y compleja en este caso, pero el modus operandi represivo fue el mismo, hasta m\u00e1s aparatoso que en las vecindades c\u00e9ntricas. El desalojo policial de Granadas #130 estuvo a cargo de Hiram Almeida Estrada.<\/p>\n<p>Pilar, una de las vecinas que estuvo ese d\u00eda recuerda c\u00f3mo fue ese jueves 11 de agosto: \u201cantes de las siete de la ma\u00f1ana estaban adentro de la vecindad. El vecino ten\u00eda un amparo para evitar el desalojo, pero no les import\u00f3. No tra\u00edan orden ni nada. Se formaron en dos filas de granaderos en el corredor de entrada, que no permit\u00edan entrar ni salir a nadie. Comenzaron a insultarnos y a romper la puerta. Nos grit\u00e1bamos que nos meti\u00e9ramos, que eso no nos importaba.<\/p>\n<p>En el caso de la vecindad de Granadas #130, de su vecino del n\u00famero #126 y de otro de la calle Pe\u00f1\u00f3n # 78, s\u00ed saben claramente de d\u00f3nde vino la orden de desalojo: de los bancos que tienen las carteras de esos apartamentos, que originalmente eran viviendas de inter\u00e9s social. S\u00f3lo en el #130, hay cien apartamentos y se estima que al menos otros 35 est\u00e1n en situaci\u00f3n precaria, 15 de ellos en inminente desalojo. Ahora se entiende hacia quienes iba dirigido el mensaje de rudeza y el humo del desalojo de uno solo apto. A los otros 99 que miraban.<\/p>\n<div class=\"media media-element-container media-default\">\n<div id=\"file-6119\" class=\"file file-image file-image-jpeg\">\n<div class=\"content\"><img loading=\"lazy\" decoding=\"async\" class=\"media-element file-default\" src=\"http:\/\/somoselmedio.org\/sites\/default\/files\/3.IMG_7284.jpg\" alt=\"desalojo en Argentina #99 \/ Ernesto Alvarez\" width=\"1200\" height=\"800\" \/><\/div>\n<\/div>\n<\/div>\n<p>Israel muestra el departamento de donde fue desalojado en Argentina #99 Col. Centro. Foto: Ernesto Alvarez<\/p>\n<p>&nbsp;<\/p>\n<p>La situaci\u00f3n de cada edificio es diferente de la reciente ola de desalojos forzosos, e ilegales, seg\u00fan denuncian los vecinos, pero todos cosecharon la misma respuesta al intentar denunciar los abusos policiales en los operativos. Que no pod\u00edan tomarles la denuncia. Se lo dijeron esta semana a los desalojados de Argentina #99 en el Centro de Legalidad y justicia, de la calle Paraguay esquina Brasil y tambi\u00e9n en el Ministerio P\u00fablico de la delegaci\u00f3n Cuauht\u00e9moc.<\/p>\n<p>Los vecinos han respondido junt\u00e1ndose. El martes 23, en un ratito, unas 70 familias se reunieron en la entrada de una de las vecindades de junto a d\u00f3nde viv\u00edan para discutir c\u00f3mo van a reclamar por el atropello.<\/p>\n<p>A los del centro hist\u00f3rico se les ha acercado la Asamblea de Barrios, mientras que los de Tepito negocian en conjunto con el banco una soluci\u00f3n para el edificio. La presi\u00f3n por estas zonas es manifiesta, pero s\u00f3lo se ven los resultados m\u00e1s visibles de esa presi\u00f3n: la participaci\u00f3n de la fuerza p\u00fablica como nuevo protagonista en un conflicto civil, entre partes o privados.<\/p>\n<p>Esta semana, los del centro hist\u00f3rico se movilizar\u00e1n reclamando una soluci\u00f3n para la precaria situaci\u00f3n en la que han quedado decenas de personas, que se teme que de ahora en m\u00e1s sigan en aumento. Desde la asamblea de barrios se promueve el di\u00e1logo con Jes\u00fas Gonz\u00e1lez Schmal, autoridad del centro hist\u00f3rico, reclamando un Programa emergente de vivienda de inter\u00e9s social para la zona centro de la capital, que incluya la inversi\u00f3n privada para las zonas comerciales y la edificaci\u00f3n de viviendas sobre los locales para evitar que la poblaci\u00f3n hist\u00f3rica del centro sea desplazada. Que se gentrifique, pues.<\/p>\n<p>Para la gente, lo m\u00e1s claro es que ellos no quieren irse de ah\u00ed, porque su supervivencia \u2013 adem\u00e1s de sus afectos y su historia \u2013 est\u00e1n ligados al centro.<\/p>\n<p>\u201cA veces vuelvo y me siento en la puerta de la casa para tener contacto con los vecinos y poder seguir vendiendo mi mercader\u00eda. Como me hab\u00edan echado del puesto en la calle, vend\u00eda en casa, ellos sab\u00edan d\u00f3nde viv\u00eda y me iban a golpear la puerta.\u201d<\/p>\n<div class=\"media media-element-container media-default\">\n<div id=\"file-6121\" class=\"file file-image file-image-jpeg\">\n<div class=\"content\"><img loading=\"lazy\" decoding=\"async\" class=\"media-element file-default\" src=\"http:\/\/somoselmedio.org\/sites\/default\/files\/5.IMG_7295.jpg\" alt=\"desalojo Argentina #99 \/ Ernesto Alvarez\" width=\"1200\" height=\"800\" \/><\/div>\n<\/div>\n<\/div>\n<p>El interior de Argentina #99 Col. Centro, en donde con cientos de granaderos desalojaron a seis familias. Foto: Ernesto Alvarez<\/p>\n<p>Desalojo del edificio de Argentina #96, en el centro hist\u00f3rico de la ciudad de m\u00e9xico,\u00a0tomado por los vecinos, el 12 de julio de 2016:<\/p>\n<div class=\"jetpack-video-wrapper\"><iframe loading=\"lazy\" title=\"Desalojo en Argentina #96\" width=\"1170\" height=\"658\" src=\"https:\/\/www.youtube.com\/embed\/kvYGOjSduls?feature=oembed\" frameborder=\"0\" allow=\"accelerometer; autoplay; clipboard-write; encrypted-media; gyroscope; picture-in-picture\" allowfullscreen><\/iframe><\/div>\n<div class=\"jetpack-video-wrapper\"><iframe loading=\"lazy\" title=\"Desalojo en granada 130\" width=\"1170\" height=\"878\" src=\"https:\/\/www.youtube.com\/embed\/duVvvFQfPXc?feature=oembed\" frameborder=\"0\" allow=\"accelerometer; autoplay; clipboard-write; encrypted-media; gyroscope; picture-in-picture\" allowfullscreen><\/iframe><\/div>\n<p><a href=\"http:\/\/www.somoselmedio.org\/article\/%C2%BFpor-qu%C3%A9-est%C3%A1n-los-granaderos-desalojando-gente-en-el-centro-hist%C3%B3rico\" target=\"_blank\">http:\/\/www.somoselmedio.org\/article\/%C2%BFpor-qu%C3%A9-est%C3%A1n-los-granaderos-desalojando-gente-en-el-centro-hist%C3%B3rico<\/a><\/p>\n","protected":false},"excerpt":{"rendered":"<p>Eliana Gilet Polic\u00eda Federal frente al aeropuerto en la ciudad de M\u00e9xico. Fotos: Ernesto Alvarez Los muebles rotos que ocupan el centro de la calle Argentina pueden pasar desapercibidos entre &hellip; <a href=\"http:\/\/www.grieta.org.mx\/index.php\/2016\/08\/24\/por-que-estan-los-granaderos-desalojando-gente-en-el-centro-historico-cdmx\/\" class=\"more-link\">Leer m\u00e1s<\/a><\/p>\n","protected":false},"author":2,"featured_media":21928,"comment_status":"closed","ping_status":"closed","sticky":false,"template":"","format":"standard","meta":{"ngg_post_thumbnail":0,"_jetpack_newsletter_access":"","_jetpack_dont_email_post_to_subs":false,"_jetpack_newsletter_tier_id":0,"_jetpack_memberships_contains_paywalled_content":false,"_jetpack_memberships_contains_paid_content":false,"footnotes":""},"categories":[598,80],"tags":[248,184,870,864],"class_list":["post-20273","post","type-post","status-publish","format-standard","has-post-thumbnail","hentry","category-cdmx","category-cintillo","tag-desalojo","tag-despojo","tag-gentrificacion","tag-vivienda","entry"],"jetpack_featured_media_url":"http:\/\/www.grieta.org.mx\/wp-content\/uploads\/2018\/03\/14524434_1106112876131411_958039263622046936_o.jpg","jetpack_sharing_enabled":true,"jetpack_shortlink":"https:\/\/wp.me\/p7ZJR4-5gZ","jetpack_likes_enabled":false,"jetpack-related-posts":[{"id":20157,"url":"http:\/\/www.grieta.org.mx\/index.php\/2016\/09\/06\/desalojos-violentos-de-viviendas-en-el-centro-historico-de-la-cdmx\/","url_meta":{"origin":20273,"position":0},"title":"Desalojos violentos de viviendas en el centro hist\u00f3rico de la CDMX","author":"grieta","date":"6 septiembre, 2016","format":false,"excerpt":"04\/09\/16. Granadas #130: o c\u00f3mo Banorte ejecuta desalojos en TepitoSomos el medio 27\/08\/16. Detienen a manifestante contra los desalojos en el centro hist\u00f3rico (CDMX)Somos el medio 25\/08\/16. Nuevo desalojo en el centro hist\u00f3rico: vecinos afectados se movilizan (CDMX)Somos el medio 24\/08\/16. \u00bfPor qu\u00e9 est\u00e1n los granaderos desalojando gente en el\u2026","rel":"","context":"En &quot;Ciudad de M\u00e9xico&quot;","block_context":{"text":"Ciudad de M\u00e9xico","link":"http:\/\/www.grieta.org.mx\/index.php\/category\/noticias-nacionales\/ciudad-de-mexico\/"},"img":{"alt_text":"","src":"https:\/\/i0.wp.com\/www.grieta.org.mx\/wp-content\/uploads\/2018\/03\/14524434_1106112876131411_958039263622046936_o.jpg?resize=350%2C200","width":350,"height":200,"srcset":"https:\/\/i0.wp.com\/www.grieta.org.mx\/wp-content\/uploads\/2018\/03\/14524434_1106112876131411_958039263622046936_o.jpg?resize=350%2C200 1x, https:\/\/i0.wp.com\/www.grieta.org.mx\/wp-content\/uploads\/2018\/03\/14524434_1106112876131411_958039263622046936_o.jpg?resize=525%2C300 1.5x, https:\/\/i0.wp.com\/www.grieta.org.mx\/wp-content\/uploads\/2018\/03\/14524434_1106112876131411_958039263622046936_o.jpg?resize=700%2C400 2x"},"classes":[]},{"id":20160,"url":"http:\/\/www.grieta.org.mx\/index.php\/2016\/07\/13\/desalojan-otro-edificio-en-el-centro-historico-cdmx\/","url_meta":{"origin":20273,"position":1},"title":"Desalojan otro edificio en el Centro Hist\u00f3rico (CDMX)","author":"grieta","date":"13 julio, 2016","format":false,"excerpt":"La Polic\u00eda capitalina sacaron las pertenencias de las personas que viven en el n\u00famero 68 de la calle Emiliano Zapata desde hace 50 a\u00f1os. Elementos de la Secretar\u00eda de Seguridad P\u00fablica capitalina llevaron a cabo este mi\u00e9rcoles un operativo para desalojar a varias familias que invadieron un edificio en el\u2026","rel":"","context":"En &quot;cdmx&quot;","block_context":{"text":"cdmx","link":"http:\/\/www.grieta.org.mx\/index.php\/category\/cdmx\/"},"img":{"alt_text":"","src":"https:\/\/i0.wp.com\/www.grieta.org.mx\/wp-content\/uploads\/2018\/03\/14524434_1106112876131411_958039263622046936_o.jpg?resize=350%2C200","width":350,"height":200,"srcset":"https:\/\/i0.wp.com\/www.grieta.org.mx\/wp-content\/uploads\/2018\/03\/14524434_1106112876131411_958039263622046936_o.jpg?resize=350%2C200 1x, https:\/\/i0.wp.com\/www.grieta.org.mx\/wp-content\/uploads\/2018\/03\/14524434_1106112876131411_958039263622046936_o.jpg?resize=525%2C300 1.5x, https:\/\/i0.wp.com\/www.grieta.org.mx\/wp-content\/uploads\/2018\/03\/14524434_1106112876131411_958039263622046936_o.jpg?resize=700%2C400 2x"},"classes":[]},{"id":71397,"url":"http:\/\/www.grieta.org.mx\/index.php\/2025\/03\/22\/carta-del-congreso-nacional-indigena-grupos-colectivos-organizaciones-movimientos-y-personas-individuales-de-mexico-y-el-mundo-y-el-ejercito-zapatista-de-liberacion-nacional-a-las-madres-padres\/","url_meta":{"origin":20273,"position":2},"title":"CARTA DEL CONGRESO NACIONAL IND\u00cdGENA, GRUPOS, COLECTIVOS, ORGANIZACIONES, MOVIMIENTOS Y PERSONAS INDIVIDUALES DE M\u00c9XICO Y EL MUNDO, Y EL EJ\u00c9RCITO ZAPATISTA DE LIBERACI\u00d3N NACIONAL A LAS MADRES, PADRES Y FAMILIAS BUSCADORAS DE JALISCO Y TODO EL PA\u00cdS","author":"grieta","date":"22 marzo, 2025","format":false,"excerpt":"A las madres, padres y familias buscadoras de Jalisco y todo M\u00e9xico, A Tod@s l@s que buscan a quienes nos faltan. Desde el color de la tierra que somos el Congreso Nacional Ind\u00edgena y el Ej\u00e9rcito Zapatista de Liberaci\u00f3n Nacional, junto a las organizaciones, colectivos e individuos que han decidido\u2026","rel":"","context":"En &quot;CINTILLO&quot;","block_context":{"text":"CINTILLO","link":"http:\/\/www.grieta.org.mx\/index.php\/category\/cintillo\/"},"img":{"alt_text":"","src":"https:\/\/i0.wp.com\/www.grieta.org.mx\/wp-content\/uploads\/2025\/03\/buscadoras.png?resize=350%2C200","width":350,"height":200,"srcset":"https:\/\/i0.wp.com\/www.grieta.org.mx\/wp-content\/uploads\/2025\/03\/buscadoras.png?resize=350%2C200 1x, https:\/\/i0.wp.com\/www.grieta.org.mx\/wp-content\/uploads\/2025\/03\/buscadoras.png?resize=525%2C300 1.5x, https:\/\/i0.wp.com\/www.grieta.org.mx\/wp-content\/uploads\/2025\/03\/buscadoras.png?resize=700%2C400 2x"},"classes":[]},{"id":12278,"url":"http:\/\/www.grieta.org.mx\/index.php\/2016\/05\/03\/retiran-ambulantes-del-paradero-metro-chapultepec-ssp-cdmx-vigila-la-zona\/","url_meta":{"origin":20273,"position":3},"title":"Retiran ambulantes del paradero Metro Chapultepec; SSP-CDMX vigila la zona","author":"grieta","date":"3 mayo, 2016","format":false,"excerpt":"La acci\u00f3n se debe a obras de remodelaci\u00f3n y construcci\u00f3n del nuevo Cetram Foto: Cuartoscuro Polic\u00edas capitalinos fueron desplegados en el per\u00edmetro conformado por Chapultepec, Circuito Interior, Lieja y Reforma, a fin de vigilar que las inmediaciones de la estaci\u00f3n Chapultepec del metro se mantenga libre de vendedores ambulantes. La\u2026","rel":"","context":"En &quot;cdmx&quot;","block_context":{"text":"cdmx","link":"http:\/\/www.grieta.org.mx\/index.php\/category\/cdmx\/"},"img":{"alt_text":"","src":"https:\/\/i0.wp.com\/www.grieta.org.mx\/wp-content\/uploads\/2018\/03\/14524434_1106112876131411_958039263622046936_o.jpg?resize=350%2C200","width":350,"height":200,"srcset":"https:\/\/i0.wp.com\/www.grieta.org.mx\/wp-content\/uploads\/2018\/03\/14524434_1106112876131411_958039263622046936_o.jpg?resize=350%2C200 1x, https:\/\/i0.wp.com\/www.grieta.org.mx\/wp-content\/uploads\/2018\/03\/14524434_1106112876131411_958039263622046936_o.jpg?resize=525%2C300 1.5x, https:\/\/i0.wp.com\/www.grieta.org.mx\/wp-content\/uploads\/2018\/03\/14524434_1106112876131411_958039263622046936_o.jpg?resize=700%2C400 2x"},"classes":[]},{"id":70962,"url":"http:\/\/www.grieta.org.mx\/index.php\/2025\/02\/13\/convocatoria-abierta-a-sumarse-a-las-jornadas-globales-justicia-para-samir-flores-soberanes-6-anos-de-impunidad\/","url_meta":{"origin":20273,"position":4},"title":"CONVOCATORIA ABIERTA A SUMARSE A LAS JORNADAS GLOBALES: \u00a1JUSTICIA PARA SAMIR FLORES SOBERANES! 6 A\u00d1OS DE IMPUNIDAD","author":"grieta","date":"13 febrero, 2025","format":false,"excerpt":"CONVOCATORIA ABIERTA A SUMARSE A LAS JORNADAS GLOBALES: \u00a1JUSTICIA PARA SAMIR FLORES SOBERANES! 6 A\u00d1OS DE IMPUNIDAD Los d\u00edas 19, 20, 21, 22, 23 de febrero o cualquier otras fechas que a sus tiempos consideren. Considerando que son 6 a\u00f1os de impunidad desde aquel 20 de febrero de 2019 en\u2026","rel":"","context":"En &quot;CINTILLO&quot;","block_context":{"text":"CINTILLO","link":"http:\/\/www.grieta.org.mx\/index.php\/category\/cintillo\/"},"img":{"alt_text":"","src":"https:\/\/i0.wp.com\/www.grieta.org.mx\/wp-content\/uploads\/2025\/02\/Screenshot-2025-02-13-at-12-45-37-Enlace-Zapatista.jpg?resize=350%2C200","width":350,"height":200,"srcset":"https:\/\/i0.wp.com\/www.grieta.org.mx\/wp-content\/uploads\/2025\/02\/Screenshot-2025-02-13-at-12-45-37-Enlace-Zapatista.jpg?resize=350%2C200 1x, https:\/\/i0.wp.com\/www.grieta.org.mx\/wp-content\/uploads\/2025\/02\/Screenshot-2025-02-13-at-12-45-37-Enlace-Zapatista.jpg?resize=525%2C300 1.5x, https:\/\/i0.wp.com\/www.grieta.org.mx\/wp-content\/uploads\/2025\/02\/Screenshot-2025-02-13-at-12-45-37-Enlace-Zapatista.jpg?resize=700%2C400 2x, https:\/\/i0.wp.com\/www.grieta.org.mx\/wp-content\/uploads\/2025\/02\/Screenshot-2025-02-13-at-12-45-37-Enlace-Zapatista.jpg?resize=1050%2C600 3x"},"classes":[]},{"id":12271,"url":"http:\/\/www.grieta.org.mx\/index.php\/2016\/05\/04\/se-enfrentan-granaderos-y-comerciantes-frente-al-zocalo-cdmx\/","url_meta":{"origin":20273,"position":5},"title":"Se enfrentan granaderos y comerciantes frente al Z\u00f3calo (CDMX)","author":"grieta","date":"4 mayo, 2016","format":false,"excerpt":"Elementos del cuerpo de Granaderos de la Secretar\u00eda de Seguridad P\u00fablica (SSP) capitalina se enfrentaron esta ma\u00f1ana con comerciantes del Bosque de Arag\u00f3n y del paradero del Metro Chapultepec sobre la avenida 20 de Noviembre, frente al Z\u00f3calo de la Ciudad de M\u00e9xico. FOTO: Karla Mora | 24 HORAS Los\u2026","rel":"","context":"En &quot;cdmx&quot;","block_context":{"text":"cdmx","link":"http:\/\/www.grieta.org.mx\/index.php\/category\/cdmx\/"},"img":{"alt_text":"","src":"https:\/\/i0.wp.com\/www.grieta.org.mx\/wp-content\/uploads\/2018\/03\/14524434_1106112876131411_958039263622046936_o.jpg?resize=350%2C200","width":350,"height":200,"srcset":"https:\/\/i0.wp.com\/www.grieta.org.mx\/wp-content\/uploads\/2018\/03\/14524434_1106112876131411_958039263622046936_o.jpg?resize=350%2C200 1x, https:\/\/i0.wp.com\/www.grieta.org.mx\/wp-content\/uploads\/2018\/03\/14524434_1106112876131411_958039263622046936_o.jpg?resize=525%2C300 1.5x, https:\/\/i0.wp.com\/www.grieta.org.mx\/wp-content\/uploads\/2018\/03\/14524434_1106112876131411_958039263622046936_o.jpg?resize=700%2C400 2x"},"classes":[]}],"_links":{"self":[{"href":"http:\/\/www.grieta.org.mx\/index.php\/wp-json\/wp\/v2\/posts\/20273","targetHints":{"allow":["GET"]}}],"collection":[{"href":"http:\/\/www.grieta.org.mx\/index.php\/wp-json\/wp\/v2\/posts"}],"about":[{"href":"http:\/\/www.grieta.org.mx\/index.php\/wp-json\/wp\/v2\/types\/post"}],"author":[{"embeddable":true,"href":"http:\/\/www.grieta.org.mx\/index.php\/wp-json\/wp\/v2\/users\/2"}],"replies":[{"embeddable":true,"href":"http:\/\/www.grieta.org.mx\/index.php\/wp-json\/wp\/v2\/comments?post=20273"}],"version-history":[{"count":1,"href":"http:\/\/www.grieta.org.mx\/index.php\/wp-json\/wp\/v2\/posts\/20273\/revisions"}],"predecessor-version":[{"id":20274,"href":"http:\/\/www.grieta.org.mx\/index.php\/wp-json\/wp\/v2\/posts\/20273\/revisions\/20274"}],"wp:featuredmedia":[{"embeddable":true,"href":"http:\/\/www.grieta.org.mx\/index.php\/wp-json\/wp\/v2\/media\/21928"}],"wp:attachment":[{"href":"http:\/\/www.grieta.org.mx\/index.php\/wp-json\/wp\/v2\/media?parent=20273"}],"wp:term":[{"taxonomy":"category","embeddable":true,"href":"http:\/\/www.grieta.org.mx\/index.php\/wp-json\/wp\/v2\/categories?post=20273"},{"taxonomy":"post_tag","embeddable":true,"href":"http:\/\/www.grieta.org.mx\/index.php\/wp-json\/wp\/v2\/tags?post=20273"}],"curies":[{"name":"wp","href":"https:\/\/api.w.org\/{rel}","templated":true}]}}