{"id":20181,"date":"2016-08-14T21:29:53","date_gmt":"2016-08-15T02:29:53","guid":{"rendered":"http:\/\/www.grieta.org.mx\/?p=20181"},"modified":"2016-08-21T21:32:17","modified_gmt":"2016-08-22T02:32:17","slug":"proyecto-de-acueducto-en-monterrey-sigue-vivo","status":"publish","type":"post","link":"http:\/\/www.grieta.org.mx\/index.php\/2016\/08\/14\/proyecto-de-acueducto-en-monterrey-sigue-vivo\/","title":{"rendered":"Proyecto de acueducto en Monterrey &#8216;sigue vivo&#8217;"},"content":{"rendered":"<div class=\"sumario\">Lourdes Flores<\/div>\n<div class=\"sumario\"><\/div>\n<div class=\"sumario\">Pol\u00e9mico plan para acarrear agua del r\u00edo tampa\u00f3n<\/div>\n<div class=\"sumario\"><\/div>\n<div class=\"titulo\">Proyecto de acueducto en Monterrey, viable pero en estudio<\/div>\n<div class=\"titulo\"><\/div>\n<div class=\"resumen\">Se analiza junto con otras 27 propuestas de abastecimiento.<\/div>\n<div class=\"cct top\">\n<div class=\"row credito\">\n<div class=\"autor\"><\/div>\n<\/div>\n<\/div>\n<div class=\"foto\"><img decoding=\"async\" src=\"http:\/\/eleconomista.com.mx\/files\/imagecache\/eco2014_650x433\/files\/shutterstock_125127101.jpg\" \/><\/div>\n<div class=\"relacionadas\">El gobierno de Nuevo Le\u00f3n anunciar\u00e1 la decisi\u00f3n definitiva sobre el plan Monterrey VI, en febrero del 2017. Foto: Shutterstock<br class=\"title\" \/><\/p>\n<div class=\"ctwitter\"><\/div>\n<div class=\"ctwitter\">Monterrey, NL. El proyecto del Plan H\u00eddrico Nuevo Le\u00f3n 2050 se encuentra en la segunda etapa, en la cual contin\u00faan los estudios sobre alternativas de nuevas fuentes de abastecimiento, pero no se ha descartado el proyecto del acueducto Tampa\u00f3n-R\u00edo P\u00e1nuco (Monterrey VI), iniciado en la administraci\u00f3n pasada y cuestionado por se\u00f1alamientos de corrupci\u00f3n.<\/div>\n<\/div>\n<p>Un estudio de 2015 de la organizaci\u00f3n The Nature Conservancy lo ha considerado como un proyecto viable, aunque pone \u00e9nfasis en la &#8220;necesidad de ampliar estudios de factibilidad y considerar alternativas para una soluci\u00f3n integral a la escasez h\u00eddrica de la zona&#8221;. Monterrey VI compite con otras 27 propuestas de abastecimiento de agua para Monterrey y la decisi\u00f3n definitiva se dar\u00e1 a conocer en febrero de 2017.<\/p>\n<p>Al revelarse que el exgobernador, Rodrigo Medina, fue vinculado a proceso por uso indebido de funciones p\u00fablicas, la prensa local cuestion\u00f3 a Ernesto Canales, subprocurador anticorrupci\u00f3n, sobre cu\u00e1l ser\u00eda la participaci\u00f3n del exmandatario en el proyecto Monterrey VI, obra que costar\u00eda m\u00e1s de 40,069 millones de pesos, a lo que declin\u00f3 responder, porque \u201cno est\u00e1 en una etapa que se pueda divulgar\u201d.<\/p>\n<p>En enero de este a\u00f1o, el gobernador Jaime Rodr\u00edguez explic\u00f3 que para no entrar en confrontaci\u00f3n con nadie, decidi\u00f3 que tanto el Fondo de Agua Metropolitano de Monterrey (FAMM) como el Consejo Nuevo Le\u00f3n para la planeaci\u00f3n estrat\u00e9gica escuchar\u00e1n todas las opiniones sobre el tema y se presentaran alternativas para determinar cu\u00e1l es la m\u00e1s viable.<\/p>\n<p>Cabe destacar que en marzo del 2016,Eugenio Clariond Reyes-Retana, presidente del Fondo de Agua Metropolitano de Monterrey, declar\u00f3 que \u201cel acueducto Monterrey VI sigue vivo\u201d, porque el contrato que firm\u00f3 la administraci\u00f3n anterior todav\u00eda est\u00e1 en pie. A su vez, aclar\u00f3: \u201chemos escuchado que, en caso de cancelar el proyecto, se perder\u00e1 la concesi\u00f3n\u201d.<\/p>\n<p>El t\u00edtulo de asignaci\u00f3n para explotar, usar o aprovechar aguas nacionales por un volumen de extracci\u00f3n de 473, 040,000.00 metros c\u00fabicos anuales de la margen izquierda del r\u00edo Tampa\u00f3n, afluente del R\u00edo P\u00e1nuco, se firm\u00f3 el 16 de diciembre del 2011, ante la Comisi\u00f3n Nacional del Agua de San Luis Potos\u00ed.<\/p>\n<h4>La opini\u00f3n de expertos<\/h4>\n<p>En las entrevistas a profundidad que presenta la p\u00e1gina web del Plan H\u00eddrico, el urbanista Juan Ignacio Barrag\u00e1n dice que uno de los criterios para seleccionar nuevas fuentes de agua para abastecer la zona metropolitana debe considerar \u201cun manejo sustentable de acu\u00edfero\u201d. Esto implica que si en la zona de la Huasteca o en el Parque de Cumbres Monterrey se tienen 2 metros c\u00fabicos por segundo y se hace una infiltraci\u00f3n razonable de agua, se podr\u00eda subir a 3 metros c\u00fabicos<\/p>\n<p>A su vez, el ambientalista, Ernesto Enkerlin, indic\u00f3 en las entrevistas de profundidad, publicadas por el FAMM, que en el tema h\u00eddrico, \u201cel problema es que se fue atendiendo \u00fanicamente de manera parcial por diferentes instituciones, sin coordinaci\u00f3n, sin transparencia, sin una visi\u00f3n de sostenibilidad; el plan h\u00eddrico tiene que contemplar todas las alternativas si no se va (a) hacer el acueducto, le tiene que quedar claro a todo el mundo por qu\u00e9 no se hizo\u201d.<\/p>\n<p>&nbsp;<\/p>\n<p><a href=\"http:\/\/eleconomista.com.mx\/estados\/2016\/08\/14\/proyecto-acueducto-monterrey-sigue-vivo\" target=\"_blank\">http:\/\/eleconomista.com.mx\/estados\/2016\/08\/14\/proyecto-acueducto-monterrey-sigue-vivo<\/a><\/p>\n","protected":false},"excerpt":{"rendered":"<p>Lourdes Flores Pol\u00e9mico plan para acarrear agua del r\u00edo tampa\u00f3n Proyecto de acueducto en Monterrey, viable pero en estudio Se analiza junto con otras 27 propuestas de abastecimiento. El gobierno &hellip; <a href=\"http:\/\/www.grieta.org.mx\/index.php\/2016\/08\/14\/proyecto-de-acueducto-en-monterrey-sigue-vivo\/\" class=\"more-link\">Leer m\u00e1s<\/a><\/p>\n","protected":false},"author":2,"featured_media":21928,"comment_status":"closed","ping_status":"closed","sticky":false,"template":"","format":"standard","meta":{"ngg_post_thumbnail":0,"_jetpack_newsletter_access":"","_jetpack_dont_email_post_to_subs":false,"_jetpack_newsletter_tier_id":0,"_jetpack_memberships_contains_paywalled_content":false,"_jetpack_memberships_contains_paid_content":false,"footnotes":""},"categories":[80,397],"tags":[358,155],"class_list":["post-20181","post","type-post","status-publish","format-standard","has-post-thumbnail","hentry","category-cintillo","category-monterrey-vi","tag-monterrey-vi","tag-proyectos-hidricos","entry"],"jetpack_featured_media_url":"http:\/\/www.grieta.org.mx\/wp-content\/uploads\/2018\/03\/14524434_1106112876131411_958039263622046936_o.jpg","jetpack_sharing_enabled":true,"jetpack_shortlink":"https:\/\/wp.me\/p7ZJR4-5fv","jetpack_likes_enabled":false,"jetpack-related-posts":[{"id":4545,"url":"http:\/\/www.grieta.org.mx\/index.php\/2015\/08\/30\/planean-proyecto-menos-costoso-que-el-monterrey-vi\/","url_meta":{"origin":20181,"position":0},"title":"Planean proyecto menos costoso que el Monterrey VI","author":"grieta","date":"30 agosto, 2015","format":false,"excerpt":"El Economista El gobernador electo de Nuevo Le\u00f3n reiter\u00f3 que el acueducto no se realizar\u00e1 tal como est\u00e1, por lo cual trabajan en modificaciones. Monterrey, NL. El gobernador electo de Nuevo Le\u00f3n, Jaime Rodr\u00edguez Calder\u00f3n, El Bronco, reiter\u00f3 que el proyecto hidr\u00e1ulico Monterrey VI no se realizar\u00e1 como fue concebido\u2026","rel":"","context":"En &quot;CINTILLO&quot;","block_context":{"text":"CINTILLO","link":"http:\/\/www.grieta.org.mx\/index.php\/category\/cintillo\/"},"img":{"alt_text":"","src":"https:\/\/i0.wp.com\/www.grieta.org.mx\/wp-content\/uploads\/2018\/03\/14524434_1106112876131411_958039263622046936_o.jpg?resize=350%2C200","width":350,"height":200,"srcset":"https:\/\/i0.wp.com\/www.grieta.org.mx\/wp-content\/uploads\/2018\/03\/14524434_1106112876131411_958039263622046936_o.jpg?resize=350%2C200 1x, https:\/\/i0.wp.com\/www.grieta.org.mx\/wp-content\/uploads\/2018\/03\/14524434_1106112876131411_958039263622046936_o.jpg?resize=525%2C300 1.5x, https:\/\/i0.wp.com\/www.grieta.org.mx\/wp-content\/uploads\/2018\/03\/14524434_1106112876131411_958039263622046936_o.jpg?resize=700%2C400 2x"},"classes":[]},{"id":4530,"url":"http:\/\/www.grieta.org.mx\/index.php\/2016\/09\/14\/proyecto-hidraulico-monterrey-vi\/","url_meta":{"origin":20181,"position":1},"title":"Proyecto Hidr\u00e1ulico Monterrey VI","author":"grieta","date":"14 septiembre, 2016","format":false,"excerpt":"13\/09\/16. Admite gobernador acuerdo con EPN sobre Monterrey VI'Milenio Monterrey 14\/08\/16. Proyecto de acueducto en Monterrey 'sigue vivo'El Economista 07\/07\/16. Exigen revisar alternativas a proyecto Monterrey VI Milenio Monterrey 18\/06\/16. Monterrey VI da\u00f1ar\u00eda a sectores productivos Milenio Tamaulipas 21\/05\/16. Planta gobernador a inconformes con Monterrey VI Milenio Monterrey 16\/05\/16. En\u2026","rel":"","context":"En &quot;NOTICIAS NACIONALES&quot;","block_context":{"text":"NOTICIAS NACIONALES","link":"http:\/\/www.grieta.org.mx\/index.php\/category\/noticias-nacionales\/"},"img":{"alt_text":"","src":"https:\/\/i0.wp.com\/www.grieta.org.mx\/wp-content\/uploads\/2018\/03\/14524434_1106112876131411_958039263622046936_o.jpg?resize=350%2C200","width":350,"height":200,"srcset":"https:\/\/i0.wp.com\/www.grieta.org.mx\/wp-content\/uploads\/2018\/03\/14524434_1106112876131411_958039263622046936_o.jpg?resize=350%2C200 1x, https:\/\/i0.wp.com\/www.grieta.org.mx\/wp-content\/uploads\/2018\/03\/14524434_1106112876131411_958039263622046936_o.jpg?resize=525%2C300 1.5x, https:\/\/i0.wp.com\/www.grieta.org.mx\/wp-content\/uploads\/2018\/03\/14524434_1106112876131411_958039263622046936_o.jpg?resize=700%2C400 2x"},"classes":[]},{"id":4773,"url":"http:\/\/www.grieta.org.mx\/index.php\/2015\/02\/09\/el-controvertido-acueducto-monterrey-vi-inician-las-protestas\/","url_meta":{"origin":20181,"position":2},"title":"El controvertido Acueducto Monterrey VI; inician las protestas","author":"grieta","date":"9 febrero, 2015","format":false,"excerpt":"Econom\u00eda Hoy DAVID ORDAZ M\u00e1s de 300 ciudadanos e integrantes de organismos no gubernamentales se manifestaron frente al Palacio de Gobierno de Monterrey, Nuevo Le\u00f3n para exigir la cancelaci\u00f3n del proyecto hidr\u00e1ulico Monterrey VI, a cargo de constructoras encabezadas por el Grupo Higa, consorcio de Juan Armando Hinojosa Cant\u00fa. Asociaciones\u2026","rel":"","context":"En &quot;CINTILLO&quot;","block_context":{"text":"CINTILLO","link":"http:\/\/www.grieta.org.mx\/index.php\/category\/cintillo\/"},"img":{"alt_text":"","src":"https:\/\/i0.wp.com\/www.grieta.org.mx\/wp-content\/uploads\/2018\/03\/14524434_1106112876131411_958039263622046936_o.jpg?resize=350%2C200","width":350,"height":200,"srcset":"https:\/\/i0.wp.com\/www.grieta.org.mx\/wp-content\/uploads\/2018\/03\/14524434_1106112876131411_958039263622046936_o.jpg?resize=350%2C200 1x, https:\/\/i0.wp.com\/www.grieta.org.mx\/wp-content\/uploads\/2018\/03\/14524434_1106112876131411_958039263622046936_o.jpg?resize=525%2C300 1.5x, https:\/\/i0.wp.com\/www.grieta.org.mx\/wp-content\/uploads\/2018\/03\/14524434_1106112876131411_958039263622046936_o.jpg?resize=700%2C400 2x"},"classes":[]},{"id":4531,"url":"http:\/\/www.grieta.org.mx\/index.php\/2016\/01\/13\/reviven-en-nuevo-leon-proyecto-monterrey-vi\/","url_meta":{"origin":20181,"position":3},"title":"Reviven en Nuevo Le\u00f3n proyecto Monterrey VI","author":"grieta","date":"13 enero, 2016","format":false,"excerpt":"El Economista Aunque el gobernador aclara que s\u00f3lo ser\u00e1 en nombre, tambi\u00e9n llevar\u00e1 agua desde SLP. Lourdes Flores Realizar\u00e1n reestructura o ajustes al original El mandatario dijo que se encuentran analizando todas las posturas porque el l\u00edquido es necesario. Monterrey, NL. El gobernador de Nuevo Le\u00f3n, Jaime Rodr\u00edguez, dijo que\u2026","rel":"","context":"En &quot;CINTILLO&quot;","block_context":{"text":"CINTILLO","link":"http:\/\/www.grieta.org.mx\/index.php\/category\/cintillo\/"},"img":{"alt_text":"","src":"https:\/\/i0.wp.com\/www.grieta.org.mx\/wp-content\/uploads\/2018\/03\/14524434_1106112876131411_958039263622046936_o.jpg?resize=350%2C200","width":350,"height":200,"srcset":"https:\/\/i0.wp.com\/www.grieta.org.mx\/wp-content\/uploads\/2018\/03\/14524434_1106112876131411_958039263622046936_o.jpg?resize=350%2C200 1x, https:\/\/i0.wp.com\/www.grieta.org.mx\/wp-content\/uploads\/2018\/03\/14524434_1106112876131411_958039263622046936_o.jpg?resize=525%2C300 1.5x, https:\/\/i0.wp.com\/www.grieta.org.mx\/wp-content\/uploads\/2018\/03\/14524434_1106112876131411_958039263622046936_o.jpg?resize=700%2C400 2x"},"classes":[]},{"id":4547,"url":"http:\/\/www.grieta.org.mx\/index.php\/2015\/08\/19\/monterrey-vi-en-compas-%e2%80%a8de-espera\/","url_meta":{"origin":20181,"position":4},"title":"Monterrey VI, en comp\u00e1s ?de espera","author":"grieta","date":"19 agosto, 2015","format":false,"excerpt":"El Economista Una segunda opci\u00f3n para traer agua a la zona metropolitana, coment\u00f3 Jaime Rodr\u00edguez, es a trav\u00e9s de un segundo acueducto desde la presa El Cuchillo hasta la ciudad de Monterrey. El inconveniente, coment\u00f3, es que se tienen que comprar los derechos del agua. LOURDES FLORES Monterrey, NL. El\u2026","rel":"","context":"En &quot;CINTILLO&quot;","block_context":{"text":"CINTILLO","link":"http:\/\/www.grieta.org.mx\/index.php\/category\/cintillo\/"},"img":{"alt_text":"","src":"https:\/\/i0.wp.com\/www.grieta.org.mx\/wp-content\/uploads\/2018\/03\/14524434_1106112876131411_958039263622046936_o.jpg?resize=350%2C200","width":350,"height":200,"srcset":"https:\/\/i0.wp.com\/www.grieta.org.mx\/wp-content\/uploads\/2018\/03\/14524434_1106112876131411_958039263622046936_o.jpg?resize=350%2C200 1x, https:\/\/i0.wp.com\/www.grieta.org.mx\/wp-content\/uploads\/2018\/03\/14524434_1106112876131411_958039263622046936_o.jpg?resize=525%2C300 1.5x, https:\/\/i0.wp.com\/www.grieta.org.mx\/wp-content\/uploads\/2018\/03\/14524434_1106112876131411_958039263622046936_o.jpg?resize=700%2C400 2x"},"classes":[]},{"id":4709,"url":"http:\/\/www.grieta.org.mx\/index.php\/2015\/05\/12\/acueducto-monterrey-vi-el-abastecimiento-para-nl-esta-garantizado\/","url_meta":{"origin":20181,"position":5},"title":"Acueducto Monterrey VI, \u00bfel abastecimiento para NL est\u00e1 garantizado?","author":"grieta","date":"12 mayo, 2015","format":false,"excerpt":"Econom\u00eda Hoy DAVID ORDAZ El proyecto Monterrey VI con el que se busca abastecer de agua al estado sigue sin arrancar y actualmente Nuevo Le\u00f3n enfrenta una de las peores crisis de agua, por ello, diputados federales y locales exhortaron al gobierno federal a echar a andar la obra. Monterrey\u2026","rel":"","context":"En &quot;CINTILLO&quot;","block_context":{"text":"CINTILLO","link":"http:\/\/www.grieta.org.mx\/index.php\/category\/cintillo\/"},"img":{"alt_text":"","src":"https:\/\/i0.wp.com\/www.grieta.org.mx\/wp-content\/uploads\/2018\/03\/14524434_1106112876131411_958039263622046936_o.jpg?resize=350%2C200","width":350,"height":200,"srcset":"https:\/\/i0.wp.com\/www.grieta.org.mx\/wp-content\/uploads\/2018\/03\/14524434_1106112876131411_958039263622046936_o.jpg?resize=350%2C200 1x, https:\/\/i0.wp.com\/www.grieta.org.mx\/wp-content\/uploads\/2018\/03\/14524434_1106112876131411_958039263622046936_o.jpg?resize=525%2C300 1.5x, https:\/\/i0.wp.com\/www.grieta.org.mx\/wp-content\/uploads\/2018\/03\/14524434_1106112876131411_958039263622046936_o.jpg?resize=700%2C400 2x"},"classes":[]}],"_links":{"self":[{"href":"http:\/\/www.grieta.org.mx\/index.php\/wp-json\/wp\/v2\/posts\/20181","targetHints":{"allow":["GET"]}}],"collection":[{"href":"http:\/\/www.grieta.org.mx\/index.php\/wp-json\/wp\/v2\/posts"}],"about":[{"href":"http:\/\/www.grieta.org.mx\/index.php\/wp-json\/wp\/v2\/types\/post"}],"author":[{"embeddable":true,"href":"http:\/\/www.grieta.org.mx\/index.php\/wp-json\/wp\/v2\/users\/2"}],"replies":[{"embeddable":true,"href":"http:\/\/www.grieta.org.mx\/index.php\/wp-json\/wp\/v2\/comments?post=20181"}],"version-history":[{"count":1,"href":"http:\/\/www.grieta.org.mx\/index.php\/wp-json\/wp\/v2\/posts\/20181\/revisions"}],"predecessor-version":[{"id":20182,"href":"http:\/\/www.grieta.org.mx\/index.php\/wp-json\/wp\/v2\/posts\/20181\/revisions\/20182"}],"wp:featuredmedia":[{"embeddable":true,"href":"http:\/\/www.grieta.org.mx\/index.php\/wp-json\/wp\/v2\/media\/21928"}],"wp:attachment":[{"href":"http:\/\/www.grieta.org.mx\/index.php\/wp-json\/wp\/v2\/media?parent=20181"}],"wp:term":[{"taxonomy":"category","embeddable":true,"href":"http:\/\/www.grieta.org.mx\/index.php\/wp-json\/wp\/v2\/categories?post=20181"},{"taxonomy":"post_tag","embeddable":true,"href":"http:\/\/www.grieta.org.mx\/index.php\/wp-json\/wp\/v2\/tags?post=20181"}],"curies":[{"name":"wp","href":"https:\/\/api.w.org\/{rel}","templated":true}]}}