{"id":20103,"date":"2016-08-18T23:58:40","date_gmt":"2016-08-19T04:58:40","guid":{"rendered":"http:\/\/www.grieta.org.mx\/?p=20103"},"modified":"2018-07-07T23:36:06","modified_gmt":"2018-07-08T04:36:06","slug":"habitantes-de-san-pedro-apatlaco-temen-agresiones-durante-obras-del-acueducto-morelos","status":"publish","type":"post","link":"http:\/\/www.grieta.org.mx\/index.php\/2016\/08\/18\/habitantes-de-san-pedro-apatlaco-temen-agresiones-durante-obras-del-acueducto-morelos\/","title":{"rendered":"Habitantes de San Pedro Apatlaco temen agresiones durante obras del acueducto (MORELOS)"},"content":{"rendered":"<p>Mario Vega, Morelos.<\/p>\n<p>Ayala.- Habitantes de la comunidad de San Pedro Apatlaco del municipio de Ayala, de la zona donde se llevan a cabo las obras de construcci\u00f3n del acueducto de la termoel\u00e9ctrica de Huexca, temen ser agredidos durante los trabajos debido a que la Comisi\u00f3n Federal de Electricidad (CFE) y el gobierno del Estado han empezado a etiquetar a los vecinos de las calles Ni\u00f1o Artillero y Ni\u00f1o Perdido, para poderles autorizar el paso a sus viviendas e impedirles el acceso a quienes no porten los gafetes oficiales.<br \/>\nLos inconformes denunciaron que los funcionarios de gobierno y de la CFE a cargo de la obra, les han anunciado que pretenden sitiar la zona con fuerza p\u00fablica, por lo que los vecinos del callej\u00f3n Ni\u00f1o Artillero y algunos de la Huerta est\u00e1n preocupados debido a que los gafetes no se los est\u00e1n otorgando a todos, \u201ca mi t\u00eda que no lo quiso recibir, las se\u00f1oras vulgares le dijeron que era su problema si se la chin\u2026 que se la chin\u2026\u201d.<br \/>\nDijeron que los gafetes \u201clos est\u00e1n entregando las se\u00f1oras Gloria Buend\u00eda y Matilde Chavelas, empleadas de CFE, y que su jefe es el doctor Ram\u00f3n Gonz\u00e1lez Ortiz. S\u00f3lo se los est\u00e1n dando a algunos vecinos que para que puedan entrar a sus casas. Hacemos responsables a CFE, al gobierno del Estado, al gobierno municipal y al federal si nos pasa algo a los que s\u00ed vivimos aqu\u00ed\u201d, dijo la se\u00f1ora Hortencia Mart\u00ednez.<br \/>\nAgreg\u00f3 que ante la agresividad que han mostrado las autoridades con la utilizaci\u00f3n de elementos antimotines para resguardar los trabajos del acueducto, en cualquier momento podr\u00eda estallar la violencia en ese lugar, \u201cel secretario de Gobernaci\u00f3n dijo ayer que con la ley en la mano, y con esa misma ley los hacemos responsables, ya que constitucionalmente no pueden da\u00f1arnos nuestra persona ni nuestros bienes\u201d, indic\u00f3.<\/p>\n<p><a href=\"https:\/\/www.launion.com.mx\/morelos\/cuautla\/noticias\/94095-habitantes-de-san-pedro-apatlaco-temen-agresiones-durante-obras-del-acueducto.html\" target=\"_blank\">https:\/\/www.launion.com.mx\/morelos\/cuautla\/noticias\/94095-habitantes-de-san-pedro-apatlaco-temen-agresiones-durante-obras-del-acueducto.html<\/a><\/p>\n","protected":false},"excerpt":{"rendered":"<p>Mario Vega, Morelos. Ayala.- Habitantes de la comunidad de San Pedro Apatlaco del municipio de Ayala, de la zona donde se llevan a cabo las obras de construcci\u00f3n del acueducto &hellip; <a href=\"http:\/\/www.grieta.org.mx\/index.php\/2016\/08\/18\/habitantes-de-san-pedro-apatlaco-temen-agresiones-durante-obras-del-acueducto-morelos\/\" class=\"more-link\">Leer m\u00e1s<\/a><\/p>\n","protected":false},"author":2,"featured_media":21928,"comment_status":"closed","ping_status":"closed","sticky":false,"template":"","format":"standard","meta":{"ngg_post_thumbnail":0,"_jetpack_newsletter_access":"","_jetpack_dont_email_post_to_subs":false,"_jetpack_newsletter_tier_id":0,"_jetpack_memberships_contains_paywalled_content":false,"_jetpack_memberships_contains_paid_content":false,"footnotes":""},"categories":[80,22,2,1171],"tags":[463,628,184,96,510],"class_list":["post-20103","post","type-post","status-publish","format-standard","has-post-thumbnail","hentry","category-cintillo","category-morelos","category-noticias-nacionales","category-rechazo-al-proyecto-integral-morelos-pim-en-morelos","tag-defensa-del-agua","tag-defensa-del-territorio","tag-despojo","tag-megaproyectos","tag-proyecto-integral-morelos","entry"],"jetpack_featured_media_url":"http:\/\/www.grieta.org.mx\/wp-content\/uploads\/2018\/03\/14524434_1106112876131411_958039263622046936_o.jpg","jetpack_sharing_enabled":true,"jetpack_shortlink":"https:\/\/wp.me\/p7ZJR4-5ef","jetpack_likes_enabled":false,"jetpack-related-posts":[{"id":8594,"url":"http:\/\/www.grieta.org.mx\/index.php\/2016\/09\/04\/organizacion-contra-proyecto-integral-morelos\/","url_meta":{"origin":20103,"position":0},"title":"Rechazo al Proyecto Integral Morelos (PIM) en Morelos","author":"grieta","date":"4 septiembre, 2016","format":false,"excerpt":"04\/09\/16. Estancado, el conflicto por el acueducto en San Pedro Apatlaco La Uni\u00f3n de Morelos 01\/09\/16. Cierran filas ejidatarios para impedir infiltraci\u00f3n de agitadores La Uni\u00f3n de Morelos 31\/08\/16. Ofrece el FAM rueda de prensa; Frente de Pueblos refiere que hay 20 detenidos por hechos ocurridos en Apatlaco La Uni\u00f3n\u2026","rel":"","context":"En &quot;Morelos&quot;","block_context":{"text":"Morelos","link":"http:\/\/www.grieta.org.mx\/index.php\/category\/noticias-nacionales\/morelos\/"},"img":{"alt_text":"","src":"https:\/\/i0.wp.com\/www.grieta.org.mx\/wp-content\/uploads\/2018\/03\/14524434_1106112876131411_958039263622046936_o.jpg?resize=350%2C200","width":350,"height":200,"srcset":"https:\/\/i0.wp.com\/www.grieta.org.mx\/wp-content\/uploads\/2018\/03\/14524434_1106112876131411_958039263622046936_o.jpg?resize=350%2C200 1x, https:\/\/i0.wp.com\/www.grieta.org.mx\/wp-content\/uploads\/2018\/03\/14524434_1106112876131411_958039263622046936_o.jpg?resize=525%2C300 1.5x, https:\/\/i0.wp.com\/www.grieta.org.mx\/wp-content\/uploads\/2018\/03\/14524434_1106112876131411_958039263622046936_o.jpg?resize=700%2C400 2x"},"classes":[]},{"id":17007,"url":"http:\/\/www.grieta.org.mx\/index.php\/2016\/07\/14\/reactivan-planton-en-apatlaco-contra-el-proyecto-integral-morelos-pim\/","url_meta":{"origin":20103,"position":1},"title":"Reactivan plant\u00f3n en Apatlaco, contra el Proyecto Integral Morelos (PIM)","author":"grieta","date":"14 julio, 2016","format":false,"excerpt":"POR GABRIELA MART\u00cdNEZ Ejidatarios y vecinos de la comunidad de San Pedro Apatlaco, municipio de Ayala, reactivaron el plant\u00f3n en contra del acueducto, luego de que maquinaria pesada intent\u00f3 reiniciar los trabajos de introducci\u00f3n del ducto que trasladar\u00e1 agua a la Planta Termoel\u00e9ctrica de Huexca. El ingreso de la maquinaria\u2026","rel":"","context":"En &quot;Morelos&quot;","block_context":{"text":"Morelos","link":"http:\/\/www.grieta.org.mx\/index.php\/category\/noticias-nacionales\/morelos\/"},"img":{"alt_text":"","src":"https:\/\/i0.wp.com\/www.grieta.org.mx\/wp-content\/uploads\/2018\/03\/14524434_1106112876131411_958039263622046936_o.jpg?resize=350%2C200","width":350,"height":200,"srcset":"https:\/\/i0.wp.com\/www.grieta.org.mx\/wp-content\/uploads\/2018\/03\/14524434_1106112876131411_958039263622046936_o.jpg?resize=350%2C200 1x, https:\/\/i0.wp.com\/www.grieta.org.mx\/wp-content\/uploads\/2018\/03\/14524434_1106112876131411_958039263622046936_o.jpg?resize=525%2C300 1.5x, https:\/\/i0.wp.com\/www.grieta.org.mx\/wp-content\/uploads\/2018\/03\/14524434_1106112876131411_958039263622046936_o.jpg?resize=700%2C400 2x"},"classes":[]},{"id":43118,"url":"http:\/\/www.grieta.org.mx\/index.php\/2019\/03\/08\/impiden-campesinos-concluir-acueducto-morelos\/","url_meta":{"origin":20103,"position":2},"title":"Impiden campesinos concluir acueducto (Morelos)","author":"grieta","date":"8 marzo, 2019","format":false,"excerpt":"Emmanuel Ruiz \/ El Sol de Cuernavaca Pese al s\u00ed que dieron la mayor\u00eda de los ciudadanos que participaron en la consulta para definir el destino de la termoel\u00e9ctrica de Huexca, el pasado 23 y 24 de febrero, hay varios factores que de momento impiden su operaci\u00f3n: una serie de\u2026","rel":"","context":"En &quot;MEGAPROYECTOS&quot;","block_context":{"text":"MEGAPROYECTOS","link":"http:\/\/www.grieta.org.mx\/index.php\/category\/megaproyectos\/"},"img":{"alt_text":"","src":"https:\/\/i0.wp.com\/www.grieta.org.mx\/wp-content\/uploads\/2020\/01\/El-plant%C3%B3n-de-San-Pedro-Apatlaco-fue-instalado-hace-m%C3%A1s-de-dos-a%C3%B1os-Archivo.jpg?resize=350%2C200","width":350,"height":200,"srcset":"https:\/\/i0.wp.com\/www.grieta.org.mx\/wp-content\/uploads\/2020\/01\/El-plant%C3%B3n-de-San-Pedro-Apatlaco-fue-instalado-hace-m%C3%A1s-de-dos-a%C3%B1os-Archivo.jpg?resize=350%2C200 1x, https:\/\/i0.wp.com\/www.grieta.org.mx\/wp-content\/uploads\/2020\/01\/El-plant%C3%B3n-de-San-Pedro-Apatlaco-fue-instalado-hace-m%C3%A1s-de-dos-a%C3%B1os-Archivo.jpg?resize=525%2C300 1.5x, https:\/\/i0.wp.com\/www.grieta.org.mx\/wp-content\/uploads\/2020\/01\/El-plant%C3%B3n-de-San-Pedro-Apatlaco-fue-instalado-hace-m%C3%A1s-de-dos-a%C3%B1os-Archivo.jpg?resize=700%2C400 2x"},"classes":[]},{"id":20842,"url":"http:\/\/www.grieta.org.mx\/index.php\/2016\/09\/04\/estancado-el-conflicto-por-el-acueducto-en-san-pedro-apatlaco-morelos\/","url_meta":{"origin":20103,"position":3},"title":"Estancado, el conflicto por el acueducto en San Pedro Apatlaco (MORELOS)","author":"grieta","date":"4 septiembre, 2016","format":false,"excerpt":"Mario Vega, Morelos. Despu\u00e9s de reunirse con funcionarios del Organismo de Cuenca Balsas (OCB) de la Comisi\u00f3n Nacional del Agua (Conagua), integrantes de la comisi\u00f3n de comisariados ejidales de la Asociaci\u00f3n de Usuarios del R\u00edo Cuautla (Asurco), se\u00f1alaron que sigue sin haber una soluci\u00f3n al conflicto que mantiene un plant\u00f3n\u2026","rel":"","context":"En &quot;CINTILLO&quot;","block_context":{"text":"CINTILLO","link":"http:\/\/www.grieta.org.mx\/index.php\/category\/cintillo\/"},"img":{"alt_text":"","src":"https:\/\/i0.wp.com\/www.grieta.org.mx\/wp-content\/uploads\/2018\/03\/14524434_1106112876131411_958039263622046936_o.jpg?resize=350%2C200","width":350,"height":200,"srcset":"https:\/\/i0.wp.com\/www.grieta.org.mx\/wp-content\/uploads\/2018\/03\/14524434_1106112876131411_958039263622046936_o.jpg?resize=350%2C200 1x, https:\/\/i0.wp.com\/www.grieta.org.mx\/wp-content\/uploads\/2018\/03\/14524434_1106112876131411_958039263622046936_o.jpg?resize=525%2C300 1.5x, https:\/\/i0.wp.com\/www.grieta.org.mx\/wp-content\/uploads\/2018\/03\/14524434_1106112876131411_958039263622046936_o.jpg?resize=700%2C400 2x"},"classes":[]},{"id":13209,"url":"http:\/\/www.grieta.org.mx\/index.php\/2016\/05\/27\/presion-de-autoridades-para-la-construccion-de-acueducto-del-proyecto-integral-morelos\/","url_meta":{"origin":20103,"position":4},"title":"Presi\u00f3n de autoridades para la construcci\u00f3n de acueducto del Proyecto Integral Morelos","author":"grieta","date":"27 mayo, 2016","format":false,"excerpt":"Gabriela Mart\u00ednez La Consejer\u00eda Jur\u00eddica del Ayuntamiento de Ayala, alista la defensa legal de la comuna, ante la demanda de la Comisi\u00f3n Federal de Electricidad (CFE) de otorgar la ampliaci\u00f3n de la licencia de construcci\u00f3n al acueducto en San Pedro Apatlaco. El permiso para la obra se entreg\u00f3 durante el\u2026","rel":"","context":"En &quot;CINTILLO&quot;","block_context":{"text":"CINTILLO","link":"http:\/\/www.grieta.org.mx\/index.php\/category\/cintillo\/"},"img":{"alt_text":"","src":"https:\/\/i0.wp.com\/www.grieta.org.mx\/wp-content\/uploads\/2018\/03\/14524434_1106112876131411_958039263622046936_o.jpg?resize=350%2C200","width":350,"height":200,"srcset":"https:\/\/i0.wp.com\/www.grieta.org.mx\/wp-content\/uploads\/2018\/03\/14524434_1106112876131411_958039263622046936_o.jpg?resize=350%2C200 1x, https:\/\/i0.wp.com\/www.grieta.org.mx\/wp-content\/uploads\/2018\/03\/14524434_1106112876131411_958039263622046936_o.jpg?resize=525%2C300 1.5x, https:\/\/i0.wp.com\/www.grieta.org.mx\/wp-content\/uploads\/2018\/03\/14524434_1106112876131411_958039263622046936_o.jpg?resize=700%2C400 2x"},"classes":[]},{"id":20845,"url":"http:\/\/www.grieta.org.mx\/index.php\/2016\/08\/31\/se-enfrentan-pobladores-y-antimotines-en-san-pedro-apatlaco-morelos\/","url_meta":{"origin":20103,"position":5},"title":"Se enfrentan pobladores y antimotines en San Pedro Apatlaco (MORELOS)","author":"grieta","date":"31 agosto, 2016","format":false,"excerpt":"Mario Vega, Morelos. Ayala.- Un grupo de habitantes del poblado de San Pedro Apatlaco del municipio de Ayala se enfrentaron este martes con elementos antimotines del Mando \u00danico, en las inmediaciones del puente que une a los municipios de Cuautla y Ciudad Ayala, lugar donde se construye el acueducto que\u2026","rel":"","context":"En &quot;CINTILLO&quot;","block_context":{"text":"CINTILLO","link":"http:\/\/www.grieta.org.mx\/index.php\/category\/cintillo\/"},"img":{"alt_text":"","src":"https:\/\/i0.wp.com\/www.grieta.org.mx\/wp-content\/uploads\/2018\/03\/14524434_1106112876131411_958039263622046936_o.jpg?resize=350%2C200","width":350,"height":200,"srcset":"https:\/\/i0.wp.com\/www.grieta.org.mx\/wp-content\/uploads\/2018\/03\/14524434_1106112876131411_958039263622046936_o.jpg?resize=350%2C200 1x, https:\/\/i0.wp.com\/www.grieta.org.mx\/wp-content\/uploads\/2018\/03\/14524434_1106112876131411_958039263622046936_o.jpg?resize=525%2C300 1.5x, https:\/\/i0.wp.com\/www.grieta.org.mx\/wp-content\/uploads\/2018\/03\/14524434_1106112876131411_958039263622046936_o.jpg?resize=700%2C400 2x"},"classes":[]}],"_links":{"self":[{"href":"http:\/\/www.grieta.org.mx\/index.php\/wp-json\/wp\/v2\/posts\/20103","targetHints":{"allow":["GET"]}}],"collection":[{"href":"http:\/\/www.grieta.org.mx\/index.php\/wp-json\/wp\/v2\/posts"}],"about":[{"href":"http:\/\/www.grieta.org.mx\/index.php\/wp-json\/wp\/v2\/types\/post"}],"author":[{"embeddable":true,"href":"http:\/\/www.grieta.org.mx\/index.php\/wp-json\/wp\/v2\/users\/2"}],"replies":[{"embeddable":true,"href":"http:\/\/www.grieta.org.mx\/index.php\/wp-json\/wp\/v2\/comments?post=20103"}],"version-history":[{"count":1,"href":"http:\/\/www.grieta.org.mx\/index.php\/wp-json\/wp\/v2\/posts\/20103\/revisions"}],"predecessor-version":[{"id":20104,"href":"http:\/\/www.grieta.org.mx\/index.php\/wp-json\/wp\/v2\/posts\/20103\/revisions\/20104"}],"wp:featuredmedia":[{"embeddable":true,"href":"http:\/\/www.grieta.org.mx\/index.php\/wp-json\/wp\/v2\/media\/21928"}],"wp:attachment":[{"href":"http:\/\/www.grieta.org.mx\/index.php\/wp-json\/wp\/v2\/media?parent=20103"}],"wp:term":[{"taxonomy":"category","embeddable":true,"href":"http:\/\/www.grieta.org.mx\/index.php\/wp-json\/wp\/v2\/categories?post=20103"},{"taxonomy":"post_tag","embeddable":true,"href":"http:\/\/www.grieta.org.mx\/index.php\/wp-json\/wp\/v2\/tags?post=20103"}],"curies":[{"name":"wp","href":"https:\/\/api.w.org\/{rel}","templated":true}]}}