{"id":2004,"date":"2016-01-21T19:52:29","date_gmt":"2016-01-21T19:52:29","guid":{"rendered":"http:\/\/50.22.11.12\/~grietaor\/?p=2004"},"modified":"2016-03-10T21:03:59","modified_gmt":"2016-03-10T21:03:59","slug":"exigen-justicia-para-chofer-asesinado-por-que-mandan-a-golpear-para-matar","status":"publish","type":"post","link":"http:\/\/www.grieta.org.mx\/index.php\/2016\/01\/21\/exigen-justicia-para-chofer-asesinado-por-que-mandan-a-golpear-para-matar\/","title":{"rendered":"Exigen justicia para chofer asesinado; \u201c\u00bfpor qu\u00e9 mandan a golpear para matar?\u201d"},"content":{"rendered":"<p>Colima, M\u00e9xico, Avanzada (21\/01\/2016).- En medio de un concierto de claxonazos, una caravana de unidades del servicio de transporte urbano acompa\u00f1\u00f3 al cementerio municipal a Ad\u00e1n G\u00f3mez Maga\u00f1a, el conductor asesinado en el contexto de la jornada electoral del domingo anterior.<\/p>\n<p>Familiares y amigos de la v\u00edctima exigieron que las autoridades estatales investiguen a fondo los hechos y se castigue a los responsables.<\/p>\n<p>Ad\u00e1n G\u00f3mez, quien conduc\u00eda la unidad 114 del transporte urbano de esta ciudad, fue atacado junto con varios de sus compa\u00f1eros la noche del s\u00e1bado por un grupo de encapuchados que portaban tubos y \u2018bats\u2019, quienes adem\u00e1s destruyeron vidrios de ocho unidades que portaban propaganda del candidato panista Jorge Luis Preciado.<\/p>\n<p>Tras resultar herido en la cabeza, el hombre de 59 a\u00f1os de edad fue atendido en la cl\u00ednica del Seguro Social de esta ciudad y por su estado cr\u00edtico al d\u00eda siguiente fue trasladado a un hospital de Guadalajara, Jalisco, donde muri\u00f3 la ma\u00f1ana del martes.<\/p>\n<p>Irene Rodr\u00edguez Maga\u00f1a, prima de Ad\u00e1n G\u00f3mez, dijo que \u00e9ste se convirti\u00f3 en una v\u00edctima inocente de las disputas de los partidos, pues \u201cera una persona tranquila, ajena a la pol\u00edtica, dedicada \u00fanicamente a su trabajo, con m\u00e1s de 30 a\u00f1os como chofer de ruta, que ya quer\u00eda empezar a tramitar su jubilaci\u00f3n del Seguro Social\u201d.<\/p>\n<p>Se\u00f1al\u00f3 que la exigencia de los familiares es que el gobierno investigue qu\u00e9 personas fueron las que perpetraron la agresi\u00f3n, \u201cindependientemente del partido que sean, que se haga justicia y que se castigue a esas personas cobardes involucradas en ese ataque reprobable\u201d.<\/p>\n<p>Rodr\u00edguez Maga\u00f1a consider\u00f3 que debe haber personas responsables de estos hechos que enviaron a los encapuchados a atacar a los ciudadanos.<\/p>\n<p>\u201cEs muy reprobable que est\u00e9n atentando contra las vidas de las personas como si fueran animales, estamos muy indignados por la situaci\u00f3n que se dio en estas elecciones, \u00bfpor qu\u00e9 mandan a golpear para matar?\u201d<\/p>\n<p>Record\u00f3 que Ad\u00e1n G\u00f3mez fue golpeado con tubos y bats cerca de la media noche del s\u00e1bado 16 cuando \u00e9l y otros compa\u00f1eros ayudaban a su patr\u00f3n a retirar la publicidad pol\u00edtica de los camiones, porque al d\u00eda siguiente se instalar\u00eda una casilla en esa calle.<\/p>\n<p>Por su parte, Ad\u00e1n Gu\u00edzar Garc\u00eda, quien dijo ser amigo del fallecido desde m\u00e1s de 20 a\u00f1os antes, calific\u00f3 su muerte como un hecho \u201cmuy aberrante\u201d, por lo que exigi\u00f3 que se haga justicia y que se castigue a los responsables con todo el peso de la ley.<\/p>\n<p>Se\u00f1al\u00f3 que el asunto no debe quedar impune, pues de lo contrario \u201csaldremos a manifestarnos a las calles\u201d.<\/p>\n<p>Gu\u00edzar Garc\u00eda demand\u00f3 que se haga justicia conforme a derecho y \u201cquien tenga que pagar las consecuencias, que las pague, que no se encubra a nadie, sea quien sea, porque hay autores materiales y tambi\u00e9n debe haber autores intelectuales que deben pagar por este asesinato\u201d.<\/p>\n<p><a href=\"http:\/\/www.diarioavanzada.com.mx\/index.php\/locales-movil\/16081-exigen-justicia-para-chofer-asesinado-por-que-mandan-a-golpear-para-matar\" target=\"_blank\">http:\/\/www.diarioavanzada.com.mx\/index.php\/locales-movil\/16081-exigen-justicia-para-chofer-asesinado-por-que-mandan-a-golpear-para-matar<\/a><\/p>\n","protected":false},"excerpt":{"rendered":"<p>Colima, M\u00e9xico, Avanzada (21\/01\/2016).- En medio de un concierto de claxonazos, una caravana de unidades del servicio de transporte urbano acompa\u00f1\u00f3 al cementerio municipal a Ad\u00e1n G\u00f3mez Maga\u00f1a, el conductor &hellip; <a href=\"http:\/\/www.grieta.org.mx\/index.php\/2016\/01\/21\/exigen-justicia-para-chofer-asesinado-por-que-mandan-a-golpear-para-matar\/\" class=\"more-link\">Leer m\u00e1s<\/a><\/p>\n","protected":false},"author":2,"featured_media":21928,"comment_status":"closed","ping_status":"open","sticky":false,"template":"","format":"standard","meta":{"ngg_post_thumbnail":0,"_jetpack_newsletter_access":"","_jetpack_dont_email_post_to_subs":false,"_jetpack_newsletter_tier_id":0,"_jetpack_memberships_contains_paywalled_content":false,"_jetpack_memberships_contains_paid_content":false,"footnotes":""},"categories":[80,108],"tags":[],"class_list":["post-2004","post","type-post","status-publish","format-standard","has-post-thumbnail","hentry","category-cintillo","category-colima","entry"],"jetpack_featured_media_url":"http:\/\/www.grieta.org.mx\/wp-content\/uploads\/2018\/03\/14524434_1106112876131411_958039263622046936_o.jpg","jetpack_sharing_enabled":true,"jetpack_shortlink":"https:\/\/wp.me\/p7ZJR4-wk","jetpack_likes_enabled":false,"jetpack-related-posts":[{"id":2009,"url":"http:\/\/www.grieta.org.mx\/index.php\/2016\/01\/20\/se-manifiestan-choferes-en-colima-por-muerte-de-companero\/","url_meta":{"origin":2004,"position":0},"title":"Se manifiestan Choferes en Colima, por muerte de compa\u00f1ero","author":"grieta","date":"20 enero, 2016","format":false,"excerpt":"Redacci\u00f3n Va de Nuez Choferes de taxis y camiones se reunieron despu\u00e9s de la noticia del fallecimiento del chofer Ad\u00e1n G\u00f3mez con 30 a\u00f1os de servicio en el transporte, quien perdi\u00f3 la vida debido a una agresi\u00f3n que sufri\u00f3 en la madrugada del pasado 17 de enero . Enrique Miramontes,\u2026","rel":"","context":"En &quot;CINTILLO&quot;","block_context":{"text":"CINTILLO","link":"http:\/\/www.grieta.org.mx\/index.php\/category\/cintillo\/"},"img":{"alt_text":"","src":"https:\/\/i0.wp.com\/www.grieta.org.mx\/wp-content\/uploads\/2018\/03\/14524434_1106112876131411_958039263622046936_o.jpg?resize=350%2C200","width":350,"height":200,"srcset":"https:\/\/i0.wp.com\/www.grieta.org.mx\/wp-content\/uploads\/2018\/03\/14524434_1106112876131411_958039263622046936_o.jpg?resize=350%2C200 1x, https:\/\/i0.wp.com\/www.grieta.org.mx\/wp-content\/uploads\/2018\/03\/14524434_1106112876131411_958039263622046936_o.jpg?resize=525%2C300 1.5x, https:\/\/i0.wp.com\/www.grieta.org.mx\/wp-content\/uploads\/2018\/03\/14524434_1106112876131411_958039263622046936_o.jpg?resize=700%2C400 2x"},"classes":[]},{"id":2007,"url":"http:\/\/www.grieta.org.mx\/index.php\/2016\/01\/20\/se-manifiestan-choferes-de-colima-por-el-asesinato-de-un-companero\/","url_meta":{"origin":2004,"position":1},"title":"Se manifiestan choferes de Colima por el asesinato de un compa\u00f1ero.","author":"grieta","date":"20 enero, 2016","format":false,"excerpt":"22\/01\/16. Exigen justicia para chofer asesinado;\u00a0\"\u00bfpor qu\u00e9 mandan a golpear para matar?\" Diario Avanzada 20\/01\/16. Se manifiestan Choferes en Colima, por muerte de compa\u00f1ero!Va de nuez","rel":"","context":"En &quot;Colima&quot;","block_context":{"text":"Colima","link":"http:\/\/www.grieta.org.mx\/index.php\/category\/noticias-nacionales\/colima\/"},"img":{"alt_text":"","src":"https:\/\/i0.wp.com\/www.grieta.org.mx\/wp-content\/uploads\/2018\/03\/14524434_1106112876131411_958039263622046936_o.jpg?resize=350%2C200","width":350,"height":200,"srcset":"https:\/\/i0.wp.com\/www.grieta.org.mx\/wp-content\/uploads\/2018\/03\/14524434_1106112876131411_958039263622046936_o.jpg?resize=350%2C200 1x, https:\/\/i0.wp.com\/www.grieta.org.mx\/wp-content\/uploads\/2018\/03\/14524434_1106112876131411_958039263622046936_o.jpg?resize=525%2C300 1.5x, https:\/\/i0.wp.com\/www.grieta.org.mx\/wp-content\/uploads\/2018\/03\/14524434_1106112876131411_958039263622046936_o.jpg?resize=700%2C400 2x"},"classes":[]},{"id":55994,"url":"http:\/\/www.grieta.org.mx\/index.php\/2020\/12\/19\/sin-recursos-para-apoyar-trabajos-de-busqueda-red-de-desaparecidos-colima\/","url_meta":{"origin":2004,"position":2},"title":"Sin recursos para apoyar trabajos de b\u00fasqueda: Red de Desaparecidos (Colima)","author":"grieta","date":"19 diciembre, 2020","format":false,"excerpt":"Foto: El Comentario C\u00e9sar Barreda V\u00e1zquez \/ El Comentario Integrantes de la\u00a0Red de Desaparecidos en Colima\u00a0acusaron a\u00a0Rosa Evelia P\u00e9rez Valdivia,\u00a0comisionada estatal\u00a0de B\u00fasqueda, de no haber gestionado oportunamente los recursos para los trabajos de b\u00fasqueda de desaparecidos, lo que\u00a0limit\u00f3 y\u00a0complic\u00f3 los trabajos\u00a0este a\u00f1o. Encabezados por\u00a0Mar\u00eda del Carmen Sep\u00falveda G\u00f3mez,\u00a0presidenta\u00a0de este colectivo,\u2026","rel":"","context":"En &quot;CINTILLO&quot;","block_context":{"text":"CINTILLO","link":"http:\/\/www.grieta.org.mx\/index.php\/category\/cintillo\/"},"img":{"alt_text":"","src":"https:\/\/i0.wp.com\/www.grieta.org.mx\/wp-content\/uploads\/2020\/12\/669244a6d4c7dbf83453fcbb3d545baf.jpg?resize=350%2C200","width":350,"height":200,"srcset":"https:\/\/i0.wp.com\/www.grieta.org.mx\/wp-content\/uploads\/2020\/12\/669244a6d4c7dbf83453fcbb3d545baf.jpg?resize=350%2C200 1x, https:\/\/i0.wp.com\/www.grieta.org.mx\/wp-content\/uploads\/2020\/12\/669244a6d4c7dbf83453fcbb3d545baf.jpg?resize=525%2C300 1.5x, https:\/\/i0.wp.com\/www.grieta.org.mx\/wp-content\/uploads\/2020\/12\/669244a6d4c7dbf83453fcbb3d545baf.jpg?resize=700%2C400 2x"},"classes":[]},{"id":64406,"url":"http:\/\/www.grieta.org.mx\/index.php\/2022\/06\/19\/exigen-poner-fin-a-desapariciones-colima\/","url_meta":{"origin":2004,"position":3},"title":"Exigen poner fin a desapariciones (Colima)","author":"grieta","date":"19 junio, 2022","format":false,"excerpt":"Imagen: Diario de Colima Martha de la Torre \/ El Diario de Colima Mientras contin\u00fae la inseguridad y la violencia, seguir\u00e1n desapareciendo personas en Colima y en todo el pa\u00eds, as\u00ed lo considera la presidenta de la Red de Desaparecidos de Colima, Carmen Sep\u00falveda G\u00f3mez. Explic\u00f3 que la apat\u00eda del\u2026","rel":"","context":"En &quot;CINTILLO&quot;","block_context":{"text":"CINTILLO","link":"http:\/\/www.grieta.org.mx\/index.php\/category\/cintillo\/"},"img":{"alt_text":"","src":"https:\/\/i0.wp.com\/www.grieta.org.mx\/wp-content\/uploads\/2022\/06\/fgfdgsdf.jpg?resize=350%2C200","width":350,"height":200,"srcset":"https:\/\/i0.wp.com\/www.grieta.org.mx\/wp-content\/uploads\/2022\/06\/fgfdgsdf.jpg?resize=350%2C200 1x, https:\/\/i0.wp.com\/www.grieta.org.mx\/wp-content\/uploads\/2022\/06\/fgfdgsdf.jpg?resize=525%2C300 1.5x, https:\/\/i0.wp.com\/www.grieta.org.mx\/wp-content\/uploads\/2022\/06\/fgfdgsdf.jpg?resize=700%2C400 2x"},"classes":[]},{"id":55620,"url":"http:\/\/www.grieta.org.mx\/index.php\/2020\/11\/30\/piden-destituir-a-la-titular-de-la-comision-de-busqueda-de-personas-del-estado-colima\/","url_meta":{"origin":2004,"position":4},"title":"Piden destituir a la titular de la Comisi\u00f3n de B\u00fasqueda de Personas del Estado (Colima)","author":"grieta","date":"30 noviembre, 2020","format":false,"excerpt":"Foto: Colima Noticias Alfredo Qu\u00edles \/ Colima Noticia Colima.- Debido a la falta de \u201capoyos\u201d a las familias de las personas desaparecidas, integrantes de la Red Estatal Desaparecidos en Colima pidieron la destituci\u00f3n la Titular de la Comisi\u00f3n de B\u00fasqueda de Personas de Colima, Rosa Evelia P\u00e9rez Valdivia, quien fuera\u2026","rel":"","context":"En &quot;CINTILLO&quot;","block_context":{"text":"CINTILLO","link":"http:\/\/www.grieta.org.mx\/index.php\/category\/cintillo\/"},"img":{"alt_text":"","src":"https:\/\/i0.wp.com\/www.grieta.org.mx\/wp-content\/uploads\/2020\/12\/personas-desaparecidas-696x284-1.png?resize=350%2C200","width":350,"height":200,"srcset":"https:\/\/i0.wp.com\/www.grieta.org.mx\/wp-content\/uploads\/2020\/12\/personas-desaparecidas-696x284-1.png?resize=350%2C200 1x, https:\/\/i0.wp.com\/www.grieta.org.mx\/wp-content\/uploads\/2020\/12\/personas-desaparecidas-696x284-1.png?resize=525%2C300 1.5x"},"classes":[]},{"id":57671,"url":"http:\/\/www.grieta.org.mx\/index.php\/2021\/03\/09\/protestan-grupos-de-feministas-en-manzanillo-colima\/","url_meta":{"origin":2004,"position":5},"title":"Protestan grupos de feministas en Manzanillo (Colima)","author":"grieta","date":"9 marzo, 2021","format":false,"excerpt":"Foto: Carlos Vald\u00e9z Ram\u00edrez Redacci\u00f3n \/ El Noticiero En el marco del D\u00eda Internacional de la Mujer, se registr\u00f3 en este puerto la marcha de mujeres que demandaban seguridad, aborto seguro y gratuito, freno a la violencia en su contra, entre otras demandas que portaban en una serie de pancartas\u2026","rel":"","context":"En &quot;CINTILLO&quot;","block_context":{"text":"CINTILLO","link":"http:\/\/www.grieta.org.mx\/index.php\/category\/cintillo\/"},"img":{"alt_text":"","src":"https:\/\/i0.wp.com\/www.grieta.org.mx\/wp-content\/uploads\/2021\/03\/a65db5_00d841800d904125a2dd826a1472c34f_mv2-1.jpeg?resize=350%2C200","width":350,"height":200,"srcset":"https:\/\/i0.wp.com\/www.grieta.org.mx\/wp-content\/uploads\/2021\/03\/a65db5_00d841800d904125a2dd826a1472c34f_mv2-1.jpeg?resize=350%2C200 1x, https:\/\/i0.wp.com\/www.grieta.org.mx\/wp-content\/uploads\/2021\/03\/a65db5_00d841800d904125a2dd826a1472c34f_mv2-1.jpeg?resize=525%2C300 1.5x, https:\/\/i0.wp.com\/www.grieta.org.mx\/wp-content\/uploads\/2021\/03\/a65db5_00d841800d904125a2dd826a1472c34f_mv2-1.jpeg?resize=700%2C400 2x"},"classes":[]}],"_links":{"self":[{"href":"http:\/\/www.grieta.org.mx\/index.php\/wp-json\/wp\/v2\/posts\/2004","targetHints":{"allow":["GET"]}}],"collection":[{"href":"http:\/\/www.grieta.org.mx\/index.php\/wp-json\/wp\/v2\/posts"}],"about":[{"href":"http:\/\/www.grieta.org.mx\/index.php\/wp-json\/wp\/v2\/types\/post"}],"author":[{"embeddable":true,"href":"http:\/\/www.grieta.org.mx\/index.php\/wp-json\/wp\/v2\/users\/2"}],"replies":[{"embeddable":true,"href":"http:\/\/www.grieta.org.mx\/index.php\/wp-json\/wp\/v2\/comments?post=2004"}],"version-history":[{"count":1,"href":"http:\/\/www.grieta.org.mx\/index.php\/wp-json\/wp\/v2\/posts\/2004\/revisions"}],"predecessor-version":[{"id":2049,"href":"http:\/\/www.grieta.org.mx\/index.php\/wp-json\/wp\/v2\/posts\/2004\/revisions\/2049"}],"wp:featuredmedia":[{"embeddable":true,"href":"http:\/\/www.grieta.org.mx\/index.php\/wp-json\/wp\/v2\/media\/21928"}],"wp:attachment":[{"href":"http:\/\/www.grieta.org.mx\/index.php\/wp-json\/wp\/v2\/media?parent=2004"}],"wp:term":[{"taxonomy":"category","embeddable":true,"href":"http:\/\/www.grieta.org.mx\/index.php\/wp-json\/wp\/v2\/categories?post=2004"},{"taxonomy":"post_tag","embeddable":true,"href":"http:\/\/www.grieta.org.mx\/index.php\/wp-json\/wp\/v2\/tags?post=2004"}],"curies":[{"name":"wp","href":"https:\/\/api.w.org\/{rel}","templated":true}]}}