{"id":20009,"date":"2016-08-17T03:01:08","date_gmt":"2016-08-17T08:01:08","guid":{"rendered":"http:\/\/www.grieta.org.mx\/?p=20009"},"modified":"2016-08-20T03:05:10","modified_gmt":"2016-08-20T08:05:10","slug":"cedh-emite-recomendacion-contra-ministeriales-torturadores-en-bc","status":"publish","type":"post","link":"http:\/\/www.grieta.org.mx\/index.php\/2016\/08\/17\/cedh-emite-recomendacion-contra-ministeriales-torturadores-en-bc\/","title":{"rendered":"CEDH emite recomendaci\u00f3n contra ministeriales torturadores en BC"},"content":{"rendered":"<p><img loading=\"lazy\" decoding=\"async\" data-attachment-id=\"20010\" data-permalink=\"http:\/\/www.grieta.org.mx\/index.php\/2016\/08\/17\/cedh-emite-recomendacion-contra-ministeriales-torturadores-en-bc\/policia-ministerial_2\/\" data-orig-file=\"http:\/\/www.grieta.org.mx\/wp-content\/uploads\/2016\/08\/policia-ministerial_2.jpg\" data-orig-size=\"660,440\" data-comments-opened=\"0\" data-image-meta=\"{&quot;aperture&quot;:&quot;0&quot;,&quot;credit&quot;:&quot;&quot;,&quot;camera&quot;:&quot;&quot;,&quot;caption&quot;:&quot;&quot;,&quot;created_timestamp&quot;:&quot;0&quot;,&quot;copyright&quot;:&quot;&quot;,&quot;focal_length&quot;:&quot;0&quot;,&quot;iso&quot;:&quot;0&quot;,&quot;shutter_speed&quot;:&quot;0&quot;,&quot;title&quot;:&quot;&quot;,&quot;orientation&quot;:&quot;0&quot;}\" data-image-title=\"policia-ministerial_2\" data-image-description=\"\" data-image-caption=\"\" data-medium-file=\"http:\/\/www.grieta.org.mx\/wp-content\/uploads\/2016\/08\/policia-ministerial_2-300x200.jpg\" data-large-file=\"http:\/\/www.grieta.org.mx\/wp-content\/uploads\/2016\/08\/policia-ministerial_2.jpg\" src=\"http:\/\/www.grieta.org.mx\/wp-content\/uploads\/2016\/08\/policia-ministerial_2.jpg\" alt=\"policia-ministerial_2\" width=\"660\" height=\"440\" class=\"aligncenter size-full wp-image-20010\" srcset=\"http:\/\/www.grieta.org.mx\/wp-content\/uploads\/2016\/08\/policia-ministerial_2.jpg 660w, http:\/\/www.grieta.org.mx\/wp-content\/uploads\/2016\/08\/policia-ministerial_2-300x200.jpg 300w\" sizes=\"auto, (max-width: 660px) 100vw, 660px\" \/><\/p>\n<p>POR<br \/>\nANTONIO HERAS<br \/>\nTijuana, 17 de agosto.- Polic\u00edas ministeriales aplicaron toques el\u00e9ctricos en genitales de dos hombres a quienes golpearon y trataron de asfixiar con bolsas de pl\u00e1stico, para obligarlos a declararse culpables del delito de robo de veh\u00edculo, cuando se encontraban en la Procuradur\u00eda de Justicia de Baja California (PGJE).<\/p>\n<p>La Comisi\u00f3n Estatal de Derechos Humanos emiti\u00f3 contra seis polic\u00edas ministeriales y un agente del Ministerio P\u00fablico, la recomendaci\u00f3n 9\/2016 a la PGJE, por actos de \u201ctortura\u201d, violar los derechos a la integridad y seguridad personal.<\/p>\n<p><a href=\"http:\/\/jornadabc.mx\/tijuana\/17-08-2016\/cedh-emite-recomendacion-contra-ministeriales-torturadores-en-bc\" target=\"_blank\">http:\/\/jornadabc.mx\/tijuana\/17-08-2016\/cedh-emite-recomendacion-contra-ministeriales-torturadores-en-bc<\/a><\/p>\n","protected":false},"excerpt":{"rendered":"<p>POR ANTONIO HERAS Tijuana, 17 de agosto.- Polic\u00edas ministeriales aplicaron toques el\u00e9ctricos en genitales de dos hombres a quienes golpearon y trataron de asfixiar con bolsas de pl\u00e1stico, para obligarlos &hellip; <a href=\"http:\/\/www.grieta.org.mx\/index.php\/2016\/08\/17\/cedh-emite-recomendacion-contra-ministeriales-torturadores-en-bc\/\" class=\"more-link\">Leer m\u00e1s<\/a><\/p>\n","protected":false},"author":2,"featured_media":21928,"comment_status":"closed","ping_status":"closed","sticky":false,"template":"","format":"standard","meta":{"ngg_post_thumbnail":0,"_jetpack_newsletter_access":"","_jetpack_dont_email_post_to_subs":false,"_jetpack_newsletter_tier_id":0,"_jetpack_memberships_contains_paywalled_content":false,"_jetpack_memberships_contains_paid_content":false,"footnotes":""},"categories":[80],"tags":[325],"class_list":["post-20009","post","type-post","status-publish","format-standard","has-post-thumbnail","hentry","category-cintillo","tag-tortura","entry"],"jetpack_featured_media_url":"http:\/\/www.grieta.org.mx\/wp-content\/uploads\/2018\/03\/14524434_1106112876131411_958039263622046936_o.jpg","jetpack_sharing_enabled":true,"jetpack_shortlink":"https:\/\/wp.me\/p7ZJR4-5cJ","jetpack_likes_enabled":false,"jetpack-related-posts":[{"id":6913,"url":"http:\/\/www.grieta.org.mx\/index.php\/2016\/08\/17\/tortura-en-baja-california\/","url_meta":{"origin":20009,"position":0},"title":"Abuso polic\u00edaco y tortura en Baja California","author":"grieta","date":"17 agosto, 2016","format":false,"excerpt":"17\/08\/16. CEDH emite recomendaci\u00f3n contra ministeriales torturadores en BC La Jornada Baja California 06\/08\/16. Pese al NSJP contin\u00faan pr\u00e1cticas de tortura: CEDH BC Unimexicali 06\/08\/16. Recomienda CEDH al Ayuntamiento por muerte de un hombre La Jornada Baja California 14\/07\/16. Casi 50 quejas contra tortura de polic\u00edas de BC en lo\u2026","rel":"","context":"En &quot;Baja California&quot;","block_context":{"text":"Baja California","link":"http:\/\/www.grieta.org.mx\/index.php\/category\/noticias-nacionales\/baja-california\/"},"img":{"alt_text":"","src":"https:\/\/i0.wp.com\/www.grieta.org.mx\/wp-content\/uploads\/2018\/03\/14524434_1106112876131411_958039263622046936_o.jpg?resize=350%2C200","width":350,"height":200,"srcset":"https:\/\/i0.wp.com\/www.grieta.org.mx\/wp-content\/uploads\/2018\/03\/14524434_1106112876131411_958039263622046936_o.jpg?resize=350%2C200 1x, https:\/\/i0.wp.com\/www.grieta.org.mx\/wp-content\/uploads\/2018\/03\/14524434_1106112876131411_958039263622046936_o.jpg?resize=525%2C300 1.5x, https:\/\/i0.wp.com\/www.grieta.org.mx\/wp-content\/uploads\/2018\/03\/14524434_1106112876131411_958039263622046936_o.jpg?resize=700%2C400 2x"},"classes":[]},{"id":20014,"url":"http:\/\/www.grieta.org.mx\/index.php\/2016\/07\/14\/casi-50-quejas-contra-tortura-de-policias-de-bc-en-lo-que-va-del-ano-cedh\/","url_meta":{"origin":20009,"position":1},"title":"Casi 50 quejas contra tortura de polic\u00edas de BC en lo que va del a\u00f1o: CEDH","author":"grieta","date":"14 julio, 2016","format":false,"excerpt":"POR ANTONIO HERAS Mexicali, 14 de julio.- Medio centenar de quejas por tortura y 17 por tratos crueles, degradantes o inhumanos se registraron en Baja California durante el primer semestre de 2016, la mayor\u00eda de ellas por hechos cometidos en Tijuana, de acuerdo a la Comisi\u00f3n Estatal de Derechos Humanos\u2026","rel":"","context":"En &quot;CINTILLO&quot;","block_context":{"text":"CINTILLO","link":"http:\/\/www.grieta.org.mx\/index.php\/category\/cintillo\/"},"img":{"alt_text":"","src":"https:\/\/i0.wp.com\/www.grieta.org.mx\/wp-content\/uploads\/2018\/03\/14524434_1106112876131411_958039263622046936_o.jpg?resize=350%2C200","width":350,"height":200,"srcset":"https:\/\/i0.wp.com\/www.grieta.org.mx\/wp-content\/uploads\/2018\/03\/14524434_1106112876131411_958039263622046936_o.jpg?resize=350%2C200 1x, https:\/\/i0.wp.com\/www.grieta.org.mx\/wp-content\/uploads\/2018\/03\/14524434_1106112876131411_958039263622046936_o.jpg?resize=525%2C300 1.5x, https:\/\/i0.wp.com\/www.grieta.org.mx\/wp-content\/uploads\/2018\/03\/14524434_1106112876131411_958039263622046936_o.jpg?resize=700%2C400 2x"},"classes":[]},{"id":20365,"url":"http:\/\/www.grieta.org.mx\/index.php\/2016\/08\/06\/pese-al-nsjp-continuan-practicas-de-tortura-cedh-bc\/","url_meta":{"origin":20009,"position":2},"title":"Pese al NSJP contin\u00faan pr\u00e1cticas de tortura: CEDH BC","author":"grieta","date":"6 agosto, 2016","format":false,"excerpt":"Por: Santiago Flores. TIJUANA, B. C..- A escasos dos meses de la entrada en vigor del Nuevo Sistema de Justicia Penal en Tijuana, las autoridades ministeriales de Baja California, mantienen las pr\u00e1cticas que a lo largo del a\u00f1o generaron 96 expedientes de queja contra servidores p\u00fablicos adscritos a la Procuradur\u00eda\u2026","rel":"","context":"En &quot;CINTILLO&quot;","block_context":{"text":"CINTILLO","link":"http:\/\/www.grieta.org.mx\/index.php\/category\/cintillo\/"},"img":{"alt_text":"","src":"https:\/\/i0.wp.com\/www.grieta.org.mx\/wp-content\/uploads\/2018\/03\/14524434_1106112876131411_958039263622046936_o.jpg?resize=350%2C200","width":350,"height":200,"srcset":"https:\/\/i0.wp.com\/www.grieta.org.mx\/wp-content\/uploads\/2018\/03\/14524434_1106112876131411_958039263622046936_o.jpg?resize=350%2C200 1x, https:\/\/i0.wp.com\/www.grieta.org.mx\/wp-content\/uploads\/2018\/03\/14524434_1106112876131411_958039263622046936_o.jpg?resize=525%2C300 1.5x, https:\/\/i0.wp.com\/www.grieta.org.mx\/wp-content\/uploads\/2018\/03\/14524434_1106112876131411_958039263622046936_o.jpg?resize=700%2C400 2x"},"classes":[]},{"id":6924,"url":"http:\/\/www.grieta.org.mx\/index.php\/2015\/11\/12\/se-disparan-mas-de-700-por-ciento-quejas-por-tortura-en-bc\/","url_meta":{"origin":20009,"position":3},"title":"Se disparan m\u00e1s de 700 por ciento quejas por tortura en BC","author":"grieta","date":"12 noviembre, 2015","format":false,"excerpt":"Gabriela Mart\u00ednez, Tijuana, B.C. En solo nueve meses, de enero a septiembre de 2015, las quejas por tortura y tratos crueles e inhumanos o degradantes se dispararon 712 por ciento en Baja California, y lo cuestionable: las corporaciones se\u00f1aladas se niegan a reconocer cabalmente las recomendaciones de la Comisi\u00f3n Estatal\u2026","rel":"","context":"En &quot;CINTILLO&quot;","block_context":{"text":"CINTILLO","link":"http:\/\/www.grieta.org.mx\/index.php\/category\/cintillo\/"},"img":{"alt_text":"","src":"https:\/\/i0.wp.com\/www.grieta.org.mx\/wp-content\/uploads\/2018\/03\/14524434_1106112876131411_958039263622046936_o.jpg?resize=350%2C200","width":350,"height":200,"srcset":"https:\/\/i0.wp.com\/www.grieta.org.mx\/wp-content\/uploads\/2018\/03\/14524434_1106112876131411_958039263622046936_o.jpg?resize=350%2C200 1x, https:\/\/i0.wp.com\/www.grieta.org.mx\/wp-content\/uploads\/2018\/03\/14524434_1106112876131411_958039263622046936_o.jpg?resize=525%2C300 1.5x, https:\/\/i0.wp.com\/www.grieta.org.mx\/wp-content\/uploads\/2018\/03\/14524434_1106112876131411_958039263622046936_o.jpg?resize=700%2C400 2x"},"classes":[]},{"id":6915,"url":"http:\/\/www.grieta.org.mx\/index.php\/2016\/02\/01\/por-violacion-acusan-a-policias-antisecuestros\/","url_meta":{"origin":20009,"position":4},"title":"Por violaci\u00f3n, acusan a polic\u00edas antisecuestros","author":"grieta","date":"1 febrero, 2016","format":false,"excerpt":"Gabriela Mart\u00ednez, Tijuana, B.C. Acostada boca abajo y con esposas met\u00e1licas en las manos, Alicia ruega entre llanto que la dejen en paz. La ignora el grupo de agentes ministeriales que est\u00e1 con ella; le arrancan el pantal\u00f3n y luego le alzan la blusa, su ropa interior queda en sus\u2026","rel":"","context":"En &quot;CINTILLO&quot;","block_context":{"text":"CINTILLO","link":"http:\/\/www.grieta.org.mx\/index.php\/category\/cintillo\/"},"img":{"alt_text":"","src":"https:\/\/i0.wp.com\/www.grieta.org.mx\/wp-content\/uploads\/2018\/03\/14524434_1106112876131411_958039263622046936_o.jpg?resize=350%2C200","width":350,"height":200,"srcset":"https:\/\/i0.wp.com\/www.grieta.org.mx\/wp-content\/uploads\/2018\/03\/14524434_1106112876131411_958039263622046936_o.jpg?resize=350%2C200 1x, https:\/\/i0.wp.com\/www.grieta.org.mx\/wp-content\/uploads\/2018\/03\/14524434_1106112876131411_958039263622046936_o.jpg?resize=525%2C300 1.5x, https:\/\/i0.wp.com\/www.grieta.org.mx\/wp-content\/uploads\/2018\/03\/14524434_1106112876131411_958039263622046936_o.jpg?resize=700%2C400 2x"},"classes":[]},{"id":29261,"url":"http:\/\/www.grieta.org.mx\/index.php\/2019\/02\/10\/la-cndh-advierte-violaciones-graves-de-la-procuraduria-de-aguascalientes\/","url_meta":{"origin":20009,"position":5},"title":"La CNDH advierte violaciones graves de la procuradur\u00eda de Aguascalientes","author":"grieta","date":"10 febrero, 2019","format":false,"excerpt":"Redacci\u00f3n\/ADN pol\u00edtico. La CNDH acredit\u00f3 que, de 2011 a 2012, agentes de la instituci\u00f3n realizaron torturas y detenciones arbitrarias contra decenas de personas. Por ello, emiti\u00f3 una recomendaci\u00f3n por violaciones graves. CIUDAD DE M\u00c9XICO (ADNPol\u00edtico).- La Comisi\u00f3n Nacional de los Derechos Humanos (CNDH) emiti\u00f3 una recomendaci\u00f3n por violaciones graves por\u2026","rel":"","context":"En &quot;Abuso policiaco y tortura en Aguascalientes&quot;","block_context":{"text":"Abuso policiaco y tortura en Aguascalientes","link":"http:\/\/www.grieta.org.mx\/index.php\/category\/noticias-nacionales\/aguascalientes\/tortura-en-aguascalientes\/"},"img":{"alt_text":"","src":"https:\/\/i0.wp.com\/www.grieta.org.mx\/wp-content\/uploads\/2019\/02\/descarga.jpg?resize=350%2C200","width":350,"height":200,"srcset":"https:\/\/i0.wp.com\/www.grieta.org.mx\/wp-content\/uploads\/2019\/02\/descarga.jpg?resize=350%2C200 1x, https:\/\/i0.wp.com\/www.grieta.org.mx\/wp-content\/uploads\/2019\/02\/descarga.jpg?resize=525%2C300 1.5x, https:\/\/i0.wp.com\/www.grieta.org.mx\/wp-content\/uploads\/2019\/02\/descarga.jpg?resize=700%2C400 2x"},"classes":[]}],"_links":{"self":[{"href":"http:\/\/www.grieta.org.mx\/index.php\/wp-json\/wp\/v2\/posts\/20009","targetHints":{"allow":["GET"]}}],"collection":[{"href":"http:\/\/www.grieta.org.mx\/index.php\/wp-json\/wp\/v2\/posts"}],"about":[{"href":"http:\/\/www.grieta.org.mx\/index.php\/wp-json\/wp\/v2\/types\/post"}],"author":[{"embeddable":true,"href":"http:\/\/www.grieta.org.mx\/index.php\/wp-json\/wp\/v2\/users\/2"}],"replies":[{"embeddable":true,"href":"http:\/\/www.grieta.org.mx\/index.php\/wp-json\/wp\/v2\/comments?post=20009"}],"version-history":[{"count":1,"href":"http:\/\/www.grieta.org.mx\/index.php\/wp-json\/wp\/v2\/posts\/20009\/revisions"}],"predecessor-version":[{"id":20012,"href":"http:\/\/www.grieta.org.mx\/index.php\/wp-json\/wp\/v2\/posts\/20009\/revisions\/20012"}],"wp:featuredmedia":[{"embeddable":true,"href":"http:\/\/www.grieta.org.mx\/index.php\/wp-json\/wp\/v2\/media\/21928"}],"wp:attachment":[{"href":"http:\/\/www.grieta.org.mx\/index.php\/wp-json\/wp\/v2\/media?parent=20009"}],"wp:term":[{"taxonomy":"category","embeddable":true,"href":"http:\/\/www.grieta.org.mx\/index.php\/wp-json\/wp\/v2\/categories?post=20009"},{"taxonomy":"post_tag","embeddable":true,"href":"http:\/\/www.grieta.org.mx\/index.php\/wp-json\/wp\/v2\/tags?post=20009"}],"curies":[{"name":"wp","href":"https:\/\/api.w.org\/{rel}","templated":true}]}}