{"id":19718,"date":"2016-08-14T17:37:50","date_gmt":"2016-08-14T22:37:50","guid":{"rendered":"http:\/\/www.grieta.org.mx\/?p=19718"},"modified":"2016-08-16T17:43:13","modified_gmt":"2016-08-16T22:43:13","slug":"ildefonso-zamora-esta-libre-pero-la-corrupcion-e-intereses-acosan-a-activistas-en-mexico-denuncian","status":"publish","type":"post","link":"http:\/\/www.grieta.org.mx\/index.php\/2016\/08\/14\/ildefonso-zamora-esta-libre-pero-la-corrupcion-e-intereses-acosan-a-activistas-en-mexico-denuncian\/","title":{"rendered":"Ildefonso Zamora est\u00e1 libre, pero la corrupci\u00f3n e intereses acosan a activistas en M\u00e9xico, denuncian"},"content":{"rendered":"<p>Ivette Lira<\/p>\n<p>Tenancingo, Estado de M\u00e9xico, 14 de agosto (SinEmbargo).\u2013 L\u00e1grimas de alegr\u00eda. Abrazos y palabras de agradecimiento. Familia y felicidad. As\u00ed se ve la libertad despu\u00e9s de nueve meses en la oscuridad, bajo la sombra de una peque\u00f1a celda.<\/p>\n<p>Es 12 de agosto, son las 7:58 de la noche e Ildefonso Zamora Baldomero, el llamado defensor de los bosques, abre bien los ojos, su rostro se ilumina y mira con asombro \u2013como un ni\u00f1o que por primera vez se encuentra con su madre\u2013 la oscuridad del cielo y las sonrisas dibujadas y enmarcadas en las mejillas h\u00famedas del llanto que provoca la dicha en sus seres queridos.<\/p>\n<p>Ni\u00f1os, mujeres y hombres lo abrazan, le susurran su sentir al o\u00eddo. Agradece p\u00fablicamente a su familia, a las organizaciones que le dieron acompa\u00f1amiento moral y legal durante el proceso y a las m\u00e1s de 47 mil personas que a trav\u00e9s de redes sociales presionaron al Gobernador Eruviel \u00c1vila Villegas y al Presidente Enrique Pe\u00f1a Nieto para que actuaran con justicia y lo pusieran en libertad.<\/p>\n<p>Emocionados, los activistas de Greenpeace, Amnist\u00eda Internacional y el Centro de Derechos Humanos Miguel Agust\u00edn Pro Ju\u00e1rez (Centro Prodh) gritan el lema que portan en sus playeras negras con letras blancas, y lo hacen victoriosos: \u201cIldefonso libre\u201d.<\/p>\n<p><img loading=\"lazy\" decoding=\"async\" src=\"http:\/\/www.sinembargo.mx\/wp-content\/uploads\/2016\/08\/14012667_10209825705420648_626329998_o-1.jpg\" width=\"700\" height=\"525\" class=\"alignnone\" \/><br \/>\nUn cuerpo delgado, pero fuerte. Una sonrisa breve, pero sincera. Una noche fr\u00eda, pero de fiesta. Foto: Ivette Lira, SinEmbargo.<\/p>\n<p>Es tiempo de dejar atr\u00e1s los 266 d\u00edas de impotencia, de tristeza y coraje. Son ya las 8:19 de esa noche. Es hora de partir rumbo al festejo con m\u00fasica de banda, una fogata para ahuyentar el fr\u00edo, un par de tequilas y cervezas, tlacoyos reci\u00e9n hechos, alb\u00f3ndigas en salsa verde, t\u00e9 de lim\u00f3n y caf\u00e9 de olla, alimentos que sus vecinas prepararon improvisadamente nom\u00e1s al confirmarse la buena noticia.<\/p>\n<p>Las m\u00e1s de 40 personas que se dieron cita a las afueras del Palacio Municipal de Tenancingo, que se encuentra a un costado del centro de reclusi\u00f3n, se dispersan para emprender un viaje a ratos por carretera, otros por pueblos donde ir\u00f3nicamente hay una antena de Telcel pero es imposible enviar un mensaje o hacer una llamada desde un m\u00f3vil de esa compa\u00f1\u00eda.<\/p>\n<p>Transcurre poco m\u00e1s de una hora y una peque\u00f1a banda musical entona \u201cLas ma\u00f1anitas\u201d para \u201cel t\u00edo Poncho\u201d \u2013como de cari\u00f1o le apodaron algunos reclusos del Centro de Readaptaci\u00f3n Social de Tetancingo\u2013. Lo hacen en la calle Libertad, la que vio crecer a los cinco hijos de Ildefonso: X\u00f3chitl, Misael, Esther, Rosario y Aldo, quien fue asesinado el 15 de mayo de 2007, sin que hasta ahora se haya hecho justicia. Ese fue el primer golpe de dolor, pero tambi\u00e9n de conciencia para defender los bosques con todo.<\/p>\n<p>\u201cEsto [el encarcelamiento] no me hace claudicar. Esto no me vence. Esto despierta en m\u00ed m\u00e1s \u00edmpetu de seguir luchando, de seguir al frente. Fueron noches, d\u00edas de preocupaci\u00f3n, de l\u00e1grimas. No dur\u00f3 tanto tiempo, pero s\u00ed nueve meses esta pesadilla\u201d, dice a trav\u00e9s de un micr\u00f3fono, con la voz entrecortada, a los familiares, amigos y activistas que celebran la victoria a su lado.<\/p>\n<p>Es noche de celebraci\u00f3n para los Zamora, sus vecinos y amigos, quienes tantas veces lloraron de desesperaci\u00f3n, ahora brindan una y otra vez por la libertad, por la vida, por la salud. Es media noche y la gente comienza a despedirse. Para don Ildefonso es momento de descansar en su cama y ya no m\u00e1s en el piso o en una base de piedra, con una cobija y 14 reos m\u00e1s.<\/p>\n<p>Teresa Baldomero Aguilar, madre de don Ildefonso, ha llorado mucho de alegr\u00eda en las \u00faltimas horas.<\/p>\n<p>\u201cEstoy contenta porque mi hijo ya est\u00e1 aqu\u00ed. Todo era muy triste sin \u00e9l\u201d, comenta entre sollozos.<\/p>\n<p>Misael Zamora, hijo del defensor tlahuica, es conciso y plantea el siguiente paso.<\/p>\n<p>\u201cYa logramos la libertad, ahora queremos justicia. No se vale que mi padre haya estado encerrado tantos meses sin deberla. Queremos una disculpa y la reparaci\u00f3n del da\u00f1o\u201d.<\/p>\n<p>Desde que su padre fue encarcelado, el pasado 20 de noviembre de 2015, Misael, sobreviviente durante el ataque que cobr\u00f3 la vida de su hermano mayor, acus\u00f3 que las autoridades locales de San Juan Atzingo, con el apoyo del Gobernador Eruviel \u00c1vila Villegas, se confabularon para detener al activista.<\/p>\n<p>Mar\u00eda Col\u00edn Olmos, representante legal de Greenpeace M\u00e9xico, advierte que \u201cexiste la posibilidad de que sigan acos\u00e1ndolos, lamentablemente la situaci\u00f3n no ha quedado aqu\u00ed, la amenaza se cierne sobre ellos\u201d.<\/p>\n<p>Don Ildefonso cuenta que previo a su detenci\u00f3n, desde camionetas que transitaban a las afueras de su hogar, lanzaban botellas de vidrio y en alguna ocasi\u00f3n tambi\u00e9n detonaban armas de fuego.<\/p>\n<p>La abogada y activista se\u00f1ala que muchos de los perpetradores de criminalizaci\u00f3n contra activistas \u201clo hacen en un ambiente de corrupci\u00f3n e impunidad extendida y el 40 por ciento de las personas afectadas pertenecen a comunidades ind\u00edgenas, ya que son quienes m\u00e1s defienden los recursos naturales.<\/p>\n<p>El caso de don Ildefonso, expuso, \u201ces totalmente un caso de criminalizaci\u00f3n por parte del Estado, ya que \u00e9l pertenece a una comunidad ind\u00edgena: la tlahuica\u201d.<\/p>\n<p>Y recuerda: \u201c(Ildefonso) es una persona que desde los a\u00f1os 90\u2019s est\u00e1 defendiendo sus bosques, claramente se encuentra en un contexto en el cual los talamontes est\u00e1n ligados con polic\u00edas porque los escudan. Es imposible ejercer esta tala sin que la autoridad contribuya con casos de corrupci\u00f3n\u201d, asegur\u00f3.<\/p>\n<p>Por ello, la representante legal de la ONG internacional lament\u00f3 que los casos de criminalizaci\u00f3n de los defensores del medio ambiente y derechos humanos en el pa\u00eds sean una constante.<\/p>\n<p>\u201cAs\u00ed como Ildefonso hay distintos casos: los propios yaquis y Bettina Cruz, de los pueblos juchitecos en contra de la instalaci\u00f3n de grandes empresas e\u00f3licas. Es un patr\u00f3n que a lo largo y ancho del pa\u00eds se est\u00e1 repitiendo. La impunidad y la corrupci\u00f3n est\u00e1n siendo una constante\u201d, denunci\u00f3.<br \/>\nDe igual manera, subray\u00f3, \u201cse est\u00e1 utilizando el aparato de Estado para proteger los proyectos estrat\u00e9gicos del Gobierno, de grandes inversiones. Las autoridades est\u00e1n avalando estas inversiones a\u00fan con lo que conllevan, que son violaciones a derechos humanos\u201d.<\/p>\n<p>Las recomendaciones para el Gobierno federal van en el sentido de \u201cponer fin a la impunidad de estos ataques. Cesar los ataques contra defensores y defensoras de derechos humanos. Crear ambientes propicios para que puedan desarrollar su labor. Terminar con el esquema de impunidad y corrupci\u00f3n que se visualiza en estos casos\u201d, dijo.<\/p>\n<p>Fueron 266 d\u00edas los que Ildefonso estuvo en la c\u00e1rcel. Hoy los Zamora est\u00e1n de fiesta, pero el hambre y la sed de justicia no se acaba.<\/p>\n<p><a href=\"http:\/\/www.sinembargo.mx\/14-08-2016\/3079913\" target=\"_blank\">http:\/\/www.sinembargo.mx\/14-08-2016\/3079913<\/a><\/p>\n","protected":false},"excerpt":{"rendered":"<p>Ivette Lira Tenancingo, Estado de M\u00e9xico, 14 de agosto (SinEmbargo).\u2013 L\u00e1grimas de alegr\u00eda. Abrazos y palabras de agradecimiento. Familia y felicidad. As\u00ed se ve la libertad despu\u00e9s de nueve meses &hellip; <a href=\"http:\/\/www.grieta.org.mx\/index.php\/2016\/08\/14\/ildefonso-zamora-esta-libre-pero-la-corrupcion-e-intereses-acosan-a-activistas-en-mexico-denuncian\/\" class=\"more-link\">Leer m\u00e1s<\/a><\/p>\n","protected":false},"author":2,"featured_media":21928,"comment_status":"closed","ping_status":"closed","sticky":false,"template":"","format":"standard","meta":{"ngg_post_thumbnail":0,"_jetpack_newsletter_access":"","_jetpack_dont_email_post_to_subs":false,"_jetpack_newsletter_tier_id":0,"_jetpack_memberships_contains_paywalled_content":false,"_jetpack_memberships_contains_paid_content":false,"footnotes":""},"categories":[80],"tags":[92,131],"class_list":["post-19718","post","type-post","status-publish","format-standard","has-post-thumbnail","hentry","category-cintillo","tag-estado-de-mexico","tag-presos-politicos","entry"],"jetpack_featured_media_url":"http:\/\/www.grieta.org.mx\/wp-content\/uploads\/2018\/03\/14524434_1106112876131411_958039263622046936_o.jpg","jetpack_sharing_enabled":true,"jetpack_shortlink":"https:\/\/wp.me\/p7ZJR4-582","jetpack_likes_enabled":false,"jetpack-related-posts":[{"id":5186,"url":"http:\/\/www.grieta.org.mx\/index.php\/2016\/03\/22\/en-dia-de-los-bosques-ildefonso-zamora-cumple-4-meses-en-prision\/","url_meta":{"origin":19718,"position":0},"title":"En D\u00eda de los Bosques, Ildefonso Zamora cumple 4 meses en prisi\u00f3n","author":"grieta","date":"22 marzo, 2016","format":false,"excerpt":"CIUDAD DE MEXICO, D.F. 21 de marzo del 2016.- La agrupaci\u00f3n ambientalista Greenpeace se\u00f1al\u00f3 que el l\u00edder ind\u00edgena tlahuica y defensor de los bosques mexicanos, Ildefonso Zamora, cumpli\u00f3 este 20 de marzo, cuatro meses en prisi\u00f3n, luego de que las autoridades del Estado de M\u00e9xico le fabricaran cargos de robo,\u2026","rel":"","context":"En &quot;CINTILLO&quot;","block_context":{"text":"CINTILLO","link":"http:\/\/www.grieta.org.mx\/index.php\/category\/cintillo\/"},"img":{"alt_text":"","src":"https:\/\/i0.wp.com\/www.grieta.org.mx\/wp-content\/uploads\/2018\/03\/14524434_1106112876131411_958039263622046936_o.jpg?resize=350%2C200","width":350,"height":200,"srcset":"https:\/\/i0.wp.com\/www.grieta.org.mx\/wp-content\/uploads\/2018\/03\/14524434_1106112876131411_958039263622046936_o.jpg?resize=350%2C200 1x, https:\/\/i0.wp.com\/www.grieta.org.mx\/wp-content\/uploads\/2018\/03\/14524434_1106112876131411_958039263622046936_o.jpg?resize=525%2C300 1.5x, https:\/\/i0.wp.com\/www.grieta.org.mx\/wp-content\/uploads\/2018\/03\/14524434_1106112876131411_958039263622046936_o.jpg?resize=700%2C400 2x"},"classes":[]},{"id":5196,"url":"http:\/\/www.grieta.org.mx\/index.php\/2016\/08\/14\/encarcelan-a-ecologista-por-defender-el-bosque-en-san-juan-atzingo\/","url_meta":{"origin":19718,"position":1},"title":"Encarcelan a ecologista por defender el bosque en San Juan Atzingo","author":"grieta","date":"14 agosto, 2016","format":false,"excerpt":"14\/08\/16. Ildefonso Zamora est\u00e1 libre, pero la corrupci\u00f3n e intereses acosan a activistas en M\u00e9xico, denuncianSin Embargo 16\/06\/16. Ildefonso Zamora podr\u00eda obtener su libertad en los pr\u00f3ximos d\u00edasSomos el Medio 13\/05\/16. Lo \u00fanico que podr\u00eda frenar libertad de Ildefonso Zamora es el autoritarismo de Eruviel \u00c1vila: hijoRevoluci\u00f3n 3.0 09\/05\/16. \u201cDetr\u00e1s\u2026","rel":"","context":"En &quot;Estado de M\u00e9xico&quot;","block_context":{"text":"Estado de M\u00e9xico","link":"http:\/\/www.grieta.org.mx\/index.php\/category\/noticias-nacionales\/estado-de-mexico\/"},"img":{"alt_text":"","src":"https:\/\/i0.wp.com\/www.grieta.org.mx\/wp-content\/uploads\/2018\/03\/14524434_1106112876131411_958039263622046936_o.jpg?resize=350%2C200","width":350,"height":200,"srcset":"https:\/\/i0.wp.com\/www.grieta.org.mx\/wp-content\/uploads\/2018\/03\/14524434_1106112876131411_958039263622046936_o.jpg?resize=350%2C200 1x, https:\/\/i0.wp.com\/www.grieta.org.mx\/wp-content\/uploads\/2018\/03\/14524434_1106112876131411_958039263622046936_o.jpg?resize=525%2C300 1.5x, https:\/\/i0.wp.com\/www.grieta.org.mx\/wp-content\/uploads\/2018\/03\/14524434_1106112876131411_958039263622046936_o.jpg?resize=700%2C400 2x"},"classes":[]},{"id":14511,"url":"http:\/\/www.grieta.org.mx\/index.php\/2016\/06\/16\/ildefonso-zamora-podria-obtener-su-libertad-en-los-proximos-dias\/","url_meta":{"origin":19718,"position":2},"title":"Ildefonso Zamora podr\u00eda obtener su libertad en los pr\u00f3ximos d\u00edas","author":"grieta","date":"16 junio, 2016","format":false,"excerpt":"V\u00edctor Cluna Ciudad de M\u00e9xico, 16 de junio de 2016. Por medio de un comunicado se dio a conocer que un juez federal otorg\u00f3 un amparo a favor del defensor ind\u00edgena ambientalista, Ildefonso Zamora, quien se encuentra el en Centro de Prevenci\u00f3n y Readaptaci\u00f3n Social de Tenancingo, Estado de M\u00e9xico,\u2026","rel":"","context":"En &quot;CINTILLO&quot;","block_context":{"text":"CINTILLO","link":"http:\/\/www.grieta.org.mx\/index.php\/category\/cintillo\/"},"img":{"alt_text":"","src":"https:\/\/i0.wp.com\/www.grieta.org.mx\/wp-content\/uploads\/2018\/03\/14524434_1106112876131411_958039263622046936_o.jpg?resize=350%2C200","width":350,"height":200,"srcset":"https:\/\/i0.wp.com\/www.grieta.org.mx\/wp-content\/uploads\/2018\/03\/14524434_1106112876131411_958039263622046936_o.jpg?resize=350%2C200 1x, https:\/\/i0.wp.com\/www.grieta.org.mx\/wp-content\/uploads\/2018\/03\/14524434_1106112876131411_958039263622046936_o.jpg?resize=525%2C300 1.5x, https:\/\/i0.wp.com\/www.grieta.org.mx\/wp-content\/uploads\/2018\/03\/14524434_1106112876131411_958039263622046936_o.jpg?resize=700%2C400 2x"},"classes":[]},{"id":12236,"url":"http:\/\/www.grieta.org.mx\/index.php\/2016\/05\/13\/lo-unico-que-podria-frenar-libertad-de-ildefonso-zamora-es-el-autoritarismo-de-eruviel-avila-hijo\/","url_meta":{"origin":19718,"position":3},"title":"Lo \u00fanico que podr\u00eda frenar libertad de Ildefonso Zamora es el autoritarismo de Eruviel \u00c1vila: hijo","author":"grieta","date":"13 mayo, 2016","format":false,"excerpt":"Sergio Rinc\u00f3n (13 de mayo, 2016. Revoluci\u00f3n TRESPUNTOCERO).- A m\u00e1s de cinco meses del arresto de Ildefonso Zamora, el caso comienza avanzar, pues el pasado 27 de abril se realiz\u00f3 la audiencia constitucional del juicio de amparo, por lo que ahora queda en manos de un juez el fallo que\u2026","rel":"","context":"En &quot;CINTILLO&quot;","block_context":{"text":"CINTILLO","link":"http:\/\/www.grieta.org.mx\/index.php\/category\/cintillo\/"},"img":{"alt_text":"","src":"https:\/\/i0.wp.com\/www.grieta.org.mx\/wp-content\/uploads\/2018\/03\/14524434_1106112876131411_958039263622046936_o.jpg?resize=350%2C200","width":350,"height":200,"srcset":"https:\/\/i0.wp.com\/www.grieta.org.mx\/wp-content\/uploads\/2018\/03\/14524434_1106112876131411_958039263622046936_o.jpg?resize=350%2C200 1x, https:\/\/i0.wp.com\/www.grieta.org.mx\/wp-content\/uploads\/2018\/03\/14524434_1106112876131411_958039263622046936_o.jpg?resize=525%2C300 1.5x, https:\/\/i0.wp.com\/www.grieta.org.mx\/wp-content\/uploads\/2018\/03\/14524434_1106112876131411_958039263622046936_o.jpg?resize=700%2C400 2x"},"classes":[]},{"id":5192,"url":"http:\/\/www.grieta.org.mx\/index.php\/2016\/01\/22\/talamontes-matan-a-su-hijo-policias-le-fabrican-delitos-la-historia-de-ildefonso-zamora-defensor-de-bosques\/","url_meta":{"origin":19718,"position":4},"title":"Talamontes matan a su hijo; polic\u00edas le fabrican delitos: la historia de Ildefonso Zamora, defensor de bosques","author":"grieta","date":"22 enero, 2016","format":false,"excerpt":"Cecilia Balderas (22 de enero, 2016. Revoluci\u00f3n TRESPUNTOCERO).- Por defender los bosques y denunciar la tala ilegal de los mismos, Ildefonso Zamora ha tenido que soportar el asesinato de uno de sus hijos, perder la libertad y que ahora su vida penda de un hilo pues en el Penal de\u2026","rel":"","context":"En &quot;CINTILLO&quot;","block_context":{"text":"CINTILLO","link":"http:\/\/www.grieta.org.mx\/index.php\/category\/cintillo\/"},"img":{"alt_text":"","src":"https:\/\/i0.wp.com\/www.grieta.org.mx\/wp-content\/uploads\/2018\/03\/14524434_1106112876131411_958039263622046936_o.jpg?resize=350%2C200","width":350,"height":200,"srcset":"https:\/\/i0.wp.com\/www.grieta.org.mx\/wp-content\/uploads\/2018\/03\/14524434_1106112876131411_958039263622046936_o.jpg?resize=350%2C200 1x, https:\/\/i0.wp.com\/www.grieta.org.mx\/wp-content\/uploads\/2018\/03\/14524434_1106112876131411_958039263622046936_o.jpg?resize=525%2C300 1.5x, https:\/\/i0.wp.com\/www.grieta.org.mx\/wp-content\/uploads\/2018\/03\/14524434_1106112876131411_958039263622046936_o.jpg?resize=700%2C400 2x"},"classes":[]},{"id":37753,"url":"http:\/\/www.grieta.org.mx\/index.php\/2019\/08\/06\/misael-zamora-criminalizado-por-defender-el-bosque-en-edomex\/","url_meta":{"origin":19718,"position":5},"title":"Misael Zamora, criminalizado por defender el bosque en Edomex","author":"grieta","date":"6 agosto, 2019","format":false,"excerpt":"Luz Mar\u00eda Le\u00f3n\/Rompeviento. Misael Zamora G\u00f3mez, un joven tlahuica que desde los ocho a\u00f1os defiende los bosques, es acusado por la Fiscal\u00eda del Estado de M\u00e9xico de un delito que tanto \u00e9l como su familia han combatido por m\u00e1s de dos d\u00e9cadas: la tala ilegal. Un juez federal decidir\u00e1 este\u2026","rel":"","context":"En &quot;CINTILLO&quot;","block_context":{"text":"CINTILLO","link":"http:\/\/www.grieta.org.mx\/index.php\/category\/cintillo\/"},"img":{"alt_text":"","src":"https:\/\/i0.wp.com\/www.grieta.org.mx\/wp-content\/uploads\/2019\/08\/Misael-Zamora-1024x536.jpg?resize=350%2C200","width":350,"height":200,"srcset":"https:\/\/i0.wp.com\/www.grieta.org.mx\/wp-content\/uploads\/2019\/08\/Misael-Zamora-1024x536.jpg?resize=350%2C200 1x, https:\/\/i0.wp.com\/www.grieta.org.mx\/wp-content\/uploads\/2019\/08\/Misael-Zamora-1024x536.jpg?resize=525%2C300 1.5x, https:\/\/i0.wp.com\/www.grieta.org.mx\/wp-content\/uploads\/2019\/08\/Misael-Zamora-1024x536.jpg?resize=700%2C400 2x"},"classes":[]}],"_links":{"self":[{"href":"http:\/\/www.grieta.org.mx\/index.php\/wp-json\/wp\/v2\/posts\/19718","targetHints":{"allow":["GET"]}}],"collection":[{"href":"http:\/\/www.grieta.org.mx\/index.php\/wp-json\/wp\/v2\/posts"}],"about":[{"href":"http:\/\/www.grieta.org.mx\/index.php\/wp-json\/wp\/v2\/types\/post"}],"author":[{"embeddable":true,"href":"http:\/\/www.grieta.org.mx\/index.php\/wp-json\/wp\/v2\/users\/2"}],"replies":[{"embeddable":true,"href":"http:\/\/www.grieta.org.mx\/index.php\/wp-json\/wp\/v2\/comments?post=19718"}],"version-history":[{"count":1,"href":"http:\/\/www.grieta.org.mx\/index.php\/wp-json\/wp\/v2\/posts\/19718\/revisions"}],"predecessor-version":[{"id":19720,"href":"http:\/\/www.grieta.org.mx\/index.php\/wp-json\/wp\/v2\/posts\/19718\/revisions\/19720"}],"wp:featuredmedia":[{"embeddable":true,"href":"http:\/\/www.grieta.org.mx\/index.php\/wp-json\/wp\/v2\/media\/21928"}],"wp:attachment":[{"href":"http:\/\/www.grieta.org.mx\/index.php\/wp-json\/wp\/v2\/media?parent=19718"}],"wp:term":[{"taxonomy":"category","embeddable":true,"href":"http:\/\/www.grieta.org.mx\/index.php\/wp-json\/wp\/v2\/categories?post=19718"},{"taxonomy":"post_tag","embeddable":true,"href":"http:\/\/www.grieta.org.mx\/index.php\/wp-json\/wp\/v2\/tags?post=19718"}],"curies":[{"name":"wp","href":"https:\/\/api.w.org\/{rel}","templated":true}]}}